{"id":10277,"date":"2020-08-12T13:26:14","date_gmt":"2020-08-12T10:26:14","guid":{"rendered":"https:\/\/buletin.de\/bucuresti\/?p=10277"},"modified":"2020-09-15T17:03:03","modified_gmt":"2020-09-15T14:03:03","slug":"firma-care-a-avut-contract-cu-politia-locala-in-starea-de-urgenta-a-dat-peste-cap-planurile-de-nunta-a-peste-300-de-tineri","status":"publish","type":"post","link":"https:\/\/buletin.de\/bucuresti\/firma-care-a-avut-contract-cu-politia-locala-in-starea-de-urgenta-a-dat-peste-cap-planurile-de-nunta-a-peste-300-de-tineri\/","title":{"rendered":"Firma care a avut contract cu politia locala \u00een starea de urgen\u021b\u0103 a dat peste cap planurile de nunt\u0103 a peste 300 de tineri"},"content":{"rendered":"\n<div class=\"wp-block-group\"><div class=\"wp-block-group__inner-container is-layout-flow wp-block-group-is-layout-flow\">\n<div class=\"wp-block-image\"><figure class=\"aligncenter size-large is-resized\"><a href=\"https:\/\/activecitizensfund.ro\" target=\"_blank\" rel=\"noopener noreferrer\"><img fetchpriority=\"high\" decoding=\"async\" src=\"data:image\/gif;base64,R0lGODlhAQABAAAAACH5BAEKAAEALAAAAAABAAEAAAICTAEAOw==\" data-src=\"https:\/\/buletin.de\/bucuresti\/wp-content\/uploads\/Active-citizens-fund@4x-1-900x316.png\" alt=\"\" class=\"wp-image-11980 lazyload\" width=\"450\" height=\"158\" data-sizes=\"auto\" data-srcset=\"https:\/\/buletin.de\/bucuresti\/wp-content\/uploads\/Active-citizens-fund@4x-1-900x316.png 900w, https:\/\/buletin.de\/bucuresti\/wp-content\/uploads\/Active-citizens-fund@4x-1-300x105.png 300w, https:\/\/buletin.de\/bucuresti\/wp-content\/uploads\/Active-citizens-fund@4x-1-768x270.png 768w, https:\/\/buletin.de\/bucuresti\/wp-content\/uploads\/Active-citizens-fund@4x-1-1536x539.png 1536w, https:\/\/buletin.de\/bucuresti\/wp-content\/uploads\/Active-citizens-fund@4x-1-2048x719.png 2048w, https:\/\/buletin.de\/bucuresti\/wp-content\/uploads\/Active-citizens-fund@4x-1-1060x372.png 1060w, https:\/\/buletin.de\/bucuresti\/wp-content\/uploads\/Active-citizens-fund@4x-1-550x193.png 550w, https:\/\/buletin.de\/bucuresti\/wp-content\/uploads\/Active-citizens-fund@4x-1-1425x500.png 1425w, https:\/\/buletin.de\/bucuresti\/wp-content\/uploads\/Active-citizens-fund@4x-1-1920x674.png 1920w, https:\/\/buletin.de\/bucuresti\/wp-content\/uploads\/Active-citizens-fund@4x-1-600x211.png 600w\" sizes=\"(max-width: 450px) 100vw, 450px\" \/><\/a><\/figure><\/div>\n\n\n\n<div style=\"height:20px\" aria-hidden=\"true\" class=\"wp-block-spacer\"><\/div>\n<\/div><\/div>\n\n\n\n<p><em>300 de tineri din Bucuresti \u0219i-au v\u0103zut planurile de nunt\u0103 date peste cap, nu doar din cauza pandemiei. Firma cu care aveau semnate contracte ferme de&nbsp;\u00eenchiriere pentru s\u0103li de recep\u021bie \u0219i-a suspendat activitatea, invoc\u00e2nd starea de urgen\u021b\u0103. Fiecare cuplu a pl\u0103tit pentru rezervare o sum\u0103 pe care nu \u0219tie acum cum va putea s-o mai recupereze. Oamenii, str\u00e2n\u0219i acum \u00eentr-un grup, vor s\u0103 ac\u021bioneze \u00een judecat\u0103 firma \u0219i caut\u0103 deja alte restaurante pentru a petrece la nunt\u0103 al\u0103turi de invita\u021bi. \u00cen timp ce nu-\u0219i onora contractele cu viitorii nunta\u0219i, firma primea contracte de la Prim\u0103ria Sectorului 1, tocmai \u00een baza pandemiei.<\/em><\/p>\n\n\n\n<blockquote class=\"wp-block-quote is-layout-flow wp-block-quote-is-layout-flow\"><p>Trebuia s\u0103 am nunta acum \u00een iulie, dar am discutat cu Eugen Culda s\u0103 am\u00e2n\u0103m evenimentul pentru iulie 2021. El  a fost de acord \u0219i m-a redirec\u021bionat la C\u0103t\u0103lin Culda, spun\u00e2nd c\u0103 el este acum administratorul principal. Dup\u0103 ce i-am trimis contractul pe WhatsApp domnului C\u0103t\u0103lin, acesta nu mi-a mai r\u0103spuns. Am aflat de la Teodora Sandu, persoana cu care am negociat ini\u021bial contractul c\u0103 mai sunt 300 de persoane \u00een situa\u021bia noastr\u0103, dar nu a vrut s\u0103-mi dea contactul lor s\u0103 ne organiz\u0103m mai rapid. Am reu\u0219it totu\u0219i s\u0103 str\u00e2ng 25 de persoane din recenzii sau alte articole de pe internet. \u00cen 10 iulie am trimis cu to\u021bii notificare prin care cerem s\u0103 ni se dea banii \u00eenapoi, iar s\u0103pt\u0103m\u00e2na trecut\u0103 am despus pl\u00e2ngere la ANPC. Acum c\u0103ut\u0103m un avocat bun ca s\u0103 mergem \u00een instan\u021b\u0103. <\/p><cite>Ne-a declarat Adrian Dobre <\/cite><\/blockquote>\n\n\n\n<div class=\"wp-block-image\"><figure class=\"aligncenter size-large\"><img decoding=\"async\" width=\"641\" height=\"900\" src=\"data:image\/gif;base64,R0lGODlhAQABAAAAACH5BAEKAAEALAAAAAABAAEAAAICTAEAOw==\" data-src=\"https:\/\/buletin.de\/bucuresti\/wp-content\/uploads\/WhatsApp-Image-2020-08-11-at-11.17.08-1-2-641x900.jpeg\" alt=\"\" class=\"wp-image-10359 lazyload\" data-sizes=\"auto\" data-srcset=\"https:\/\/buletin.de\/bucuresti\/wp-content\/uploads\/WhatsApp-Image-2020-08-11-at-11.17.08-1-2-641x900.jpeg 641w, https:\/\/buletin.de\/bucuresti\/wp-content\/uploads\/WhatsApp-Image-2020-08-11-at-11.17.08-1-2-600x842.jpeg 600w, https:\/\/buletin.de\/bucuresti\/wp-content\/uploads\/WhatsApp-Image-2020-08-11-at-11.17.08-1-2-214x300.jpeg 214w, https:\/\/buletin.de\/bucuresti\/wp-content\/uploads\/WhatsApp-Image-2020-08-11-at-11.17.08-1-2-550x772.jpeg 550w, https:\/\/buletin.de\/bucuresti\/wp-content\/uploads\/WhatsApp-Image-2020-08-11-at-11.17.08-1-2-356x500.jpeg 356w, https:\/\/buletin.de\/bucuresti\/wp-content\/uploads\/WhatsApp-Image-2020-08-11-at-11.17.08-1-2.jpeg 766w\" sizes=\"(max-width: 641px) 100vw, 641px\" \/><figcaption>Notificarea primit\u0103 de la Agrosol Market<\/figcaption><\/figure><\/div>\n\n\n\n<p>C\u0103nd a \u00eenceput lupta pentru a-\u0219i recupera banii da\u021bi avans, Adrian Dobre a descoperit c\u0103 nu este singurul care s-a trezit f\u0103r\u0103 sal\u0103 de nunt\u0103. Al\u021bi 300 de oameni erau \u00een situa\u021bia sa.  Au f\u0103cut pl\u00e2ngeri peste tot, \u0219i probabil vor ajunge \u0219i \u00een instan\u021b\u0103. Printre ei, \u0219i \u0218erban Dragomir.<br><\/p>\n\n\n\n<blockquote class=\"wp-block-quote is-layout-flow wp-block-quote-is-layout-flow\"><p>Suntem mai bine de 300 de persoane care am pl\u0103tit un avans de 500 de euro pentru organizarea evenimentelor noastre \u0219i, dup\u0103 anularea lor de c\u0103tre firm\u0103, nu am primit banii \u00eenapoi, de\u0219i \u00een contract este scris c\u0103 trebuia s\u0103-i primim. Pe 10 iulie, am trimis \u0219i noi o notificare prin care cerem s\u0103 ne dea banii \u00eenapoi, s\u0103p\u0103m\u00e2na trecut\u0103 am depus pl\u00e2ngere la ANPC \u0219i o s\u0103 mergem \u0219i \u00een instan\u021b\u0103 dac\u0103 e nevoie ca s\u0103 ne facem dreptate. <\/p><cite>A mai spus \u0218erban Dragomir<\/cite><\/blockquote>\n\n\n\n<div class=\"wp-block-image\"><figure class=\"aligncenter size-large\"><img decoding=\"async\" width=\"562\" height=\"583\" src=\"data:image\/gif;base64,R0lGODlhAQABAAAAACH5BAEKAAEALAAAAAABAAEAAAICTAEAOw==\" data-src=\"https:\/\/buletin.de\/bucuresti\/wp-content\/uploads\/WhatsApp-Image-2020-08-11-at-16.35.12.jpeg\" alt=\"\" class=\"wp-image-10323 lazyload\" data-sizes=\"auto\" data-srcset=\"https:\/\/buletin.de\/bucuresti\/wp-content\/uploads\/WhatsApp-Image-2020-08-11-at-16.35.12.jpeg 562w, https:\/\/buletin.de\/bucuresti\/wp-content\/uploads\/WhatsApp-Image-2020-08-11-at-16.35.12-289x300.jpeg 289w, https:\/\/buletin.de\/bucuresti\/wp-content\/uploads\/WhatsApp-Image-2020-08-11-at-16.35.12-550x571.jpeg 550w, https:\/\/buletin.de\/bucuresti\/wp-content\/uploads\/WhatsApp-Image-2020-08-11-at-16.35.12-482x500.jpeg 482w\" sizes=\"(max-width: 562px) 100vw, 562px\" \/><figcaption>Notificarea trimis\u0103 <\/figcaption><\/figure><\/div>\n\n\n\n<p>Oamenii sus\u021bin c\u0103 de\u0219i contractul pe care l-au semnat cu firma este foarte vag formulat, are totu\u0219i o clauz\u0103 conform c\u0103reia prestatorul are obliga\u021bia de a restitui avansul \u00een caz de faliment sau insolvabilitate ori \u00een situa\u021bia \u00eenchiderii salonului din orice alt motiv.<br><\/p>\n\n\n\n<figure class=\"wp-block-gallery columns-4 is-cropped wp-block-gallery-1 is-layout-flex wp-block-gallery-is-layout-flex\"><ul class=\"blocks-gallery-grid\"><li class=\"blocks-gallery-item\"><figure><a href=\"https:\/\/buletin.de\/bucuresti\/wp-content\/uploads\/WhatsApp-Image-2020-08-11-at-15.10.20-628x900-1.jpeg\"><img loading=\"lazy\" decoding=\"async\" width=\"628\" height=\"900\" src=\"data:image\/gif;base64,R0lGODlhAQABAAAAACH5BAEKAAEALAAAAAABAAEAAAICTAEAOw==\" data-src=\"https:\/\/buletin.de\/bucuresti\/wp-content\/uploads\/WhatsApp-Image-2020-08-11-at-15.10.20-628x900-1.jpeg\" alt=\"\" data-id=\"10362\" data-full-url=\"https:\/\/buletin.de\/bucuresti\/wp-content\/uploads\/WhatsApp-Image-2020-08-11-at-15.10.20-628x900-1.jpeg\" data-link=\"https:\/\/buletin.de\/bucuresti\/?attachment_id=10362\" class=\"wp-image-10362 lazyload\" data-sizes=\"auto\" data-srcset=\"https:\/\/buletin.de\/bucuresti\/wp-content\/uploads\/WhatsApp-Image-2020-08-11-at-15.10.20-628x900-1.jpeg 628w, https:\/\/buletin.de\/bucuresti\/wp-content\/uploads\/WhatsApp-Image-2020-08-11-at-15.10.20-628x900-1-600x860.jpeg 600w, https:\/\/buletin.de\/bucuresti\/wp-content\/uploads\/WhatsApp-Image-2020-08-11-at-15.10.20-628x900-1-209x300.jpeg 209w, https:\/\/buletin.de\/bucuresti\/wp-content\/uploads\/WhatsApp-Image-2020-08-11-at-15.10.20-628x900-1-550x788.jpeg 550w, https:\/\/buletin.de\/bucuresti\/wp-content\/uploads\/WhatsApp-Image-2020-08-11-at-15.10.20-628x900-1-349x500.jpeg 349w\" sizes=\"(max-width: 628px) 100vw, 628px\" \/><\/a><\/figure><\/li><li class=\"blocks-gallery-item\"><figure><a href=\"https:\/\/buletin.de\/bucuresti\/wp-content\/uploads\/WhatsApp-Image-2020-08-11-at-15.10.21-660x900-1.jpeg\"><img loading=\"lazy\" decoding=\"async\" width=\"660\" height=\"900\" src=\"data:image\/gif;base64,R0lGODlhAQABAAAAACH5BAEKAAEALAAAAAABAAEAAAICTAEAOw==\" data-src=\"https:\/\/buletin.de\/bucuresti\/wp-content\/uploads\/WhatsApp-Image-2020-08-11-at-15.10.21-660x900-1.jpeg\" alt=\"\" data-id=\"10361\" data-full-url=\"https:\/\/buletin.de\/bucuresti\/wp-content\/uploads\/WhatsApp-Image-2020-08-11-at-15.10.21-660x900-1.jpeg\" data-link=\"https:\/\/buletin.de\/bucuresti\/?attachment_id=10361\" class=\"wp-image-10361 lazyload\" data-sizes=\"auto\" data-srcset=\"https:\/\/buletin.de\/bucuresti\/wp-content\/uploads\/WhatsApp-Image-2020-08-11-at-15.10.21-660x900-1.jpeg 660w, https:\/\/buletin.de\/bucuresti\/wp-content\/uploads\/WhatsApp-Image-2020-08-11-at-15.10.21-660x900-1-600x818.jpeg 600w, https:\/\/buletin.de\/bucuresti\/wp-content\/uploads\/WhatsApp-Image-2020-08-11-at-15.10.21-660x900-1-220x300.jpeg 220w, https:\/\/buletin.de\/bucuresti\/wp-content\/uploads\/WhatsApp-Image-2020-08-11-at-15.10.21-660x900-1-550x750.jpeg 550w, https:\/\/buletin.de\/bucuresti\/wp-content\/uploads\/WhatsApp-Image-2020-08-11-at-15.10.21-660x900-1-367x500.jpeg 367w\" sizes=\"(max-width: 660px) 100vw, 660px\" \/><\/a><\/figure><\/li><li class=\"blocks-gallery-item\"><figure><a href=\"https:\/\/buletin.de\/bucuresti\/wp-content\/uploads\/WhatsApp-Image-2020-08-11-at-15.10.19-1.jpeg\"><img loading=\"lazy\" decoding=\"async\" width=\"596\" height=\"900\" src=\"data:image\/gif;base64,R0lGODlhAQABAAAAACH5BAEKAAEALAAAAAABAAEAAAICTAEAOw==\" data-src=\"https:\/\/buletin.de\/bucuresti\/wp-content\/uploads\/WhatsApp-Image-2020-08-11-at-15.10.19-1-596x900.jpeg\" alt=\"\" data-id=\"10360\" data-full-url=\"https:\/\/buletin.de\/bucuresti\/wp-content\/uploads\/WhatsApp-Image-2020-08-11-at-15.10.19-1.jpeg\" data-link=\"https:\/\/buletin.de\/bucuresti\/?attachment_id=10360\" class=\"wp-image-10360 lazyload\" data-sizes=\"auto\" data-srcset=\"https:\/\/buletin.de\/bucuresti\/wp-content\/uploads\/WhatsApp-Image-2020-08-11-at-15.10.19-1-596x900.jpeg 596w, https:\/\/buletin.de\/bucuresti\/wp-content\/uploads\/WhatsApp-Image-2020-08-11-at-15.10.19-1-600x905.jpeg 600w, https:\/\/buletin.de\/bucuresti\/wp-content\/uploads\/WhatsApp-Image-2020-08-11-at-15.10.19-1-199x300.jpeg 199w, https:\/\/buletin.de\/bucuresti\/wp-content\/uploads\/WhatsApp-Image-2020-08-11-at-15.10.19-1-768x1159.jpeg 768w, https:\/\/buletin.de\/bucuresti\/wp-content\/uploads\/WhatsApp-Image-2020-08-11-at-15.10.19-1-550x830.jpeg 550w, https:\/\/buletin.de\/bucuresti\/wp-content\/uploads\/WhatsApp-Image-2020-08-11-at-15.10.19-1-331x500.jpeg 331w, https:\/\/buletin.de\/bucuresti\/wp-content\/uploads\/WhatsApp-Image-2020-08-11-at-15.10.19-1-716x1080.jpeg 716w, https:\/\/buletin.de\/bucuresti\/wp-content\/uploads\/WhatsApp-Image-2020-08-11-at-15.10.19-1.jpeg 982w\" sizes=\"(max-width: 596px) 100vw, 596px\" \/><\/a><\/figure><\/li><li class=\"blocks-gallery-item\"><figure><a href=\"https:\/\/buletin.de\/bucuresti\/wp-content\/uploads\/WhatsApp-Image-2020-08-11-at-15.10.28-1.jpeg\"><img loading=\"lazy\" decoding=\"async\" width=\"520\" height=\"764\" src=\"data:image\/gif;base64,R0lGODlhAQABAAAAACH5BAEKAAEALAAAAAABAAEAAAICTAEAOw==\" data-src=\"https:\/\/buletin.de\/bucuresti\/wp-content\/uploads\/WhatsApp-Image-2020-08-11-at-15.10.28-1.jpeg\" alt=\"\" data-id=\"10363\" data-full-url=\"https:\/\/buletin.de\/bucuresti\/wp-content\/uploads\/WhatsApp-Image-2020-08-11-at-15.10.28-1.jpeg\" data-link=\"https:\/\/buletin.de\/bucuresti\/?attachment_id=10363\" class=\"wp-image-10363 lazyload\" data-sizes=\"auto\" data-srcset=\"https:\/\/buletin.de\/bucuresti\/wp-content\/uploads\/WhatsApp-Image-2020-08-11-at-15.10.28-1.jpeg 520w, https:\/\/buletin.de\/bucuresti\/wp-content\/uploads\/WhatsApp-Image-2020-08-11-at-15.10.28-1-204x300.jpeg 204w, https:\/\/buletin.de\/bucuresti\/wp-content\/uploads\/WhatsApp-Image-2020-08-11-at-15.10.28-1-340x500.jpeg 340w\" sizes=\"(max-width: 520px) 100vw, 520px\" \/><\/a><\/figure><\/li><\/ul><figcaption class=\"blocks-gallery-caption\">Contractul semnat de \u0218erban Dragomir cu firma Agrosol Market \u00een septembrie 2019<\/figcaption><\/figure>\n\n\n\n<p>Sala de nun\u021bi r\u00e2vinit\u0103 de to\u021bi este \u00een zona Pie\u021bei Presei Libere din Bucure\u0219ti \u0219i apar\u021bine firmei&nbsp;Agrosol Market SRL, soceitate de\u021binut\u0103, confom datelor de la Registrul Comer\u021bului, de fra\u021bii Culda. (Mihai Culda \u2013 35%, Mihai Eugen Culda \u2013 35% \u0219i Teodor Culda \u2013 30%.). Contactat telefonic de Buletin de Bucure\u0219ti,&nbsp;&nbsp;Eugen Culda, unul dintre ac\u021bionarii firmei, a spus c\u0103 el nu conduce firma, ci este doar \u0219ofer al firmei:<\/p>\n\n\n\n<p>\u201e<em>Nu eu conduc firma, sta\u021bi c\u0103 v\u0103 dau acum un num\u0103r de telefon. Suna\u021bi aici, el e \u0219eful, eu sunt doar \u0219oferul firmei.&#8221;<\/em> a declarat Eugen Culda.<\/p>\n\n\n\n<figure class=\"wp-block-image size-large\"><img loading=\"lazy\" decoding=\"async\" width=\"900\" height=\"337\" src=\"data:image\/gif;base64,R0lGODlhAQABAAAAACH5BAEKAAEALAAAAAABAAEAAAICTAEAOw==\" data-src=\"https:\/\/buletin.de\/bucuresti\/wp-content\/uploads\/Screenshot_16-1-900x337-1.png\" alt=\"\" class=\"wp-image-10283 lazyload\" data-sizes=\"auto\" data-srcset=\"https:\/\/buletin.de\/bucuresti\/wp-content\/uploads\/Screenshot_16-1-900x337-1.png 900w, https:\/\/buletin.de\/bucuresti\/wp-content\/uploads\/Screenshot_16-1-900x337-1-600x225.png 600w, https:\/\/buletin.de\/bucuresti\/wp-content\/uploads\/Screenshot_16-1-900x337-1-300x112.png 300w, https:\/\/buletin.de\/bucuresti\/wp-content\/uploads\/Screenshot_16-1-900x337-1-768x288.png 768w, https:\/\/buletin.de\/bucuresti\/wp-content\/uploads\/Screenshot_16-1-900x337-1-550x206.png 550w\" sizes=\"(max-width: 900px) 100vw, 900px\" \/><figcaption>Sursa: <a href=\"https:\/\/www.regalballroom.ro\/\">www.regalballrom.ro<\/a><\/figcaption><\/figure>\n\n\n\n<p>Num\u0103rul primit de la Eugen Culda este num\u0103rul de telefon al lui C\u0103t\u0103lin Culda, unul dintre administratorii Agrosol Market. Am \u00eencercat s\u0103-l contact\u0103m telefonic \u00een repetate r\u00e2nduri, dar nu r\u0103spuns. <\/p>\n\n\n\n<p>Notificarea trimis\u0103 c\u0103tre to\u021bi clien\u021bii s\u0103lii de nun\u021bi este semnat\u0103 ilizibil de \u201creprezentatul legal al SC AGROSOL MARKET\u201d, f\u0103r\u0103 a fi men\u021bionat \u0219i numele \u00een clar. \u00cen \u00een\u0219tiin\u021bare se explic\u0103 decizia de suspendare a activit\u0103\u021bii printr-un conflict cu proprietarul spa\u021biului \u00een care func\u021bioneaza sala de nun\u021bi \u0219i care i-ar fi evacuat abuziv. Lucru infirmat \u00eens\u0103 de proprietar, care a declarat pentru Buletin de Bucure\u0219ti c\u0103 de fapt i-a dat afar\u0103 pentru neplata chiriei.<br><\/p>\n\n\n\n<blockquote class=\"wp-block-quote is-layout-flow wp-block-quote-is-layout-flow\"><p>Nu au fost da\u021bi afar\u0103, nu e vorba despre niciun scandal, pur \u0219i simplu chiria nu a mai fost pl\u0103tit\u0103 mult timp \u0219i a dep\u0103\u0219it limita stabilit\u0103 \u00een contract \u0219i am \u00eencheiat amiabil contractul. Repet nu a fost vorba despre niciun scandal.  Nu pot s\u0103 v\u0103 spun de c\u00e2t timp nu au mai pl\u0103tit chiria, vorbi\u021bi cu ei despre asta<\/p><cite>Ne-a declarat Samir, proprietarul spa\u021biului <\/cite><\/blockquote>\n\n\n\n<h2 class=\"wp-block-heading\">Pretextul pandemiei <\/h2>\n\n\n\n<p>\u00cen notificarea trimis\u0103 persoanelor cu care firma a semnat contracte este invocat\u0103 pandemia generat\u0103 de COVID-19 ca motiv pentru care firma are probleme financiare \u0219i a fost nevoit\u0103 s\u0103 cear\u0103 certificatul albastru de la Ministerul Economiei pentru suspendarea activit\u0103\u021bii, \u00eens\u0103 problemele firmei apar \u00eenc\u0103 din anul 2019, c\u00e2nd a avut cifra de afaceri zero \u0219i pierderi de 130.149 lei. <\/p>\n\n\n\n<h2 class=\"wp-block-heading\">Contractul cu Prim\u0103ria<\/h2>\n\n\n\n<p>Problemele financiare nu au \u00eempiedicat firma s\u0103 primeasc\u0103 un contract direct, f\u0103r\u0103 licita\u021bie, cu \u0219ase zile \u00eenainte de a cere suspendarea activit\u0103\u021bii. <a href=\"https:\/\/buletin.de\/bucuresti\/cum-a-profitat-politia-sector-1-de-pandemie-si-a-atribuit-direct-contracte-de-12-milioane-de-euro-ep-3-ping-pong-cu-contractele-de-catering\/\">Pe 6 aprilie 2020, Poli\u021bia Sectorului 1 semna un contract pentru pachete alimentare cu societatea Agrosol Market SRL<\/a>. Firma se angaja s\u0103 livreze 24.000 de pachete alimentare unui maxim de 400 de persoane timp de 60 zile; valoarea maxim\u0103 a contractului este 1.2 milioane de lei f\u0103r\u0103 TVA, de\u0219i din 11 aprilie este valabil cerificatul de suspendare a activit\u0103\u021bii cerut de la Ministerul Economiei. <\/p>\n\n\n\n<figure class=\"wp-block-image size-large\"><img loading=\"lazy\" decoding=\"async\" width=\"900\" height=\"166\" src=\"data:image\/gif;base64,R0lGODlhAQABAAAAACH5BAEKAAEALAAAAAABAAEAAAICTAEAOw==\" data-src=\"https:\/\/buletin.de\/bucuresti\/wp-content\/uploads\/Screenshot_2020-08-11_12-18-34-900x166.png\" alt=\"\" class=\"wp-image-10288 lazyload\" data-sizes=\"auto\" data-srcset=\"https:\/\/buletin.de\/bucuresti\/wp-content\/uploads\/Screenshot_2020-08-11_12-18-34-900x166.png 900w, https:\/\/buletin.de\/bucuresti\/wp-content\/uploads\/Screenshot_2020-08-11_12-18-34-600x111.png 600w, https:\/\/buletin.de\/bucuresti\/wp-content\/uploads\/Screenshot_2020-08-11_12-18-34-300x55.png 300w, https:\/\/buletin.de\/bucuresti\/wp-content\/uploads\/Screenshot_2020-08-11_12-18-34-768x142.png 768w, https:\/\/buletin.de\/bucuresti\/wp-content\/uploads\/Screenshot_2020-08-11_12-18-34-1060x196.png 1060w, https:\/\/buletin.de\/bucuresti\/wp-content\/uploads\/Screenshot_2020-08-11_12-18-34-550x102.png 550w, https:\/\/buletin.de\/bucuresti\/wp-content\/uploads\/Screenshot_2020-08-11_12-18-34.png 1126w\" sizes=\"(max-width: 900px) 100vw, 900px\" \/><figcaption>Sursa:<a href=\"https:\/\/csu.prevenire.gov.ro\/certificates-type-one\"> csu.prevenire.gov.ro<\/a><\/figcaption><\/figure>\n\n\n\n<p>Persoanele care au pierdut bani \u00een favoarea Agrosol Market au primit ast\u0103zi r\u0103spunsul de la ANPC, care a redirec\u021bionat cazul c\u0103tre Poli\u021bia Municipal\u0103 Bucure\u0219ti \u0219i acum a\u0219teapt\u0103 rezolvarea cazului.<\/p>\n\n\n\n<figure class=\"wp-block-image size-large\"><img loading=\"lazy\" decoding=\"async\" width=\"659\" height=\"900\" src=\"data:image\/gif;base64,R0lGODlhAQABAAAAACH5BAEKAAEALAAAAAABAAEAAAICTAEAOw==\" data-src=\"https:\/\/buletin.de\/bucuresti\/wp-content\/uploads\/WhatsApp-Image-2020-08-12-at-11.13.37-659x900.jpeg\" alt=\"\" class=\"wp-image-10371 lazyload\" data-sizes=\"auto\" data-srcset=\"https:\/\/buletin.de\/bucuresti\/wp-content\/uploads\/WhatsApp-Image-2020-08-12-at-11.13.37-659x900.jpeg 659w, https:\/\/buletin.de\/bucuresti\/wp-content\/uploads\/WhatsApp-Image-2020-08-12-at-11.13.37-600x820.jpeg 600w, https:\/\/buletin.de\/bucuresti\/wp-content\/uploads\/WhatsApp-Image-2020-08-12-at-11.13.37-220x300.jpeg 220w, https:\/\/buletin.de\/bucuresti\/wp-content\/uploads\/WhatsApp-Image-2020-08-12-at-11.13.37-768x1050.jpeg 768w, https:\/\/buletin.de\/bucuresti\/wp-content\/uploads\/WhatsApp-Image-2020-08-12-at-11.13.37-550x752.jpeg 550w, https:\/\/buletin.de\/bucuresti\/wp-content\/uploads\/WhatsApp-Image-2020-08-12-at-11.13.37-366x500.jpeg 366w, https:\/\/buletin.de\/bucuresti\/wp-content\/uploads\/WhatsApp-Image-2020-08-12-at-11.13.37-790x1080.jpeg 790w, https:\/\/buletin.de\/bucuresti\/wp-content\/uploads\/WhatsApp-Image-2020-08-12-at-11.13.37.jpeg 1058w\" sizes=\"(max-width: 659px) 100vw, 659px\" \/><\/figure>\n\n\n\n<p>Surs\u0103 Foto: Regalballroom.ro<\/p>\n\n\n\n<div style=\"height:40px\" aria-hidden=\"true\" class=\"wp-block-spacer\"><\/div>\n\n\n\n<style>\n.disclaimerACF {\ndisplay: block;\nmax-width: 550px;\nmargin-top:-10px;\nmargin-left:auto;\nmargin-right:auto;\n}\n<\/style>\n\n\n\n<p class=\"disclaimerACF has-small-font-size\">Acest articol face parte din <strong><a href=\"https:\/\/buletin.de\/bucuresti\/buletin-de-bucuresti-in-pandemie\/\" data-type=\"URL\" data-id=\"https:\/\/buletin.de\/bucuresti\/buletin-de-bucuresti-in-pandemie\/\" target=\"_blank\" rel=\"noreferrer noopener\">\u201eBuletin de Bucure\u0219ti \u00een pandemie&#8221;<\/a>, <\/strong>o serie \u00een care investig\u0103m achizi\u021biile publice din jude\u021bul Ilfov \u0219i Bucure\u0219ti, \u00een contextul pandemiei Covid-19<\/p>\n\n\n\n<p class=\"has-text-align-left disclaimerACF\" style=\"font-size:12px\"><em>Proiect derulat de Asocia\u021bia Funky Citizens cu sprijinul financiar <a rel=\"noreferrer noopener\" aria-label=\"Active Citizens Fund Rom\u00e2nia (opens in a new tab)\" href=\"https:\/\/activecitizensfund.ro\" target=\"_blank\">Active Citizens Fund Rom\u00e2nia<\/a>, program finan\u021bat de Islanda, Liechtenstein \u0219i Norvegia prin Granturile SEE 2014-2021. Con\u021binutul acestui material nu reprezint\u0103 \u00een mod necesar pozi\u021bia oficial\u0103 a Granturilor SEE \u0219i Norvegiene 2014-2021; pentru mai multe informa\u021bii accesa\u021bi <a href=\"http:\/\/www.eeagrants.org\">www.eeagrants.org<\/a>. Informa\u021bii suplimentare pot fi g\u0103site pe paginile web&nbsp;<a href=\"http:\/\/www.activecitizensfund.ro\/\">www.activecitizensfund.ro<\/a>&nbsp;\u0219i&nbsp;<a href=\"http:\/\/www.eeagrants.org\/\">www.eeagrants.org<\/a>.<\/em><\/p>\n\n\n\n<p class=\"has-text-align-center\"><strong>Lucr\u0103m \u00eempreun\u0103 pentru o Europ\u0103&nbsp;<span style=\"color:#009b75\" class=\"has-inline-color\">verde<\/span>,&nbsp;<span style=\"color:#df4d3e\">competitiv\u0103<\/span>&nbsp;\u0219i&nbsp;<span style=\"color:#006ca7\">incluziv\u0103<\/span><\/strong>.<\/p>\n\n\n\n<p class=\"has-text-align-center\">Proiect derulat de<\/p>\n\n\n\n<div style=\"margin-top: -30px;\" class=\"wp-block-image\"><figure class=\"aligncenter size-large is-resized\"><img decoding=\"async\" src=\"data:image\/gif;base64,R0lGODlhAQABAAAAACH5BAEKAAEALAAAAAABAAEAAAICTAEAOw==\" data-src=\"https:\/\/buletin.de\/bucuresti\/wp-content\/uploads\/logo-funky-citizens-2016-1.png\" alt=\"\" class=\"wp-image-10395 lazyload\" width=\"200\" height=\"NaN\" data-sizes=\"auto\" data-srcset=\"https:\/\/buletin.de\/bucuresti\/wp-content\/uploads\/logo-funky-citizens-2016-1.png 650w, https:\/\/buletin.de\/bucuresti\/wp-content\/uploads\/logo-funky-citizens-2016-1-600x277.png 600w, https:\/\/buletin.de\/bucuresti\/wp-content\/uploads\/logo-funky-citizens-2016-1-300x138.png 300w, https:\/\/buletin.de\/bucuresti\/wp-content\/uploads\/logo-funky-citizens-2016-1-550x254.png 550w\" sizes=\"(max-width: 650px) 100vw, 650px\" \/><\/figure><\/div>\n","protected":false},"excerpt":{"rendered":"<p>300 de tineri din Bucuresti \u0219i-au v\u0103zut planurile de nunt\u0103 date peste cap, nu doar din cauza pandemiei. Firma cu care aveau semnate contracte ferme de&nbsp;\u00eenchiriere pentru s\u0103li de recep\u021bie \u0219i-a suspendat activitatea, invoc\u00e2nd starea de urgen\u021b\u0103. Fiecare cuplu a pl\u0103tit pentru rezervare o sum\u0103 pe care nu \u0219tie acum cum va putea s-o mai [&hellip;]<\/p>\n","protected":false},"author":17,"featured_media":10348,"comment_status":"closed","ping_status":"open","sticky":false,"template":"","format":"standard","meta":{"_acf_changed":false,"inline_featured_image":false,"ngg_post_thumbnail":0,"footnotes":""},"categories":[1585,996,62],"tags":[529,311,1414,645,1415],"ppma_author":[22576],"class_list":["post-10277","post","type-post","status-publish","format-standard","has-post-thumbnail","hentry","category-buletin-de-bucuresti-in-pandemie","category-covid-19","category-stiri","tag-coronavirus","tag-nunta","tag-nunti","tag-pandemie","tag-regal-ballroom"],"acf":[],"yoast_head":"<!-- This site is optimized with the Yoast SEO Premium plugin v25.3 (Yoast SEO v27.4) - https:\/\/yoast.com\/product\/yoast-seo-premium-wordpress\/ -->\n<title>Firma care a avut contract cu politia locala \u00een starea de urgen\u021b\u0103 a dat peste cap planurile de nunt\u0103 a peste 300 de tineri - Buletin de Bucure\u0219ti<\/title>\n<meta name=\"robots\" content=\"index, follow, max-snippet:-1, max-image-preview:large, max-video-preview:-1\" \/>\n<link rel=\"canonical\" href=\"https:\/\/buletin.de\/bucuresti\/firma-care-a-avut-contract-cu-politia-locala-in-starea-de-urgenta-a-dat-peste-cap-planurile-de-nunta-a-peste-300-de-tineri\/\" \/>\n<meta property=\"og:locale\" content=\"en_GB\" \/>\n<meta property=\"og:type\" content=\"article\" \/>\n<meta property=\"og:title\" content=\"Firma care a avut contract cu politia locala \u00een starea de urgen\u021b\u0103 a dat peste cap planurile de nunt\u0103 a peste 300 de tineri\" \/>\n<meta property=\"og:description\" content=\"300 de tineri din Bucuresti \u0219i-au v\u0103zut planurile de nunt\u0103 date peste cap, nu doar din cauza pandemiei. Firma cu care aveau semnate contracte ferme de&nbsp;\u00eenchiriere pentru s\u0103li de recep\u021bie \u0219i-a suspendat activitatea, invoc\u00e2nd starea de urgen\u021b\u0103. Fiecare cuplu a pl\u0103tit pentru rezervare o sum\u0103 pe care nu \u0219tie acum cum va putea s-o mai [&hellip;]\" \/>\n<meta property=\"og:url\" content=\"https:\/\/buletin.de\/bucuresti\/firma-care-a-avut-contract-cu-politia-locala-in-starea-de-urgenta-a-dat-peste-cap-planurile-de-nunta-a-peste-300-de-tineri\/\" \/>\n<meta property=\"og:site_name\" content=\"Buletin de Bucure\u0219ti\" \/>\n<meta property=\"article:publisher\" content=\"https:\/\/www.facebook.com\/buletin.de.buc\" \/>\n<meta property=\"article:published_time\" content=\"2020-08-12T10:26:14+00:00\" \/>\n<meta property=\"article:modified_time\" content=\"2020-09-15T14:03:03+00:00\" \/>\n<meta property=\"og:image\" content=\"https:\/\/buletin.de\/bucuresti\/wp-content\/uploads\/sad-bride-sitting-by-bouquet-on-sofa-at-home-PVL9JTD-scaled.jpg\" \/>\n\t<meta property=\"og:image:width\" content=\"2560\" \/>\n\t<meta property=\"og:image:height\" content=\"1707\" \/>\n\t<meta property=\"og:image:type\" content=\"image\/jpeg\" \/>\n<meta name=\"author\" content=\"Florin R\u00e2\u0219teiu\" \/>\n<meta name=\"twitter:card\" content=\"summary_large_image\" \/>\n<meta name=\"twitter:label1\" content=\"Written by\" \/>\n\t<meta name=\"twitter:data1\" content=\"Florin R\u00e2\u0219teiu\" \/>\n\t<meta name=\"twitter:label2\" content=\"Estimated reading time\" \/>\n\t<meta name=\"twitter:data2\" content=\"5 minutes\" \/>\n<script type=\"application\/ld+json\" class=\"yoast-schema-graph\">{\"@context\":\"https:\\\/\\\/schema.org\",\"@graph\":[{\"@type\":\"Article\",\"@id\":\"https:\\\/\\\/buletin.de\\\/bucuresti\\\/firma-care-a-avut-contract-cu-politia-locala-in-starea-de-urgenta-a-dat-peste-cap-planurile-de-nunta-a-peste-300-de-tineri\\\/#article\",\"isPartOf\":{\"@id\":\"https:\\\/\\\/buletin.de\\\/bucuresti\\\/firma-care-a-avut-contract-cu-politia-locala-in-starea-de-urgenta-a-dat-peste-cap-planurile-de-nunta-a-peste-300-de-tineri\\\/\"},\"author\":{\"name\":\"Florin R\u00e2\u0219teiu\",\"@id\":\"https:\\\/\\\/buletin.de\\\/bucuresti\\\/#\\\/schema\\\/person\\\/b0686d7a8b666c6afc78239777fd8a89\"},\"headline\":\"Firma care a avut contract cu politia locala \u00een starea de urgen\u021b\u0103 a dat peste cap planurile de nunt\u0103 a peste 300 de tineri\",\"datePublished\":\"2020-08-12T10:26:14+00:00\",\"dateModified\":\"2020-09-15T14:03:03+00:00\",\"mainEntityOfPage\":{\"@id\":\"https:\\\/\\\/buletin.de\\\/bucuresti\\\/firma-care-a-avut-contract-cu-politia-locala-in-starea-de-urgenta-a-dat-peste-cap-planurile-de-nunta-a-peste-300-de-tineri\\\/\"},\"wordCount\":1016,\"publisher\":{\"@id\":\"https:\\\/\\\/buletin.de\\\/bucuresti\\\/#organization\"},\"image\":{\"@id\":\"https:\\\/\\\/buletin.de\\\/bucuresti\\\/firma-care-a-avut-contract-cu-politia-locala-in-starea-de-urgenta-a-dat-peste-cap-planurile-de-nunta-a-peste-300-de-tineri\\\/#primaryimage\"},\"thumbnailUrl\":\"https:\\\/\\\/buletin.de\\\/bucuresti\\\/wp-content\\\/uploads\\\/sad-bride-sitting-by-bouquet-on-sofa-at-home-PVL9JTD-scaled.jpg\",\"keywords\":[\"coronavirus\",\"nunta\",\"nunti\",\"pandemie\",\"regal ballroom\"],\"articleSection\":[\"Buletin de Bucure\u0219ti \u00een pandemie\",\"Covid-19\",\"\u0218tiri\"],\"inLanguage\":\"en-GB\",\"copyrightYear\":\"2020\",\"copyrightHolder\":{\"@id\":\"https:\\\/\\\/buletin.de\\\/bucuresti\\\/#organization\"}},{\"@type\":\"WebPage\",\"@id\":\"https:\\\/\\\/buletin.de\\\/bucuresti\\\/firma-care-a-avut-contract-cu-politia-locala-in-starea-de-urgenta-a-dat-peste-cap-planurile-de-nunta-a-peste-300-de-tineri\\\/\",\"url\":\"https:\\\/\\\/buletin.de\\\/bucuresti\\\/firma-care-a-avut-contract-cu-politia-locala-in-starea-de-urgenta-a-dat-peste-cap-planurile-de-nunta-a-peste-300-de-tineri\\\/\",\"name\":\"Firma care a avut contract cu politia locala \u00een starea de urgen\u021b\u0103 a dat peste cap planurile de nunt\u0103 a peste 300 de tineri - Buletin de Bucure\u0219ti\",\"isPartOf\":{\"@id\":\"https:\\\/\\\/buletin.de\\\/bucuresti\\\/#website\"},\"primaryImageOfPage\":{\"@id\":\"https:\\\/\\\/buletin.de\\\/bucuresti\\\/firma-care-a-avut-contract-cu-politia-locala-in-starea-de-urgenta-a-dat-peste-cap-planurile-de-nunta-a-peste-300-de-tineri\\\/#primaryimage\"},\"image\":{\"@id\":\"https:\\\/\\\/buletin.de\\\/bucuresti\\\/firma-care-a-avut-contract-cu-politia-locala-in-starea-de-urgenta-a-dat-peste-cap-planurile-de-nunta-a-peste-300-de-tineri\\\/#primaryimage\"},\"thumbnailUrl\":\"https:\\\/\\\/buletin.de\\\/bucuresti\\\/wp-content\\\/uploads\\\/sad-bride-sitting-by-bouquet-on-sofa-at-home-PVL9JTD-scaled.jpg\",\"datePublished\":\"2020-08-12T10:26:14+00:00\",\"dateModified\":\"2020-09-15T14:03:03+00:00\",\"breadcrumb\":{\"@id\":\"https:\\\/\\\/buletin.de\\\/bucuresti\\\/firma-care-a-avut-contract-cu-politia-locala-in-starea-de-urgenta-a-dat-peste-cap-planurile-de-nunta-a-peste-300-de-tineri\\\/#breadcrumb\"},\"inLanguage\":\"en-GB\",\"potentialAction\":[{\"@type\":\"ReadAction\",\"target\":[\"https:\\\/\\\/buletin.de\\\/bucuresti\\\/firma-care-a-avut-contract-cu-politia-locala-in-starea-de-urgenta-a-dat-peste-cap-planurile-de-nunta-a-peste-300-de-tineri\\\/\"]}]},{\"@type\":\"ImageObject\",\"inLanguage\":\"en-GB\",\"@id\":\"https:\\\/\\\/buletin.de\\\/bucuresti\\\/firma-care-a-avut-contract-cu-politia-locala-in-starea-de-urgenta-a-dat-peste-cap-planurile-de-nunta-a-peste-300-de-tineri\\\/#primaryimage\",\"url\":\"https:\\\/\\\/buletin.de\\\/bucuresti\\\/wp-content\\\/uploads\\\/sad-bride-sitting-by-bouquet-on-sofa-at-home-PVL9JTD-scaled.jpg\",\"contentUrl\":\"https:\\\/\\\/buletin.de\\\/bucuresti\\\/wp-content\\\/uploads\\\/sad-bride-sitting-by-bouquet-on-sofa-at-home-PVL9JTD-scaled.jpg\",\"width\":2560,\"height\":1707,\"caption\":\"High angle view of sad bride sitting by bouquet on sofa at home\"},{\"@type\":\"BreadcrumbList\",\"@id\":\"https:\\\/\\\/buletin.de\\\/bucuresti\\\/firma-care-a-avut-contract-cu-politia-locala-in-starea-de-urgenta-a-dat-peste-cap-planurile-de-nunta-a-peste-300-de-tineri\\\/#breadcrumb\",\"itemListElement\":[{\"@type\":\"ListItem\",\"position\":1,\"name\":\"Acas\u0103\",\"item\":\"https:\\\/\\\/buletin.de\\\/bucuresti\\\/\"},{\"@type\":\"ListItem\",\"position\":2,\"name\":\"Firma care a avut contract cu politia locala \u00een starea de urgen\u021b\u0103 a dat peste cap planurile de nunt\u0103 a peste 300 de tineri\"}]},{\"@type\":\"WebSite\",\"@id\":\"https:\\\/\\\/buletin.de\\\/bucuresti\\\/#website\",\"url\":\"https:\\\/\\\/buletin.de\\\/bucuresti\\\/\",\"name\":\"Buletin de Bucure\u0219ti\",\"description\":\"\u0218tiri \u0219i investiga\u021bii esen\u021biale din capital\u0103\",\"publisher\":{\"@id\":\"https:\\\/\\\/buletin.de\\\/bucuresti\\\/#organization\"},\"potentialAction\":[{\"@type\":\"SearchAction\",\"target\":{\"@type\":\"EntryPoint\",\"urlTemplate\":\"https:\\\/\\\/buletin.de\\\/bucuresti\\\/?s={search_term_string}\"},\"query-input\":{\"@type\":\"PropertyValueSpecification\",\"valueRequired\":true,\"valueName\":\"search_term_string\"}}],\"inLanguage\":\"en-GB\"},{\"@type\":\"Organization\",\"@id\":\"https:\\\/\\\/buletin.de\\\/bucuresti\\\/#organization\",\"name\":\"Buletin de Bucure\u0219ti\",\"url\":\"https:\\\/\\\/buletin.de\\\/bucuresti\\\/\",\"logo\":{\"@type\":\"ImageObject\",\"inLanguage\":\"en-GB\",\"@id\":\"https:\\\/\\\/buletin.de\\\/bucuresti\\\/#\\\/schema\\\/logo\\\/image\\\/\",\"url\":\"https:\\\/\\\/buletin.de\\\/bucuresti\\\/wp-content\\\/uploads\\\/logo-bdb-full-wide-vernil-transparent.png\",\"contentUrl\":\"https:\\\/\\\/buletin.de\\\/bucuresti\\\/wp-content\\\/uploads\\\/logo-bdb-full-wide-vernil-transparent.png\",\"width\":1782,\"height\":626,\"caption\":\"Buletin de Bucure\u0219ti\"},\"image\":{\"@id\":\"https:\\\/\\\/buletin.de\\\/bucuresti\\\/#\\\/schema\\\/logo\\\/image\\\/\"},\"sameAs\":[\"https:\\\/\\\/www.facebook.com\\\/buletin.de.buc\",\"https:\\\/\\\/www.instagram.com\\\/buletinde.bucuresti\\\/\"]},{\"@type\":\"Person\",\"@id\":\"https:\\\/\\\/buletin.de\\\/bucuresti\\\/#\\\/schema\\\/person\\\/b0686d7a8b666c6afc78239777fd8a89\",\"name\":\"Florin R\u00e2\u0219teiu\",\"image\":{\"@type\":\"ImageObject\",\"inLanguage\":\"en-GB\",\"@id\":\"https:\\\/\\\/buletin.de\\\/bucuresti\\\/wp-content\\\/uploads\\\/Florin-Rasteiu-96x96.jpgf0a6fe28453aa12f0a60e4d0a2e3a78c\",\"url\":\"https:\\\/\\\/buletin.de\\\/bucuresti\\\/wp-content\\\/uploads\\\/Florin-Rasteiu-96x96.jpg\",\"contentUrl\":\"https:\\\/\\\/buletin.de\\\/bucuresti\\\/wp-content\\\/uploads\\\/Florin-Rasteiu-96x96.jpg\",\"caption\":\"Florin R\u00e2\u0219teiu\"},\"description\":\"Jurnalist de investiga\u021bie. Lucreaz\u0103 de aproape 6 ani la Buletin de Bucure\u0219ti, unde a publicat articole care scot la suprafa\u021b\u0103 corup\u021bia din Capital\u0103. Analizeaz\u0103 baze de date zilnic \u0219i scoate pove\u0219ti din exceluri pline de cifre. Pune reflectorul pe adev\u0103r cu fiecare ocazie. A c\u00e2\u0219tigat premiul I la categoria Pres\u0103 Local\u0103 \u00een 2025 \u0219i locul al II-lea la aceea\u0219i categorie \u00een 2024 \u00een cadrul Premiilor Superscrieri pentru jurnalism independent.\",\"url\":\"https:\\\/\\\/buletin.de\\\/bucuresti\\\/author\\\/florinrasteiu\\\/\"}]}<\/script>\n<!-- \/ Yoast SEO Premium plugin. -->","yoast_head_json":{"title":"Firma care a avut contract cu politia locala \u00een starea de urgen\u021b\u0103 a dat peste cap planurile de nunt\u0103 a peste 300 de tineri - Buletin de Bucure\u0219ti","robots":{"index":"index","follow":"follow","max-snippet":"max-snippet:-1","max-image-preview":"max-image-preview:large","max-video-preview":"max-video-preview:-1"},"canonical":"https:\/\/buletin.de\/bucuresti\/firma-care-a-avut-contract-cu-politia-locala-in-starea-de-urgenta-a-dat-peste-cap-planurile-de-nunta-a-peste-300-de-tineri\/","og_locale":"en_GB","og_type":"article","og_title":"Firma care a avut contract cu politia locala \u00een starea de urgen\u021b\u0103 a dat peste cap planurile de nunt\u0103 a peste 300 de tineri","og_description":"300 de tineri din Bucuresti \u0219i-au v\u0103zut planurile de nunt\u0103 date peste cap, nu doar din cauza pandemiei. Firma cu care aveau semnate contracte ferme de&nbsp;\u00eenchiriere pentru s\u0103li de recep\u021bie \u0219i-a suspendat activitatea, invoc\u00e2nd starea de urgen\u021b\u0103. Fiecare cuplu a pl\u0103tit pentru rezervare o sum\u0103 pe care nu \u0219tie acum cum va putea s-o mai [&hellip;]","og_url":"https:\/\/buletin.de\/bucuresti\/firma-care-a-avut-contract-cu-politia-locala-in-starea-de-urgenta-a-dat-peste-cap-planurile-de-nunta-a-peste-300-de-tineri\/","og_site_name":"Buletin de Bucure\u0219ti","article_publisher":"https:\/\/www.facebook.com\/buletin.de.buc","article_published_time":"2020-08-12T10:26:14+00:00","article_modified_time":"2020-09-15T14:03:03+00:00","og_image":[{"width":2560,"height":1707,"url":"https:\/\/buletin.de\/bucuresti\/wp-content\/uploads\/sad-bride-sitting-by-bouquet-on-sofa-at-home-PVL9JTD-scaled.jpg","type":"image\/jpeg"}],"author":"Florin R\u00e2\u0219teiu","twitter_card":"summary_large_image","twitter_misc":{"Written by":"Florin R\u00e2\u0219teiu","Estimated reading time":"5 minutes"},"schema":{"@context":"https:\/\/schema.org","@graph":[{"@type":"Article","@id":"https:\/\/buletin.de\/bucuresti\/firma-care-a-avut-contract-cu-politia-locala-in-starea-de-urgenta-a-dat-peste-cap-planurile-de-nunta-a-peste-300-de-tineri\/#article","isPartOf":{"@id":"https:\/\/buletin.de\/bucuresti\/firma-care-a-avut-contract-cu-politia-locala-in-starea-de-urgenta-a-dat-peste-cap-planurile-de-nunta-a-peste-300-de-tineri\/"},"author":{"name":"Florin R\u00e2\u0219teiu","@id":"https:\/\/buletin.de\/bucuresti\/#\/schema\/person\/b0686d7a8b666c6afc78239777fd8a89"},"headline":"Firma care a avut contract cu politia locala \u00een starea de urgen\u021b\u0103 a dat peste cap planurile de nunt\u0103 a peste 300 de tineri","datePublished":"2020-08-12T10:26:14+00:00","dateModified":"2020-09-15T14:03:03+00:00","mainEntityOfPage":{"@id":"https:\/\/buletin.de\/bucuresti\/firma-care-a-avut-contract-cu-politia-locala-in-starea-de-urgenta-a-dat-peste-cap-planurile-de-nunta-a-peste-300-de-tineri\/"},"wordCount":1016,"publisher":{"@id":"https:\/\/buletin.de\/bucuresti\/#organization"},"image":{"@id":"https:\/\/buletin.de\/bucuresti\/firma-care-a-avut-contract-cu-politia-locala-in-starea-de-urgenta-a-dat-peste-cap-planurile-de-nunta-a-peste-300-de-tineri\/#primaryimage"},"thumbnailUrl":"https:\/\/buletin.de\/bucuresti\/wp-content\/uploads\/sad-bride-sitting-by-bouquet-on-sofa-at-home-PVL9JTD-scaled.jpg","keywords":["coronavirus","nunta","nunti","pandemie","regal ballroom"],"articleSection":["Buletin de Bucure\u0219ti \u00een pandemie","Covid-19","\u0218tiri"],"inLanguage":"en-GB","copyrightYear":"2020","copyrightHolder":{"@id":"https:\/\/buletin.de\/bucuresti\/#organization"}},{"@type":"WebPage","@id":"https:\/\/buletin.de\/bucuresti\/firma-care-a-avut-contract-cu-politia-locala-in-starea-de-urgenta-a-dat-peste-cap-planurile-de-nunta-a-peste-300-de-tineri\/","url":"https:\/\/buletin.de\/bucuresti\/firma-care-a-avut-contract-cu-politia-locala-in-starea-de-urgenta-a-dat-peste-cap-planurile-de-nunta-a-peste-300-de-tineri\/","name":"Firma care a avut contract cu politia locala \u00een starea de urgen\u021b\u0103 a dat peste cap planurile de nunt\u0103 a peste 300 de tineri - Buletin de Bucure\u0219ti","isPartOf":{"@id":"https:\/\/buletin.de\/bucuresti\/#website"},"primaryImageOfPage":{"@id":"https:\/\/buletin.de\/bucuresti\/firma-care-a-avut-contract-cu-politia-locala-in-starea-de-urgenta-a-dat-peste-cap-planurile-de-nunta-a-peste-300-de-tineri\/#primaryimage"},"image":{"@id":"https:\/\/buletin.de\/bucuresti\/firma-care-a-avut-contract-cu-politia-locala-in-starea-de-urgenta-a-dat-peste-cap-planurile-de-nunta-a-peste-300-de-tineri\/#primaryimage"},"thumbnailUrl":"https:\/\/buletin.de\/bucuresti\/wp-content\/uploads\/sad-bride-sitting-by-bouquet-on-sofa-at-home-PVL9JTD-scaled.jpg","datePublished":"2020-08-12T10:26:14+00:00","dateModified":"2020-09-15T14:03:03+00:00","breadcrumb":{"@id":"https:\/\/buletin.de\/bucuresti\/firma-care-a-avut-contract-cu-politia-locala-in-starea-de-urgenta-a-dat-peste-cap-planurile-de-nunta-a-peste-300-de-tineri\/#breadcrumb"},"inLanguage":"en-GB","potentialAction":[{"@type":"ReadAction","target":["https:\/\/buletin.de\/bucuresti\/firma-care-a-avut-contract-cu-politia-locala-in-starea-de-urgenta-a-dat-peste-cap-planurile-de-nunta-a-peste-300-de-tineri\/"]}]},{"@type":"ImageObject","inLanguage":"en-GB","@id":"https:\/\/buletin.de\/bucuresti\/firma-care-a-avut-contract-cu-politia-locala-in-starea-de-urgenta-a-dat-peste-cap-planurile-de-nunta-a-peste-300-de-tineri\/#primaryimage","url":"https:\/\/buletin.de\/bucuresti\/wp-content\/uploads\/sad-bride-sitting-by-bouquet-on-sofa-at-home-PVL9JTD-scaled.jpg","contentUrl":"https:\/\/buletin.de\/bucuresti\/wp-content\/uploads\/sad-bride-sitting-by-bouquet-on-sofa-at-home-PVL9JTD-scaled.jpg","width":2560,"height":1707,"caption":"High angle view of sad bride sitting by bouquet on sofa at home"},{"@type":"BreadcrumbList","@id":"https:\/\/buletin.de\/bucuresti\/firma-care-a-avut-contract-cu-politia-locala-in-starea-de-urgenta-a-dat-peste-cap-planurile-de-nunta-a-peste-300-de-tineri\/#breadcrumb","itemListElement":[{"@type":"ListItem","position":1,"name":"Acas\u0103","item":"https:\/\/buletin.de\/bucuresti\/"},{"@type":"ListItem","position":2,"name":"Firma care a avut contract cu politia locala \u00een starea de urgen\u021b\u0103 a dat peste cap planurile de nunt\u0103 a peste 300 de tineri"}]},{"@type":"WebSite","@id":"https:\/\/buletin.de\/bucuresti\/#website","url":"https:\/\/buletin.de\/bucuresti\/","name":"Buletin de Bucure\u0219ti","description":"\u0218tiri \u0219i investiga\u021bii esen\u021biale din capital\u0103","publisher":{"@id":"https:\/\/buletin.de\/bucuresti\/#organization"},"potentialAction":[{"@type":"SearchAction","target":{"@type":"EntryPoint","urlTemplate":"https:\/\/buletin.de\/bucuresti\/?s={search_term_string}"},"query-input":{"@type":"PropertyValueSpecification","valueRequired":true,"valueName":"search_term_string"}}],"inLanguage":"en-GB"},{"@type":"Organization","@id":"https:\/\/buletin.de\/bucuresti\/#organization","name":"Buletin de Bucure\u0219ti","url":"https:\/\/buletin.de\/bucuresti\/","logo":{"@type":"ImageObject","inLanguage":"en-GB","@id":"https:\/\/buletin.de\/bucuresti\/#\/schema\/logo\/image\/","url":"https:\/\/buletin.de\/bucuresti\/wp-content\/uploads\/logo-bdb-full-wide-vernil-transparent.png","contentUrl":"https:\/\/buletin.de\/bucuresti\/wp-content\/uploads\/logo-bdb-full-wide-vernil-transparent.png","width":1782,"height":626,"caption":"Buletin de Bucure\u0219ti"},"image":{"@id":"https:\/\/buletin.de\/bucuresti\/#\/schema\/logo\/image\/"},"sameAs":["https:\/\/www.facebook.com\/buletin.de.buc","https:\/\/www.instagram.com\/buletinde.bucuresti\/"]},{"@type":"Person","@id":"https:\/\/buletin.de\/bucuresti\/#\/schema\/person\/b0686d7a8b666c6afc78239777fd8a89","name":"Florin R\u00e2\u0219teiu","image":{"@type":"ImageObject","inLanguage":"en-GB","@id":"https:\/\/buletin.de\/bucuresti\/wp-content\/uploads\/Florin-Rasteiu-96x96.jpgf0a6fe28453aa12f0a60e4d0a2e3a78c","url":"https:\/\/buletin.de\/bucuresti\/wp-content\/uploads\/Florin-Rasteiu-96x96.jpg","contentUrl":"https:\/\/buletin.de\/bucuresti\/wp-content\/uploads\/Florin-Rasteiu-96x96.jpg","caption":"Florin R\u00e2\u0219teiu"},"description":"Jurnalist de investiga\u021bie. Lucreaz\u0103 de aproape 6 ani la Buletin de Bucure\u0219ti, unde a publicat articole care scot la suprafa\u021b\u0103 corup\u021bia din Capital\u0103. Analizeaz\u0103 baze de date zilnic \u0219i scoate pove\u0219ti din exceluri pline de cifre. Pune reflectorul pe adev\u0103r cu fiecare ocazie. A c\u00e2\u0219tigat premiul I la categoria Pres\u0103 Local\u0103 \u00een 2025 \u0219i locul al II-lea la aceea\u0219i categorie \u00een 2024 \u00een cadrul Premiilor Superscrieri pentru jurnalism independent.","url":"https:\/\/buletin.de\/bucuresti\/author\/florinrasteiu\/"}]}},"authors":[{"term_id":22576,"user_id":17,"is_guest":0,"slug":"florinrasteiu","display_name":"Florin R\u00e2\u0219teiu","avatar_url":"https:\/\/buletin.de\/bucuresti\/wp-content\/uploads\/Florin-Rasteiu-96x96.jpg","0":null,"1":"","2":"","3":"","4":"","5":"","6":"","7":"","8":""}],"_links":{"self":[{"href":"https:\/\/buletin.de\/bucuresti\/wp-json\/wp\/v2\/posts\/10277","targetHints":{"allow":["GET"]}}],"collection":[{"href":"https:\/\/buletin.de\/bucuresti\/wp-json\/wp\/v2\/posts"}],"about":[{"href":"https:\/\/buletin.de\/bucuresti\/wp-json\/wp\/v2\/types\/post"}],"author":[{"embeddable":true,"href":"https:\/\/buletin.de\/bucuresti\/wp-json\/wp\/v2\/users\/17"}],"replies":[{"embeddable":true,"href":"https:\/\/buletin.de\/bucuresti\/wp-json\/wp\/v2\/comments?post=10277"}],"version-history":[{"count":35,"href":"https:\/\/buletin.de\/bucuresti\/wp-json\/wp\/v2\/posts\/10277\/revisions"}],"predecessor-version":[{"id":12050,"href":"https:\/\/buletin.de\/bucuresti\/wp-json\/wp\/v2\/posts\/10277\/revisions\/12050"}],"wp:featuredmedia":[{"embeddable":true,"href":"https:\/\/buletin.de\/bucuresti\/wp-json\/wp\/v2\/media\/10348"}],"wp:attachment":[{"href":"https:\/\/buletin.de\/bucuresti\/wp-json\/wp\/v2\/media?parent=10277"}],"wp:term":[{"taxonomy":"category","embeddable":true,"href":"https:\/\/buletin.de\/bucuresti\/wp-json\/wp\/v2\/categories?post=10277"},{"taxonomy":"post_tag","embeddable":true,"href":"https:\/\/buletin.de\/bucuresti\/wp-json\/wp\/v2\/tags?post=10277"},{"taxonomy":"author","embeddable":true,"href":"https:\/\/buletin.de\/bucuresti\/wp-json\/wp\/v2\/ppma_author?post=10277"}],"curies":[{"name":"wp","href":"https:\/\/api.w.org\/{rel}","templated":true}]}}