{"id":102768,"date":"2024-10-17T18:59:47","date_gmt":"2024-10-17T15:59:47","guid":{"rendered":"https:\/\/buletin.de\/bucuresti\/?p=102768"},"modified":"2024-10-17T18:59:47","modified_gmt":"2024-10-17T15:59:47","slug":"marcel-ciolacu-sustine-si-nu-prea-referendumul-lui-nicusor-dan-raspunsul-edilului-general","status":"publish","type":"post","link":"https:\/\/buletin.de\/bucuresti\/marcel-ciolacu-sustine-si-nu-prea-referendumul-lui-nicusor-dan-raspunsul-edilului-general\/","title":{"rendered":"Marcel Ciolacu sus\u0163ine \u015fi nu prea referendumul lui Nicu\u015for Dan. R\u0103spunsul edilului general"},"content":{"rendered":"\n<p><strong>Premierul Marcel Ciolacu a anun\u021bat joi, 17 octombrie, c\u0103 nu va schimba legea pentru ca referendumul anun\u021bat de Nicu\u0219or Dan s\u0103 poat\u0103 fi organizat cu acela\u0219i personal \u0219i \u00een acelea\u0219i sec\u021bii de vot cu alegerile preziden\u021biale. Drept r\u0103spuns, Nicu\u0219or Dan a transmis c\u0103 referendumul local se va organiza chiar dac\u0103 guvernul nu vrea s\u0103 simplifice procedura.<\/strong><\/p>\n\n\n\n<p>\u201dNu mai schimb nici o lege, suntem \u00een timpul jocului\u201d, a declarat premierul, citat de <a href=\"https:\/\/www.g4media.ro\/marcel-ciolacu-anunta-ca-nu-va-schimba-legea-pentru-ca-referendumul-anuntat-de-nicusor-dan-sa-poata-fi-organizat-mai-simplu-nicusor-dan-daca-dl-ciolacu-vrea-sa-incurce-referendumul-cetatenii-vor-v.html?uord=Qo3fii5ng7o0NB5cnIgaQsRQvHkuwlMhWf2mRUH6iS2ptJxHNaGomI2LVtSbrIDLtCLZKwKKQq67j_E4qbppOpmozooz5sRPvXouxSftLv\/6ScHwhSccgG1ONFSsnegzTsmFudY%3D\">G4Media<\/a>.<\/p>\n\n\n\n<p><strong>CITE\u0218TE \u0218I: <a href=\"https:\/\/buletin.de\/bucuresti\/simion-si-becali-deschid-lista-aur-la-camera-deputatilor-pe-bucuresti-sosoaca-intra-si-ea-in-lupta-electorala\/\">Simion \u015fi Becali deschid lista AUR la Camera Deputa\u0163ilor, pe Bucure\u015fti. \u015eo\u015foac\u0103 intr\u0103 \u015fi ea \u00een lupta electoral\u0103<\/a><\/strong><\/p>\n\n\n\n<h2 class=\"wp-block-heading\" id=\"h-ceta\u021benii-ne-vor-judeca-pe-to\u021bi\"><strong>\u201eCet\u0103\u021benii ne vor judeca pe to\u021bi<\/strong>\u201d<\/h2>\n\n\n\n<p>Primarul general a precizat c\u0103 referendumul pe care vrea s\u0103-l demareze \u00een Bucure\u0219ti va costa \u00een jur de <strong>zece milioane de lei. <\/strong><\/p>\n\n\n\n<blockquote class=\"wp-block-quote is-layout-flow wp-block-quote-is-layout-flow\">\n<p class=\"has-medium-font-size\">Organizarea o fac prefectura \u0219i Autoritatea Electoral\u0103 Permanent\u0103, dar costurile le suport\u0103 Prim\u0103ria Bucure\u0219ti.<\/p>\n<cite>Nicu\u0219or Dan<\/cite><\/blockquote>\n\n\n\n<p>Despre refuzul premierului de a da o ordonan\u021b\u0103 de urgen\u021b\u0103 prin care s\u0103 reglementeze desf\u0103\u0219urarea referendumului \u00een aceea\u0219i zi cu alegerile preziden\u021biale, primarul general a spus c\u0103 <strong>\u201ecet\u0103\u021benii ne vor judeca pe to\u021bi, cu \u0219tampila \u00een m\u00e2n\u0103\u201d.<\/strong><\/p>\n\n\n\n<blockquote class=\"wp-block-quote is-layout-flow wp-block-quote-is-layout-flow\">\n<p><strong>Dac\u0103 dl premier Ciolacu vrea s\u0103 ajute desf\u0103\u0219urarea corect\u0103 a referendumului, cet\u0103\u021benii vor vedea. Dac\u0103 vrea s\u0103-l \u00eencurce, cet\u0103\u021benii vor vedea, de asemenea.<\/strong><\/p>\n<cite>Nicu\u0219or Dan<\/cite><\/blockquote>\n\n\n\n<p>Edilul a exemplificat cu trei situa\u021bii similare \u00een care guvernele au emis ordonan\u021be de urgen\u021b\u0103 pentru a facilita organizarea simultan\u0103 a referendumurilor \u0219i alegerilor:<\/p>\n\n\n\n<ul class=\"wp-block-list\">\n<li>Referendumul din 2009, ini\u021biat de Traian B\u0103sescu, organizat simultan cu alegerile preziden\u021biale;<\/li>\n\n\n\n<li>Referendumul local din Olt din 2018, organizat \u00een aceea\u0219i zi cu referendumul Coali\u021biei pentru Familie;<\/li>\n\n\n\n<li>Referendumul din 2019, ini\u021biat de Klaus Iohannis pe tema justi\u021biei, desf\u0103\u0219urat \u00eempreun\u0103 cu alegerile pentru Parlamentul European.<\/li>\n<\/ul>\n\n\n\n<p><strong>CITE\u0218TE \u0218I: <a href=\"https:\/\/buletin.de\/bucuresti\/ciolacu-reactie-la-referendumurile-lui-nicusor-dan-e-posibil-ca-si-guvernul-sa-vina-cu-o-intrebare\/\">Ciolacu, reac\u0163ie la referendumurile lui Nicu\u015for Dan. \u201eE posibil ca \u015fi Guvernul s\u0103 vin\u0103 cu o \u00eentrebare\u201d<\/a><\/strong><\/p>\n\n\n\n<h2 class=\"wp-block-heading\" id=\"h-referendumul-pentru-reducerea-atribu\u021biilor-primariilor-de-sector-pe-ordinea-de-zi-a-cgmb\">Referendumul pentru reducerea atribu\u021biilor prim\u0103riilor de sector, pe ordinea de zi a CGMB<\/h2>\n\n\n\n<p><strong>Referendumul pentru reducerea atribu\u021biilor prim\u0103riilor de sector a fost pus pe ordinea de zi a \u0219edin\u021bei din 21 octombrie a Consiliului General al Municipiului Bucure\u0219ti (CGMB)<\/strong>, a anun\u021bat primarul Nicu\u0219or Dan.<\/p>\n\n\n\n<p><em>\u201eDac\u0103 aceste hot\u0103r\u00e2ri vor fi aprobate de consilierii generali, referendumul va avea loc pe 24 noiembrie, simultan cu primul tur al alegerilor preziden\u021biale\u201d<\/em>,&nbsp;<a href=\"https:\/\/www.facebook.com\/photo\/?fbid=1077754820367598&amp;set=a.353823452760742\" target=\"_blank\" rel=\"noreferrer noopener\">a precizat Nicu\u0219or Dan<\/a>.<\/p>\n\n\n\n<p>Potrivit primarului general, cele dou\u0103 \u00eentreb\u0103ri la care trebuie s\u0103 r\u0103spund\u0103 bucure\u0219tenii \u00een referendumul pentru reducerea atribu\u021biilor prim\u0103riilor de sector sunt urm\u0103toarele:<\/p>\n\n\n\n<p><strong>1.\u2060 \u2060Sunte\u021bi de acord ca repartizarea \u00eentre Prim\u0103ria Municipiului Bucure\u0219ti \u0219i Prim\u0103riile de Sector a impozitelor pe venit \u0219i a taxelor \u0219i impozitelor locale colectate de la bucure\u0219teni s\u0103 fie aprobat\u0103 de c\u0103tre Consiliul General al Municipiului Bucure\u0219ti?<\/strong><\/p>\n\n\n\n<p><strong>2.\u2060 \u2060Sunte\u021bi de acord ca Primarul General al Municipiului Bucure\u0219ti s\u0103 emit\u0103 Autoriza\u021biile de Construire pe \u00eentreg teritoriul administrativ al ora\u0219ului?<\/strong><\/p>\n\n\n\n<p>R\u0103spunsul trebuie s\u0103 fie DA sau NU, a anun\u021bat Nicu\u0219or Dan.<\/p>\n\n\n\n<p><strong>CITE\u0218TE \u0218I: <a href=\"https:\/\/buletin.de\/bucuresti\/editorial-un-posibil-referendum-ciolacu-pandele-doriti-ca-orasul-voluntari-sa-devina-sectorul-7-al-capitalei\/\">EDITORIAL | Un posibil referendum Ciolacu-Pandele: Dori\u021bi ca ora\u0219ul Voluntari s\u0103 devin\u0103 Sectorul 7 al Capitalei?<\/a><\/strong><\/p>\n","protected":false},"excerpt":{"rendered":"<p>Premierul Marcel Ciolacu a anun\u021bat joi, 17 octombrie, c\u0103 nu va schimba legea pentru ca referendumul anun\u021bat de Nicu\u0219or Dan s\u0103 poat\u0103 fi organizat cu acela\u0219i personal \u0219i \u00een acelea\u0219i sec\u021bii de vot cu alegerile preziden\u021biale. Drept r\u0103spuns, Nicu\u0219or Dan a transmis c\u0103 referendumul local se va organiza chiar dac\u0103 guvernul nu vrea s\u0103 simplifice [&hellip;]<\/p>\n","protected":false},"author":59,"featured_media":102769,"comment_status":"closed","ping_status":"open","sticky":false,"template":"","format":"standard","meta":{"_acf_changed":false,"inline_featured_image":false,"ngg_post_thumbnail":0,"footnotes":""},"categories":[6994,9025,62],"tags":[2063,667,10,2608,1899,1430,16095,1640],"ppma_author":[22572],"class_list":["post-102768","post","type-post","status-publish","format-standard","has-post-thumbnail","hentry","category-stiri-2","category-politic","category-stiri","tag-bucuresti-2","tag-guvern","tag-local","tag-marcel-ciolacu","tag-nicusor-dan-2","tag-primaria-generala","tag-primaria-municipiului-bucuresti-3","tag-referendum"],"acf":[],"yoast_head":"<!-- This site is optimized with the Yoast SEO Premium plugin v25.3 (Yoast SEO v27.4) - https:\/\/yoast.com\/product\/yoast-seo-premium-wordpress\/ -->\n<title>Marcel Ciolacu sus\u0163ine \u015fi nu prea referendumul lui Nicu\u015for Dan. R\u0103spunsul edilului general - Buletin de Bucure\u0219ti<\/title>\n<meta name=\"description\" content=\"Premierul Marcel Ciolacu a anun\u021bat c\u0103 nu va schimba legea pentru ca referendumul s\u0103 poat\u0103 fi organizat printr-o procedur\u0103 simplificat\u0103.\" \/>\n<meta name=\"robots\" content=\"index, follow, max-snippet:-1, max-image-preview:large, max-video-preview:-1\" \/>\n<link rel=\"canonical\" href=\"https:\/\/buletin.de\/bucuresti\/marcel-ciolacu-sustine-si-nu-prea-referendumul-lui-nicusor-dan-raspunsul-edilului-general\/\" \/>\n<meta property=\"og:locale\" content=\"en_GB\" \/>\n<meta property=\"og:type\" content=\"article\" \/>\n<meta property=\"og:title\" content=\"Marcel Ciolacu sus\u0163ine \u015fi nu prea referendumul lui Nicu\u015for Dan. R\u0103spunsul edilului general\" \/>\n<meta property=\"og:description\" content=\"Premierul Marcel Ciolacu a anun\u021bat c\u0103 nu va schimba legea pentru ca referendumul s\u0103 poat\u0103 fi organizat printr-o procedur\u0103 simplificat\u0103.\" \/>\n<meta property=\"og:url\" content=\"https:\/\/buletin.de\/bucuresti\/marcel-ciolacu-sustine-si-nu-prea-referendumul-lui-nicusor-dan-raspunsul-edilului-general\/\" \/>\n<meta property=\"og:site_name\" content=\"Buletin de Bucure\u0219ti\" \/>\n<meta property=\"article:publisher\" content=\"https:\/\/www.facebook.com\/buletin.de.buc\" \/>\n<meta property=\"article:published_time\" content=\"2024-10-17T15:59:47+00:00\" \/>\n<meta property=\"og:image\" content=\"https:\/\/buletin.de\/bucuresti\/wp-content\/uploads\/Ciolacu-Nicusor-Dan.jpg\" \/>\n\t<meta property=\"og:image:width\" content=\"2000\" \/>\n\t<meta property=\"og:image:height\" content=\"1333\" \/>\n\t<meta property=\"og:image:type\" content=\"image\/jpeg\" \/>\n<meta name=\"author\" content=\"C\u0103t\u0103lin Anghel-Dimache\" \/>\n<meta name=\"twitter:card\" content=\"summary_large_image\" \/>\n<meta name=\"twitter:label1\" content=\"Written by\" \/>\n\t<meta name=\"twitter:data1\" content=\"C\u0103t\u0103lin Anghel-Dimache\" \/>\n\t<meta name=\"twitter:label2\" content=\"Estimated reading time\" \/>\n\t<meta name=\"twitter:data2\" content=\"3 minutes\" \/>\n<script type=\"application\/ld+json\" class=\"yoast-schema-graph\">{\"@context\":\"https:\\\/\\\/schema.org\",\"@graph\":[{\"@type\":\"Article\",\"@id\":\"https:\\\/\\\/buletin.de\\\/bucuresti\\\/marcel-ciolacu-sustine-si-nu-prea-referendumul-lui-nicusor-dan-raspunsul-edilului-general\\\/#article\",\"isPartOf\":{\"@id\":\"https:\\\/\\\/buletin.de\\\/bucuresti\\\/marcel-ciolacu-sustine-si-nu-prea-referendumul-lui-nicusor-dan-raspunsul-edilului-general\\\/\"},\"author\":{\"name\":\"C\u0103t\u0103lin Anghel-Dimache\",\"@id\":\"https:\\\/\\\/buletin.de\\\/bucuresti\\\/#\\\/schema\\\/person\\\/0ac9db30080482be87c7386a30f98796\"},\"headline\":\"Marcel Ciolacu sus\u0163ine \u015fi nu prea referendumul lui Nicu\u015for Dan. R\u0103spunsul edilului general\",\"datePublished\":\"2024-10-17T15:59:47+00:00\",\"mainEntityOfPage\":{\"@id\":\"https:\\\/\\\/buletin.de\\\/bucuresti\\\/marcel-ciolacu-sustine-si-nu-prea-referendumul-lui-nicusor-dan-raspunsul-edilului-general\\\/\"},\"wordCount\":553,\"publisher\":{\"@id\":\"https:\\\/\\\/buletin.de\\\/bucuresti\\\/#organization\"},\"image\":{\"@id\":\"https:\\\/\\\/buletin.de\\\/bucuresti\\\/marcel-ciolacu-sustine-si-nu-prea-referendumul-lui-nicusor-dan-raspunsul-edilului-general\\\/#primaryimage\"},\"thumbnailUrl\":\"https:\\\/\\\/buletin.de\\\/bucuresti\\\/wp-content\\\/uploads\\\/Ciolacu-Nicusor-Dan.jpg\",\"keywords\":[\"Bucure\u0219ti\",\"guvern\",\"local\",\"marcel ciolacu\",\"Nicu\u0219or Dan\",\"primaria generala\",\"primaria municipiului bucure\u0219ti\",\"referendum\"],\"articleSection\":[\"Articole\",\"Politic\",\"\u0218tiri\"],\"inLanguage\":\"en-GB\",\"copyrightYear\":\"2024\",\"copyrightHolder\":{\"@id\":\"https:\\\/\\\/buletin.de\\\/bucuresti\\\/#organization\"}},{\"@type\":\"WebPage\",\"@id\":\"https:\\\/\\\/buletin.de\\\/bucuresti\\\/marcel-ciolacu-sustine-si-nu-prea-referendumul-lui-nicusor-dan-raspunsul-edilului-general\\\/\",\"url\":\"https:\\\/\\\/buletin.de\\\/bucuresti\\\/marcel-ciolacu-sustine-si-nu-prea-referendumul-lui-nicusor-dan-raspunsul-edilului-general\\\/\",\"name\":\"Marcel Ciolacu sus\u0163ine \u015fi nu prea referendumul lui Nicu\u015for Dan. R\u0103spunsul edilului general - Buletin de Bucure\u0219ti\",\"isPartOf\":{\"@id\":\"https:\\\/\\\/buletin.de\\\/bucuresti\\\/#website\"},\"primaryImageOfPage\":{\"@id\":\"https:\\\/\\\/buletin.de\\\/bucuresti\\\/marcel-ciolacu-sustine-si-nu-prea-referendumul-lui-nicusor-dan-raspunsul-edilului-general\\\/#primaryimage\"},\"image\":{\"@id\":\"https:\\\/\\\/buletin.de\\\/bucuresti\\\/marcel-ciolacu-sustine-si-nu-prea-referendumul-lui-nicusor-dan-raspunsul-edilului-general\\\/#primaryimage\"},\"thumbnailUrl\":\"https:\\\/\\\/buletin.de\\\/bucuresti\\\/wp-content\\\/uploads\\\/Ciolacu-Nicusor-Dan.jpg\",\"datePublished\":\"2024-10-17T15:59:47+00:00\",\"description\":\"Premierul Marcel Ciolacu a anun\u021bat c\u0103 nu va schimba legea pentru ca referendumul s\u0103 poat\u0103 fi organizat printr-o procedur\u0103 simplificat\u0103.\",\"breadcrumb\":{\"@id\":\"https:\\\/\\\/buletin.de\\\/bucuresti\\\/marcel-ciolacu-sustine-si-nu-prea-referendumul-lui-nicusor-dan-raspunsul-edilului-general\\\/#breadcrumb\"},\"inLanguage\":\"en-GB\",\"potentialAction\":[{\"@type\":\"ReadAction\",\"target\":[\"https:\\\/\\\/buletin.de\\\/bucuresti\\\/marcel-ciolacu-sustine-si-nu-prea-referendumul-lui-nicusor-dan-raspunsul-edilului-general\\\/\"]}]},{\"@type\":\"ImageObject\",\"inLanguage\":\"en-GB\",\"@id\":\"https:\\\/\\\/buletin.de\\\/bucuresti\\\/marcel-ciolacu-sustine-si-nu-prea-referendumul-lui-nicusor-dan-raspunsul-edilului-general\\\/#primaryimage\",\"url\":\"https:\\\/\\\/buletin.de\\\/bucuresti\\\/wp-content\\\/uploads\\\/Ciolacu-Nicusor-Dan.jpg\",\"contentUrl\":\"https:\\\/\\\/buletin.de\\\/bucuresti\\\/wp-content\\\/uploads\\\/Ciolacu-Nicusor-Dan.jpg\",\"width\":2000,\"height\":1333,\"caption\":\"Marcel Ciolacu sus\u0163ine \u015fi nu prea referendumul lui Nicu\u015for Dan. FOTO: Inquam Photos \\\/ M\u0103lina Norocea\"},{\"@type\":\"BreadcrumbList\",\"@id\":\"https:\\\/\\\/buletin.de\\\/bucuresti\\\/marcel-ciolacu-sustine-si-nu-prea-referendumul-lui-nicusor-dan-raspunsul-edilului-general\\\/#breadcrumb\",\"itemListElement\":[{\"@type\":\"ListItem\",\"position\":1,\"name\":\"Acas\u0103\",\"item\":\"https:\\\/\\\/buletin.de\\\/bucuresti\\\/\"},{\"@type\":\"ListItem\",\"position\":2,\"name\":\"Marcel Ciolacu sus\u0163ine \u015fi nu prea referendumul lui Nicu\u015for Dan. R\u0103spunsul edilului general\"}]},{\"@type\":\"WebSite\",\"@id\":\"https:\\\/\\\/buletin.de\\\/bucuresti\\\/#website\",\"url\":\"https:\\\/\\\/buletin.de\\\/bucuresti\\\/\",\"name\":\"Buletin de Bucure\u0219ti\",\"description\":\"\u0218tiri \u0219i investiga\u021bii esen\u021biale din capital\u0103\",\"publisher\":{\"@id\":\"https:\\\/\\\/buletin.de\\\/bucuresti\\\/#organization\"},\"potentialAction\":[{\"@type\":\"SearchAction\",\"target\":{\"@type\":\"EntryPoint\",\"urlTemplate\":\"https:\\\/\\\/buletin.de\\\/bucuresti\\\/?s={search_term_string}\"},\"query-input\":{\"@type\":\"PropertyValueSpecification\",\"valueRequired\":true,\"valueName\":\"search_term_string\"}}],\"inLanguage\":\"en-GB\"},{\"@type\":\"Organization\",\"@id\":\"https:\\\/\\\/buletin.de\\\/bucuresti\\\/#organization\",\"name\":\"Buletin de Bucure\u0219ti\",\"url\":\"https:\\\/\\\/buletin.de\\\/bucuresti\\\/\",\"logo\":{\"@type\":\"ImageObject\",\"inLanguage\":\"en-GB\",\"@id\":\"https:\\\/\\\/buletin.de\\\/bucuresti\\\/#\\\/schema\\\/logo\\\/image\\\/\",\"url\":\"https:\\\/\\\/buletin.de\\\/bucuresti\\\/wp-content\\\/uploads\\\/logo-bdb-full-wide-vernil-transparent.png\",\"contentUrl\":\"https:\\\/\\\/buletin.de\\\/bucuresti\\\/wp-content\\\/uploads\\\/logo-bdb-full-wide-vernil-transparent.png\",\"width\":1782,\"height\":626,\"caption\":\"Buletin de Bucure\u0219ti\"},\"image\":{\"@id\":\"https:\\\/\\\/buletin.de\\\/bucuresti\\\/#\\\/schema\\\/logo\\\/image\\\/\"},\"sameAs\":[\"https:\\\/\\\/www.facebook.com\\\/buletin.de.buc\",\"https:\\\/\\\/www.instagram.com\\\/buletinde.bucuresti\\\/\"]},{\"@type\":\"Person\",\"@id\":\"https:\\\/\\\/buletin.de\\\/bucuresti\\\/#\\\/schema\\\/person\\\/0ac9db30080482be87c7386a30f98796\",\"name\":\"C\u0103t\u0103lin Anghel-Dimache\",\"image\":{\"@type\":\"ImageObject\",\"inLanguage\":\"en-GB\",\"@id\":\"https:\\\/\\\/buletin.de\\\/bucuresti\\\/wp-content\\\/uploads\\\/Catalin-Anghel-Dimache-96x96.jpgbd9e43c5b25186d5b8e917ac61ad86c4\",\"url\":\"https:\\\/\\\/buletin.de\\\/bucuresti\\\/wp-content\\\/uploads\\\/Catalin-Anghel-Dimache-96x96.jpg\",\"contentUrl\":\"https:\\\/\\\/buletin.de\\\/bucuresti\\\/wp-content\\\/uploads\\\/Catalin-Anghel-Dimache-96x96.jpg\",\"caption\":\"C\u0103t\u0103lin Anghel-Dimache\"},\"description\":\"A absolvit Facultatea de Jurnalism \u0219i \u0218tiin\u021bele Comunic\u0103rii a Universit\u0103\u021bii din Bucure\u0219ti \u00een 2024. Scrie despre mediu \u0219i teme sociale, dar \u0219i despre cum se reflect\u0103 ele \u00een via\u021ba cotidian\u0103 a bucure\u0219tenilor, cu un ochi atent la pove\u0219tile personale din spatele titlurilor. N\u0103scut \u0219i crescut \u00een Bucure\u0219ti, a f\u0103cut un pas c\u0103tre presa local\u0103, din pasiune pentru ora\u0219ul s\u0103u \u0219i oamenii din el.\",\"url\":\"https:\\\/\\\/buletin.de\\\/bucuresti\\\/author\\\/catalin-anghel-dimache\\\/\"}]}<\/script>\n<!-- \/ Yoast SEO Premium plugin. -->","yoast_head_json":{"title":"Marcel Ciolacu sus\u0163ine \u015fi nu prea referendumul lui Nicu\u015for Dan. R\u0103spunsul edilului general - Buletin de Bucure\u0219ti","description":"Premierul Marcel Ciolacu a anun\u021bat c\u0103 nu va schimba legea pentru ca referendumul s\u0103 poat\u0103 fi organizat printr-o procedur\u0103 simplificat\u0103.","robots":{"index":"index","follow":"follow","max-snippet":"max-snippet:-1","max-image-preview":"max-image-preview:large","max-video-preview":"max-video-preview:-1"},"canonical":"https:\/\/buletin.de\/bucuresti\/marcel-ciolacu-sustine-si-nu-prea-referendumul-lui-nicusor-dan-raspunsul-edilului-general\/","og_locale":"en_GB","og_type":"article","og_title":"Marcel Ciolacu sus\u0163ine \u015fi nu prea referendumul lui Nicu\u015for Dan. R\u0103spunsul edilului general","og_description":"Premierul Marcel Ciolacu a anun\u021bat c\u0103 nu va schimba legea pentru ca referendumul s\u0103 poat\u0103 fi organizat printr-o procedur\u0103 simplificat\u0103.","og_url":"https:\/\/buletin.de\/bucuresti\/marcel-ciolacu-sustine-si-nu-prea-referendumul-lui-nicusor-dan-raspunsul-edilului-general\/","og_site_name":"Buletin de Bucure\u0219ti","article_publisher":"https:\/\/www.facebook.com\/buletin.de.buc","article_published_time":"2024-10-17T15:59:47+00:00","og_image":[{"width":2000,"height":1333,"url":"https:\/\/buletin.de\/bucuresti\/wp-content\/uploads\/Ciolacu-Nicusor-Dan.jpg","type":"image\/jpeg"}],"author":"C\u0103t\u0103lin Anghel-Dimache","twitter_card":"summary_large_image","twitter_misc":{"Written by":"C\u0103t\u0103lin Anghel-Dimache","Estimated reading time":"3 minutes"},"schema":{"@context":"https:\/\/schema.org","@graph":[{"@type":"Article","@id":"https:\/\/buletin.de\/bucuresti\/marcel-ciolacu-sustine-si-nu-prea-referendumul-lui-nicusor-dan-raspunsul-edilului-general\/#article","isPartOf":{"@id":"https:\/\/buletin.de\/bucuresti\/marcel-ciolacu-sustine-si-nu-prea-referendumul-lui-nicusor-dan-raspunsul-edilului-general\/"},"author":{"name":"C\u0103t\u0103lin Anghel-Dimache","@id":"https:\/\/buletin.de\/bucuresti\/#\/schema\/person\/0ac9db30080482be87c7386a30f98796"},"headline":"Marcel Ciolacu sus\u0163ine \u015fi nu prea referendumul lui Nicu\u015for Dan. R\u0103spunsul edilului general","datePublished":"2024-10-17T15:59:47+00:00","mainEntityOfPage":{"@id":"https:\/\/buletin.de\/bucuresti\/marcel-ciolacu-sustine-si-nu-prea-referendumul-lui-nicusor-dan-raspunsul-edilului-general\/"},"wordCount":553,"publisher":{"@id":"https:\/\/buletin.de\/bucuresti\/#organization"},"image":{"@id":"https:\/\/buletin.de\/bucuresti\/marcel-ciolacu-sustine-si-nu-prea-referendumul-lui-nicusor-dan-raspunsul-edilului-general\/#primaryimage"},"thumbnailUrl":"https:\/\/buletin.de\/bucuresti\/wp-content\/uploads\/Ciolacu-Nicusor-Dan.jpg","keywords":["Bucure\u0219ti","guvern","local","marcel ciolacu","Nicu\u0219or Dan","primaria generala","primaria municipiului bucure\u0219ti","referendum"],"articleSection":["Articole","Politic","\u0218tiri"],"inLanguage":"en-GB","copyrightYear":"2024","copyrightHolder":{"@id":"https:\/\/buletin.de\/bucuresti\/#organization"}},{"@type":"WebPage","@id":"https:\/\/buletin.de\/bucuresti\/marcel-ciolacu-sustine-si-nu-prea-referendumul-lui-nicusor-dan-raspunsul-edilului-general\/","url":"https:\/\/buletin.de\/bucuresti\/marcel-ciolacu-sustine-si-nu-prea-referendumul-lui-nicusor-dan-raspunsul-edilului-general\/","name":"Marcel Ciolacu sus\u0163ine \u015fi nu prea referendumul lui Nicu\u015for Dan. R\u0103spunsul edilului general - Buletin de Bucure\u0219ti","isPartOf":{"@id":"https:\/\/buletin.de\/bucuresti\/#website"},"primaryImageOfPage":{"@id":"https:\/\/buletin.de\/bucuresti\/marcel-ciolacu-sustine-si-nu-prea-referendumul-lui-nicusor-dan-raspunsul-edilului-general\/#primaryimage"},"image":{"@id":"https:\/\/buletin.de\/bucuresti\/marcel-ciolacu-sustine-si-nu-prea-referendumul-lui-nicusor-dan-raspunsul-edilului-general\/#primaryimage"},"thumbnailUrl":"https:\/\/buletin.de\/bucuresti\/wp-content\/uploads\/Ciolacu-Nicusor-Dan.jpg","datePublished":"2024-10-17T15:59:47+00:00","description":"Premierul Marcel Ciolacu a anun\u021bat c\u0103 nu va schimba legea pentru ca referendumul s\u0103 poat\u0103 fi organizat printr-o procedur\u0103 simplificat\u0103.","breadcrumb":{"@id":"https:\/\/buletin.de\/bucuresti\/marcel-ciolacu-sustine-si-nu-prea-referendumul-lui-nicusor-dan-raspunsul-edilului-general\/#breadcrumb"},"inLanguage":"en-GB","potentialAction":[{"@type":"ReadAction","target":["https:\/\/buletin.de\/bucuresti\/marcel-ciolacu-sustine-si-nu-prea-referendumul-lui-nicusor-dan-raspunsul-edilului-general\/"]}]},{"@type":"ImageObject","inLanguage":"en-GB","@id":"https:\/\/buletin.de\/bucuresti\/marcel-ciolacu-sustine-si-nu-prea-referendumul-lui-nicusor-dan-raspunsul-edilului-general\/#primaryimage","url":"https:\/\/buletin.de\/bucuresti\/wp-content\/uploads\/Ciolacu-Nicusor-Dan.jpg","contentUrl":"https:\/\/buletin.de\/bucuresti\/wp-content\/uploads\/Ciolacu-Nicusor-Dan.jpg","width":2000,"height":1333,"caption":"Marcel Ciolacu sus\u0163ine \u015fi nu prea referendumul lui Nicu\u015for Dan. FOTO: Inquam Photos \/ M\u0103lina Norocea"},{"@type":"BreadcrumbList","@id":"https:\/\/buletin.de\/bucuresti\/marcel-ciolacu-sustine-si-nu-prea-referendumul-lui-nicusor-dan-raspunsul-edilului-general\/#breadcrumb","itemListElement":[{"@type":"ListItem","position":1,"name":"Acas\u0103","item":"https:\/\/buletin.de\/bucuresti\/"},{"@type":"ListItem","position":2,"name":"Marcel Ciolacu sus\u0163ine \u015fi nu prea referendumul lui Nicu\u015for Dan. R\u0103spunsul edilului general"}]},{"@type":"WebSite","@id":"https:\/\/buletin.de\/bucuresti\/#website","url":"https:\/\/buletin.de\/bucuresti\/","name":"Buletin de Bucure\u0219ti","description":"\u0218tiri \u0219i investiga\u021bii esen\u021biale din capital\u0103","publisher":{"@id":"https:\/\/buletin.de\/bucuresti\/#organization"},"potentialAction":[{"@type":"SearchAction","target":{"@type":"EntryPoint","urlTemplate":"https:\/\/buletin.de\/bucuresti\/?s={search_term_string}"},"query-input":{"@type":"PropertyValueSpecification","valueRequired":true,"valueName":"search_term_string"}}],"inLanguage":"en-GB"},{"@type":"Organization","@id":"https:\/\/buletin.de\/bucuresti\/#organization","name":"Buletin de Bucure\u0219ti","url":"https:\/\/buletin.de\/bucuresti\/","logo":{"@type":"ImageObject","inLanguage":"en-GB","@id":"https:\/\/buletin.de\/bucuresti\/#\/schema\/logo\/image\/","url":"https:\/\/buletin.de\/bucuresti\/wp-content\/uploads\/logo-bdb-full-wide-vernil-transparent.png","contentUrl":"https:\/\/buletin.de\/bucuresti\/wp-content\/uploads\/logo-bdb-full-wide-vernil-transparent.png","width":1782,"height":626,"caption":"Buletin de Bucure\u0219ti"},"image":{"@id":"https:\/\/buletin.de\/bucuresti\/#\/schema\/logo\/image\/"},"sameAs":["https:\/\/www.facebook.com\/buletin.de.buc","https:\/\/www.instagram.com\/buletinde.bucuresti\/"]},{"@type":"Person","@id":"https:\/\/buletin.de\/bucuresti\/#\/schema\/person\/0ac9db30080482be87c7386a30f98796","name":"C\u0103t\u0103lin Anghel-Dimache","image":{"@type":"ImageObject","inLanguage":"en-GB","@id":"https:\/\/buletin.de\/bucuresti\/wp-content\/uploads\/Catalin-Anghel-Dimache-96x96.jpgbd9e43c5b25186d5b8e917ac61ad86c4","url":"https:\/\/buletin.de\/bucuresti\/wp-content\/uploads\/Catalin-Anghel-Dimache-96x96.jpg","contentUrl":"https:\/\/buletin.de\/bucuresti\/wp-content\/uploads\/Catalin-Anghel-Dimache-96x96.jpg","caption":"C\u0103t\u0103lin Anghel-Dimache"},"description":"A absolvit Facultatea de Jurnalism \u0219i \u0218tiin\u021bele Comunic\u0103rii a Universit\u0103\u021bii din Bucure\u0219ti \u00een 2024. Scrie despre mediu \u0219i teme sociale, dar \u0219i despre cum se reflect\u0103 ele \u00een via\u021ba cotidian\u0103 a bucure\u0219tenilor, cu un ochi atent la pove\u0219tile personale din spatele titlurilor. N\u0103scut \u0219i crescut \u00een Bucure\u0219ti, a f\u0103cut un pas c\u0103tre presa local\u0103, din pasiune pentru ora\u0219ul s\u0103u \u0219i oamenii din el.","url":"https:\/\/buletin.de\/bucuresti\/author\/catalin-anghel-dimache\/"}]}},"authors":[{"term_id":22572,"user_id":59,"is_guest":0,"slug":"catalin-anghel-dimache","display_name":"C\u0103t\u0103lin Anghel-Dimache","avatar_url":"https:\/\/buletin.de\/bucuresti\/wp-content\/uploads\/Catalin-Anghel-Dimache-96x96.jpg","0":null,"1":"","2":"","3":"","4":"","5":"","6":"","7":"","8":""}],"_links":{"self":[{"href":"https:\/\/buletin.de\/bucuresti\/wp-json\/wp\/v2\/posts\/102768","targetHints":{"allow":["GET"]}}],"collection":[{"href":"https:\/\/buletin.de\/bucuresti\/wp-json\/wp\/v2\/posts"}],"about":[{"href":"https:\/\/buletin.de\/bucuresti\/wp-json\/wp\/v2\/types\/post"}],"author":[{"embeddable":true,"href":"https:\/\/buletin.de\/bucuresti\/wp-json\/wp\/v2\/users\/59"}],"replies":[{"embeddable":true,"href":"https:\/\/buletin.de\/bucuresti\/wp-json\/wp\/v2\/comments?post=102768"}],"version-history":[{"count":2,"href":"https:\/\/buletin.de\/bucuresti\/wp-json\/wp\/v2\/posts\/102768\/revisions"}],"predecessor-version":[{"id":102771,"href":"https:\/\/buletin.de\/bucuresti\/wp-json\/wp\/v2\/posts\/102768\/revisions\/102771"}],"wp:featuredmedia":[{"embeddable":true,"href":"https:\/\/buletin.de\/bucuresti\/wp-json\/wp\/v2\/media\/102769"}],"wp:attachment":[{"href":"https:\/\/buletin.de\/bucuresti\/wp-json\/wp\/v2\/media?parent=102768"}],"wp:term":[{"taxonomy":"category","embeddable":true,"href":"https:\/\/buletin.de\/bucuresti\/wp-json\/wp\/v2\/categories?post=102768"},{"taxonomy":"post_tag","embeddable":true,"href":"https:\/\/buletin.de\/bucuresti\/wp-json\/wp\/v2\/tags?post=102768"},{"taxonomy":"author","embeddable":true,"href":"https:\/\/buletin.de\/bucuresti\/wp-json\/wp\/v2\/ppma_author?post=102768"}],"curies":[{"name":"wp","href":"https:\/\/api.w.org\/{rel}","templated":true}]}}