{"id":102699,"date":"2024-10-17T13:12:15","date_gmt":"2024-10-17T10:12:15","guid":{"rendered":"https:\/\/buletin.de\/bucuresti\/?p=102699"},"modified":"2024-10-17T14:50:08","modified_gmt":"2024-10-17T11:50:08","slug":"fosta-jurnalista-sanda-nicola-e-cap-de-lista-la-parlamentare-pe-bucuresti-pentru-partidul-care-il-sustine-pe-mircea-geoana","status":"publish","type":"post","link":"https:\/\/buletin.de\/bucuresti\/fosta-jurnalista-sanda-nicola-e-cap-de-lista-la-parlamentare-pe-bucuresti-pentru-partidul-care-il-sustine-pe-mircea-geoana\/","title":{"rendered":"Fosta jurnalist\u0103 Sanda Nicola e cap de list\u0103 la parlamentare pe Bucure\u015fti, pentru partidul care \u00eel sus\u0163ine pe Mircea Geoan\u0103"},"content":{"rendered":"\n<p><strong>Fosta jurnalist\u0103 de televiziune Sanda Nicola deschide lista partidului pe Bucure\u015fti pentru Camera Deputa\u0163ilor, din partea partidului Rom\u00e2nia \u00een ac\u0163iune, care \u00eel sus\u0163ine pe Mircea Geoan\u0103 \u00een cursa pentru preziden\u0163iale. Intervievat\u0103 de Hotnews, Nicola a spus c\u0103 e momentul potrivit pentru ea s\u0103 fac\u0103 acest pas, dar c\u0103 \u015fansele partidului de a intra \u00een Parlament depind de accederea lui Mircea Geoan\u0103 \u00een turul II al preziden\u0163ialelor. <\/strong><\/p>\n\n\n\n<p>Partidul Rom\u00e2nia \u00een ac\u0163iune, condus de Mihai Apostolache, a depus joi, 17 octombrie, listele de candidaturi pentru alegerile parlamentare, iar Sanda Nicola este primul nume pe Bucure\u015fti, pentru Camera Deputa\u0163ilor. <\/p>\n\n\n\n<p>Nu ne a\u0219tept\u0103m s\u0103 c\u00e2\u0219tig\u0103m alegerile, dar vrem s\u0103 trecem pragul de 5%\u201d, a mai afirmat fosta jurnalist\u0103.<\/p>\n\n\n\n<p>Ea mai spune c\u0103 va fi \u201eun efort\u201d de a promova partidul \u00eentr-o perioad\u0103 foarte scurt\u0103. \u201eAm crezut c\u0103 \u0219i alte partide vor face pragul, dar nu au f\u0103cut. Nu au fost observatori \u00een toate sec\u021biile, pentru c\u0103 se poate \u00eent\u00e2mpla orice, iar scrutinul din prim\u0103var\u0103 ne-a ar\u0103tat asta. Au fost forma\u021biuni care au venit cu dovezi clare c\u0103 au fost fraude \u0219i lucrurile nu s-au schimbat. \u0218tiu c\u0103 vom face tot ce \u021bine de noi pentru a atinge obiectivul. Va fi un efort de a ne promova \u00eentr-o perioad\u0103 foarte scurt\u0103\u201d.<\/p>\n\n\n\n<p><strong>CITE\u015eTE \u015eI:<\/strong> <a href=\"https:\/\/buletin.de\/bucuresti\/daniel-baluta-mesaj-de-reconciliere-dupa-scandalul-planseului-merge-mai-departe-cu-modalitatea-aleasa-de-primarul-general\/\">Daniel B\u0103lu\u0163\u0103, mesaj de reconciliere dup\u0103 scandalul plan\u015feului. Merge mai departe cu \u201emodalitatea aleas\u0103 de primarul general\u201d<\/a><\/p>\n\n\n\n<p><a href=\"https:\/\/orbi.uliege.be\/profile?uid=p226148\" target=\"_blank\" rel=\"noreferrer noopener\">Cercet\u0103tor la Universitatea din Liege, asistent la Facultatea de \u0218tiin\u021be, Departamentul Geografi<\/a>e, Sanda Nicola a p\u0103r\u0103sit Rom\u00e2nia de c\u00e2\u021biva ani. \u00cen ultima perioad\u0103 a coordonat lucr\u0103ri practice la cursuri de dezvoltare teritorial\u0103, strategii de dezvoltare turistic\u0103, securitate alimentar\u0103 \u0219i energetic\u0103.<\/p>\n\n\n\n<p>\u201e<em>Colegii mei din Nigeria, Congo, Guineea au fost cei mai \u00eencurajatori. Am discutat \u0219i cu familia \u0219i am ajuns la concluzia c\u0103 este momentul potrivit pentru mine, dincolo de toate temerile. Am aproape 48 de ani, \u00eenc\u0103 m\u0103 bucur de sprijin din partea cet\u0103\u021benilor. Exista o a\u0219teptare dintr-o anumit\u0103 zon\u0103 s\u0103 m\u0103 implic mai mult dec\u00e2t o f\u0103ceam. Au fost 23 de ani de meserie \u00een care am vorbit despre problemele \u021b\u0103rii, apoi am \u00eenv\u0103\u021bat cum pot s\u0103 fie rezolvate anumite probleme<\/em>\u201d, a spus Sanda Nicola, citat\u0103 de Hotnews. <\/p>\n\n\n\n<p>\u00cen 21 septembrie, fosta jurnalista anun\u021ba c\u0103 va face parte din staff-ul lui Mircea Geoan\u0103, dar preciza, la acel moment, c\u0103 nu intr\u0103 \u00een politic\u0103, ci \u201e\u00eentr-o mi\u0219care civic\u0103\u201d.<\/p>\n\n\n\n<p>CITE\u015eTE \u00ceNTREGUL ARTICOL PE <a href=\"https:\/\/hotnews.ro\/sanda-nicola-deschide-lista-din-bucuresti-la-parlamentare-pentru-partidul-lui-geoana-e-momentul-potrivit-pentru-mine-1815081\">Hotnews.ro<\/a><\/p>\n\n\n\n<p><strong>CITE\u015eTE \u015eI:<\/strong> <a href=\"https:\/\/buletin.de\/bucuresti\/investigatie-regii-rechizitelor-firma-patronilor-editurii-la-care-geoana-firea-si-burduja-si-au-lansat-cartile-pe-primul-loc-in-tara-la-contracte-inainte-de-inceperea-anului-sc\/\">INVESTIGA\u021aIE | \u201eRegii rechizitelor\u201d. Firma patronilor editurii la care Geoan\u0103, Firea \u0219i Burduja \u0219i-au lansat c\u0103r\u021bile, pe primul loc \u00een \u021bar\u0103 la contracte, \u00eenainte de \u00eenceperea anului \u0219colar<\/a><br><a href=\"https:\/\/hotnews.ro\/sanda-nicola-deschide-lista-din-bucuresti-la-parlamentare-pentru-partidul-lui-geoana-e-momentul-potrivit-pentru-mine-1815081#coral_thread\"><\/a><\/p>\n","protected":false},"excerpt":{"rendered":"<p>Fosta jurnalist\u0103 de televiziune Sanda Nicola deschide lista partidului pe Bucure\u015fti pentru Camera Deputa\u0163ilor, din partea partidului Rom\u00e2nia \u00een ac\u0163iune, care \u00eel sus\u0163ine pe Mircea Geoan\u0103 \u00een cursa pentru preziden\u0163iale. Intervievat\u0103 de Hotnews, Nicola a spus c\u0103 e momentul potrivit pentru ea s\u0103 fac\u0103 acest pas, dar c\u0103 \u015fansele partidului de a intra \u00een Parlament [&hellip;]<\/p>\n","protected":false},"author":1,"featured_media":102710,"comment_status":"closed","ping_status":"open","sticky":false,"template":"","format":"standard","meta":{"_acf_changed":false,"inline_featured_image":false,"ngg_post_thumbnail":0,"footnotes":""},"categories":[6994,9025,62],"tags":[16083,16084,16082],"ppma_author":[22583],"class_list":["post-102699","post","type-post","status-publish","format-standard","has-post-thumbnail","hentry","category-stiri-2","category-politic","category-stiri","tag-mircea-geoana-2","tag-romania-in-actiune","tag-sanda-nicola"],"acf":[],"yoast_head":"<!-- This site is optimized with the Yoast SEO Premium plugin v25.3 (Yoast SEO v27.4) - https:\/\/yoast.com\/product\/yoast-seo-premium-wordpress\/ -->\n<title>Fosta jurnalist\u0103 Sanda Nicola e cap de list\u0103 la parlamentare pe Bucure\u015fti, pentru partidul care \u00eel sus\u0163ine pe Mircea Geoan\u0103 - Buletin de Bucure\u0219ti<\/title>\n<meta name=\"description\" content=\"Fosta jurnalist\u0103 de televiziune Sanda Nicola deschide lista partidului pe Bucure\u015fti pentru Camera Deputa\u0163ilor, din partea Rom\u00e2nia \u00een ac\u0163iune\" \/>\n<meta name=\"robots\" content=\"index, follow, max-snippet:-1, max-image-preview:large, max-video-preview:-1\" \/>\n<link rel=\"canonical\" href=\"https:\/\/buletin.de\/bucuresti\/fosta-jurnalista-sanda-nicola-e-cap-de-lista-la-parlamentare-pe-bucuresti-pentru-partidul-care-il-sustine-pe-mircea-geoana\/\" \/>\n<meta property=\"og:locale\" content=\"en_GB\" \/>\n<meta property=\"og:type\" content=\"article\" \/>\n<meta property=\"og:title\" content=\"Fosta jurnalist\u0103 Sanda Nicola e cap de list\u0103 la parlamentare pe Bucure\u015fti, pentru partidul care \u00eel sus\u0163ine pe Mircea Geoan\u0103\" \/>\n<meta property=\"og:description\" content=\"Fosta jurnalist\u0103 de televiziune Sanda Nicola deschide lista partidului pe Bucure\u015fti pentru Camera Deputa\u0163ilor, din partea Rom\u00e2nia \u00een ac\u0163iune\" \/>\n<meta property=\"og:url\" content=\"https:\/\/buletin.de\/bucuresti\/fosta-jurnalista-sanda-nicola-e-cap-de-lista-la-parlamentare-pe-bucuresti-pentru-partidul-care-il-sustine-pe-mircea-geoana\/\" \/>\n<meta property=\"og:site_name\" content=\"Buletin de Bucure\u0219ti\" \/>\n<meta property=\"article:publisher\" content=\"https:\/\/www.facebook.com\/buletin.de.buc\" \/>\n<meta property=\"article:published_time\" content=\"2024-10-17T10:12:15+00:00\" \/>\n<meta property=\"article:modified_time\" content=\"2024-10-17T11:50:08+00:00\" \/>\n<meta property=\"og:image\" content=\"https:\/\/buletin.de\/bucuresti\/wp-content\/uploads\/sanda-nicola.jpg\" \/>\n\t<meta property=\"og:image:width\" content=\"1365\" \/>\n\t<meta property=\"og:image:height\" content=\"1365\" \/>\n\t<meta property=\"og:image:type\" content=\"image\/jpeg\" \/>\n<meta name=\"author\" content=\"Redac\u021bia Buletin de Bucure\u0219ti\" \/>\n<meta name=\"twitter:card\" content=\"summary_large_image\" \/>\n<meta name=\"twitter:label1\" content=\"Written by\" \/>\n\t<meta name=\"twitter:data1\" content=\"Redac\u021bia Buletin de Bucure\u0219ti\" \/>\n\t<meta name=\"twitter:label2\" content=\"Estimated reading time\" \/>\n\t<meta name=\"twitter:data2\" content=\"3 minutes\" \/>\n<script type=\"application\/ld+json\" class=\"yoast-schema-graph\">{\"@context\":\"https:\\\/\\\/schema.org\",\"@graph\":[{\"@type\":\"Article\",\"@id\":\"https:\\\/\\\/buletin.de\\\/bucuresti\\\/fosta-jurnalista-sanda-nicola-e-cap-de-lista-la-parlamentare-pe-bucuresti-pentru-partidul-care-il-sustine-pe-mircea-geoana\\\/#article\",\"isPartOf\":{\"@id\":\"https:\\\/\\\/buletin.de\\\/bucuresti\\\/fosta-jurnalista-sanda-nicola-e-cap-de-lista-la-parlamentare-pe-bucuresti-pentru-partidul-care-il-sustine-pe-mircea-geoana\\\/\"},\"author\":{\"name\":\"Redac\u021bia Buletin de Bucure\u0219ti\",\"@id\":\"https:\\\/\\\/buletin.de\\\/bucuresti\\\/#\\\/schema\\\/person\\\/2bbcf854e5f2419a13804af574d06ab1\"},\"headline\":\"Fosta jurnalist\u0103 Sanda Nicola e cap de list\u0103 la parlamentare pe Bucure\u015fti, pentru partidul care \u00eel sus\u0163ine pe Mircea Geoan\u0103\",\"datePublished\":\"2024-10-17T10:12:15+00:00\",\"dateModified\":\"2024-10-17T11:50:08+00:00\",\"mainEntityOfPage\":{\"@id\":\"https:\\\/\\\/buletin.de\\\/bucuresti\\\/fosta-jurnalista-sanda-nicola-e-cap-de-lista-la-parlamentare-pe-bucuresti-pentru-partidul-care-il-sustine-pe-mircea-geoana\\\/\"},\"wordCount\":478,\"publisher\":{\"@id\":\"https:\\\/\\\/buletin.de\\\/bucuresti\\\/#organization\"},\"image\":{\"@id\":\"https:\\\/\\\/buletin.de\\\/bucuresti\\\/fosta-jurnalista-sanda-nicola-e-cap-de-lista-la-parlamentare-pe-bucuresti-pentru-partidul-care-il-sustine-pe-mircea-geoana\\\/#primaryimage\"},\"thumbnailUrl\":\"https:\\\/\\\/buletin.de\\\/bucuresti\\\/wp-content\\\/uploads\\\/sanda-nicola.jpg\",\"keywords\":[\"mircea geoana\",\"romania in actiune\",\"sanda nicola\"],\"articleSection\":[\"Articole\",\"Politic\",\"\u0218tiri\"],\"inLanguage\":\"en-GB\",\"copyrightYear\":\"2024\",\"copyrightHolder\":{\"@id\":\"https:\\\/\\\/buletin.de\\\/bucuresti\\\/#organization\"}},{\"@type\":\"WebPage\",\"@id\":\"https:\\\/\\\/buletin.de\\\/bucuresti\\\/fosta-jurnalista-sanda-nicola-e-cap-de-lista-la-parlamentare-pe-bucuresti-pentru-partidul-care-il-sustine-pe-mircea-geoana\\\/\",\"url\":\"https:\\\/\\\/buletin.de\\\/bucuresti\\\/fosta-jurnalista-sanda-nicola-e-cap-de-lista-la-parlamentare-pe-bucuresti-pentru-partidul-care-il-sustine-pe-mircea-geoana\\\/\",\"name\":\"Fosta jurnalist\u0103 Sanda Nicola e cap de list\u0103 la parlamentare pe Bucure\u015fti, pentru partidul care \u00eel sus\u0163ine pe Mircea Geoan\u0103 - Buletin de Bucure\u0219ti\",\"isPartOf\":{\"@id\":\"https:\\\/\\\/buletin.de\\\/bucuresti\\\/#website\"},\"primaryImageOfPage\":{\"@id\":\"https:\\\/\\\/buletin.de\\\/bucuresti\\\/fosta-jurnalista-sanda-nicola-e-cap-de-lista-la-parlamentare-pe-bucuresti-pentru-partidul-care-il-sustine-pe-mircea-geoana\\\/#primaryimage\"},\"image\":{\"@id\":\"https:\\\/\\\/buletin.de\\\/bucuresti\\\/fosta-jurnalista-sanda-nicola-e-cap-de-lista-la-parlamentare-pe-bucuresti-pentru-partidul-care-il-sustine-pe-mircea-geoana\\\/#primaryimage\"},\"thumbnailUrl\":\"https:\\\/\\\/buletin.de\\\/bucuresti\\\/wp-content\\\/uploads\\\/sanda-nicola.jpg\",\"datePublished\":\"2024-10-17T10:12:15+00:00\",\"dateModified\":\"2024-10-17T11:50:08+00:00\",\"description\":\"Fosta jurnalist\u0103 de televiziune Sanda Nicola deschide lista partidului pe Bucure\u015fti pentru Camera Deputa\u0163ilor, din partea Rom\u00e2nia \u00een ac\u0163iune\",\"breadcrumb\":{\"@id\":\"https:\\\/\\\/buletin.de\\\/bucuresti\\\/fosta-jurnalista-sanda-nicola-e-cap-de-lista-la-parlamentare-pe-bucuresti-pentru-partidul-care-il-sustine-pe-mircea-geoana\\\/#breadcrumb\"},\"inLanguage\":\"en-GB\",\"potentialAction\":[{\"@type\":\"ReadAction\",\"target\":[\"https:\\\/\\\/buletin.de\\\/bucuresti\\\/fosta-jurnalista-sanda-nicola-e-cap-de-lista-la-parlamentare-pe-bucuresti-pentru-partidul-care-il-sustine-pe-mircea-geoana\\\/\"]}]},{\"@type\":\"ImageObject\",\"inLanguage\":\"en-GB\",\"@id\":\"https:\\\/\\\/buletin.de\\\/bucuresti\\\/fosta-jurnalista-sanda-nicola-e-cap-de-lista-la-parlamentare-pe-bucuresti-pentru-partidul-care-il-sustine-pe-mircea-geoana\\\/#primaryimage\",\"url\":\"https:\\\/\\\/buletin.de\\\/bucuresti\\\/wp-content\\\/uploads\\\/sanda-nicola.jpg\",\"contentUrl\":\"https:\\\/\\\/buletin.de\\\/bucuresti\\\/wp-content\\\/uploads\\\/sanda-nicola.jpg\",\"width\":1365,\"height\":1365,\"caption\":\"FOTO: FB \\\/ Sanda Nicola\"},{\"@type\":\"BreadcrumbList\",\"@id\":\"https:\\\/\\\/buletin.de\\\/bucuresti\\\/fosta-jurnalista-sanda-nicola-e-cap-de-lista-la-parlamentare-pe-bucuresti-pentru-partidul-care-il-sustine-pe-mircea-geoana\\\/#breadcrumb\",\"itemListElement\":[{\"@type\":\"ListItem\",\"position\":1,\"name\":\"Acas\u0103\",\"item\":\"https:\\\/\\\/buletin.de\\\/bucuresti\\\/\"},{\"@type\":\"ListItem\",\"position\":2,\"name\":\"Fosta jurnalist\u0103 Sanda Nicola e cap de list\u0103 la parlamentare pe Bucure\u015fti, pentru partidul care \u00eel sus\u0163ine pe Mircea Geoan\u0103\"}]},{\"@type\":\"WebSite\",\"@id\":\"https:\\\/\\\/buletin.de\\\/bucuresti\\\/#website\",\"url\":\"https:\\\/\\\/buletin.de\\\/bucuresti\\\/\",\"name\":\"Buletin de Bucure\u0219ti\",\"description\":\"\u0218tiri \u0219i investiga\u021bii esen\u021biale din capital\u0103\",\"publisher\":{\"@id\":\"https:\\\/\\\/buletin.de\\\/bucuresti\\\/#organization\"},\"potentialAction\":[{\"@type\":\"SearchAction\",\"target\":{\"@type\":\"EntryPoint\",\"urlTemplate\":\"https:\\\/\\\/buletin.de\\\/bucuresti\\\/?s={search_term_string}\"},\"query-input\":{\"@type\":\"PropertyValueSpecification\",\"valueRequired\":true,\"valueName\":\"search_term_string\"}}],\"inLanguage\":\"en-GB\"},{\"@type\":\"Organization\",\"@id\":\"https:\\\/\\\/buletin.de\\\/bucuresti\\\/#organization\",\"name\":\"Buletin de Bucure\u0219ti\",\"url\":\"https:\\\/\\\/buletin.de\\\/bucuresti\\\/\",\"logo\":{\"@type\":\"ImageObject\",\"inLanguage\":\"en-GB\",\"@id\":\"https:\\\/\\\/buletin.de\\\/bucuresti\\\/#\\\/schema\\\/logo\\\/image\\\/\",\"url\":\"https:\\\/\\\/buletin.de\\\/bucuresti\\\/wp-content\\\/uploads\\\/logo-bdb-full-wide-vernil-transparent.png\",\"contentUrl\":\"https:\\\/\\\/buletin.de\\\/bucuresti\\\/wp-content\\\/uploads\\\/logo-bdb-full-wide-vernil-transparent.png\",\"width\":1782,\"height\":626,\"caption\":\"Buletin de Bucure\u0219ti\"},\"image\":{\"@id\":\"https:\\\/\\\/buletin.de\\\/bucuresti\\\/#\\\/schema\\\/logo\\\/image\\\/\"},\"sameAs\":[\"https:\\\/\\\/www.facebook.com\\\/buletin.de.buc\",\"https:\\\/\\\/www.instagram.com\\\/buletinde.bucuresti\\\/\"]},{\"@type\":\"Person\",\"@id\":\"https:\\\/\\\/buletin.de\\\/bucuresti\\\/#\\\/schema\\\/person\\\/2bbcf854e5f2419a13804af574d06ab1\",\"name\":\"Redac\u021bia Buletin de Bucure\u0219ti\",\"image\":{\"@type\":\"ImageObject\",\"inLanguage\":\"en-GB\",\"@id\":\"https:\\\/\\\/secure.gravatar.com\\\/avatar\\\/18c5342381ed1a08620e6280424e3e5efc958618f5d67c522c9e44c1bc6f9226?s=96&d=monsterid&r=g60c7cd0ad92c68c049fcd4bb3504d609\",\"url\":\"https:\\\/\\\/secure.gravatar.com\\\/avatar\\\/18c5342381ed1a08620e6280424e3e5efc958618f5d67c522c9e44c1bc6f9226?s=96&d=monsterid&r=g\",\"contentUrl\":\"https:\\\/\\\/secure.gravatar.com\\\/avatar\\\/18c5342381ed1a08620e6280424e3e5efc958618f5d67c522c9e44c1bc6f9226?s=96&d=monsterid&r=g\",\"caption\":\"Redac\u021bia Buletin de Bucure\u0219ti\"},\"description\":\"Buletin de Bucure\u0219ti exist\u0103 din vara anului 2019.\",\"url\":\"https:\\\/\\\/buletin.de\\\/bucuresti\\\/author\\\/adminbuletin\\\/\"}]}<\/script>\n<!-- \/ Yoast SEO Premium plugin. -->","yoast_head_json":{"title":"Fosta jurnalist\u0103 Sanda Nicola e cap de list\u0103 la parlamentare pe Bucure\u015fti, pentru partidul care \u00eel sus\u0163ine pe Mircea Geoan\u0103 - Buletin de Bucure\u0219ti","description":"Fosta jurnalist\u0103 de televiziune Sanda Nicola deschide lista partidului pe Bucure\u015fti pentru Camera Deputa\u0163ilor, din partea Rom\u00e2nia \u00een ac\u0163iune","robots":{"index":"index","follow":"follow","max-snippet":"max-snippet:-1","max-image-preview":"max-image-preview:large","max-video-preview":"max-video-preview:-1"},"canonical":"https:\/\/buletin.de\/bucuresti\/fosta-jurnalista-sanda-nicola-e-cap-de-lista-la-parlamentare-pe-bucuresti-pentru-partidul-care-il-sustine-pe-mircea-geoana\/","og_locale":"en_GB","og_type":"article","og_title":"Fosta jurnalist\u0103 Sanda Nicola e cap de list\u0103 la parlamentare pe Bucure\u015fti, pentru partidul care \u00eel sus\u0163ine pe Mircea Geoan\u0103","og_description":"Fosta jurnalist\u0103 de televiziune Sanda Nicola deschide lista partidului pe Bucure\u015fti pentru Camera Deputa\u0163ilor, din partea Rom\u00e2nia \u00een ac\u0163iune","og_url":"https:\/\/buletin.de\/bucuresti\/fosta-jurnalista-sanda-nicola-e-cap-de-lista-la-parlamentare-pe-bucuresti-pentru-partidul-care-il-sustine-pe-mircea-geoana\/","og_site_name":"Buletin de Bucure\u0219ti","article_publisher":"https:\/\/www.facebook.com\/buletin.de.buc","article_published_time":"2024-10-17T10:12:15+00:00","article_modified_time":"2024-10-17T11:50:08+00:00","og_image":[{"width":1365,"height":1365,"url":"https:\/\/buletin.de\/bucuresti\/wp-content\/uploads\/sanda-nicola.jpg","type":"image\/jpeg"}],"author":"Redac\u021bia Buletin de Bucure\u0219ti","twitter_card":"summary_large_image","twitter_misc":{"Written by":"Redac\u021bia Buletin de Bucure\u0219ti","Estimated reading time":"3 minutes"},"schema":{"@context":"https:\/\/schema.org","@graph":[{"@type":"Article","@id":"https:\/\/buletin.de\/bucuresti\/fosta-jurnalista-sanda-nicola-e-cap-de-lista-la-parlamentare-pe-bucuresti-pentru-partidul-care-il-sustine-pe-mircea-geoana\/#article","isPartOf":{"@id":"https:\/\/buletin.de\/bucuresti\/fosta-jurnalista-sanda-nicola-e-cap-de-lista-la-parlamentare-pe-bucuresti-pentru-partidul-care-il-sustine-pe-mircea-geoana\/"},"author":{"name":"Redac\u021bia Buletin de Bucure\u0219ti","@id":"https:\/\/buletin.de\/bucuresti\/#\/schema\/person\/2bbcf854e5f2419a13804af574d06ab1"},"headline":"Fosta jurnalist\u0103 Sanda Nicola e cap de list\u0103 la parlamentare pe Bucure\u015fti, pentru partidul care \u00eel sus\u0163ine pe Mircea Geoan\u0103","datePublished":"2024-10-17T10:12:15+00:00","dateModified":"2024-10-17T11:50:08+00:00","mainEntityOfPage":{"@id":"https:\/\/buletin.de\/bucuresti\/fosta-jurnalista-sanda-nicola-e-cap-de-lista-la-parlamentare-pe-bucuresti-pentru-partidul-care-il-sustine-pe-mircea-geoana\/"},"wordCount":478,"publisher":{"@id":"https:\/\/buletin.de\/bucuresti\/#organization"},"image":{"@id":"https:\/\/buletin.de\/bucuresti\/fosta-jurnalista-sanda-nicola-e-cap-de-lista-la-parlamentare-pe-bucuresti-pentru-partidul-care-il-sustine-pe-mircea-geoana\/#primaryimage"},"thumbnailUrl":"https:\/\/buletin.de\/bucuresti\/wp-content\/uploads\/sanda-nicola.jpg","keywords":["mircea geoana","romania in actiune","sanda nicola"],"articleSection":["Articole","Politic","\u0218tiri"],"inLanguage":"en-GB","copyrightYear":"2024","copyrightHolder":{"@id":"https:\/\/buletin.de\/bucuresti\/#organization"}},{"@type":"WebPage","@id":"https:\/\/buletin.de\/bucuresti\/fosta-jurnalista-sanda-nicola-e-cap-de-lista-la-parlamentare-pe-bucuresti-pentru-partidul-care-il-sustine-pe-mircea-geoana\/","url":"https:\/\/buletin.de\/bucuresti\/fosta-jurnalista-sanda-nicola-e-cap-de-lista-la-parlamentare-pe-bucuresti-pentru-partidul-care-il-sustine-pe-mircea-geoana\/","name":"Fosta jurnalist\u0103 Sanda Nicola e cap de list\u0103 la parlamentare pe Bucure\u015fti, pentru partidul care \u00eel sus\u0163ine pe Mircea Geoan\u0103 - Buletin de Bucure\u0219ti","isPartOf":{"@id":"https:\/\/buletin.de\/bucuresti\/#website"},"primaryImageOfPage":{"@id":"https:\/\/buletin.de\/bucuresti\/fosta-jurnalista-sanda-nicola-e-cap-de-lista-la-parlamentare-pe-bucuresti-pentru-partidul-care-il-sustine-pe-mircea-geoana\/#primaryimage"},"image":{"@id":"https:\/\/buletin.de\/bucuresti\/fosta-jurnalista-sanda-nicola-e-cap-de-lista-la-parlamentare-pe-bucuresti-pentru-partidul-care-il-sustine-pe-mircea-geoana\/#primaryimage"},"thumbnailUrl":"https:\/\/buletin.de\/bucuresti\/wp-content\/uploads\/sanda-nicola.jpg","datePublished":"2024-10-17T10:12:15+00:00","dateModified":"2024-10-17T11:50:08+00:00","description":"Fosta jurnalist\u0103 de televiziune Sanda Nicola deschide lista partidului pe Bucure\u015fti pentru Camera Deputa\u0163ilor, din partea Rom\u00e2nia \u00een ac\u0163iune","breadcrumb":{"@id":"https:\/\/buletin.de\/bucuresti\/fosta-jurnalista-sanda-nicola-e-cap-de-lista-la-parlamentare-pe-bucuresti-pentru-partidul-care-il-sustine-pe-mircea-geoana\/#breadcrumb"},"inLanguage":"en-GB","potentialAction":[{"@type":"ReadAction","target":["https:\/\/buletin.de\/bucuresti\/fosta-jurnalista-sanda-nicola-e-cap-de-lista-la-parlamentare-pe-bucuresti-pentru-partidul-care-il-sustine-pe-mircea-geoana\/"]}]},{"@type":"ImageObject","inLanguage":"en-GB","@id":"https:\/\/buletin.de\/bucuresti\/fosta-jurnalista-sanda-nicola-e-cap-de-lista-la-parlamentare-pe-bucuresti-pentru-partidul-care-il-sustine-pe-mircea-geoana\/#primaryimage","url":"https:\/\/buletin.de\/bucuresti\/wp-content\/uploads\/sanda-nicola.jpg","contentUrl":"https:\/\/buletin.de\/bucuresti\/wp-content\/uploads\/sanda-nicola.jpg","width":1365,"height":1365,"caption":"FOTO: FB \/ Sanda Nicola"},{"@type":"BreadcrumbList","@id":"https:\/\/buletin.de\/bucuresti\/fosta-jurnalista-sanda-nicola-e-cap-de-lista-la-parlamentare-pe-bucuresti-pentru-partidul-care-il-sustine-pe-mircea-geoana\/#breadcrumb","itemListElement":[{"@type":"ListItem","position":1,"name":"Acas\u0103","item":"https:\/\/buletin.de\/bucuresti\/"},{"@type":"ListItem","position":2,"name":"Fosta jurnalist\u0103 Sanda Nicola e cap de list\u0103 la parlamentare pe Bucure\u015fti, pentru partidul care \u00eel sus\u0163ine pe Mircea Geoan\u0103"}]},{"@type":"WebSite","@id":"https:\/\/buletin.de\/bucuresti\/#website","url":"https:\/\/buletin.de\/bucuresti\/","name":"Buletin de Bucure\u0219ti","description":"\u0218tiri \u0219i investiga\u021bii esen\u021biale din capital\u0103","publisher":{"@id":"https:\/\/buletin.de\/bucuresti\/#organization"},"potentialAction":[{"@type":"SearchAction","target":{"@type":"EntryPoint","urlTemplate":"https:\/\/buletin.de\/bucuresti\/?s={search_term_string}"},"query-input":{"@type":"PropertyValueSpecification","valueRequired":true,"valueName":"search_term_string"}}],"inLanguage":"en-GB"},{"@type":"Organization","@id":"https:\/\/buletin.de\/bucuresti\/#organization","name":"Buletin de Bucure\u0219ti","url":"https:\/\/buletin.de\/bucuresti\/","logo":{"@type":"ImageObject","inLanguage":"en-GB","@id":"https:\/\/buletin.de\/bucuresti\/#\/schema\/logo\/image\/","url":"https:\/\/buletin.de\/bucuresti\/wp-content\/uploads\/logo-bdb-full-wide-vernil-transparent.png","contentUrl":"https:\/\/buletin.de\/bucuresti\/wp-content\/uploads\/logo-bdb-full-wide-vernil-transparent.png","width":1782,"height":626,"caption":"Buletin de Bucure\u0219ti"},"image":{"@id":"https:\/\/buletin.de\/bucuresti\/#\/schema\/logo\/image\/"},"sameAs":["https:\/\/www.facebook.com\/buletin.de.buc","https:\/\/www.instagram.com\/buletinde.bucuresti\/"]},{"@type":"Person","@id":"https:\/\/buletin.de\/bucuresti\/#\/schema\/person\/2bbcf854e5f2419a13804af574d06ab1","name":"Redac\u021bia Buletin de Bucure\u0219ti","image":{"@type":"ImageObject","inLanguage":"en-GB","@id":"https:\/\/secure.gravatar.com\/avatar\/18c5342381ed1a08620e6280424e3e5efc958618f5d67c522c9e44c1bc6f9226?s=96&d=monsterid&r=g60c7cd0ad92c68c049fcd4bb3504d609","url":"https:\/\/secure.gravatar.com\/avatar\/18c5342381ed1a08620e6280424e3e5efc958618f5d67c522c9e44c1bc6f9226?s=96&d=monsterid&r=g","contentUrl":"https:\/\/secure.gravatar.com\/avatar\/18c5342381ed1a08620e6280424e3e5efc958618f5d67c522c9e44c1bc6f9226?s=96&d=monsterid&r=g","caption":"Redac\u021bia Buletin de Bucure\u0219ti"},"description":"Buletin de Bucure\u0219ti exist\u0103 din vara anului 2019.","url":"https:\/\/buletin.de\/bucuresti\/author\/adminbuletin\/"}]}},"authors":[{"term_id":22583,"user_id":1,"is_guest":0,"slug":"adminbuletin","display_name":"Redac\u021bia Buletin de Bucure\u0219ti","avatar_url":"https:\/\/secure.gravatar.com\/avatar\/18c5342381ed1a08620e6280424e3e5efc958618f5d67c522c9e44c1bc6f9226?s=96&d=monsterid&r=g","0":null,"1":"","2":"","3":"","4":"","5":"","6":"","7":"","8":""}],"_links":{"self":[{"href":"https:\/\/buletin.de\/bucuresti\/wp-json\/wp\/v2\/posts\/102699","targetHints":{"allow":["GET"]}}],"collection":[{"href":"https:\/\/buletin.de\/bucuresti\/wp-json\/wp\/v2\/posts"}],"about":[{"href":"https:\/\/buletin.de\/bucuresti\/wp-json\/wp\/v2\/types\/post"}],"author":[{"embeddable":true,"href":"https:\/\/buletin.de\/bucuresti\/wp-json\/wp\/v2\/users\/1"}],"replies":[{"embeddable":true,"href":"https:\/\/buletin.de\/bucuresti\/wp-json\/wp\/v2\/comments?post=102699"}],"version-history":[{"count":1,"href":"https:\/\/buletin.de\/bucuresti\/wp-json\/wp\/v2\/posts\/102699\/revisions"}],"predecessor-version":[{"id":102713,"href":"https:\/\/buletin.de\/bucuresti\/wp-json\/wp\/v2\/posts\/102699\/revisions\/102713"}],"wp:featuredmedia":[{"embeddable":true,"href":"https:\/\/buletin.de\/bucuresti\/wp-json\/wp\/v2\/media\/102710"}],"wp:attachment":[{"href":"https:\/\/buletin.de\/bucuresti\/wp-json\/wp\/v2\/media?parent=102699"}],"wp:term":[{"taxonomy":"category","embeddable":true,"href":"https:\/\/buletin.de\/bucuresti\/wp-json\/wp\/v2\/categories?post=102699"},{"taxonomy":"post_tag","embeddable":true,"href":"https:\/\/buletin.de\/bucuresti\/wp-json\/wp\/v2\/tags?post=102699"},{"taxonomy":"author","embeddable":true,"href":"https:\/\/buletin.de\/bucuresti\/wp-json\/wp\/v2\/ppma_author?post=102699"}],"curies":[{"name":"wp","href":"https:\/\/api.w.org\/{rel}","templated":true}]}}