{"id":102688,"date":"2024-10-17T12:58:07","date_gmt":"2024-10-17T09:58:07","guid":{"rendered":"https:\/\/buletin.de\/bucuresti\/?p=102688"},"modified":"2024-10-17T12:58:07","modified_gmt":"2024-10-17T09:58:07","slug":"un-teren-viran-din-sectorul-4-ar-putea-fi-transfomat-in-parc-sau-padure-urbana-solicitarea-pmb-catre-guvern","status":"publish","type":"post","link":"https:\/\/buletin.de\/bucuresti\/un-teren-viran-din-sectorul-4-ar-putea-fi-transfomat-in-parc-sau-padure-urbana-solicitarea-pmb-catre-guvern\/","title":{"rendered":"Un teren viran din Sectorul 4 ar putea fi transfomat \u00een parc sau p\u0103dure urban\u0103. Solicitarea PMB c\u0103tre Guvern"},"content":{"rendered":"\n<p><strong>Un teren viran de aproape 6 hectare din Sectorul 4 ar putea fi transformat \u00een parc sau p\u0103dure urban\u0103, potrivit unui<a href=\"https:\/\/doc.pmb.ro\/consiliu\/sedinte\/538\/oz\/12338.pdf\"> proiect de hot\u0103r\u00e2re <\/a>aflat pe masa Consiliului General al Municipiului Bucure\u0219ti (CGMB).<\/strong><\/p>\n\n\n\n<p>Reuni\u021bi \u00een \u0219edin\u021ba de luni, 21 octombrie, consilierii generali vor decide dac\u0103 solicit\u0103 Guvernului transmiterea terenului de 58.636 metri p\u0103tra\u021bi din domeniul public al statului \u00een domeniul public al Municipiului Bucure\u0219ti, \u00een vederea realiz\u0103rii unui parc sau a unei p\u0103duri urbane\/ de agrement.<\/p>\n\n\n\n<p>Terenul este situat pe \u0218oseaua Vitan B\u00e2rze\u0219ti nr. 20A din Sectorul 4 al Capitalei. Acesta are o valoare de inventar de 21,2 milioane lei, conform raportului de evaluare \u00eentocmit de Asocierea MAPPS Master Appraisal-Business Evaluation.<\/p>\n\n\n\n<figure class=\"wp-block-image\"><img fetchpriority=\"high\" decoding=\"async\" width=\"816\" height=\"585\" src=\"data:image\/gif;base64,R0lGODlhAQABAAAAACH5BAEKAAEALAAAAAABAAEAAAICTAEAOw==\" data-src=\"https:\/\/buletin.de\/bucuresti\/wp-content\/uploads\/image_2024-10-17_103726220.png\" alt=\"\" class=\"wp-image-102695 lazyload\" data-sizes=\"auto\" data-srcset=\"https:\/\/buletin.de\/bucuresti\/wp-content\/uploads\/image_2024-10-17_103726220.png 816w, https:\/\/buletin.de\/bucuresti\/wp-content\/uploads\/image_2024-10-17_103726220-300x215.png 300w, https:\/\/buletin.de\/bucuresti\/wp-content\/uploads\/image_2024-10-17_103726220-768x551.png 768w, https:\/\/buletin.de\/bucuresti\/wp-content\/uploads\/image_2024-10-17_103726220-600x430.png 600w, https:\/\/buletin.de\/bucuresti\/wp-content\/uploads\/image_2024-10-17_103726220-20x14.png 20w\" sizes=\"(max-width: 816px) 100vw, 816px\" \/><figcaption class=\"wp-element-caption\">Terenul viran ce ar putea fi transformat \u00een parc sau p\u0103dure urban\u0103. Foto: Captur\u0103 de ecran\/ carte funciar\u0103<\/figcaption><\/figure>\n\n\n\n<h2 class=\"wp-block-heading\" id=\"h-un-teren-viran-ar-putea-fi-transformat-in-parc-istoria-parcelei\">Un teren viran ar putea fi transformat \u00een parc. Istoria parcelei<\/h2>\n\n\n\n<p>Parcela de aproape 6 hectare face parte din imobilul-teren de 71.220 mp din \u015foseaua Olteni\u0163ei nr. 210. Acesta a trecut, \u00een anul 2000, din administrarea Ministerului Ap\u0103r\u0103rii \u00een administrarea CGMB, \u00een vederea construirii de locuin\u0163e prin ANL.<\/p>\n\n\n\n<p>Pe dou\u0103 hectare s-a realizat un proiect ANL, astfel \u00eenc\u00e2t peste cinci hectare au r\u0103mas disponibile.<\/p>\n\n\n\n<p>Ulterior, \u00een 2018, destina\u021bia terenului a fost schimbat\u0103. Aici ar fi trebuit construit Centrul de Excelen\u021b\u0103 \u00een Terapie Oncologic\u0103 prin Pronoterapie.<\/p>\n\n\n\n<p> \u00cen 2023, Administra\u021bia Spitalelor \u0219i Serviciilor Medicale Bucuresti (ASSMB) a solicitat ini\u021bierea unui proiect de hot\u0103r\u00e2re prin care renun\u021b\u0103 la construirea centrului de terapie oncologic\u0103 pe terenul de pe \u0218oseaua Vitan B\u00e2rze\u0219ti.<\/p>\n\n\n\n<p>Cele 5,8 hectare se \u00eencadreaz\u0103, conform Planului Urbanistic General, \u00een urm\u0103toarele zone: V3b \u2013 complex \u015fi baze sportive (aproximativ 3,9 hectare), V1A \u2013 parcuri, gr\u0103dini, scuaruri \u015fi f\u00e2\u015fii plantate publice (1,5 hectare), S1 \u2013 subzone cu destina\u0163ia special\u0103 cu caracter urban (0,3 hectare), L3a \u2013 subzone locuin\u0163e colective medii (0,18 hectare).<\/p>\n\n\n\n<figure class=\"wp-block-image size-full is-resized\"><img decoding=\"async\" width=\"853\" height=\"603\" src=\"data:image\/gif;base64,R0lGODlhAQABAAAAACH5BAEKAAEALAAAAAABAAEAAAICTAEAOw==\" data-src=\"https:\/\/buletin.de\/bucuresti\/wp-content\/uploads\/image_2024-10-17_112717442.png\" alt=\"\" class=\"wp-image-102700 lazyload\" style=\"width:843px;height:auto\" data-sizes=\"auto\" data-srcset=\"https:\/\/buletin.de\/bucuresti\/wp-content\/uploads\/image_2024-10-17_112717442.png 853w, https:\/\/buletin.de\/bucuresti\/wp-content\/uploads\/image_2024-10-17_112717442-300x212.png 300w, https:\/\/buletin.de\/bucuresti\/wp-content\/uploads\/image_2024-10-17_112717442-768x543.png 768w, https:\/\/buletin.de\/bucuresti\/wp-content\/uploads\/image_2024-10-17_112717442-600x424.png 600w, https:\/\/buletin.de\/bucuresti\/wp-content\/uploads\/image_2024-10-17_112717442-20x14.png 20w\" sizes=\"(max-width: 853px) 100vw, 853px\" \/><figcaption class=\"wp-element-caption\">Reglement\u0103rile urbanistice pentru terenul care ar putea fi transformat \u00een parc. Foto: Captur\u0103 din proiect<\/figcaption><\/figure>\n\n\n\n<p>\u00cen acest context, Prim\u0103ria Capitalei propune amenajarea unui parc sau a unei p\u0103duri urbane\/ de agrement pe terenul de aproape \u0219ase hectare. Dac\u0103 proiectul va trece de votul consilierilor generali, va urma decizia Guvernului.<\/p>\n\n\n\n<p>Documentul consultat de Buletin de Bucure\u0219ti aminte\u0219te c\u0103 suprafa\u021ba de spa\u021biu verde pe locuitor este de doar 23, 21 metri p\u0103tra\u021bi, potrivit rezultatelor inventarierii spa\u021biilor verzi publice din Capital\u0103, realizat\u0103 \u00een anul 2011. <\/p>\n\n\n\n<p>Date mai recente nu exist\u0103, \u00eentruc\u00e2t municipalitatea nu are un Registru Verde func\u021bional, de\u0219i toate localit\u0103\u021bile din Rom\u00e2nia sunt obligate, prin lege, sa aib\u0103 un cadastru verde prin care prim\u0103riile pot s\u0103 urm\u0103reasc\u0103 evolu\u021bia arborilor de pe teritoriul lor.<\/p>\n\n\n\n<p><strong>CITE\u0218TE \u0218I: <\/strong><\/p>\n\n\n\n<p><a href=\"https:\/\/buletin.de\/bucuresti\/marea-mutilare-a-arborilor-din-bucuresti-iii-banca-de-date-urbane-a-capitalei-care-include-si-registrul-verde-a-ramas-fara-mentenanta\/\"><strong>Marea Mutilare a Arborilor din Bucure\u0219ti (III) | Banca de Date Urbane a Capitalei, care include \u0219i Registrul Verde, a r\u0103mas f\u0103r\u0103 mentenan\u021b\u0103<\/strong><\/a><\/p>\n\n\n\n<p><a href=\"https:\/\/buletin.de\/bucuresti\/marea-mutilare-a-arborilor-din-bucuresti-ii-milioane-de-euro-cheltuite-pentru-un-registru-verde-incomplet\/\"><strong>Marea Mutilare a Arborilor din Bucure\u0219ti (II) | Milioane de euro, cheltuite pentru un Registru Verde incomplet<\/strong><\/a><\/p>\n\n\n\n<p><a href=\"https:\/\/buletin.de\/bucuresti\/marea-mutilare-a-arborilor-din-bucuresti-i-pierdem-5-000-de-arbori-in-fiecare-an-iar-copacii-din-jurul-blocurilor-vor-disparea\/\"><strong>Marea Mutilare a Arborilor din Bucure\u0219ti (I) | Pierdem 5.000 de arbori \u00een fiecare an, iar copacii din jurul blocurilor vor disp\u0103rea<\/strong><\/a><\/p>\n","protected":false},"excerpt":{"rendered":"<p>Un teren viran de aproape 6 hectare din Sectorul 4 ar putea fi transformat \u00een parc sau p\u0103dure urban\u0103, potrivit unui proiect de hot\u0103r\u00e2re aflat pe masa Consiliului General al Municipiului Bucure\u0219ti (CGMB). Reuni\u021bi \u00een \u0219edin\u021ba de luni, 21 octombrie, consilierii generali vor decide dac\u0103 solicit\u0103 Guvernului transmiterea terenului de 58.636 metri p\u0103tra\u021bi din domeniul [&hellip;]<\/p>\n","protected":false},"author":55,"featured_media":102703,"comment_status":"closed","ping_status":"open","sticky":false,"template":"","format":"standard","meta":{"_acf_changed":false,"inline_featured_image":false,"ngg_post_thumbnail":0,"footnotes":""},"categories":[6994,5762,109,24],"tags":[16081,16080,16076,16079,765,16078,12022,16077],"ppma_author":[22573],"class_list":["post-102688","post","type-post","status-publish","format-standard","has-post-thumbnail","hentry","category-stiri-2","category-main","category-mediu","category-primarie","tag-padure-de-agrement","tag-padure-urbana","tag-parc-bucuresti","tag-registru-verde","tag-sector-4","tag-soseaua-vitan-barzesti","tag-spatii-verzi-bucuresti-2","tag-teren-viran-transformat-in-parc"],"acf":[],"yoast_head":"<!-- This site is optimized with the Yoast SEO Premium plugin v25.3 (Yoast SEO v27.4) - https:\/\/yoast.com\/product\/yoast-seo-premium-wordpress\/ -->\n<title>Un teren viran din Sectorul 4 ar putea fi transfomat \u00een parc sau p\u0103dure urban\u0103. Solicitarea PMB c\u0103tre Guvern - Buletin de Bucure\u0219ti<\/title>\n<meta name=\"description\" content=\"Un teren viran de aproape 6 hectare din Sectorul 4 ar putea fi transformat \u00een parc sau p\u0103dure urban\u0103, potrivit unui proiect de hot\u0103r\u00e2re.\" \/>\n<meta name=\"robots\" content=\"index, follow, max-snippet:-1, max-image-preview:large, max-video-preview:-1\" \/>\n<link rel=\"canonical\" href=\"https:\/\/buletin.de\/bucuresti\/un-teren-viran-din-sectorul-4-ar-putea-fi-transfomat-in-parc-sau-padure-urbana-solicitarea-pmb-catre-guvern\/\" \/>\n<meta property=\"og:locale\" content=\"en_GB\" \/>\n<meta property=\"og:type\" content=\"article\" \/>\n<meta property=\"og:title\" content=\"Un teren viran din Sectorul 4 ar putea fi transfomat \u00een parc sau p\u0103dure urban\u0103. Solicitarea PMB c\u0103tre Guvern\" \/>\n<meta property=\"og:description\" content=\"Un teren viran de aproape 6 hectare din Sectorul 4 ar putea fi transformat \u00een parc sau p\u0103dure urban\u0103, potrivit unui proiect de hot\u0103r\u00e2re.\" \/>\n<meta property=\"og:url\" content=\"https:\/\/buletin.de\/bucuresti\/un-teren-viran-din-sectorul-4-ar-putea-fi-transfomat-in-parc-sau-padure-urbana-solicitarea-pmb-catre-guvern\/\" \/>\n<meta property=\"og:site_name\" content=\"Buletin de Bucure\u0219ti\" \/>\n<meta property=\"article:publisher\" content=\"https:\/\/www.facebook.com\/buletin.de.buc\" \/>\n<meta property=\"article:published_time\" content=\"2024-10-17T09:58:07+00:00\" \/>\n<meta property=\"og:image\" content=\"https:\/\/buletin.de\/bucuresti\/wp-content\/uploads\/WhatsApp-Image-2024-10-17-at-10.10.49_93be41d1.jpg\" \/>\n\t<meta property=\"og:image:width\" content=\"1454\" \/>\n\t<meta property=\"og:image:height\" content=\"577\" \/>\n\t<meta property=\"og:image:type\" content=\"image\/jpeg\" \/>\n<meta name=\"author\" content=\"Andreea Tudor\" \/>\n<meta name=\"twitter:card\" content=\"summary_large_image\" \/>\n<meta name=\"twitter:label1\" content=\"Written by\" \/>\n\t<meta name=\"twitter:data1\" content=\"Andreea Tudor\" \/>\n\t<meta name=\"twitter:label2\" content=\"Estimated reading time\" \/>\n\t<meta name=\"twitter:data2\" content=\"3 minutes\" \/>\n<script type=\"application\/ld+json\" class=\"yoast-schema-graph\">{\"@context\":\"https:\\\/\\\/schema.org\",\"@graph\":[{\"@type\":\"Article\",\"@id\":\"https:\\\/\\\/buletin.de\\\/bucuresti\\\/un-teren-viran-din-sectorul-4-ar-putea-fi-transfomat-in-parc-sau-padure-urbana-solicitarea-pmb-catre-guvern\\\/#article\",\"isPartOf\":{\"@id\":\"https:\\\/\\\/buletin.de\\\/bucuresti\\\/un-teren-viran-din-sectorul-4-ar-putea-fi-transfomat-in-parc-sau-padure-urbana-solicitarea-pmb-catre-guvern\\\/\"},\"author\":{\"name\":\"Andreea Tudor\",\"@id\":\"https:\\\/\\\/buletin.de\\\/bucuresti\\\/#\\\/schema\\\/person\\\/150590659efde715459d159da012f501\"},\"headline\":\"Un teren viran din Sectorul 4 ar putea fi transfomat \u00een parc sau p\u0103dure urban\u0103. Solicitarea PMB c\u0103tre Guvern\",\"datePublished\":\"2024-10-17T09:58:07+00:00\",\"mainEntityOfPage\":{\"@id\":\"https:\\\/\\\/buletin.de\\\/bucuresti\\\/un-teren-viran-din-sectorul-4-ar-putea-fi-transfomat-in-parc-sau-padure-urbana-solicitarea-pmb-catre-guvern\\\/\"},\"wordCount\":534,\"publisher\":{\"@id\":\"https:\\\/\\\/buletin.de\\\/bucuresti\\\/#organization\"},\"image\":{\"@id\":\"https:\\\/\\\/buletin.de\\\/bucuresti\\\/un-teren-viran-din-sectorul-4-ar-putea-fi-transfomat-in-parc-sau-padure-urbana-solicitarea-pmb-catre-guvern\\\/#primaryimage\"},\"thumbnailUrl\":\"https:\\\/\\\/buletin.de\\\/bucuresti\\\/wp-content\\\/uploads\\\/WhatsApp-Image-2024-10-17-at-10.10.49_93be41d1.jpg\",\"keywords\":[\"padure de agrement\",\"padure urbana\",\"parc bucuresti\",\"registru verde\",\"Sector 4\",\"soseaua vitan-barzesti\",\"spatii verzi bucuresti\",\"teren viran transformat in parc\"],\"articleSection\":[\"Articole\",\"Main\",\"Mediu\",\"Prim\u0103rie\"],\"inLanguage\":\"en-GB\",\"copyrightYear\":\"2024\",\"copyrightHolder\":{\"@id\":\"https:\\\/\\\/buletin.de\\\/bucuresti\\\/#organization\"}},{\"@type\":\"WebPage\",\"@id\":\"https:\\\/\\\/buletin.de\\\/bucuresti\\\/un-teren-viran-din-sectorul-4-ar-putea-fi-transfomat-in-parc-sau-padure-urbana-solicitarea-pmb-catre-guvern\\\/\",\"url\":\"https:\\\/\\\/buletin.de\\\/bucuresti\\\/un-teren-viran-din-sectorul-4-ar-putea-fi-transfomat-in-parc-sau-padure-urbana-solicitarea-pmb-catre-guvern\\\/\",\"name\":\"Un teren viran din Sectorul 4 ar putea fi transfomat \u00een parc sau p\u0103dure urban\u0103. Solicitarea PMB c\u0103tre Guvern - Buletin de Bucure\u0219ti\",\"isPartOf\":{\"@id\":\"https:\\\/\\\/buletin.de\\\/bucuresti\\\/#website\"},\"primaryImageOfPage\":{\"@id\":\"https:\\\/\\\/buletin.de\\\/bucuresti\\\/un-teren-viran-din-sectorul-4-ar-putea-fi-transfomat-in-parc-sau-padure-urbana-solicitarea-pmb-catre-guvern\\\/#primaryimage\"},\"image\":{\"@id\":\"https:\\\/\\\/buletin.de\\\/bucuresti\\\/un-teren-viran-din-sectorul-4-ar-putea-fi-transfomat-in-parc-sau-padure-urbana-solicitarea-pmb-catre-guvern\\\/#primaryimage\"},\"thumbnailUrl\":\"https:\\\/\\\/buletin.de\\\/bucuresti\\\/wp-content\\\/uploads\\\/WhatsApp-Image-2024-10-17-at-10.10.49_93be41d1.jpg\",\"datePublished\":\"2024-10-17T09:58:07+00:00\",\"description\":\"Un teren viran de aproape 6 hectare din Sectorul 4 ar putea fi transformat \u00een parc sau p\u0103dure urban\u0103, potrivit unui proiect de hot\u0103r\u00e2re.\",\"breadcrumb\":{\"@id\":\"https:\\\/\\\/buletin.de\\\/bucuresti\\\/un-teren-viran-din-sectorul-4-ar-putea-fi-transfomat-in-parc-sau-padure-urbana-solicitarea-pmb-catre-guvern\\\/#breadcrumb\"},\"inLanguage\":\"en-GB\",\"potentialAction\":[{\"@type\":\"ReadAction\",\"target\":[\"https:\\\/\\\/buletin.de\\\/bucuresti\\\/un-teren-viran-din-sectorul-4-ar-putea-fi-transfomat-in-parc-sau-padure-urbana-solicitarea-pmb-catre-guvern\\\/\"]}]},{\"@type\":\"ImageObject\",\"inLanguage\":\"en-GB\",\"@id\":\"https:\\\/\\\/buletin.de\\\/bucuresti\\\/un-teren-viran-din-sectorul-4-ar-putea-fi-transfomat-in-parc-sau-padure-urbana-solicitarea-pmb-catre-guvern\\\/#primaryimage\",\"url\":\"https:\\\/\\\/buletin.de\\\/bucuresti\\\/wp-content\\\/uploads\\\/WhatsApp-Image-2024-10-17-at-10.10.49_93be41d1.jpg\",\"contentUrl\":\"https:\\\/\\\/buletin.de\\\/bucuresti\\\/wp-content\\\/uploads\\\/WhatsApp-Image-2024-10-17-at-10.10.49_93be41d1.jpg\",\"width\":1454,\"height\":577,\"caption\":\"Un teren viran din Sectorul 4 ar putea fi transfomat \u00een parc sau p\u0103dure urban\u0103. Foto: Google Maps\"},{\"@type\":\"BreadcrumbList\",\"@id\":\"https:\\\/\\\/buletin.de\\\/bucuresti\\\/un-teren-viran-din-sectorul-4-ar-putea-fi-transfomat-in-parc-sau-padure-urbana-solicitarea-pmb-catre-guvern\\\/#breadcrumb\",\"itemListElement\":[{\"@type\":\"ListItem\",\"position\":1,\"name\":\"Acas\u0103\",\"item\":\"https:\\\/\\\/buletin.de\\\/bucuresti\\\/\"},{\"@type\":\"ListItem\",\"position\":2,\"name\":\"Un teren viran din Sectorul 4 ar putea fi transfomat \u00een parc sau p\u0103dure urban\u0103. Solicitarea PMB c\u0103tre Guvern\"}]},{\"@type\":\"WebSite\",\"@id\":\"https:\\\/\\\/buletin.de\\\/bucuresti\\\/#website\",\"url\":\"https:\\\/\\\/buletin.de\\\/bucuresti\\\/\",\"name\":\"Buletin de Bucure\u0219ti\",\"description\":\"\u0218tiri \u0219i investiga\u021bii esen\u021biale din capital\u0103\",\"publisher\":{\"@id\":\"https:\\\/\\\/buletin.de\\\/bucuresti\\\/#organization\"},\"potentialAction\":[{\"@type\":\"SearchAction\",\"target\":{\"@type\":\"EntryPoint\",\"urlTemplate\":\"https:\\\/\\\/buletin.de\\\/bucuresti\\\/?s={search_term_string}\"},\"query-input\":{\"@type\":\"PropertyValueSpecification\",\"valueRequired\":true,\"valueName\":\"search_term_string\"}}],\"inLanguage\":\"en-GB\"},{\"@type\":\"Organization\",\"@id\":\"https:\\\/\\\/buletin.de\\\/bucuresti\\\/#organization\",\"name\":\"Buletin de Bucure\u0219ti\",\"url\":\"https:\\\/\\\/buletin.de\\\/bucuresti\\\/\",\"logo\":{\"@type\":\"ImageObject\",\"inLanguage\":\"en-GB\",\"@id\":\"https:\\\/\\\/buletin.de\\\/bucuresti\\\/#\\\/schema\\\/logo\\\/image\\\/\",\"url\":\"https:\\\/\\\/buletin.de\\\/bucuresti\\\/wp-content\\\/uploads\\\/logo-bdb-full-wide-vernil-transparent.png\",\"contentUrl\":\"https:\\\/\\\/buletin.de\\\/bucuresti\\\/wp-content\\\/uploads\\\/logo-bdb-full-wide-vernil-transparent.png\",\"width\":1782,\"height\":626,\"caption\":\"Buletin de Bucure\u0219ti\"},\"image\":{\"@id\":\"https:\\\/\\\/buletin.de\\\/bucuresti\\\/#\\\/schema\\\/logo\\\/image\\\/\"},\"sameAs\":[\"https:\\\/\\\/www.facebook.com\\\/buletin.de.buc\",\"https:\\\/\\\/www.instagram.com\\\/buletinde.bucuresti\\\/\"]},{\"@type\":\"Person\",\"@id\":\"https:\\\/\\\/buletin.de\\\/bucuresti\\\/#\\\/schema\\\/person\\\/150590659efde715459d159da012f501\",\"name\":\"Andreea Tudor\",\"image\":{\"@type\":\"ImageObject\",\"inLanguage\":\"en-GB\",\"@id\":\"https:\\\/\\\/secure.gravatar.com\\\/avatar\\\/a88705a186ab0b67f3349bcbced506c09e37256fbaad0e7f3bd1a79b4599f589?s=96&d=monsterid&r=g79290610aa1a65c2b86eebc2ca5aee8f\",\"url\":\"https:\\\/\\\/secure.gravatar.com\\\/avatar\\\/a88705a186ab0b67f3349bcbced506c09e37256fbaad0e7f3bd1a79b4599f589?s=96&d=monsterid&r=g\",\"contentUrl\":\"https:\\\/\\\/secure.gravatar.com\\\/avatar\\\/a88705a186ab0b67f3349bcbced506c09e37256fbaad0e7f3bd1a79b4599f589?s=96&d=monsterid&r=g\",\"caption\":\"Andreea Tudor\"},\"description\":\"N\u0103scut\u0103 \u0219i crescut\u0103 \u00een Bucure\u0219ti, sus\u021bin\u0103toare a presei independente. A\u0219a am ajuns redactor la Buletin de Bucure\u0219ti. Fiind eu, \u00eens\u0103mi, parte a sistemului de \u00eenv\u0103\u021b\u0103m\u00e2nt rom\u00e2nesc \u0219i pasionat\u0103 de domeniul social, pun sub lup\u0103 tot ceea ce se \u00eent\u00e2mpl\u0103 \u00een sfera educa\u021biei. Cred cu t\u0103rie c\u0103 presa \u201epentru cet\u0103\u021beni\u201d este presa independent\u0103. Oamenii au nevoie de o informare corect\u0103 pentru a \u00een\u021belege pe deplin ce se \u00eent\u00e2mpl\u0103 \u00een jurul lor \u0219i pentru a lua ac\u021biune \u00eempotriva nedrept\u0103\u021bilor.\",\"url\":\"https:\\\/\\\/buletin.de\\\/bucuresti\\\/author\\\/andreeatudor\\\/\"}]}<\/script>\n<!-- \/ Yoast SEO Premium plugin. -->","yoast_head_json":{"title":"Un teren viran din Sectorul 4 ar putea fi transfomat \u00een parc sau p\u0103dure urban\u0103. Solicitarea PMB c\u0103tre Guvern - Buletin de Bucure\u0219ti","description":"Un teren viran de aproape 6 hectare din Sectorul 4 ar putea fi transformat \u00een parc sau p\u0103dure urban\u0103, potrivit unui proiect de hot\u0103r\u00e2re.","robots":{"index":"index","follow":"follow","max-snippet":"max-snippet:-1","max-image-preview":"max-image-preview:large","max-video-preview":"max-video-preview:-1"},"canonical":"https:\/\/buletin.de\/bucuresti\/un-teren-viran-din-sectorul-4-ar-putea-fi-transfomat-in-parc-sau-padure-urbana-solicitarea-pmb-catre-guvern\/","og_locale":"en_GB","og_type":"article","og_title":"Un teren viran din Sectorul 4 ar putea fi transfomat \u00een parc sau p\u0103dure urban\u0103. Solicitarea PMB c\u0103tre Guvern","og_description":"Un teren viran de aproape 6 hectare din Sectorul 4 ar putea fi transformat \u00een parc sau p\u0103dure urban\u0103, potrivit unui proiect de hot\u0103r\u00e2re.","og_url":"https:\/\/buletin.de\/bucuresti\/un-teren-viran-din-sectorul-4-ar-putea-fi-transfomat-in-parc-sau-padure-urbana-solicitarea-pmb-catre-guvern\/","og_site_name":"Buletin de Bucure\u0219ti","article_publisher":"https:\/\/www.facebook.com\/buletin.de.buc","article_published_time":"2024-10-17T09:58:07+00:00","og_image":[{"width":1454,"height":577,"url":"https:\/\/buletin.de\/bucuresti\/wp-content\/uploads\/WhatsApp-Image-2024-10-17-at-10.10.49_93be41d1.jpg","type":"image\/jpeg"}],"author":"Andreea Tudor","twitter_card":"summary_large_image","twitter_misc":{"Written by":"Andreea Tudor","Estimated reading time":"3 minutes"},"schema":{"@context":"https:\/\/schema.org","@graph":[{"@type":"Article","@id":"https:\/\/buletin.de\/bucuresti\/un-teren-viran-din-sectorul-4-ar-putea-fi-transfomat-in-parc-sau-padure-urbana-solicitarea-pmb-catre-guvern\/#article","isPartOf":{"@id":"https:\/\/buletin.de\/bucuresti\/un-teren-viran-din-sectorul-4-ar-putea-fi-transfomat-in-parc-sau-padure-urbana-solicitarea-pmb-catre-guvern\/"},"author":{"name":"Andreea Tudor","@id":"https:\/\/buletin.de\/bucuresti\/#\/schema\/person\/150590659efde715459d159da012f501"},"headline":"Un teren viran din Sectorul 4 ar putea fi transfomat \u00een parc sau p\u0103dure urban\u0103. Solicitarea PMB c\u0103tre Guvern","datePublished":"2024-10-17T09:58:07+00:00","mainEntityOfPage":{"@id":"https:\/\/buletin.de\/bucuresti\/un-teren-viran-din-sectorul-4-ar-putea-fi-transfomat-in-parc-sau-padure-urbana-solicitarea-pmb-catre-guvern\/"},"wordCount":534,"publisher":{"@id":"https:\/\/buletin.de\/bucuresti\/#organization"},"image":{"@id":"https:\/\/buletin.de\/bucuresti\/un-teren-viran-din-sectorul-4-ar-putea-fi-transfomat-in-parc-sau-padure-urbana-solicitarea-pmb-catre-guvern\/#primaryimage"},"thumbnailUrl":"https:\/\/buletin.de\/bucuresti\/wp-content\/uploads\/WhatsApp-Image-2024-10-17-at-10.10.49_93be41d1.jpg","keywords":["padure de agrement","padure urbana","parc bucuresti","registru verde","Sector 4","soseaua vitan-barzesti","spatii verzi bucuresti","teren viran transformat in parc"],"articleSection":["Articole","Main","Mediu","Prim\u0103rie"],"inLanguage":"en-GB","copyrightYear":"2024","copyrightHolder":{"@id":"https:\/\/buletin.de\/bucuresti\/#organization"}},{"@type":"WebPage","@id":"https:\/\/buletin.de\/bucuresti\/un-teren-viran-din-sectorul-4-ar-putea-fi-transfomat-in-parc-sau-padure-urbana-solicitarea-pmb-catre-guvern\/","url":"https:\/\/buletin.de\/bucuresti\/un-teren-viran-din-sectorul-4-ar-putea-fi-transfomat-in-parc-sau-padure-urbana-solicitarea-pmb-catre-guvern\/","name":"Un teren viran din Sectorul 4 ar putea fi transfomat \u00een parc sau p\u0103dure urban\u0103. Solicitarea PMB c\u0103tre Guvern - Buletin de Bucure\u0219ti","isPartOf":{"@id":"https:\/\/buletin.de\/bucuresti\/#website"},"primaryImageOfPage":{"@id":"https:\/\/buletin.de\/bucuresti\/un-teren-viran-din-sectorul-4-ar-putea-fi-transfomat-in-parc-sau-padure-urbana-solicitarea-pmb-catre-guvern\/#primaryimage"},"image":{"@id":"https:\/\/buletin.de\/bucuresti\/un-teren-viran-din-sectorul-4-ar-putea-fi-transfomat-in-parc-sau-padure-urbana-solicitarea-pmb-catre-guvern\/#primaryimage"},"thumbnailUrl":"https:\/\/buletin.de\/bucuresti\/wp-content\/uploads\/WhatsApp-Image-2024-10-17-at-10.10.49_93be41d1.jpg","datePublished":"2024-10-17T09:58:07+00:00","description":"Un teren viran de aproape 6 hectare din Sectorul 4 ar putea fi transformat \u00een parc sau p\u0103dure urban\u0103, potrivit unui proiect de hot\u0103r\u00e2re.","breadcrumb":{"@id":"https:\/\/buletin.de\/bucuresti\/un-teren-viran-din-sectorul-4-ar-putea-fi-transfomat-in-parc-sau-padure-urbana-solicitarea-pmb-catre-guvern\/#breadcrumb"},"inLanguage":"en-GB","potentialAction":[{"@type":"ReadAction","target":["https:\/\/buletin.de\/bucuresti\/un-teren-viran-din-sectorul-4-ar-putea-fi-transfomat-in-parc-sau-padure-urbana-solicitarea-pmb-catre-guvern\/"]}]},{"@type":"ImageObject","inLanguage":"en-GB","@id":"https:\/\/buletin.de\/bucuresti\/un-teren-viran-din-sectorul-4-ar-putea-fi-transfomat-in-parc-sau-padure-urbana-solicitarea-pmb-catre-guvern\/#primaryimage","url":"https:\/\/buletin.de\/bucuresti\/wp-content\/uploads\/WhatsApp-Image-2024-10-17-at-10.10.49_93be41d1.jpg","contentUrl":"https:\/\/buletin.de\/bucuresti\/wp-content\/uploads\/WhatsApp-Image-2024-10-17-at-10.10.49_93be41d1.jpg","width":1454,"height":577,"caption":"Un teren viran din Sectorul 4 ar putea fi transfomat \u00een parc sau p\u0103dure urban\u0103. Foto: Google Maps"},{"@type":"BreadcrumbList","@id":"https:\/\/buletin.de\/bucuresti\/un-teren-viran-din-sectorul-4-ar-putea-fi-transfomat-in-parc-sau-padure-urbana-solicitarea-pmb-catre-guvern\/#breadcrumb","itemListElement":[{"@type":"ListItem","position":1,"name":"Acas\u0103","item":"https:\/\/buletin.de\/bucuresti\/"},{"@type":"ListItem","position":2,"name":"Un teren viran din Sectorul 4 ar putea fi transfomat \u00een parc sau p\u0103dure urban\u0103. Solicitarea PMB c\u0103tre Guvern"}]},{"@type":"WebSite","@id":"https:\/\/buletin.de\/bucuresti\/#website","url":"https:\/\/buletin.de\/bucuresti\/","name":"Buletin de Bucure\u0219ti","description":"\u0218tiri \u0219i investiga\u021bii esen\u021biale din capital\u0103","publisher":{"@id":"https:\/\/buletin.de\/bucuresti\/#organization"},"potentialAction":[{"@type":"SearchAction","target":{"@type":"EntryPoint","urlTemplate":"https:\/\/buletin.de\/bucuresti\/?s={search_term_string}"},"query-input":{"@type":"PropertyValueSpecification","valueRequired":true,"valueName":"search_term_string"}}],"inLanguage":"en-GB"},{"@type":"Organization","@id":"https:\/\/buletin.de\/bucuresti\/#organization","name":"Buletin de Bucure\u0219ti","url":"https:\/\/buletin.de\/bucuresti\/","logo":{"@type":"ImageObject","inLanguage":"en-GB","@id":"https:\/\/buletin.de\/bucuresti\/#\/schema\/logo\/image\/","url":"https:\/\/buletin.de\/bucuresti\/wp-content\/uploads\/logo-bdb-full-wide-vernil-transparent.png","contentUrl":"https:\/\/buletin.de\/bucuresti\/wp-content\/uploads\/logo-bdb-full-wide-vernil-transparent.png","width":1782,"height":626,"caption":"Buletin de Bucure\u0219ti"},"image":{"@id":"https:\/\/buletin.de\/bucuresti\/#\/schema\/logo\/image\/"},"sameAs":["https:\/\/www.facebook.com\/buletin.de.buc","https:\/\/www.instagram.com\/buletinde.bucuresti\/"]},{"@type":"Person","@id":"https:\/\/buletin.de\/bucuresti\/#\/schema\/person\/150590659efde715459d159da012f501","name":"Andreea Tudor","image":{"@type":"ImageObject","inLanguage":"en-GB","@id":"https:\/\/secure.gravatar.com\/avatar\/a88705a186ab0b67f3349bcbced506c09e37256fbaad0e7f3bd1a79b4599f589?s=96&d=monsterid&r=g79290610aa1a65c2b86eebc2ca5aee8f","url":"https:\/\/secure.gravatar.com\/avatar\/a88705a186ab0b67f3349bcbced506c09e37256fbaad0e7f3bd1a79b4599f589?s=96&d=monsterid&r=g","contentUrl":"https:\/\/secure.gravatar.com\/avatar\/a88705a186ab0b67f3349bcbced506c09e37256fbaad0e7f3bd1a79b4599f589?s=96&d=monsterid&r=g","caption":"Andreea Tudor"},"description":"N\u0103scut\u0103 \u0219i crescut\u0103 \u00een Bucure\u0219ti, sus\u021bin\u0103toare a presei independente. A\u0219a am ajuns redactor la Buletin de Bucure\u0219ti. Fiind eu, \u00eens\u0103mi, parte a sistemului de \u00eenv\u0103\u021b\u0103m\u00e2nt rom\u00e2nesc \u0219i pasionat\u0103 de domeniul social, pun sub lup\u0103 tot ceea ce se \u00eent\u00e2mpl\u0103 \u00een sfera educa\u021biei. Cred cu t\u0103rie c\u0103 presa \u201epentru cet\u0103\u021beni\u201d este presa independent\u0103. Oamenii au nevoie de o informare corect\u0103 pentru a \u00een\u021belege pe deplin ce se \u00eent\u00e2mpl\u0103 \u00een jurul lor \u0219i pentru a lua ac\u021biune \u00eempotriva nedrept\u0103\u021bilor.","url":"https:\/\/buletin.de\/bucuresti\/author\/andreeatudor\/"}]}},"authors":[{"term_id":22573,"user_id":55,"is_guest":0,"slug":"andreeatudor","display_name":"Andreea Tudor","avatar_url":"https:\/\/secure.gravatar.com\/avatar\/a88705a186ab0b67f3349bcbced506c09e37256fbaad0e7f3bd1a79b4599f589?s=96&d=monsterid&r=g","0":null,"1":"","2":"","3":"","4":"","5":"","6":"","7":"","8":""}],"_links":{"self":[{"href":"https:\/\/buletin.de\/bucuresti\/wp-json\/wp\/v2\/posts\/102688","targetHints":{"allow":["GET"]}}],"collection":[{"href":"https:\/\/buletin.de\/bucuresti\/wp-json\/wp\/v2\/posts"}],"about":[{"href":"https:\/\/buletin.de\/bucuresti\/wp-json\/wp\/v2\/types\/post"}],"author":[{"embeddable":true,"href":"https:\/\/buletin.de\/bucuresti\/wp-json\/wp\/v2\/users\/55"}],"replies":[{"embeddable":true,"href":"https:\/\/buletin.de\/bucuresti\/wp-json\/wp\/v2\/comments?post=102688"}],"version-history":[{"count":5,"href":"https:\/\/buletin.de\/bucuresti\/wp-json\/wp\/v2\/posts\/102688\/revisions"}],"predecessor-version":[{"id":102705,"href":"https:\/\/buletin.de\/bucuresti\/wp-json\/wp\/v2\/posts\/102688\/revisions\/102705"}],"wp:featuredmedia":[{"embeddable":true,"href":"https:\/\/buletin.de\/bucuresti\/wp-json\/wp\/v2\/media\/102703"}],"wp:attachment":[{"href":"https:\/\/buletin.de\/bucuresti\/wp-json\/wp\/v2\/media?parent=102688"}],"wp:term":[{"taxonomy":"category","embeddable":true,"href":"https:\/\/buletin.de\/bucuresti\/wp-json\/wp\/v2\/categories?post=102688"},{"taxonomy":"post_tag","embeddable":true,"href":"https:\/\/buletin.de\/bucuresti\/wp-json\/wp\/v2\/tags?post=102688"},{"taxonomy":"author","embeddable":true,"href":"https:\/\/buletin.de\/bucuresti\/wp-json\/wp\/v2\/ppma_author?post=102688"}],"curies":[{"name":"wp","href":"https:\/\/api.w.org\/{rel}","templated":true}]}}