{"id":102531,"date":"2024-10-16T11:10:47","date_gmt":"2024-10-16T08:10:47","guid":{"rendered":"https:\/\/buletin.de\/bucuresti\/?p=102531"},"modified":"2024-10-16T11:23:31","modified_gmt":"2024-10-16T08:23:31","slug":"lucrarile-la-planseul-unirii-nu-erau-avizate-nici-de-metrorex","status":"publish","type":"post","link":"https:\/\/buletin.de\/bucuresti\/lucrarile-la-planseul-unirii-nu-erau-avizate-nici-de-metrorex\/","title":{"rendered":"Lucr\u0103rile la plan\u015feul Unirii nu erau avizate nici de Metrorex"},"content":{"rendered":"\n<p><strong>Lucr\u0103rile la plan\u015feul Unirii \u00eencepute de Prim\u0103ria Sectorului 4 nu aveau nici m\u0103car aviz de la Metrorex, spune pre\u015fedintele demisionar al Consiliului de Administra\u0163ie al companiei de transport, Mihai Barbu. Acesta a transmis pentru <a href=\"https:\/\/www.euronews.ro\/articole\/metrorex-nu-si-a-dat-avizul-pentru-planseul-unirii-presedintele-c-a-al-metrorex-p\">Euronews <\/a>c\u0103 Prim\u0103ria Sectorului 4 abia ceruse avizul vinerea trecut\u0103 (11 octombrie).<\/strong><\/p>\n\n\n\n<p>Potrivit oficialului, edilii Sectorului 4 au cerut documentul, \u00eens\u0103 Metrorex nu l-a eliberat pentru c\u0103 a solicitat mai departe un punct de vedere de la proiectantul general Metroul SA. Cum acest punct de vedere \u00eenc\u0103 nu fusese elaborat, nu a fost dat nici avizul necesar. <\/p>\n\n\n\n<p>Dac\u0103 proiectantul \u00ee\u0219i d\u0103 acordul, Metrorex va trimite solicitarea primit\u0103 de la oficialii Prim\u0103riei Sectorului 4 mai departe c\u0103tre Ministerul Transporturilor pentru eliberarea avizului, transmit jurnali\u015ftii de la <a href=\"https:\/\/www.euronews.ro\/articole\/metrorex-nu-si-a-dat-avizul-pentru-planseul-unirii-presedintele-c-a-al-metrorex-p\">Euronews Rom\u00e2nia<\/a>. <\/p>\n\n\n\n<p><strong>CITE\u015eTE \u015eI:<\/strong> <a href=\"https:\/\/buletin.de\/bucuresti\/o-scrisoare-a-comisiei-europene-l-a-facut-pe-presedintele-consiliului-de-administratie-al-metrorex-sa-demisioneze\/\"><strong>O scrisoare a Comisiei Europene l-a f\u0103cut pe pre\u0219edintele Consiliului de Administra\u021bie al Metrorex s\u0103 demisioneze<\/strong><\/a><\/p>\n\n\n\n<h2 class=\"wp-block-heading\" id=\"h-care-este-rolul-metrorex-in-lucrarile-la-planseul-unirii\">Care este rolul Metrorex \u00een lucr\u0103rile la plan\u015feul Unirii<\/h2>\n\n\n\n<p>\u00centrebat \u00een cadrul interviului dac\u0103 puteau s\u0103 deschid\u0103 \u015fantierul f\u0103r\u0103 acest aviz, pre\u015fedintele CA Metrorex a r\u0103spuns: <\/p>\n\n\n\n<p><strong>Dac\u0103 nu au avizul \u0219i toate avizele necesare solicitate prin certificatul de urbanism, nu pot s\u0103 ob\u021bin\u0103 autoriza\u021bia de construire. <\/strong><\/p>\n\n\n\n<p>Reporter: <em>Deci, respectiv nu pot deschide nici \u0219antierul. <\/em><\/p>\n\n\n\n<p><em>Exact!<\/em><\/p>\n\n\n\n<p>Primarul Daniel B\u0103lu\u0163\u0103 a anun\u0163at \u00eenceperea lucr\u0103rilor pentru punerea \u00een siguran\u0163\u0103 a plan\u015feului Unirii \u00een noaptea de duminic\u0103 spre luni, 13-14 octombrie. Acesta a dat startul \u015fantierului f\u0103r\u0103 s\u0103 ob\u0163in\u0103 und\u0103 verde de la Prim\u0103ria General\u0103, proprietarul zonei.<\/p>\n\n\n\n<p>Dup\u0103 aproape 20 de ore de scandal, \u00een care au fost implicate \u015fi Poli\u0163iile Locale ale PMB \u015fi S4, Daniel B\u0103lu\u0163\u0103 a f\u0103cut pasul \u00een spate \u015fi a str\u00e2ns gardurile care \u00eemprejmuiau zona. Pe acest subiect s-a pronun\u0163at inclusiv \u015feful s\u0103u pe linie de partid, Marcel Ciolacu. <\/p>\n\n\n\n<p>Anali\u015ftii politici consider\u0103 c\u0103 Marcel Ciolacu i-a spus s\u0103 \u00eenchid\u0103 \u015fantierul pentru c\u0103 PSD ar avea de pierdut procente la alegeri din cauza modului \u201e\u00een for\u0163\u0103\u201d \u00een care Daniel B\u0103lu\u0163\u0103 a ac\u0163ionat.<\/p>\n\n\n\n<h2 class=\"wp-block-heading\" id=\"h-cite\u0219te-toate-articolele-despre-scandalul-de-luni-de-la-plan\u0219eul-unirii\">CITE\u0218TE TOATE ARTICOLELE DESPRE SCANDALUL DE LUNI DE LA PLAN\u0218EUL UNIRII<\/h2>\n\n\n\n<p><strong><a href=\"https:\/\/buletin.de\/bucuresti\/nicusor-dan-despre-actiunea-lui-baluta-este-nelegala-o-primarie-de-sector-nu-poate-da-autorizatie\/\" target=\"_blank\" rel=\"noreferrer noopener\">VIDEO | Nicu\u0219or Dan despre ac\u021biunea lui B\u0103lu\u021b\u0103: Este nelegal\u0103. O prim\u0103rie de sector nu poate da autoriza\u021bie<\/a><\/strong><\/p>\n\n\n\n<p><strong><a href=\"https:\/\/buletin.de\/bucuresti\/politia-locala-a-primariei-capitalei-va-opri-santierul-lui-baluta-de-la-planseul-unirii\/\" target=\"_blank\" rel=\"noreferrer noopener\">Poli\u021bia Local\u0103 a Prim\u0103riei Capitalei anun\u021b\u0103 c\u0103 va opri \u0219antierul de la Plan\u0219eul Unirii. Nicu\u0219or Dan va fi prezent<\/a><\/strong><\/p>\n\n\n\n<p><strong><a href=\"https:\/\/buletin.de\/bucuresti\/daniel-baluta-despre-lucrarile-incepute-la-planseul-unirii-autorizatia-de-constructie-a-fost-emisa-de-primaria-sectorului-3\/\" target=\"_blank\" rel=\"noreferrer noopener\">Daniel B\u0103lu\u021b\u0103 despre lucr\u0103rile \u00eencepute la plan\u0219eul Unirii: Autoriza\u021bia de construc\u021bie a fost emis\u0103 de Prim\u0103ria Sectorului 3<\/a><\/strong><\/p>\n\n\n\n<p><a href=\"https:\/\/buletin.de\/bucuresti\/video-baluta-a-inceput-lucrarile-la-planseul-unirii-noaptea-in-ciuda-opozitiei-lui-nicusor-dan\/\" target=\"_blank\" rel=\"noreferrer noopener\"><strong>VIDEO | B\u0103lu\u021b\u0103 a \u00eenceput lucr\u0103rile la Plan\u0219eul Unirii, noaptea, \u00een ciuda opozi\u021biei lui Nicu\u0219or Dan<\/strong><\/a><\/p>\n\n\n\n<p><strong><a href=\"https:\/\/buletin.de\/bucuresti\/nicusor-dan-dupa-ce-a-iesit-de-la-politie-in-scandalul-planseului-unirii-am-pierdut-doua-degeaba\/\" target=\"_blank\" rel=\"noreferrer noopener\">Nicu\u0219or Dan dup\u0103 ce a ie\u0219it de la Poli\u021bie, \u00een scandalul plan\u0219eului Unirii: \u201eAm pierdut dou\u0103 ore degeaba!\u201d<\/a><\/strong><\/p>\n\n\n\n<p><strong><a href=\"https:\/\/buletin.de\/bucuresti\/scandalul-planseului-filmul-unei-zile-in-care-institutiile-s-au-imbrancit\/\" target=\"_blank\" rel=\"noreferrer noopener\">Scandalul plan\u0219eului | Filmul unei zile \u00een care institu\u021biile s-au \u00eembr\u00e2ncit<\/a><\/strong><\/p>\n\n\n\n<p><strong><a href=\"https:\/\/buletin.de\/bucuresti\/video-imbranceli-intre-politistii-locali-ai-primariei-sectorului-4-si-ai-primariei-generale-la-santierul-de-la-planseul-unirii\/\" target=\"_blank\" rel=\"noreferrer noopener\">VIDEO | \u00cembr\u00e2nceli \u00eentre poli\u021bi\u0219tii locali ai Prim\u0103riei Sectorului 4 \u0219i ai Prim\u0103riei Generale, la \u0219antierul de la plan\u0219eul Unirii<\/a><\/strong><\/p>\n\n\n\n<p><strong><a href=\"https:\/\/buletin.de\/bucuresti\/scandalul-planseului-se-amplifica-nicusor-dan-a-revenit-cu-buldozere-primaria-sector-4-sustine-ca-sunt-raniti\/\" target=\"_blank\" rel=\"noreferrer noopener\">Scandalul plan\u0219eului se amplific\u0103. Nicu\u0219or Dan a revenit cu buldozere. Poli\u021bia Local\u0103 Sector 4 sus\u021bine c\u0103 sunt r\u0103ni\u021bi<\/a><\/strong><\/p>\n\n\n\n<p><strong><a href=\"https:\/\/buletin.de\/bucuresti\/editorial-planseul-unirii-capacul-de-pe-cavoul-statului-de-drept\/\" target=\"_blank\" rel=\"noreferrer noopener\">EDITORIAL | Plan\u0219eul Unirii, capacul de pe cavoul statului de drept<\/a><\/strong><\/p>\n\n\n\n<p><br><\/p>\n","protected":false},"excerpt":{"rendered":"<p>Lucr\u0103rile la plan\u015feul Unirii \u00eencepute de Prim\u0103ria Sectorului 4 nu aveau nici m\u0103car aviz de la Metrorex, spune pre\u015fedintele demisionar al Consiliului de Administra\u0163ie al companiei de transport, Mihai Barbu. Acesta a transmis pentru Euronews c\u0103 Prim\u0103ria Sectorului 4 abia ceruse avizul vinerea trecut\u0103 (11 octombrie). Potrivit oficialului, edilii Sectorului 4 au cerut documentul, \u00eens\u0103 [&hellip;]<\/p>\n","protected":false},"author":1,"featured_media":102533,"comment_status":"closed","ping_status":"open","sticky":false,"template":"","format":"standard","meta":{"_acf_changed":false,"inline_featured_image":false,"ngg_post_thumbnail":0,"footnotes":""},"categories":[6994,9026,5762,9025,650],"tags":[1204,16030,13661,223,104,4898],"ppma_author":[22583],"class_list":["post-102531","post","type-post","status-publish","format-standard","has-post-thumbnail","hentry","category-stiri-2","category-eveniment","category-main","category-politic","category-transport","tag-daniel-baluta","tag-lucrari-planseu-piata-unirii","tag-mihai-barbu-ca-metrorex","tag-nicusor-dan","tag-pmb","tag-ps4"],"acf":[],"yoast_head":"<!-- This site is optimized with the Yoast SEO Premium plugin v25.3 (Yoast SEO v27.5) - https:\/\/yoast.com\/product\/yoast-seo-premium-wordpress\/ -->\n<title>Lucr\u0103rile la plan\u015feul Unirii nu erau avizate nici de Metrorex - Buletin de Bucure\u0219ti<\/title>\n<meta name=\"description\" content=\"Lucr\u0103rile la plan\u015feul Unirii \u00eencepute de Prim\u0103ria Sectorului 4 nu aveau nici m\u0103car aviz de la Metrorex, spune pre\u015fedintele\" \/>\n<meta name=\"robots\" content=\"index, follow, max-snippet:-1, max-image-preview:large, max-video-preview:-1\" \/>\n<link rel=\"canonical\" href=\"https:\/\/buletin.de\/bucuresti\/lucrarile-la-planseul-unirii-nu-erau-avizate-nici-de-metrorex\/\" \/>\n<meta property=\"og:locale\" content=\"en_GB\" \/>\n<meta property=\"og:type\" content=\"article\" \/>\n<meta property=\"og:title\" content=\"Lucr\u0103rile la plan\u015feul Unirii nu erau avizate nici de Metrorex\" \/>\n<meta property=\"og:description\" content=\"Lucr\u0103rile la plan\u015feul Unirii \u00eencepute de Prim\u0103ria Sectorului 4 nu aveau nici m\u0103car aviz de la Metrorex, spune pre\u015fedintele\" \/>\n<meta property=\"og:url\" content=\"https:\/\/buletin.de\/bucuresti\/lucrarile-la-planseul-unirii-nu-erau-avizate-nici-de-metrorex\/\" \/>\n<meta property=\"og:site_name\" content=\"Buletin de Bucure\u0219ti\" \/>\n<meta property=\"article:publisher\" content=\"https:\/\/www.facebook.com\/buletin.de.buc\" \/>\n<meta property=\"article:published_time\" content=\"2024-10-16T08:10:47+00:00\" \/>\n<meta property=\"article:modified_time\" content=\"2024-10-16T08:23:31+00:00\" \/>\n<meta property=\"og:image\" content=\"https:\/\/buletin.de\/bucuresti\/wp-content\/uploads\/gura-metrou-piata-unirii.png\" \/>\n\t<meta property=\"og:image:width\" content=\"1271\" \/>\n\t<meta property=\"og:image:height\" content=\"720\" \/>\n\t<meta property=\"og:image:type\" content=\"image\/png\" \/>\n<meta name=\"author\" content=\"Redac\u021bia Buletin de Bucure\u0219ti\" \/>\n<meta name=\"twitter:card\" content=\"summary_large_image\" \/>\n<meta name=\"twitter:label1\" content=\"Written by\" \/>\n\t<meta name=\"twitter:data1\" content=\"Redac\u021bia Buletin de Bucure\u0219ti\" \/>\n\t<meta name=\"twitter:label2\" content=\"Estimated reading time\" \/>\n\t<meta name=\"twitter:data2\" content=\"3 minutes\" \/>\n<script type=\"application\/ld+json\" class=\"yoast-schema-graph\">{\"@context\":\"https:\\\/\\\/schema.org\",\"@graph\":[{\"@type\":\"Article\",\"@id\":\"https:\\\/\\\/buletin.de\\\/bucuresti\\\/lucrarile-la-planseul-unirii-nu-erau-avizate-nici-de-metrorex\\\/#article\",\"isPartOf\":{\"@id\":\"https:\\\/\\\/buletin.de\\\/bucuresti\\\/lucrarile-la-planseul-unirii-nu-erau-avizate-nici-de-metrorex\\\/\"},\"author\":{\"name\":\"Redac\u021bia Buletin de Bucure\u0219ti\",\"@id\":\"https:\\\/\\\/buletin.de\\\/bucuresti\\\/#\\\/schema\\\/person\\\/2bbcf854e5f2419a13804af574d06ab1\"},\"headline\":\"Lucr\u0103rile la plan\u015feul Unirii nu erau avizate nici de Metrorex\",\"datePublished\":\"2024-10-16T08:10:47+00:00\",\"dateModified\":\"2024-10-16T08:23:31+00:00\",\"mainEntityOfPage\":{\"@id\":\"https:\\\/\\\/buletin.de\\\/bucuresti\\\/lucrarile-la-planseul-unirii-nu-erau-avizate-nici-de-metrorex\\\/\"},\"wordCount\":549,\"publisher\":{\"@id\":\"https:\\\/\\\/buletin.de\\\/bucuresti\\\/#organization\"},\"image\":{\"@id\":\"https:\\\/\\\/buletin.de\\\/bucuresti\\\/lucrarile-la-planseul-unirii-nu-erau-avizate-nici-de-metrorex\\\/#primaryimage\"},\"thumbnailUrl\":\"https:\\\/\\\/buletin.de\\\/bucuresti\\\/wp-content\\\/uploads\\\/gura-metrou-piata-unirii.png\",\"keywords\":[\"daniel baluta\",\"lucrari planseu piata unirii\",\"mihai barbu ca metrorex\",\"nicusor dan\",\"pmb\",\"ps4\"],\"articleSection\":[\"Articole\",\"Eveniment\",\"Main\",\"Politic\",\"Transport\"],\"inLanguage\":\"en-GB\",\"copyrightYear\":\"2024\",\"copyrightHolder\":{\"@id\":\"https:\\\/\\\/buletin.de\\\/bucuresti\\\/#organization\"}},{\"@type\":\"WebPage\",\"@id\":\"https:\\\/\\\/buletin.de\\\/bucuresti\\\/lucrarile-la-planseul-unirii-nu-erau-avizate-nici-de-metrorex\\\/\",\"url\":\"https:\\\/\\\/buletin.de\\\/bucuresti\\\/lucrarile-la-planseul-unirii-nu-erau-avizate-nici-de-metrorex\\\/\",\"name\":\"Lucr\u0103rile la plan\u015feul Unirii nu erau avizate nici de Metrorex - Buletin de Bucure\u0219ti\",\"isPartOf\":{\"@id\":\"https:\\\/\\\/buletin.de\\\/bucuresti\\\/#website\"},\"primaryImageOfPage\":{\"@id\":\"https:\\\/\\\/buletin.de\\\/bucuresti\\\/lucrarile-la-planseul-unirii-nu-erau-avizate-nici-de-metrorex\\\/#primaryimage\"},\"image\":{\"@id\":\"https:\\\/\\\/buletin.de\\\/bucuresti\\\/lucrarile-la-planseul-unirii-nu-erau-avizate-nici-de-metrorex\\\/#primaryimage\"},\"thumbnailUrl\":\"https:\\\/\\\/buletin.de\\\/bucuresti\\\/wp-content\\\/uploads\\\/gura-metrou-piata-unirii.png\",\"datePublished\":\"2024-10-16T08:10:47+00:00\",\"dateModified\":\"2024-10-16T08:23:31+00:00\",\"description\":\"Lucr\u0103rile la plan\u015feul Unirii \u00eencepute de Prim\u0103ria Sectorului 4 nu aveau nici m\u0103car aviz de la Metrorex, spune pre\u015fedintele\",\"breadcrumb\":{\"@id\":\"https:\\\/\\\/buletin.de\\\/bucuresti\\\/lucrarile-la-planseul-unirii-nu-erau-avizate-nici-de-metrorex\\\/#breadcrumb\"},\"inLanguage\":\"en-GB\",\"potentialAction\":[{\"@type\":\"ReadAction\",\"target\":[\"https:\\\/\\\/buletin.de\\\/bucuresti\\\/lucrarile-la-planseul-unirii-nu-erau-avizate-nici-de-metrorex\\\/\"]}]},{\"@type\":\"ImageObject\",\"inLanguage\":\"en-GB\",\"@id\":\"https:\\\/\\\/buletin.de\\\/bucuresti\\\/lucrarile-la-planseul-unirii-nu-erau-avizate-nici-de-metrorex\\\/#primaryimage\",\"url\":\"https:\\\/\\\/buletin.de\\\/bucuresti\\\/wp-content\\\/uploads\\\/gura-metrou-piata-unirii.png\",\"contentUrl\":\"https:\\\/\\\/buletin.de\\\/bucuresti\\\/wp-content\\\/uploads\\\/gura-metrou-piata-unirii.png\",\"width\":1271,\"height\":720,\"caption\":\"Lucr\u0103rile la plan\u015feul Pie\u0163ei Unirii nu aveau nici aviz de la Metrorex. FOTO: Google Street View\"},{\"@type\":\"BreadcrumbList\",\"@id\":\"https:\\\/\\\/buletin.de\\\/bucuresti\\\/lucrarile-la-planseul-unirii-nu-erau-avizate-nici-de-metrorex\\\/#breadcrumb\",\"itemListElement\":[{\"@type\":\"ListItem\",\"position\":1,\"name\":\"Acas\u0103\",\"item\":\"https:\\\/\\\/buletin.de\\\/bucuresti\\\/\"},{\"@type\":\"ListItem\",\"position\":2,\"name\":\"Lucr\u0103rile la plan\u015feul Unirii nu erau avizate nici de Metrorex\"}]},{\"@type\":\"WebSite\",\"@id\":\"https:\\\/\\\/buletin.de\\\/bucuresti\\\/#website\",\"url\":\"https:\\\/\\\/buletin.de\\\/bucuresti\\\/\",\"name\":\"Buletin de Bucure\u0219ti\",\"description\":\"\u0218tiri \u0219i investiga\u021bii esen\u021biale din capital\u0103\",\"publisher\":{\"@id\":\"https:\\\/\\\/buletin.de\\\/bucuresti\\\/#organization\"},\"potentialAction\":[{\"@type\":\"SearchAction\",\"target\":{\"@type\":\"EntryPoint\",\"urlTemplate\":\"https:\\\/\\\/buletin.de\\\/bucuresti\\\/?s={search_term_string}\"},\"query-input\":{\"@type\":\"PropertyValueSpecification\",\"valueRequired\":true,\"valueName\":\"search_term_string\"}}],\"inLanguage\":\"en-GB\"},{\"@type\":\"Organization\",\"@id\":\"https:\\\/\\\/buletin.de\\\/bucuresti\\\/#organization\",\"name\":\"Buletin de Bucure\u0219ti\",\"url\":\"https:\\\/\\\/buletin.de\\\/bucuresti\\\/\",\"logo\":{\"@type\":\"ImageObject\",\"inLanguage\":\"en-GB\",\"@id\":\"https:\\\/\\\/buletin.de\\\/bucuresti\\\/#\\\/schema\\\/logo\\\/image\\\/\",\"url\":\"https:\\\/\\\/buletin.de\\\/bucuresti\\\/wp-content\\\/uploads\\\/logo-bdb-full-wide-vernil-transparent.png\",\"contentUrl\":\"https:\\\/\\\/buletin.de\\\/bucuresti\\\/wp-content\\\/uploads\\\/logo-bdb-full-wide-vernil-transparent.png\",\"width\":1782,\"height\":626,\"caption\":\"Buletin de Bucure\u0219ti\"},\"image\":{\"@id\":\"https:\\\/\\\/buletin.de\\\/bucuresti\\\/#\\\/schema\\\/logo\\\/image\\\/\"},\"sameAs\":[\"https:\\\/\\\/www.facebook.com\\\/buletin.de.buc\",\"https:\\\/\\\/www.instagram.com\\\/buletinde.bucuresti\\\/\"]},{\"@type\":\"Person\",\"@id\":\"https:\\\/\\\/buletin.de\\\/bucuresti\\\/#\\\/schema\\\/person\\\/2bbcf854e5f2419a13804af574d06ab1\",\"name\":\"Redac\u021bia Buletin de Bucure\u0219ti\",\"image\":{\"@type\":\"ImageObject\",\"inLanguage\":\"en-GB\",\"@id\":\"https:\\\/\\\/secure.gravatar.com\\\/avatar\\\/18c5342381ed1a08620e6280424e3e5efc958618f5d67c522c9e44c1bc6f9226?s=96&d=monsterid&r=g60c7cd0ad92c68c049fcd4bb3504d609\",\"url\":\"https:\\\/\\\/secure.gravatar.com\\\/avatar\\\/18c5342381ed1a08620e6280424e3e5efc958618f5d67c522c9e44c1bc6f9226?s=96&d=monsterid&r=g\",\"contentUrl\":\"https:\\\/\\\/secure.gravatar.com\\\/avatar\\\/18c5342381ed1a08620e6280424e3e5efc958618f5d67c522c9e44c1bc6f9226?s=96&d=monsterid&r=g\",\"caption\":\"Redac\u021bia Buletin de Bucure\u0219ti\"},\"description\":\"Buletin de Bucure\u0219ti exist\u0103 din vara anului 2019.\",\"url\":\"https:\\\/\\\/buletin.de\\\/bucuresti\\\/author\\\/adminbuletin\\\/\"}]}<\/script>\n<!-- \/ Yoast SEO Premium plugin. -->","yoast_head_json":{"title":"Lucr\u0103rile la plan\u015feul Unirii nu erau avizate nici de Metrorex - Buletin de Bucure\u0219ti","description":"Lucr\u0103rile la plan\u015feul Unirii \u00eencepute de Prim\u0103ria Sectorului 4 nu aveau nici m\u0103car aviz de la Metrorex, spune pre\u015fedintele","robots":{"index":"index","follow":"follow","max-snippet":"max-snippet:-1","max-image-preview":"max-image-preview:large","max-video-preview":"max-video-preview:-1"},"canonical":"https:\/\/buletin.de\/bucuresti\/lucrarile-la-planseul-unirii-nu-erau-avizate-nici-de-metrorex\/","og_locale":"en_GB","og_type":"article","og_title":"Lucr\u0103rile la plan\u015feul Unirii nu erau avizate nici de Metrorex","og_description":"Lucr\u0103rile la plan\u015feul Unirii \u00eencepute de Prim\u0103ria Sectorului 4 nu aveau nici m\u0103car aviz de la Metrorex, spune pre\u015fedintele","og_url":"https:\/\/buletin.de\/bucuresti\/lucrarile-la-planseul-unirii-nu-erau-avizate-nici-de-metrorex\/","og_site_name":"Buletin de Bucure\u0219ti","article_publisher":"https:\/\/www.facebook.com\/buletin.de.buc","article_published_time":"2024-10-16T08:10:47+00:00","article_modified_time":"2024-10-16T08:23:31+00:00","og_image":[{"width":1271,"height":720,"url":"https:\/\/buletin.de\/bucuresti\/wp-content\/uploads\/gura-metrou-piata-unirii.png","type":"image\/png"}],"author":"Redac\u021bia Buletin de Bucure\u0219ti","twitter_card":"summary_large_image","twitter_misc":{"Written by":"Redac\u021bia Buletin de Bucure\u0219ti","Estimated reading time":"3 minutes"},"schema":{"@context":"https:\/\/schema.org","@graph":[{"@type":"Article","@id":"https:\/\/buletin.de\/bucuresti\/lucrarile-la-planseul-unirii-nu-erau-avizate-nici-de-metrorex\/#article","isPartOf":{"@id":"https:\/\/buletin.de\/bucuresti\/lucrarile-la-planseul-unirii-nu-erau-avizate-nici-de-metrorex\/"},"author":{"name":"Redac\u021bia Buletin de Bucure\u0219ti","@id":"https:\/\/buletin.de\/bucuresti\/#\/schema\/person\/2bbcf854e5f2419a13804af574d06ab1"},"headline":"Lucr\u0103rile la plan\u015feul Unirii nu erau avizate nici de Metrorex","datePublished":"2024-10-16T08:10:47+00:00","dateModified":"2024-10-16T08:23:31+00:00","mainEntityOfPage":{"@id":"https:\/\/buletin.de\/bucuresti\/lucrarile-la-planseul-unirii-nu-erau-avizate-nici-de-metrorex\/"},"wordCount":549,"publisher":{"@id":"https:\/\/buletin.de\/bucuresti\/#organization"},"image":{"@id":"https:\/\/buletin.de\/bucuresti\/lucrarile-la-planseul-unirii-nu-erau-avizate-nici-de-metrorex\/#primaryimage"},"thumbnailUrl":"https:\/\/buletin.de\/bucuresti\/wp-content\/uploads\/gura-metrou-piata-unirii.png","keywords":["daniel baluta","lucrari planseu piata unirii","mihai barbu ca metrorex","nicusor dan","pmb","ps4"],"articleSection":["Articole","Eveniment","Main","Politic","Transport"],"inLanguage":"en-GB","copyrightYear":"2024","copyrightHolder":{"@id":"https:\/\/buletin.de\/bucuresti\/#organization"}},{"@type":"WebPage","@id":"https:\/\/buletin.de\/bucuresti\/lucrarile-la-planseul-unirii-nu-erau-avizate-nici-de-metrorex\/","url":"https:\/\/buletin.de\/bucuresti\/lucrarile-la-planseul-unirii-nu-erau-avizate-nici-de-metrorex\/","name":"Lucr\u0103rile la plan\u015feul Unirii nu erau avizate nici de Metrorex - Buletin de Bucure\u0219ti","isPartOf":{"@id":"https:\/\/buletin.de\/bucuresti\/#website"},"primaryImageOfPage":{"@id":"https:\/\/buletin.de\/bucuresti\/lucrarile-la-planseul-unirii-nu-erau-avizate-nici-de-metrorex\/#primaryimage"},"image":{"@id":"https:\/\/buletin.de\/bucuresti\/lucrarile-la-planseul-unirii-nu-erau-avizate-nici-de-metrorex\/#primaryimage"},"thumbnailUrl":"https:\/\/buletin.de\/bucuresti\/wp-content\/uploads\/gura-metrou-piata-unirii.png","datePublished":"2024-10-16T08:10:47+00:00","dateModified":"2024-10-16T08:23:31+00:00","description":"Lucr\u0103rile la plan\u015feul Unirii \u00eencepute de Prim\u0103ria Sectorului 4 nu aveau nici m\u0103car aviz de la Metrorex, spune pre\u015fedintele","breadcrumb":{"@id":"https:\/\/buletin.de\/bucuresti\/lucrarile-la-planseul-unirii-nu-erau-avizate-nici-de-metrorex\/#breadcrumb"},"inLanguage":"en-GB","potentialAction":[{"@type":"ReadAction","target":["https:\/\/buletin.de\/bucuresti\/lucrarile-la-planseul-unirii-nu-erau-avizate-nici-de-metrorex\/"]}]},{"@type":"ImageObject","inLanguage":"en-GB","@id":"https:\/\/buletin.de\/bucuresti\/lucrarile-la-planseul-unirii-nu-erau-avizate-nici-de-metrorex\/#primaryimage","url":"https:\/\/buletin.de\/bucuresti\/wp-content\/uploads\/gura-metrou-piata-unirii.png","contentUrl":"https:\/\/buletin.de\/bucuresti\/wp-content\/uploads\/gura-metrou-piata-unirii.png","width":1271,"height":720,"caption":"Lucr\u0103rile la plan\u015feul Pie\u0163ei Unirii nu aveau nici aviz de la Metrorex. FOTO: Google Street View"},{"@type":"BreadcrumbList","@id":"https:\/\/buletin.de\/bucuresti\/lucrarile-la-planseul-unirii-nu-erau-avizate-nici-de-metrorex\/#breadcrumb","itemListElement":[{"@type":"ListItem","position":1,"name":"Acas\u0103","item":"https:\/\/buletin.de\/bucuresti\/"},{"@type":"ListItem","position":2,"name":"Lucr\u0103rile la plan\u015feul Unirii nu erau avizate nici de Metrorex"}]},{"@type":"WebSite","@id":"https:\/\/buletin.de\/bucuresti\/#website","url":"https:\/\/buletin.de\/bucuresti\/","name":"Buletin de Bucure\u0219ti","description":"\u0218tiri \u0219i investiga\u021bii esen\u021biale din capital\u0103","publisher":{"@id":"https:\/\/buletin.de\/bucuresti\/#organization"},"potentialAction":[{"@type":"SearchAction","target":{"@type":"EntryPoint","urlTemplate":"https:\/\/buletin.de\/bucuresti\/?s={search_term_string}"},"query-input":{"@type":"PropertyValueSpecification","valueRequired":true,"valueName":"search_term_string"}}],"inLanguage":"en-GB"},{"@type":"Organization","@id":"https:\/\/buletin.de\/bucuresti\/#organization","name":"Buletin de Bucure\u0219ti","url":"https:\/\/buletin.de\/bucuresti\/","logo":{"@type":"ImageObject","inLanguage":"en-GB","@id":"https:\/\/buletin.de\/bucuresti\/#\/schema\/logo\/image\/","url":"https:\/\/buletin.de\/bucuresti\/wp-content\/uploads\/logo-bdb-full-wide-vernil-transparent.png","contentUrl":"https:\/\/buletin.de\/bucuresti\/wp-content\/uploads\/logo-bdb-full-wide-vernil-transparent.png","width":1782,"height":626,"caption":"Buletin de Bucure\u0219ti"},"image":{"@id":"https:\/\/buletin.de\/bucuresti\/#\/schema\/logo\/image\/"},"sameAs":["https:\/\/www.facebook.com\/buletin.de.buc","https:\/\/www.instagram.com\/buletinde.bucuresti\/"]},{"@type":"Person","@id":"https:\/\/buletin.de\/bucuresti\/#\/schema\/person\/2bbcf854e5f2419a13804af574d06ab1","name":"Redac\u021bia Buletin de Bucure\u0219ti","image":{"@type":"ImageObject","inLanguage":"en-GB","@id":"https:\/\/secure.gravatar.com\/avatar\/18c5342381ed1a08620e6280424e3e5efc958618f5d67c522c9e44c1bc6f9226?s=96&d=monsterid&r=g60c7cd0ad92c68c049fcd4bb3504d609","url":"https:\/\/secure.gravatar.com\/avatar\/18c5342381ed1a08620e6280424e3e5efc958618f5d67c522c9e44c1bc6f9226?s=96&d=monsterid&r=g","contentUrl":"https:\/\/secure.gravatar.com\/avatar\/18c5342381ed1a08620e6280424e3e5efc958618f5d67c522c9e44c1bc6f9226?s=96&d=monsterid&r=g","caption":"Redac\u021bia Buletin de Bucure\u0219ti"},"description":"Buletin de Bucure\u0219ti exist\u0103 din vara anului 2019.","url":"https:\/\/buletin.de\/bucuresti\/author\/adminbuletin\/"}]}},"authors":[{"term_id":22583,"user_id":1,"is_guest":0,"slug":"adminbuletin","display_name":"Redac\u021bia Buletin de Bucure\u0219ti","avatar_url":"https:\/\/secure.gravatar.com\/avatar\/18c5342381ed1a08620e6280424e3e5efc958618f5d67c522c9e44c1bc6f9226?s=96&d=monsterid&r=g","0":null,"1":"","2":"","3":"","4":"","5":"","6":"","7":"","8":""}],"_links":{"self":[{"href":"https:\/\/buletin.de\/bucuresti\/wp-json\/wp\/v2\/posts\/102531","targetHints":{"allow":["GET"]}}],"collection":[{"href":"https:\/\/buletin.de\/bucuresti\/wp-json\/wp\/v2\/posts"}],"about":[{"href":"https:\/\/buletin.de\/bucuresti\/wp-json\/wp\/v2\/types\/post"}],"author":[{"embeddable":true,"href":"https:\/\/buletin.de\/bucuresti\/wp-json\/wp\/v2\/users\/1"}],"replies":[{"embeddable":true,"href":"https:\/\/buletin.de\/bucuresti\/wp-json\/wp\/v2\/comments?post=102531"}],"version-history":[{"count":2,"href":"https:\/\/buletin.de\/bucuresti\/wp-json\/wp\/v2\/posts\/102531\/revisions"}],"predecessor-version":[{"id":102537,"href":"https:\/\/buletin.de\/bucuresti\/wp-json\/wp\/v2\/posts\/102531\/revisions\/102537"}],"wp:featuredmedia":[{"embeddable":true,"href":"https:\/\/buletin.de\/bucuresti\/wp-json\/wp\/v2\/media\/102533"}],"wp:attachment":[{"href":"https:\/\/buletin.de\/bucuresti\/wp-json\/wp\/v2\/media?parent=102531"}],"wp:term":[{"taxonomy":"category","embeddable":true,"href":"https:\/\/buletin.de\/bucuresti\/wp-json\/wp\/v2\/categories?post=102531"},{"taxonomy":"post_tag","embeddable":true,"href":"https:\/\/buletin.de\/bucuresti\/wp-json\/wp\/v2\/tags?post=102531"},{"taxonomy":"author","embeddable":true,"href":"https:\/\/buletin.de\/bucuresti\/wp-json\/wp\/v2\/ppma_author?post=102531"}],"curies":[{"name":"wp","href":"https:\/\/api.w.org\/{rel}","templated":true}]}}