{"id":102524,"date":"2024-10-17T07:00:00","date_gmt":"2024-10-17T04:00:00","guid":{"rendered":"https:\/\/buletin.de\/bucuresti\/?p=102524"},"modified":"2024-10-17T08:19:16","modified_gmt":"2024-10-17T05:19:16","slug":"sector-6-hub-sportiv-la-colegiul-tehnic-iuliu-maniu-investitia-de-5-6-milioane-de-euro-va-fi-deschisa-publicului-larg","status":"publish","type":"post","link":"https:\/\/buletin.de\/bucuresti\/sector-6-hub-sportiv-la-colegiul-tehnic-iuliu-maniu-investitia-de-5-6-milioane-de-euro-va-fi-deschisa-publicului-larg\/","title":{"rendered":"Sector 6 | 5,6 milioane de euro pentru \u201eHub sportiv\u201d la Colegiul Tehnic Iuliu Maniu. Baza, accesibil\u0103 publicului"},"content":{"rendered":"\n<p><strong>O sal\u0103 de sport multifunc\u0163ional\u0103 va fi construit\u0103 \u00een curtea Colegiului Tehnic Iuliu Maniu, cu un cost de peste 5 milioane de euro (\u00een lei, aprox. 27.8 milioane). Sala va avea terenuri de sport modulare, un miniteren de fotbal \u015fi tribune cu 550 de locuri. Prim\u0103ria spune c\u0103 vrea ca spa\u0163iul s\u0103 fie l\u0103sat la liber pentru public, nu doar pentru elevi. Tot ce r\u0103m\u00e2ne este ca proiectul s\u0103 treac\u0103 de votul consilierilor \u00een \u015fedin\u0163a de joi, 17 octombrie. <\/strong><\/p>\n\n\n\n<p>Conform anexelor de la <a href=\"https:\/\/www.primarie6.ro\/primarie_sector6\/proiect-de-hotarare-nr-26703102024-privind-aprobarea-documentatiei-tehnice-faza-studiu-de-fezabilitate-si-indicatorilor-tehnico-economici-pentru-obiectivul-de-investitii-reamenajare-incinta-si-construire-hub-sportiv-colegiul-tehnic-iuliu-maniu\">proiectul <\/a>f\u0103cut public de Prim\u0103ria Sectorului 6, investi\u0163ia ar urma s\u0103 se desf\u0103\u015foare pe un teren de peste 18.600 de metri p\u0103tra\u0163i din curtea liceului. <\/p>\n\n\n\n<p>Sala de sport ar urma s\u0103 aib\u0103 peste 3.400 de metri p\u0103tra\u0163i. Vorbim de dou\u0103 terenuri modulare care se pot folosi la baschet, handbal, volei \u015fi un teren de minifotbal. Vor fi \u015fi gradene cu 550 de locuri.<\/p>\n\n\n\n<blockquote class=\"wp-block-quote is-layout-flow wp-block-quote-is-layout-flow\">\n<p class=\"has-medium-font-size\"><strong>Prin investi\u021bia propus\u0103 se va crea un centru sportiv unde se vor putea organiza competi\u021bii sportive \u00eentr-un spa\u021biu flexibil ce se poate adapta pentru evenimente f\u0103r\u0103 spectatori \u015fi evenimente de p\u00e2n\u0103 la 550 de spectatori \u00een func\u021bie de specificul jocului ce se desf\u0103\u0219oar\u0103.<\/strong><\/p>\n<cite>pHCL<\/cite><\/blockquote>\n\n\n\n<p>Autorit\u0103\u0163ile au notat ca argumente pentru ridicarea acestei s\u0103li de sport <strong>necesitatea supliment\u0103rii spa\u021biilor publice urbane sau recuperarea celor neutilizate<\/strong> \u0219i <strong>oferirea c\u0103tre locuitori a unui suport pentru interac\u021biune \u0219i desf\u0103\u0219urarea diverselor activit\u0103\u021bi ale vie\u021bii urbane<\/strong>. <\/p>\n\n\n\n<blockquote class=\"wp-block-quote is-layout-flow wp-block-quote-is-layout-flow\">\n<p class=\"has-medium-font-size\"><strong>Oamenii au nevoie de un al treilea loc diferit de acas\u0103 sau locul de munc\u0103, unde s\u0103 \u00ee\u0219i petreac\u0103 timpul liber \u0219i s\u0103 se \u00eent\u00e2lneasc\u0103 cu ceilal\u021bi membri ai comunit\u0103\u021bii.<\/strong><\/p>\n<cite>PHCL<\/cite><\/blockquote>\n\n\n\n<p>Astfel, prin realizarea proiectului \u201cReamenajare incint\u0103 \u0219i construire hub sportiv Colegiul Tehnic \u201eIuliu Maniu\u201d, se vor atinge urm\u0103toarele obiective, spun edilii:<\/p>\n\n\n\n<ul class=\"wp-block-list\">\n<li>cre\u0219terea atractivit\u0103\u021bii zonei \u0219i a aspectelor mediului socio-economic<\/li>\n\n\n\n<li>\u00eembun\u0103t\u0103\u021birea calit\u0103\u021bii vie\u021bii \u0219i oferirea unui cadru pentru interac\u021biunile sociale<\/li>\n\n\n\n<li>dezvoltarea activit\u0103\u0163ilor de sport \u015fi recreere, ac\u021bion\u00e2ndu-se \u00een direc\u021bia diversific\u0103rii<br>ofertei la nivelul sectorului<\/li>\n\n\n\n<li>promovarea activit\u0103\u0163ilor sportive, a activit\u0103\u021bilor fizice \u00een general prin dezvoltarea<br>facilit\u0103\u0163ilor specifice moderne \u015fi atragerea publicului larg.<\/li>\n<\/ul>\n\n\n\n<p>Durata de realizare a investi\u0163iei al c\u0103rei cost se ridic\u0103 la aproximativ 5.6 milioane de euro este estimat\u0103 la circa 1 an \u015fi 10 luni, din care 7 luni pentru proiectare, 1 lun\u0103 pentru organizarea de \u015fantier \u015fi 12 luni pentru construc\u0163ii \u015fi montaj.<\/p>\n\n\n\n<p>Banii ar urma s\u0103 fie folosi\u0163i at\u00e2t pentru ridicarea s\u0103lii de sport propriu-zise, c\u00e2t \u015fi pentru amenajarea spa\u0163iilor verzi \u015fi a c\u00e2torva zeci de locuri de parcare.<\/p>\n\n\n\n<p>Sumele necesare ar urma s\u0103 vin\u0103 din bugetul sectorului \u201e<em>\u015fi\/sau alte surse de finan\u0163are legal constituite<\/em>\u201d.<\/p>\n\n\n\n<p><strong>CITE\u015eTE \u015eI:<\/strong> <a href=\"https:\/\/buletin.de\/bucuresti\/sector-4-peste-jumatate-de-miliard-de-lei-pentru-plantarea-de-arbori-si-parcari-detalii-esentiale-lipsesc-din-proiect\/\">Sector 4 | Peste 100 de milioane de euro pentru arbori \u0219i parc\u0103ri. Detalii esen\u021biale lipsesc din proiectul votat \u00een Consiliu<\/a><\/p>\n","protected":false},"excerpt":{"rendered":"<p>O sal\u0103 de sport multifunc\u0163ional\u0103 va fi construit\u0103 \u00een curtea Colegiului Tehnic Iuliu Maniu, cu un cost de peste 5 milioane de euro (\u00een lei, aprox. 27.8 milioane). Sala va avea terenuri de sport modulare, un miniteren de fotbal \u015fi tribune cu 550 de locuri. Prim\u0103ria spune c\u0103 vrea ca spa\u0163iul s\u0103 fie l\u0103sat la [&hellip;]<\/p>\n","protected":false},"author":8,"featured_media":102527,"comment_status":"closed","ping_status":"open","sticky":false,"template":"","format":"standard","meta":{"_acf_changed":false,"inline_featured_image":false,"ngg_post_thumbnail":0,"footnotes":""},"categories":[6994,3421,5762,24],"tags":[16053,2089,10947,16052,16051,3513,523],"ppma_author":[22586],"class_list":["post-102524","post","type-post","status-publish","format-standard","has-post-thumbnail","hentry","category-stiri-2","category-educatie","category-main","category-primarie","tag-bulevardul-iuliu-maniu","tag-ciprian-ciucu","tag-colegiul-tehnic-iuliu-maniu","tag-hub-sportiv-liceu-militari","tag-mihaela-stefan-2","tag-primaria-sectorului-6","tag-sector-6"],"acf":[],"yoast_head":"<!-- This site is optimized with the Yoast SEO Premium plugin v25.3 (Yoast SEO v27.4) - https:\/\/yoast.com\/product\/yoast-seo-premium-wordpress\/ -->\n<title>Sector 6 | 5,6 milioane de euro pentru \u201eHub sportiv\u201d la Colegiul Tehnic Iuliu Maniu. Baza, accesibil\u0103 publicului - Buletin de Bucure\u0219ti<\/title>\n<meta name=\"description\" content=\"O sal\u0103 de sport multifunc\u0163ional\u0103 va fi construit\u0103 \u00een curtea Colegiului Tehnic Iuliu Maniu, cu un cost de peste 5 milioane de euro\" \/>\n<meta name=\"robots\" content=\"index, follow, max-snippet:-1, max-image-preview:large, max-video-preview:-1\" \/>\n<link rel=\"canonical\" href=\"https:\/\/buletin.de\/bucuresti\/sector-6-hub-sportiv-la-colegiul-tehnic-iuliu-maniu-investitia-de-5-6-milioane-de-euro-va-fi-deschisa-publicului-larg\/\" \/>\n<meta property=\"og:locale\" content=\"en_GB\" \/>\n<meta property=\"og:type\" content=\"article\" \/>\n<meta property=\"og:title\" content=\"Sector 6 | 5,6 milioane de euro pentru \u201eHub sportiv\u201d la Colegiul Tehnic Iuliu Maniu. Baza, accesibil\u0103 publicului\" \/>\n<meta property=\"og:description\" content=\"O sal\u0103 de sport multifunc\u0163ional\u0103 va fi construit\u0103 \u00een curtea Colegiului Tehnic Iuliu Maniu, cu un cost de peste 5 milioane de euro\" \/>\n<meta property=\"og:url\" content=\"https:\/\/buletin.de\/bucuresti\/sector-6-hub-sportiv-la-colegiul-tehnic-iuliu-maniu-investitia-de-5-6-milioane-de-euro-va-fi-deschisa-publicului-larg\/\" \/>\n<meta property=\"og:site_name\" content=\"Buletin de Bucure\u0219ti\" \/>\n<meta property=\"article:publisher\" content=\"https:\/\/www.facebook.com\/buletin.de.buc\" \/>\n<meta property=\"article:published_time\" content=\"2024-10-17T04:00:00+00:00\" \/>\n<meta property=\"article:modified_time\" content=\"2024-10-17T05:19:16+00:00\" \/>\n<meta property=\"og:image\" content=\"https:\/\/buletin.de\/bucuresti\/wp-content\/uploads\/hub-sportiv-colegiul-tehnic-iuliu-maniu-1.png\" \/>\n\t<meta property=\"og:image:width\" content=\"791\" \/>\n\t<meta property=\"og:image:height\" content=\"414\" \/>\n\t<meta property=\"og:image:type\" content=\"image\/png\" \/>\n<meta name=\"author\" content=\"Ionu\u021b Lepa\" \/>\n<meta name=\"twitter:card\" content=\"summary_large_image\" \/>\n<meta name=\"twitter:label1\" content=\"Written by\" \/>\n\t<meta name=\"twitter:data1\" content=\"Ionu\u021b Lepa\" \/>\n\t<meta name=\"twitter:label2\" content=\"Estimated reading time\" \/>\n\t<meta name=\"twitter:data2\" content=\"2 minutes\" \/>\n<script type=\"application\/ld+json\" class=\"yoast-schema-graph\">{\"@context\":\"https:\\\/\\\/schema.org\",\"@graph\":[{\"@type\":\"Article\",\"@id\":\"https:\\\/\\\/buletin.de\\\/bucuresti\\\/sector-6-hub-sportiv-la-colegiul-tehnic-iuliu-maniu-investitia-de-5-6-milioane-de-euro-va-fi-deschisa-publicului-larg\\\/#article\",\"isPartOf\":{\"@id\":\"https:\\\/\\\/buletin.de\\\/bucuresti\\\/sector-6-hub-sportiv-la-colegiul-tehnic-iuliu-maniu-investitia-de-5-6-milioane-de-euro-va-fi-deschisa-publicului-larg\\\/\"},\"author\":{\"name\":\"Ionu\u021b Lepa\",\"@id\":\"https:\\\/\\\/buletin.de\\\/bucuresti\\\/#\\\/schema\\\/person\\\/5272b8a057b33890940b57b837fc4ce6\"},\"headline\":\"Sector 6 | 5,6 milioane de euro pentru \u201eHub sportiv\u201d la Colegiul Tehnic Iuliu Maniu. Baza, accesibil\u0103 publicului\",\"datePublished\":\"2024-10-17T04:00:00+00:00\",\"dateModified\":\"2024-10-17T05:19:16+00:00\",\"mainEntityOfPage\":{\"@id\":\"https:\\\/\\\/buletin.de\\\/bucuresti\\\/sector-6-hub-sportiv-la-colegiul-tehnic-iuliu-maniu-investitia-de-5-6-milioane-de-euro-va-fi-deschisa-publicului-larg\\\/\"},\"wordCount\":496,\"publisher\":{\"@id\":\"https:\\\/\\\/buletin.de\\\/bucuresti\\\/#organization\"},\"image\":{\"@id\":\"https:\\\/\\\/buletin.de\\\/bucuresti\\\/sector-6-hub-sportiv-la-colegiul-tehnic-iuliu-maniu-investitia-de-5-6-milioane-de-euro-va-fi-deschisa-publicului-larg\\\/#primaryimage\"},\"thumbnailUrl\":\"https:\\\/\\\/buletin.de\\\/bucuresti\\\/wp-content\\\/uploads\\\/hub-sportiv-colegiul-tehnic-iuliu-maniu-1.png\",\"keywords\":[\"bulevardul iuliu maniu\",\"ciprian ciucu\",\"Colegiul Tehnic Iuliu Maniu\",\"hub sportiv liceu militari\",\"mihaela stefan\",\"primaria sectorului 6\",\"Sector 6\"],\"articleSection\":[\"Articole\",\"Educa\u021bie\",\"Main\",\"Prim\u0103rie\"],\"inLanguage\":\"en-GB\",\"copyrightYear\":\"2024\",\"copyrightHolder\":{\"@id\":\"https:\\\/\\\/buletin.de\\\/bucuresti\\\/#organization\"}},{\"@type\":\"WebPage\",\"@id\":\"https:\\\/\\\/buletin.de\\\/bucuresti\\\/sector-6-hub-sportiv-la-colegiul-tehnic-iuliu-maniu-investitia-de-5-6-milioane-de-euro-va-fi-deschisa-publicului-larg\\\/\",\"url\":\"https:\\\/\\\/buletin.de\\\/bucuresti\\\/sector-6-hub-sportiv-la-colegiul-tehnic-iuliu-maniu-investitia-de-5-6-milioane-de-euro-va-fi-deschisa-publicului-larg\\\/\",\"name\":\"Sector 6 | 5,6 milioane de euro pentru \u201eHub sportiv\u201d la Colegiul Tehnic Iuliu Maniu. Baza, accesibil\u0103 publicului - Buletin de Bucure\u0219ti\",\"isPartOf\":{\"@id\":\"https:\\\/\\\/buletin.de\\\/bucuresti\\\/#website\"},\"primaryImageOfPage\":{\"@id\":\"https:\\\/\\\/buletin.de\\\/bucuresti\\\/sector-6-hub-sportiv-la-colegiul-tehnic-iuliu-maniu-investitia-de-5-6-milioane-de-euro-va-fi-deschisa-publicului-larg\\\/#primaryimage\"},\"image\":{\"@id\":\"https:\\\/\\\/buletin.de\\\/bucuresti\\\/sector-6-hub-sportiv-la-colegiul-tehnic-iuliu-maniu-investitia-de-5-6-milioane-de-euro-va-fi-deschisa-publicului-larg\\\/#primaryimage\"},\"thumbnailUrl\":\"https:\\\/\\\/buletin.de\\\/bucuresti\\\/wp-content\\\/uploads\\\/hub-sportiv-colegiul-tehnic-iuliu-maniu-1.png\",\"datePublished\":\"2024-10-17T04:00:00+00:00\",\"dateModified\":\"2024-10-17T05:19:16+00:00\",\"description\":\"O sal\u0103 de sport multifunc\u0163ional\u0103 va fi construit\u0103 \u00een curtea Colegiului Tehnic Iuliu Maniu, cu un cost de peste 5 milioane de euro\",\"breadcrumb\":{\"@id\":\"https:\\\/\\\/buletin.de\\\/bucuresti\\\/sector-6-hub-sportiv-la-colegiul-tehnic-iuliu-maniu-investitia-de-5-6-milioane-de-euro-va-fi-deschisa-publicului-larg\\\/#breadcrumb\"},\"inLanguage\":\"en-GB\",\"potentialAction\":[{\"@type\":\"ReadAction\",\"target\":[\"https:\\\/\\\/buletin.de\\\/bucuresti\\\/sector-6-hub-sportiv-la-colegiul-tehnic-iuliu-maniu-investitia-de-5-6-milioane-de-euro-va-fi-deschisa-publicului-larg\\\/\"]}]},{\"@type\":\"ImageObject\",\"inLanguage\":\"en-GB\",\"@id\":\"https:\\\/\\\/buletin.de\\\/bucuresti\\\/sector-6-hub-sportiv-la-colegiul-tehnic-iuliu-maniu-investitia-de-5-6-milioane-de-euro-va-fi-deschisa-publicului-larg\\\/#primaryimage\",\"url\":\"https:\\\/\\\/buletin.de\\\/bucuresti\\\/wp-content\\\/uploads\\\/hub-sportiv-colegiul-tehnic-iuliu-maniu-1.png\",\"contentUrl\":\"https:\\\/\\\/buletin.de\\\/bucuresti\\\/wp-content\\\/uploads\\\/hub-sportiv-colegiul-tehnic-iuliu-maniu-1.png\",\"width\":791,\"height\":414,\"caption\":\"Randare din proiectul s\u0103lii de sport care ar urma s\u0103 fie ridicat\u0103 la Colegiul Tehnic Iuliu Maniu\"},{\"@type\":\"BreadcrumbList\",\"@id\":\"https:\\\/\\\/buletin.de\\\/bucuresti\\\/sector-6-hub-sportiv-la-colegiul-tehnic-iuliu-maniu-investitia-de-5-6-milioane-de-euro-va-fi-deschisa-publicului-larg\\\/#breadcrumb\",\"itemListElement\":[{\"@type\":\"ListItem\",\"position\":1,\"name\":\"Acas\u0103\",\"item\":\"https:\\\/\\\/buletin.de\\\/bucuresti\\\/\"},{\"@type\":\"ListItem\",\"position\":2,\"name\":\"Sector 6 | 5,6 milioane de euro pentru \u201eHub sportiv\u201d la Colegiul Tehnic Iuliu Maniu. Baza, accesibil\u0103 publicului\"}]},{\"@type\":\"WebSite\",\"@id\":\"https:\\\/\\\/buletin.de\\\/bucuresti\\\/#website\",\"url\":\"https:\\\/\\\/buletin.de\\\/bucuresti\\\/\",\"name\":\"Buletin de Bucure\u0219ti\",\"description\":\"\u0218tiri \u0219i investiga\u021bii esen\u021biale din capital\u0103\",\"publisher\":{\"@id\":\"https:\\\/\\\/buletin.de\\\/bucuresti\\\/#organization\"},\"potentialAction\":[{\"@type\":\"SearchAction\",\"target\":{\"@type\":\"EntryPoint\",\"urlTemplate\":\"https:\\\/\\\/buletin.de\\\/bucuresti\\\/?s={search_term_string}\"},\"query-input\":{\"@type\":\"PropertyValueSpecification\",\"valueRequired\":true,\"valueName\":\"search_term_string\"}}],\"inLanguage\":\"en-GB\"},{\"@type\":\"Organization\",\"@id\":\"https:\\\/\\\/buletin.de\\\/bucuresti\\\/#organization\",\"name\":\"Buletin de Bucure\u0219ti\",\"url\":\"https:\\\/\\\/buletin.de\\\/bucuresti\\\/\",\"logo\":{\"@type\":\"ImageObject\",\"inLanguage\":\"en-GB\",\"@id\":\"https:\\\/\\\/buletin.de\\\/bucuresti\\\/#\\\/schema\\\/logo\\\/image\\\/\",\"url\":\"https:\\\/\\\/buletin.de\\\/bucuresti\\\/wp-content\\\/uploads\\\/logo-bdb-full-wide-vernil-transparent.png\",\"contentUrl\":\"https:\\\/\\\/buletin.de\\\/bucuresti\\\/wp-content\\\/uploads\\\/logo-bdb-full-wide-vernil-transparent.png\",\"width\":1782,\"height\":626,\"caption\":\"Buletin de Bucure\u0219ti\"},\"image\":{\"@id\":\"https:\\\/\\\/buletin.de\\\/bucuresti\\\/#\\\/schema\\\/logo\\\/image\\\/\"},\"sameAs\":[\"https:\\\/\\\/www.facebook.com\\\/buletin.de.buc\",\"https:\\\/\\\/www.instagram.com\\\/buletinde.bucuresti\\\/\"]},{\"@type\":\"Person\",\"@id\":\"https:\\\/\\\/buletin.de\\\/bucuresti\\\/#\\\/schema\\\/person\\\/5272b8a057b33890940b57b837fc4ce6\",\"name\":\"Ionu\u021b Lepa\",\"image\":{\"@type\":\"ImageObject\",\"inLanguage\":\"en-GB\",\"@id\":\"https:\\\/\\\/buletin.de\\\/bucuresti\\\/wp-content\\\/uploads\\\/Ionut-Lepa-96x96.jpg5c4e4d9e049808799a8821652d2410a4\",\"url\":\"https:\\\/\\\/buletin.de\\\/bucuresti\\\/wp-content\\\/uploads\\\/Ionut-Lepa-96x96.jpg\",\"contentUrl\":\"https:\\\/\\\/buletin.de\\\/bucuresti\\\/wp-content\\\/uploads\\\/Ionut-Lepa-96x96.jpg\",\"caption\":\"Ionu\u021b Lepa\"},\"url\":\"https:\\\/\\\/buletin.de\\\/bucuresti\\\/author\\\/ionutlepa\\\/\"}]}<\/script>\n<!-- \/ Yoast SEO Premium plugin. -->","yoast_head_json":{"title":"Sector 6 | 5,6 milioane de euro pentru \u201eHub sportiv\u201d la Colegiul Tehnic Iuliu Maniu. Baza, accesibil\u0103 publicului - Buletin de Bucure\u0219ti","description":"O sal\u0103 de sport multifunc\u0163ional\u0103 va fi construit\u0103 \u00een curtea Colegiului Tehnic Iuliu Maniu, cu un cost de peste 5 milioane de euro","robots":{"index":"index","follow":"follow","max-snippet":"max-snippet:-1","max-image-preview":"max-image-preview:large","max-video-preview":"max-video-preview:-1"},"canonical":"https:\/\/buletin.de\/bucuresti\/sector-6-hub-sportiv-la-colegiul-tehnic-iuliu-maniu-investitia-de-5-6-milioane-de-euro-va-fi-deschisa-publicului-larg\/","og_locale":"en_GB","og_type":"article","og_title":"Sector 6 | 5,6 milioane de euro pentru \u201eHub sportiv\u201d la Colegiul Tehnic Iuliu Maniu. Baza, accesibil\u0103 publicului","og_description":"O sal\u0103 de sport multifunc\u0163ional\u0103 va fi construit\u0103 \u00een curtea Colegiului Tehnic Iuliu Maniu, cu un cost de peste 5 milioane de euro","og_url":"https:\/\/buletin.de\/bucuresti\/sector-6-hub-sportiv-la-colegiul-tehnic-iuliu-maniu-investitia-de-5-6-milioane-de-euro-va-fi-deschisa-publicului-larg\/","og_site_name":"Buletin de Bucure\u0219ti","article_publisher":"https:\/\/www.facebook.com\/buletin.de.buc","article_published_time":"2024-10-17T04:00:00+00:00","article_modified_time":"2024-10-17T05:19:16+00:00","og_image":[{"width":791,"height":414,"url":"https:\/\/buletin.de\/bucuresti\/wp-content\/uploads\/hub-sportiv-colegiul-tehnic-iuliu-maniu-1.png","type":"image\/png"}],"author":"Ionu\u021b Lepa","twitter_card":"summary_large_image","twitter_misc":{"Written by":"Ionu\u021b Lepa","Estimated reading time":"2 minutes"},"schema":{"@context":"https:\/\/schema.org","@graph":[{"@type":"Article","@id":"https:\/\/buletin.de\/bucuresti\/sector-6-hub-sportiv-la-colegiul-tehnic-iuliu-maniu-investitia-de-5-6-milioane-de-euro-va-fi-deschisa-publicului-larg\/#article","isPartOf":{"@id":"https:\/\/buletin.de\/bucuresti\/sector-6-hub-sportiv-la-colegiul-tehnic-iuliu-maniu-investitia-de-5-6-milioane-de-euro-va-fi-deschisa-publicului-larg\/"},"author":{"name":"Ionu\u021b Lepa","@id":"https:\/\/buletin.de\/bucuresti\/#\/schema\/person\/5272b8a057b33890940b57b837fc4ce6"},"headline":"Sector 6 | 5,6 milioane de euro pentru \u201eHub sportiv\u201d la Colegiul Tehnic Iuliu Maniu. Baza, accesibil\u0103 publicului","datePublished":"2024-10-17T04:00:00+00:00","dateModified":"2024-10-17T05:19:16+00:00","mainEntityOfPage":{"@id":"https:\/\/buletin.de\/bucuresti\/sector-6-hub-sportiv-la-colegiul-tehnic-iuliu-maniu-investitia-de-5-6-milioane-de-euro-va-fi-deschisa-publicului-larg\/"},"wordCount":496,"publisher":{"@id":"https:\/\/buletin.de\/bucuresti\/#organization"},"image":{"@id":"https:\/\/buletin.de\/bucuresti\/sector-6-hub-sportiv-la-colegiul-tehnic-iuliu-maniu-investitia-de-5-6-milioane-de-euro-va-fi-deschisa-publicului-larg\/#primaryimage"},"thumbnailUrl":"https:\/\/buletin.de\/bucuresti\/wp-content\/uploads\/hub-sportiv-colegiul-tehnic-iuliu-maniu-1.png","keywords":["bulevardul iuliu maniu","ciprian ciucu","Colegiul Tehnic Iuliu Maniu","hub sportiv liceu militari","mihaela stefan","primaria sectorului 6","Sector 6"],"articleSection":["Articole","Educa\u021bie","Main","Prim\u0103rie"],"inLanguage":"en-GB","copyrightYear":"2024","copyrightHolder":{"@id":"https:\/\/buletin.de\/bucuresti\/#organization"}},{"@type":"WebPage","@id":"https:\/\/buletin.de\/bucuresti\/sector-6-hub-sportiv-la-colegiul-tehnic-iuliu-maniu-investitia-de-5-6-milioane-de-euro-va-fi-deschisa-publicului-larg\/","url":"https:\/\/buletin.de\/bucuresti\/sector-6-hub-sportiv-la-colegiul-tehnic-iuliu-maniu-investitia-de-5-6-milioane-de-euro-va-fi-deschisa-publicului-larg\/","name":"Sector 6 | 5,6 milioane de euro pentru \u201eHub sportiv\u201d la Colegiul Tehnic Iuliu Maniu. Baza, accesibil\u0103 publicului - Buletin de Bucure\u0219ti","isPartOf":{"@id":"https:\/\/buletin.de\/bucuresti\/#website"},"primaryImageOfPage":{"@id":"https:\/\/buletin.de\/bucuresti\/sector-6-hub-sportiv-la-colegiul-tehnic-iuliu-maniu-investitia-de-5-6-milioane-de-euro-va-fi-deschisa-publicului-larg\/#primaryimage"},"image":{"@id":"https:\/\/buletin.de\/bucuresti\/sector-6-hub-sportiv-la-colegiul-tehnic-iuliu-maniu-investitia-de-5-6-milioane-de-euro-va-fi-deschisa-publicului-larg\/#primaryimage"},"thumbnailUrl":"https:\/\/buletin.de\/bucuresti\/wp-content\/uploads\/hub-sportiv-colegiul-tehnic-iuliu-maniu-1.png","datePublished":"2024-10-17T04:00:00+00:00","dateModified":"2024-10-17T05:19:16+00:00","description":"O sal\u0103 de sport multifunc\u0163ional\u0103 va fi construit\u0103 \u00een curtea Colegiului Tehnic Iuliu Maniu, cu un cost de peste 5 milioane de euro","breadcrumb":{"@id":"https:\/\/buletin.de\/bucuresti\/sector-6-hub-sportiv-la-colegiul-tehnic-iuliu-maniu-investitia-de-5-6-milioane-de-euro-va-fi-deschisa-publicului-larg\/#breadcrumb"},"inLanguage":"en-GB","potentialAction":[{"@type":"ReadAction","target":["https:\/\/buletin.de\/bucuresti\/sector-6-hub-sportiv-la-colegiul-tehnic-iuliu-maniu-investitia-de-5-6-milioane-de-euro-va-fi-deschisa-publicului-larg\/"]}]},{"@type":"ImageObject","inLanguage":"en-GB","@id":"https:\/\/buletin.de\/bucuresti\/sector-6-hub-sportiv-la-colegiul-tehnic-iuliu-maniu-investitia-de-5-6-milioane-de-euro-va-fi-deschisa-publicului-larg\/#primaryimage","url":"https:\/\/buletin.de\/bucuresti\/wp-content\/uploads\/hub-sportiv-colegiul-tehnic-iuliu-maniu-1.png","contentUrl":"https:\/\/buletin.de\/bucuresti\/wp-content\/uploads\/hub-sportiv-colegiul-tehnic-iuliu-maniu-1.png","width":791,"height":414,"caption":"Randare din proiectul s\u0103lii de sport care ar urma s\u0103 fie ridicat\u0103 la Colegiul Tehnic Iuliu Maniu"},{"@type":"BreadcrumbList","@id":"https:\/\/buletin.de\/bucuresti\/sector-6-hub-sportiv-la-colegiul-tehnic-iuliu-maniu-investitia-de-5-6-milioane-de-euro-va-fi-deschisa-publicului-larg\/#breadcrumb","itemListElement":[{"@type":"ListItem","position":1,"name":"Acas\u0103","item":"https:\/\/buletin.de\/bucuresti\/"},{"@type":"ListItem","position":2,"name":"Sector 6 | 5,6 milioane de euro pentru \u201eHub sportiv\u201d la Colegiul Tehnic Iuliu Maniu. Baza, accesibil\u0103 publicului"}]},{"@type":"WebSite","@id":"https:\/\/buletin.de\/bucuresti\/#website","url":"https:\/\/buletin.de\/bucuresti\/","name":"Buletin de Bucure\u0219ti","description":"\u0218tiri \u0219i investiga\u021bii esen\u021biale din capital\u0103","publisher":{"@id":"https:\/\/buletin.de\/bucuresti\/#organization"},"potentialAction":[{"@type":"SearchAction","target":{"@type":"EntryPoint","urlTemplate":"https:\/\/buletin.de\/bucuresti\/?s={search_term_string}"},"query-input":{"@type":"PropertyValueSpecification","valueRequired":true,"valueName":"search_term_string"}}],"inLanguage":"en-GB"},{"@type":"Organization","@id":"https:\/\/buletin.de\/bucuresti\/#organization","name":"Buletin de Bucure\u0219ti","url":"https:\/\/buletin.de\/bucuresti\/","logo":{"@type":"ImageObject","inLanguage":"en-GB","@id":"https:\/\/buletin.de\/bucuresti\/#\/schema\/logo\/image\/","url":"https:\/\/buletin.de\/bucuresti\/wp-content\/uploads\/logo-bdb-full-wide-vernil-transparent.png","contentUrl":"https:\/\/buletin.de\/bucuresti\/wp-content\/uploads\/logo-bdb-full-wide-vernil-transparent.png","width":1782,"height":626,"caption":"Buletin de Bucure\u0219ti"},"image":{"@id":"https:\/\/buletin.de\/bucuresti\/#\/schema\/logo\/image\/"},"sameAs":["https:\/\/www.facebook.com\/buletin.de.buc","https:\/\/www.instagram.com\/buletinde.bucuresti\/"]},{"@type":"Person","@id":"https:\/\/buletin.de\/bucuresti\/#\/schema\/person\/5272b8a057b33890940b57b837fc4ce6","name":"Ionu\u021b Lepa","image":{"@type":"ImageObject","inLanguage":"en-GB","@id":"https:\/\/buletin.de\/bucuresti\/wp-content\/uploads\/Ionut-Lepa-96x96.jpg5c4e4d9e049808799a8821652d2410a4","url":"https:\/\/buletin.de\/bucuresti\/wp-content\/uploads\/Ionut-Lepa-96x96.jpg","contentUrl":"https:\/\/buletin.de\/bucuresti\/wp-content\/uploads\/Ionut-Lepa-96x96.jpg","caption":"Ionu\u021b Lepa"},"url":"https:\/\/buletin.de\/bucuresti\/author\/ionutlepa\/"}]}},"authors":[{"term_id":22586,"user_id":8,"is_guest":0,"slug":"ionutlepa","display_name":"Ionu\u021b Lepa","avatar_url":"https:\/\/buletin.de\/bucuresti\/wp-content\/uploads\/Ionut-Lepa-96x96.jpg","0":null,"1":"","2":"","3":"","4":"","5":"","6":"","7":"","8":""}],"_links":{"self":[{"href":"https:\/\/buletin.de\/bucuresti\/wp-json\/wp\/v2\/posts\/102524","targetHints":{"allow":["GET"]}}],"collection":[{"href":"https:\/\/buletin.de\/bucuresti\/wp-json\/wp\/v2\/posts"}],"about":[{"href":"https:\/\/buletin.de\/bucuresti\/wp-json\/wp\/v2\/types\/post"}],"author":[{"embeddable":true,"href":"https:\/\/buletin.de\/bucuresti\/wp-json\/wp\/v2\/users\/8"}],"replies":[{"embeddable":true,"href":"https:\/\/buletin.de\/bucuresti\/wp-json\/wp\/v2\/comments?post=102524"}],"version-history":[{"count":4,"href":"https:\/\/buletin.de\/bucuresti\/wp-json\/wp\/v2\/posts\/102524\/revisions"}],"predecessor-version":[{"id":102680,"href":"https:\/\/buletin.de\/bucuresti\/wp-json\/wp\/v2\/posts\/102524\/revisions\/102680"}],"wp:featuredmedia":[{"embeddable":true,"href":"https:\/\/buletin.de\/bucuresti\/wp-json\/wp\/v2\/media\/102527"}],"wp:attachment":[{"href":"https:\/\/buletin.de\/bucuresti\/wp-json\/wp\/v2\/media?parent=102524"}],"wp:term":[{"taxonomy":"category","embeddable":true,"href":"https:\/\/buletin.de\/bucuresti\/wp-json\/wp\/v2\/categories?post=102524"},{"taxonomy":"post_tag","embeddable":true,"href":"https:\/\/buletin.de\/bucuresti\/wp-json\/wp\/v2\/tags?post=102524"},{"taxonomy":"author","embeddable":true,"href":"https:\/\/buletin.de\/bucuresti\/wp-json\/wp\/v2\/ppma_author?post=102524"}],"curies":[{"name":"wp","href":"https:\/\/api.w.org\/{rel}","templated":true}]}}