{"id":102443,"date":"2024-10-16T07:00:00","date_gmt":"2024-10-16T04:00:00","guid":{"rendered":"https:\/\/buletin.de\/bucuresti\/?p=102443"},"modified":"2024-10-16T11:29:15","modified_gmt":"2024-10-16T08:29:15","slug":"de-bello-unionis-cum-arata-frontul-unirii-dupa-lupta-primarilor","status":"publish","type":"post","link":"https:\/\/buletin.de\/bucuresti\/de-bello-unionis-cum-arata-frontul-unirii-dupa-lupta-primarilor\/","title":{"rendered":"REPORTAJ | \u201eDe bello unionis\u201d. Cum arat\u0103 \u201efrontul\u201d Unirii, dup\u0103 lupta primarilor"},"content":{"rendered":"\n<p><strong>A doua zi dup\u0103 lupta primarilor, a celui general cu cel de la Sectorul 4, dup\u0103 ce buldozerele au intrat \u00een scen\u0103 \u0219i gardurile au fost r\u0103sturnate, frontul de la Pia\u021ba Unirii pare lini\u0219tit. Dar nu v\u0103 l\u0103sa\u021bi \u00een\u0219ela\u021bi, camarazi! Pe sub praful \u00eempr\u0103\u0219tiat de utilaje \u0219i sub privirile obosite ale trec\u0103torilor, atmosfera este \u00eenc\u0103 \u00eenc\u0103rcat\u0103.<\/strong><\/p>\n\n\n\n<p>La primele ore, dup\u0103 ce comandantul, pardon, primarul Daniel B\u0103lu\u021b\u0103 a b\u0103tut \u00een retragere \u0219i le-a ordonat trupelor s\u0103 str\u00e2ng\u0103 gardurile, a r\u0103mas \u00een Parcul Unirii un peisaj trist. C\u00e2teva gropi de pe \u0219antierul care nu a durat nici m\u0103car 24 de ore ar\u0103tau ca ni\u0219te cratere l\u0103sate de ni\u0219te rachete sol-sol bine plasate.<\/p>\n\n\n\n<p>Utilajele au l\u0103sat \u00een urm\u0103 terenul sf\u0103r\u00e2mat, ca dup\u0103 o scurt\u0103, dar intens\u0103, b\u0103t\u0103lie urban\u0103.<\/p>\n\n\n\n<figure class=\"wp-block-image size-full\"><a href=\"https:\/\/buletin.de\/bucuresti\/wp-content\/uploads\/Parcul-Unirii-1.jpg\"><img fetchpriority=\"high\" decoding=\"async\" width=\"2000\" height=\"1334\" src=\"data:image\/gif;base64,R0lGODlhAQABAAAAACH5BAEKAAEALAAAAAABAAEAAAICTAEAOw==\" data-src=\"https:\/\/buletin.de\/bucuresti\/wp-content\/uploads\/Parcul-Unirii-1.jpg\" alt=\"Gropile l\u0103sate de lupta primarilor \u00een Parcul Unirii. FOTO: Inquam Photos \/ Sabin C\u00eerstoveanu\" class=\"wp-image-102444 lazyload\" data-sizes=\"auto\" data-srcset=\"https:\/\/buletin.de\/bucuresti\/wp-content\/uploads\/Parcul-Unirii-1.jpg 2000w, https:\/\/buletin.de\/bucuresti\/wp-content\/uploads\/Parcul-Unirii-1-300x200.jpg 300w, https:\/\/buletin.de\/bucuresti\/wp-content\/uploads\/Parcul-Unirii-1-900x600.jpg 900w, https:\/\/buletin.de\/bucuresti\/wp-content\/uploads\/Parcul-Unirii-1-768x512.jpg 768w, https:\/\/buletin.de\/bucuresti\/wp-content\/uploads\/Parcul-Unirii-1-1536x1025.jpg 1536w, https:\/\/buletin.de\/bucuresti\/wp-content\/uploads\/Parcul-Unirii-1-1600x1067.jpg 1600w, https:\/\/buletin.de\/bucuresti\/wp-content\/uploads\/Parcul-Unirii-1-1100x734.jpg 1100w, https:\/\/buletin.de\/bucuresti\/wp-content\/uploads\/Parcul-Unirii-1-600x400.jpg 600w, https:\/\/buletin.de\/bucuresti\/wp-content\/uploads\/Parcul-Unirii-1-20x13.jpg 20w\" sizes=\"(max-width: 2000px) 100vw, 2000px\" \/><\/a><figcaption class=\"wp-element-caption\">Gropile l\u0103sate de lupta primarilor \u00een Parcul Unirii. FOTO: Inquam Photos \/ Sabin C\u00eerstoveanu<\/figcaption><\/figure>\n\n\n\n<p><strong>CITE\u0218TE \u0218I: <a href=\"https:\/\/buletin.de\/bucuresti\/baluta-oprit-de-ciolacu-i-am-spus-ca-nu-este-permis-ce-se-intampla\/\">B\u0103lu\u021b\u0103 oprit de Ciolacu? \u201eI-am spus c\u0103 nu este permis ce se \u00eent\u00e2mpl\u0103\u201d<\/a><\/strong><\/p>\n\n\n\n<h2 class=\"wp-block-heading\" id=\"h-o-retragere-tactica\"><strong>O retragere tactic\u0103?<\/strong><\/h2>\n\n\n\n<p><strong>Am debarcat din metrou printre civilii care v\u00e2nd flori \u0219i ma\u0219inile de taxi ca un jurnalist de r\u0103zboi venit s\u0103 relateze dup\u0103 o retragere tactic\u0103.<\/strong><\/p>\n\n\n\n<p>\u00cen jurul orei 14:00, de\u0219i b\u0103t\u0103lia se \u00eencheiase de ceva timp, c\u00e2teva trupe de la Sectorul 4 \u00eenc\u0103 puneau la punct ultimele detalii, ca s\u0103 \u00eendrepte terenul r\u0103scolit de conflictul din ziua c\u00e2nd a avut loc lupta primarilor.<\/p>\n\n\n\n<p><strong>Groapa imens\u0103 \u0219i tran\u0219eele par astupate acum, dar urmele sunt vizibile: p\u0103m\u00e2nt proasp\u0103t, \u00eenc\u0103 moale, \u0219i un strat de praf persistent care d\u0103 locului un aer de provizorat.<\/strong><\/p>\n\n\n\n<p>Primul contact cu popula\u021bia civil\u0103, un t\u00e2n\u0103r care era \u00een trecere dinspre facultate, s-a oprit \u00een Parcul Unirii pentru a face o poz\u0103 pentru posteritate. Mi-a spus r\u00e2z\u00e2nd \u0219i cu un oarecare entuziasm: <em>\u201eM-am uitat ca la un serial de pe Netflix, \u0219i eu nici m\u0103car nu m\u0103 uit la TV de obicei, mai ales la \u0219tiri\u201d<\/em>.<\/p>\n\n\n\n<p>\u00cel ascult \u0219i m\u0103 uit cum trec pe l\u00e2ng\u0103 noi \u0219i mai mul\u021bi oameni, care fac \u0219i ei poze \u00eenspre zona pe care luni o numeam \u201e\u0219antierul de la plan\u0219eul Unirii\u201d.<\/p>\n\n\n\n<blockquote class=\"wp-block-quote is-layout-flow wp-block-quote-is-layout-flow\">\n<p>\u201eMi s-a p\u0103rut incredibil s\u0103 v\u0103d cum poli\u021bi\u0219tii locali se contraziceau \u0219i se certau cu al\u021bi poli\u021bi\u0219ti locali, \u00een timp ce Poli\u021bia Na\u021bional\u0103 st\u0103tea \u0219i se uita. Sincer, per total a fost un mare circ, dar m\u0103car a fost amuzant\u201d, a declarat civilul.<\/p>\n<\/blockquote>\n\n\n\n<p>B\u0103ncile din parc, \u00eentoarse la locurile lor, poart\u0103 \u00eenc\u0103 semnele b\u0103t\u0103liei. Fiecare e marcat\u0103 cu o band\u0103 special\u0103, un fel de linie de front pe care nimeni nu trebuie s\u0103 o treac\u0103, de\u0219i mul\u021bi civili au f\u0103cut asta deja.<\/p>\n\n\n\n<p>Pe o foaie lipit\u0103 deasupra st\u0103 scris clar, ca un ordin militar: \u201eSTOP! Nu v\u0103 a\u0219eza\u021bi! Ne cerem scuze pentru disconfortul creat\u201d, de\u0219i nu este men\u021bionat din partea c\u0103rui comandament vine acest ordin. Probabil c\u0103, de\u0219i lini\u0219tea a revenit, frontul nu este \u00eenc\u0103 \u00een siguran\u021b\u0103 complet\u0103.<\/p>\n\n\n\n<figure class=\"wp-block-image size-full\"><a href=\"https:\/\/buletin.de\/bucuresti\/wp-content\/uploads\/banci-parcul-unirii.jpeg\"><img decoding=\"async\" src=\"data:image\/gif;base64,R0lGODlhAQABAAAAACH5BAEKAAEALAAAAAABAAEAAAICTAEAOw==\" data-src=\"https:\/\/buletin.de\/bucuresti\/wp-content\/uploads\/banci-parcul-unirii.jpeg\" alt=\"lupta primarilor\" class=\"wp-image-102445 lazyload\"\/><\/a><figcaption class=\"wp-element-caption\">B\u0103ncile din Parcul Unirii au fost puse la loc. FOTO: C\u0103t\u0103lin Anghel-Dimache<\/figcaption><\/figure>\n\n\n\n<p><strong>CITE\u0218TE \u0218I: <a href=\"https:\/\/buletin.de\/bucuresti\/documentele-pe-baza-carora-pmb-a-inchis-santierul-de-la-planseul-unirii\/\">Documentele pe baza c\u0103rora PMB a \u00eenchis \u0219antierul de la plan\u0219eul Unirii<\/a><\/strong><\/p>\n\n\n\n<h2 class=\"wp-block-heading\" id=\"h-orgolii-ranite-pe-campul-de-lupta\"><strong>Orgolii r\u0103nite pe c\u00e2mpul de lupt\u0103<\/strong><\/h2>\n\n\n\n<p><strong>Nu este fum \u00een zon\u0103, dar praful ridicat de utilajele grele \u00eenc\u0103 plute\u0219te \u00een aer, ca o amintire stins\u0103 a conflictului de ieri.<\/strong><\/p>\n\n\n\n<p>Dincolo de tran\u0219eele astupate, o femeie pe la 65 de ani vinde lavand\u0103 la metrou. Am \u00eentrebat-o dac\u0103 nu ar fi mai profitabil s\u0103 v\u00e2nd\u0103 coroane funerare \u00een contextul b\u0103t\u0103liei primarilor. A r\u00e2s.<\/p>\n\n\n\n<p><em>\u201eAr fi greu de transportat, sunt singur\u0103\u201d<\/em>, mi-a replicat.<\/p>\n\n\n\n<p>Pentru cei doi primari din Bucure\u0219ti care s-au \u00eenfoiat unul c\u0103tre cel\u0103lalt a fost un r\u0103zboi al principiilor sau al orgoliilor, pentru al\u021bii, o alt\u0103 zi \u00een care s-au luptat s\u0103 supravie\u021buiasc\u0103.<\/p>\n\n\n\n<blockquote class=\"wp-block-quote is-layout-flow wp-block-quote-is-layout-flow\">\n<p>\u201eS-a terminat, da. S-au dus \u00eenapoi la birou acum, to\u021bi, dar tot cet\u0103\u021benii sufer\u0103, tot n-avem bani, nu avem s\u0103 le d\u0103m copiilor\u201d, a spus femeia care vinde lavand\u0103.<\/p>\n<\/blockquote>\n\n\n\n<p>De cealalt\u0103 parte a Parcului Unirii, \u00een apropierea Hanului lui Manuc, chiar de unde \u00eencepe plan\u0219eul Unirii, un \u0219ofer parcat jum\u0103tate pe trotuar \u0219i jum\u0103tate pe carosabil, ca mul\u021bi bucure\u0219teni care au permis, fumeaz\u0103 \u0219i se uit\u0103 spre c\u00e2mpul luptei de ieri.<\/p>\n\n\n\n<p><strong><em>\u201eDeci, din banii mei \u0219i ai no\u0219tri, ai tuturor p\u00e2n\u0103 la urm\u0103, pl\u0103tim ni\u0219te poli\u021bii locale care se ceart\u0103 \u00eentre ele \u0219i o poli\u021bie na\u021bional\u0103 care st\u0103 \u0219i se uit\u0103\u201d<\/em><\/strong>, a rezumat el \u00eent\u00e2mplarea.<\/p>\n\n\n\n<p>El spune c\u0103 scandalul de ieri a fost un circ total, o lupt\u0103 f\u0103r\u0103 c\u00e2\u0219tig\u0103tori, iar cei mai mari pierz\u0103tori sunt tot cet\u0103\u021benii.<\/p>\n\n\n\n<p><strong><em>\u201eE clar c\u0103 trebuie s\u0103 \u00eenceap\u0103 lucr\u0103rile odat\u0103 \u0219i odat\u0103, nimeni nu contest\u0103 asta, \u0219i, bravo domnului B\u0103lu\u021b\u0103 c\u0103 s-a apucat de treab\u0103, dar nu \u00een\u021beleg de ce s-a gr\u0103bit. Dac\u0103 nu a c\u0103zut plan\u0219eul \u0103sta \u00een 100 de ani, nu mai poate a\u0219tepta c\u00e2teva luni? Bine, acum, nici Nicu\u0219or nu \u00een\u021beleg de ce se opune\u201d<\/em><\/strong>, a explicat \u0219oferul.<\/p>\n\n\n\n<h2 class=\"wp-block-heading\" id=\"h-memecronica\">\u201eMemecronica\u201d<\/h2>\n\n\n\n<p>Ziua de 14 octombrie va r\u0103m\u00e2ne \u00een memoria ora\u0219ului drept \u201eB\u0103t\u0103lia de la Pia\u021ba Unirii\u201d, o zi plin\u0103 de haos care deja face valuri pe internet.<\/p>\n\n\n\n<p>Meme-urile curg, iar pe re\u021bele sociale au \u00eenceput s\u0103 apar\u0103 pagini de Wikipedia improvizate, \u00een care povestea confrunt\u0103rii dintre cei doi primari este tratat\u0103 cu umor. <\/p>\n\n\n\n<figure class=\"wp-block-gallery has-nested-images columns-default is-cropped wp-block-gallery-1 is-layout-flex wp-block-gallery-is-layout-flex\">\n<figure class=\"wp-block-image size-large\"><a href=\"https:\/\/buletin.de\/bucuresti\/wp-content\/uploads\/wiki-fake-1.jpeg\"><img decoding=\"async\" width=\"364\" height=\"835\" data-id=\"102448\" src=\"data:image\/gif;base64,R0lGODlhAQABAAAAACH5BAEKAAEALAAAAAABAAEAAAICTAEAOw==\" data-src=\"https:\/\/buletin.de\/bucuresti\/wp-content\/uploads\/wiki-fake-1.jpeg\" alt=\"Glume despre lupta primarilor, de la Pia\u021ba Unirii\" class=\"wp-image-102448 lazyload\" data-sizes=\"auto\" data-srcset=\"https:\/\/buletin.de\/bucuresti\/wp-content\/uploads\/wiki-fake-1.jpeg 364w, https:\/\/buletin.de\/bucuresti\/wp-content\/uploads\/wiki-fake-1-131x300.jpeg 131w, https:\/\/buletin.de\/bucuresti\/wp-content\/uploads\/wiki-fake-1-20x46.jpeg 20w\" sizes=\"(max-width: 364px) 100vw, 364px\" \/><\/a><figcaption class=\"wp-element-caption\">Glume despre lupta primarilor, de la Pia\u021ba Unirii<\/figcaption><\/figure>\n\n\n\n<figure class=\"wp-block-image size-large\"><a href=\"https:\/\/buletin.de\/bucuresti\/wp-content\/uploads\/war-1.jpeg\"><img decoding=\"async\" width=\"900\" height=\"749\" data-id=\"102449\" src=\"data:image\/gif;base64,R0lGODlhAQABAAAAACH5BAEKAAEALAAAAAABAAEAAAICTAEAOw==\" data-src=\"https:\/\/buletin.de\/bucuresti\/wp-content\/uploads\/war-1-900x749.jpeg\" alt=\"\" class=\"wp-image-102449 lazyload\" data-sizes=\"auto\" data-srcset=\"https:\/\/buletin.de\/bucuresti\/wp-content\/uploads\/war-1-900x749.jpeg 900w, https:\/\/buletin.de\/bucuresti\/wp-content\/uploads\/war-1-300x250.jpeg 300w, https:\/\/buletin.de\/bucuresti\/wp-content\/uploads\/war-1-768x639.jpeg 768w, https:\/\/buletin.de\/bucuresti\/wp-content\/uploads\/war-1-1100x916.jpeg 1100w, https:\/\/buletin.de\/bucuresti\/wp-content\/uploads\/war-1-600x499.jpeg 600w, https:\/\/buletin.de\/bucuresti\/wp-content\/uploads\/war-1-20x17.jpeg 20w, https:\/\/buletin.de\/bucuresti\/wp-content\/uploads\/war-1.jpeg 1170w\" sizes=\"(max-width: 900px) 100vw, 900px\" \/><\/a><figcaption class=\"wp-element-caption\">Glume despre lupta primarilor, de la Pia\u021ba Unirii<\/figcaption><\/figure>\n<\/figure>\n\n\n\n<p>Probabil \u201eB\u0103t\u0103lia de la Pia\u021ba Unirii\u201d nu va intra \u00een manualele de istorie, dar va r\u0103m\u00e2ne o referin\u021b\u0103 amuzant\u0103. Am putea, pentru posteritate, s\u0103 o denumim chiar \u0219i \u00een latin\u0103 &#8211; De bello unionis.<\/p>\n\n\n\n<p><strong>CITE\u0218TE \u0218I: <a href=\"https:\/\/buletin.de\/bucuresti\/editorial-gardienii-unirii-si-mafia-care-face\/\">EDITORIAL | Gardienii Unirii \u0219i mafia care face<\/a><\/strong><\/p>\n","protected":false},"excerpt":{"rendered":"<p>A doua zi dup\u0103 lupta primarilor, a celui general cu cel de la Sectorul 4, dup\u0103 ce buldozerele au intrat \u00een scen\u0103 \u0219i gardurile au fost r\u0103sturnate, frontul de la Pia\u021ba Unirii pare lini\u0219tit. Dar nu v\u0103 l\u0103sa\u021bi \u00een\u0219ela\u021bi, camarazi! Pe sub praful \u00eempr\u0103\u0219tiat de utilaje \u0219i sub privirile obosite ale trec\u0103torilor, atmosfera este \u00eenc\u0103 [&hellip;]<\/p>\n","protected":false},"author":59,"featured_media":102445,"comment_status":"closed","ping_status":"open","sticky":false,"template":"","format":"standard","meta":{"_acf_changed":false,"inline_featured_image":false,"ngg_post_thumbnail":0,"footnotes":""},"categories":[6994,5762,9025,24],"tags":[9,1204,223,15992,3623,16006,1727,765],"ppma_author":[22572],"class_list":["post-102443","post","type-post","status-publish","format-standard","has-post-thumbnail","hentry","category-stiri-2","category-main","category-politic","category-primarie","tag-bucuresti","tag-daniel-baluta","tag-nicusor-dan","tag-parcul-unirii","tag-piata-unirii","tag-planseu-2","tag-primaria-municipiului-bucuresti","tag-sector-4"],"acf":[],"yoast_head":"<!-- This site is optimized with the Yoast SEO Premium plugin v25.3 (Yoast SEO v27.4) - https:\/\/yoast.com\/product\/yoast-seo-premium-wordpress\/ -->\n<title>REPORTAJ | \u201eDe bello unionis\u201d. Cum arat\u0103 \u201efrontul\u201d Unirii, dup\u0103 lupta primarilor - Buletin de Bucure\u0219ti<\/title>\n<meta name=\"description\" content=\"A doua zi de la lupta primarilor, dup\u0103 ce buldozerele au intrat \u00een scen\u0103 \u0219i gardurile au fost rase, frontul de la Pia\u021ba Unirii pare lini\u0219tit.\" \/>\n<meta name=\"robots\" content=\"index, follow, max-snippet:-1, max-image-preview:large, max-video-preview:-1\" \/>\n<link rel=\"canonical\" href=\"https:\/\/buletin.de\/bucuresti\/de-bello-unionis-cum-arata-frontul-unirii-dupa-lupta-primarilor\/\" \/>\n<meta property=\"og:locale\" content=\"en_GB\" \/>\n<meta property=\"og:type\" content=\"article\" \/>\n<meta property=\"og:title\" content=\"REPORTAJ | \u201eDe bello unionis\u201d. Cum arat\u0103 \u201efrontul\u201d Unirii, dup\u0103 lupta primarilor\" \/>\n<meta property=\"og:description\" content=\"A doua zi de la lupta primarilor, dup\u0103 ce buldozerele au intrat \u00een scen\u0103 \u0219i gardurile au fost rase, frontul de la Pia\u021ba Unirii pare lini\u0219tit.\" \/>\n<meta property=\"og:url\" content=\"https:\/\/buletin.de\/bucuresti\/de-bello-unionis-cum-arata-frontul-unirii-dupa-lupta-primarilor\/\" \/>\n<meta property=\"og:site_name\" content=\"Buletin de Bucure\u0219ti\" \/>\n<meta property=\"article:publisher\" content=\"https:\/\/www.facebook.com\/buletin.de.buc\" \/>\n<meta property=\"article:published_time\" content=\"2024-10-16T04:00:00+00:00\" \/>\n<meta property=\"article:modified_time\" content=\"2024-10-16T08:29:15+00:00\" \/>\n<meta property=\"og:image\" content=\"https:\/\/buletin.de\/bucuresti\/wp-content\/uploads\/banci-parcul-unirii-e1729054468762.jpeg\" \/>\n\t<meta property=\"og:image:width\" content=\"1583\" \/>\n\t<meta property=\"og:image:height\" content=\"1262\" \/>\n\t<meta property=\"og:image:type\" content=\"image\/jpeg\" \/>\n<meta name=\"author\" content=\"C\u0103t\u0103lin Anghel-Dimache\" \/>\n<meta name=\"twitter:card\" content=\"summary_large_image\" \/>\n<meta name=\"twitter:label1\" content=\"Written by\" \/>\n\t<meta name=\"twitter:data1\" content=\"C\u0103t\u0103lin Anghel-Dimache\" \/>\n\t<meta name=\"twitter:label2\" content=\"Estimated reading time\" \/>\n\t<meta name=\"twitter:data2\" content=\"1 minute\" \/>\n<script type=\"application\/ld+json\" class=\"yoast-schema-graph\">{\"@context\":\"https:\\\/\\\/schema.org\",\"@graph\":[{\"@type\":\"Article\",\"@id\":\"https:\\\/\\\/buletin.de\\\/bucuresti\\\/de-bello-unionis-cum-arata-frontul-unirii-dupa-lupta-primarilor\\\/#article\",\"isPartOf\":{\"@id\":\"https:\\\/\\\/buletin.de\\\/bucuresti\\\/de-bello-unionis-cum-arata-frontul-unirii-dupa-lupta-primarilor\\\/\"},\"author\":{\"name\":\"C\u0103t\u0103lin Anghel-Dimache\",\"@id\":\"https:\\\/\\\/buletin.de\\\/bucuresti\\\/#\\\/schema\\\/person\\\/0ac9db30080482be87c7386a30f98796\"},\"headline\":\"REPORTAJ | \u201eDe bello unionis\u201d. Cum arat\u0103 \u201efrontul\u201d Unirii, dup\u0103 lupta primarilor\",\"datePublished\":\"2024-10-16T04:00:00+00:00\",\"dateModified\":\"2024-10-16T08:29:15+00:00\",\"mainEntityOfPage\":{\"@id\":\"https:\\\/\\\/buletin.de\\\/bucuresti\\\/de-bello-unionis-cum-arata-frontul-unirii-dupa-lupta-primarilor\\\/\"},\"wordCount\":1039,\"publisher\":{\"@id\":\"https:\\\/\\\/buletin.de\\\/bucuresti\\\/#organization\"},\"image\":{\"@id\":\"https:\\\/\\\/buletin.de\\\/bucuresti\\\/de-bello-unionis-cum-arata-frontul-unirii-dupa-lupta-primarilor\\\/#primaryimage\"},\"thumbnailUrl\":\"https:\\\/\\\/buletin.de\\\/bucuresti\\\/wp-content\\\/uploads\\\/banci-parcul-unirii-e1729054468762.jpeg\",\"keywords\":[\"bucuresti\",\"daniel baluta\",\"nicusor dan\",\"parcul unirii\",\"piata unirii\",\"planseu\",\"primaria municipiului bucuresti\",\"Sector 4\"],\"articleSection\":[\"Articole\",\"Main\",\"Politic\",\"Prim\u0103rie\"],\"inLanguage\":\"en-GB\",\"copyrightYear\":\"2024\",\"copyrightHolder\":{\"@id\":\"https:\\\/\\\/buletin.de\\\/bucuresti\\\/#organization\"}},{\"@type\":\"WebPage\",\"@id\":\"https:\\\/\\\/buletin.de\\\/bucuresti\\\/de-bello-unionis-cum-arata-frontul-unirii-dupa-lupta-primarilor\\\/\",\"url\":\"https:\\\/\\\/buletin.de\\\/bucuresti\\\/de-bello-unionis-cum-arata-frontul-unirii-dupa-lupta-primarilor\\\/\",\"name\":\"REPORTAJ | \u201eDe bello unionis\u201d. Cum arat\u0103 \u201efrontul\u201d Unirii, dup\u0103 lupta primarilor - Buletin de Bucure\u0219ti\",\"isPartOf\":{\"@id\":\"https:\\\/\\\/buletin.de\\\/bucuresti\\\/#website\"},\"primaryImageOfPage\":{\"@id\":\"https:\\\/\\\/buletin.de\\\/bucuresti\\\/de-bello-unionis-cum-arata-frontul-unirii-dupa-lupta-primarilor\\\/#primaryimage\"},\"image\":{\"@id\":\"https:\\\/\\\/buletin.de\\\/bucuresti\\\/de-bello-unionis-cum-arata-frontul-unirii-dupa-lupta-primarilor\\\/#primaryimage\"},\"thumbnailUrl\":\"https:\\\/\\\/buletin.de\\\/bucuresti\\\/wp-content\\\/uploads\\\/banci-parcul-unirii-e1729054468762.jpeg\",\"datePublished\":\"2024-10-16T04:00:00+00:00\",\"dateModified\":\"2024-10-16T08:29:15+00:00\",\"description\":\"A doua zi de la lupta primarilor, dup\u0103 ce buldozerele au intrat \u00een scen\u0103 \u0219i gardurile au fost rase, frontul de la Pia\u021ba Unirii pare lini\u0219tit.\",\"breadcrumb\":{\"@id\":\"https:\\\/\\\/buletin.de\\\/bucuresti\\\/de-bello-unionis-cum-arata-frontul-unirii-dupa-lupta-primarilor\\\/#breadcrumb\"},\"inLanguage\":\"en-GB\",\"potentialAction\":[{\"@type\":\"ReadAction\",\"target\":[\"https:\\\/\\\/buletin.de\\\/bucuresti\\\/de-bello-unionis-cum-arata-frontul-unirii-dupa-lupta-primarilor\\\/\"]}]},{\"@type\":\"ImageObject\",\"inLanguage\":\"en-GB\",\"@id\":\"https:\\\/\\\/buletin.de\\\/bucuresti\\\/de-bello-unionis-cum-arata-frontul-unirii-dupa-lupta-primarilor\\\/#primaryimage\",\"url\":\"https:\\\/\\\/buletin.de\\\/bucuresti\\\/wp-content\\\/uploads\\\/banci-parcul-unirii-e1729054468762.jpeg\",\"contentUrl\":\"https:\\\/\\\/buletin.de\\\/bucuresti\\\/wp-content\\\/uploads\\\/banci-parcul-unirii-e1729054468762.jpeg\",\"width\":1583,\"height\":1262,\"caption\":\"\u201eDe bello unionis\u201d. Cum arat\u0103 \u201efrontul\u201d Unirii, dup\u0103 lupta primarilor. FOTO: C\u0103t\u0103lin Anghel-Dimache\"},{\"@type\":\"BreadcrumbList\",\"@id\":\"https:\\\/\\\/buletin.de\\\/bucuresti\\\/de-bello-unionis-cum-arata-frontul-unirii-dupa-lupta-primarilor\\\/#breadcrumb\",\"itemListElement\":[{\"@type\":\"ListItem\",\"position\":1,\"name\":\"Acas\u0103\",\"item\":\"https:\\\/\\\/buletin.de\\\/bucuresti\\\/\"},{\"@type\":\"ListItem\",\"position\":2,\"name\":\"REPORTAJ | \u201eDe bello unionis\u201d. Cum arat\u0103 \u201efrontul\u201d Unirii, dup\u0103 lupta primarilor\"}]},{\"@type\":\"WebSite\",\"@id\":\"https:\\\/\\\/buletin.de\\\/bucuresti\\\/#website\",\"url\":\"https:\\\/\\\/buletin.de\\\/bucuresti\\\/\",\"name\":\"Buletin de Bucure\u0219ti\",\"description\":\"\u0218tiri \u0219i investiga\u021bii esen\u021biale din capital\u0103\",\"publisher\":{\"@id\":\"https:\\\/\\\/buletin.de\\\/bucuresti\\\/#organization\"},\"potentialAction\":[{\"@type\":\"SearchAction\",\"target\":{\"@type\":\"EntryPoint\",\"urlTemplate\":\"https:\\\/\\\/buletin.de\\\/bucuresti\\\/?s={search_term_string}\"},\"query-input\":{\"@type\":\"PropertyValueSpecification\",\"valueRequired\":true,\"valueName\":\"search_term_string\"}}],\"inLanguage\":\"en-GB\"},{\"@type\":\"Organization\",\"@id\":\"https:\\\/\\\/buletin.de\\\/bucuresti\\\/#organization\",\"name\":\"Buletin de Bucure\u0219ti\",\"url\":\"https:\\\/\\\/buletin.de\\\/bucuresti\\\/\",\"logo\":{\"@type\":\"ImageObject\",\"inLanguage\":\"en-GB\",\"@id\":\"https:\\\/\\\/buletin.de\\\/bucuresti\\\/#\\\/schema\\\/logo\\\/image\\\/\",\"url\":\"https:\\\/\\\/buletin.de\\\/bucuresti\\\/wp-content\\\/uploads\\\/logo-bdb-full-wide-vernil-transparent.png\",\"contentUrl\":\"https:\\\/\\\/buletin.de\\\/bucuresti\\\/wp-content\\\/uploads\\\/logo-bdb-full-wide-vernil-transparent.png\",\"width\":1782,\"height\":626,\"caption\":\"Buletin de Bucure\u0219ti\"},\"image\":{\"@id\":\"https:\\\/\\\/buletin.de\\\/bucuresti\\\/#\\\/schema\\\/logo\\\/image\\\/\"},\"sameAs\":[\"https:\\\/\\\/www.facebook.com\\\/buletin.de.buc\",\"https:\\\/\\\/www.instagram.com\\\/buletinde.bucuresti\\\/\"]},{\"@type\":\"Person\",\"@id\":\"https:\\\/\\\/buletin.de\\\/bucuresti\\\/#\\\/schema\\\/person\\\/0ac9db30080482be87c7386a30f98796\",\"name\":\"C\u0103t\u0103lin Anghel-Dimache\",\"image\":{\"@type\":\"ImageObject\",\"inLanguage\":\"en-GB\",\"@id\":\"https:\\\/\\\/buletin.de\\\/bucuresti\\\/wp-content\\\/uploads\\\/Catalin-Anghel-Dimache-96x96.jpgbd9e43c5b25186d5b8e917ac61ad86c4\",\"url\":\"https:\\\/\\\/buletin.de\\\/bucuresti\\\/wp-content\\\/uploads\\\/Catalin-Anghel-Dimache-96x96.jpg\",\"contentUrl\":\"https:\\\/\\\/buletin.de\\\/bucuresti\\\/wp-content\\\/uploads\\\/Catalin-Anghel-Dimache-96x96.jpg\",\"caption\":\"C\u0103t\u0103lin Anghel-Dimache\"},\"description\":\"A absolvit Facultatea de Jurnalism \u0219i \u0218tiin\u021bele Comunic\u0103rii a Universit\u0103\u021bii din Bucure\u0219ti \u00een 2024. Scrie despre mediu \u0219i teme sociale, dar \u0219i despre cum se reflect\u0103 ele \u00een via\u021ba cotidian\u0103 a bucure\u0219tenilor, cu un ochi atent la pove\u0219tile personale din spatele titlurilor. N\u0103scut \u0219i crescut \u00een Bucure\u0219ti, a f\u0103cut un pas c\u0103tre presa local\u0103, din pasiune pentru ora\u0219ul s\u0103u \u0219i oamenii din el.\",\"url\":\"https:\\\/\\\/buletin.de\\\/bucuresti\\\/author\\\/catalin-anghel-dimache\\\/\"}]}<\/script>\n<!-- \/ Yoast SEO Premium plugin. -->","yoast_head_json":{"title":"REPORTAJ | \u201eDe bello unionis\u201d. Cum arat\u0103 \u201efrontul\u201d Unirii, dup\u0103 lupta primarilor - Buletin de Bucure\u0219ti","description":"A doua zi de la lupta primarilor, dup\u0103 ce buldozerele au intrat \u00een scen\u0103 \u0219i gardurile au fost rase, frontul de la Pia\u021ba Unirii pare lini\u0219tit.","robots":{"index":"index","follow":"follow","max-snippet":"max-snippet:-1","max-image-preview":"max-image-preview:large","max-video-preview":"max-video-preview:-1"},"canonical":"https:\/\/buletin.de\/bucuresti\/de-bello-unionis-cum-arata-frontul-unirii-dupa-lupta-primarilor\/","og_locale":"en_GB","og_type":"article","og_title":"REPORTAJ | \u201eDe bello unionis\u201d. Cum arat\u0103 \u201efrontul\u201d Unirii, dup\u0103 lupta primarilor","og_description":"A doua zi de la lupta primarilor, dup\u0103 ce buldozerele au intrat \u00een scen\u0103 \u0219i gardurile au fost rase, frontul de la Pia\u021ba Unirii pare lini\u0219tit.","og_url":"https:\/\/buletin.de\/bucuresti\/de-bello-unionis-cum-arata-frontul-unirii-dupa-lupta-primarilor\/","og_site_name":"Buletin de Bucure\u0219ti","article_publisher":"https:\/\/www.facebook.com\/buletin.de.buc","article_published_time":"2024-10-16T04:00:00+00:00","article_modified_time":"2024-10-16T08:29:15+00:00","og_image":[{"width":1583,"height":1262,"url":"https:\/\/buletin.de\/bucuresti\/wp-content\/uploads\/banci-parcul-unirii-e1729054468762.jpeg","type":"image\/jpeg"}],"author":"C\u0103t\u0103lin Anghel-Dimache","twitter_card":"summary_large_image","twitter_misc":{"Written by":"C\u0103t\u0103lin Anghel-Dimache","Estimated reading time":"1 minute"},"schema":{"@context":"https:\/\/schema.org","@graph":[{"@type":"Article","@id":"https:\/\/buletin.de\/bucuresti\/de-bello-unionis-cum-arata-frontul-unirii-dupa-lupta-primarilor\/#article","isPartOf":{"@id":"https:\/\/buletin.de\/bucuresti\/de-bello-unionis-cum-arata-frontul-unirii-dupa-lupta-primarilor\/"},"author":{"name":"C\u0103t\u0103lin Anghel-Dimache","@id":"https:\/\/buletin.de\/bucuresti\/#\/schema\/person\/0ac9db30080482be87c7386a30f98796"},"headline":"REPORTAJ | \u201eDe bello unionis\u201d. Cum arat\u0103 \u201efrontul\u201d Unirii, dup\u0103 lupta primarilor","datePublished":"2024-10-16T04:00:00+00:00","dateModified":"2024-10-16T08:29:15+00:00","mainEntityOfPage":{"@id":"https:\/\/buletin.de\/bucuresti\/de-bello-unionis-cum-arata-frontul-unirii-dupa-lupta-primarilor\/"},"wordCount":1039,"publisher":{"@id":"https:\/\/buletin.de\/bucuresti\/#organization"},"image":{"@id":"https:\/\/buletin.de\/bucuresti\/de-bello-unionis-cum-arata-frontul-unirii-dupa-lupta-primarilor\/#primaryimage"},"thumbnailUrl":"https:\/\/buletin.de\/bucuresti\/wp-content\/uploads\/banci-parcul-unirii-e1729054468762.jpeg","keywords":["bucuresti","daniel baluta","nicusor dan","parcul unirii","piata unirii","planseu","primaria municipiului bucuresti","Sector 4"],"articleSection":["Articole","Main","Politic","Prim\u0103rie"],"inLanguage":"en-GB","copyrightYear":"2024","copyrightHolder":{"@id":"https:\/\/buletin.de\/bucuresti\/#organization"}},{"@type":"WebPage","@id":"https:\/\/buletin.de\/bucuresti\/de-bello-unionis-cum-arata-frontul-unirii-dupa-lupta-primarilor\/","url":"https:\/\/buletin.de\/bucuresti\/de-bello-unionis-cum-arata-frontul-unirii-dupa-lupta-primarilor\/","name":"REPORTAJ | \u201eDe bello unionis\u201d. Cum arat\u0103 \u201efrontul\u201d Unirii, dup\u0103 lupta primarilor - Buletin de Bucure\u0219ti","isPartOf":{"@id":"https:\/\/buletin.de\/bucuresti\/#website"},"primaryImageOfPage":{"@id":"https:\/\/buletin.de\/bucuresti\/de-bello-unionis-cum-arata-frontul-unirii-dupa-lupta-primarilor\/#primaryimage"},"image":{"@id":"https:\/\/buletin.de\/bucuresti\/de-bello-unionis-cum-arata-frontul-unirii-dupa-lupta-primarilor\/#primaryimage"},"thumbnailUrl":"https:\/\/buletin.de\/bucuresti\/wp-content\/uploads\/banci-parcul-unirii-e1729054468762.jpeg","datePublished":"2024-10-16T04:00:00+00:00","dateModified":"2024-10-16T08:29:15+00:00","description":"A doua zi de la lupta primarilor, dup\u0103 ce buldozerele au intrat \u00een scen\u0103 \u0219i gardurile au fost rase, frontul de la Pia\u021ba Unirii pare lini\u0219tit.","breadcrumb":{"@id":"https:\/\/buletin.de\/bucuresti\/de-bello-unionis-cum-arata-frontul-unirii-dupa-lupta-primarilor\/#breadcrumb"},"inLanguage":"en-GB","potentialAction":[{"@type":"ReadAction","target":["https:\/\/buletin.de\/bucuresti\/de-bello-unionis-cum-arata-frontul-unirii-dupa-lupta-primarilor\/"]}]},{"@type":"ImageObject","inLanguage":"en-GB","@id":"https:\/\/buletin.de\/bucuresti\/de-bello-unionis-cum-arata-frontul-unirii-dupa-lupta-primarilor\/#primaryimage","url":"https:\/\/buletin.de\/bucuresti\/wp-content\/uploads\/banci-parcul-unirii-e1729054468762.jpeg","contentUrl":"https:\/\/buletin.de\/bucuresti\/wp-content\/uploads\/banci-parcul-unirii-e1729054468762.jpeg","width":1583,"height":1262,"caption":"\u201eDe bello unionis\u201d. Cum arat\u0103 \u201efrontul\u201d Unirii, dup\u0103 lupta primarilor. FOTO: C\u0103t\u0103lin Anghel-Dimache"},{"@type":"BreadcrumbList","@id":"https:\/\/buletin.de\/bucuresti\/de-bello-unionis-cum-arata-frontul-unirii-dupa-lupta-primarilor\/#breadcrumb","itemListElement":[{"@type":"ListItem","position":1,"name":"Acas\u0103","item":"https:\/\/buletin.de\/bucuresti\/"},{"@type":"ListItem","position":2,"name":"REPORTAJ | \u201eDe bello unionis\u201d. Cum arat\u0103 \u201efrontul\u201d Unirii, dup\u0103 lupta primarilor"}]},{"@type":"WebSite","@id":"https:\/\/buletin.de\/bucuresti\/#website","url":"https:\/\/buletin.de\/bucuresti\/","name":"Buletin de Bucure\u0219ti","description":"\u0218tiri \u0219i investiga\u021bii esen\u021biale din capital\u0103","publisher":{"@id":"https:\/\/buletin.de\/bucuresti\/#organization"},"potentialAction":[{"@type":"SearchAction","target":{"@type":"EntryPoint","urlTemplate":"https:\/\/buletin.de\/bucuresti\/?s={search_term_string}"},"query-input":{"@type":"PropertyValueSpecification","valueRequired":true,"valueName":"search_term_string"}}],"inLanguage":"en-GB"},{"@type":"Organization","@id":"https:\/\/buletin.de\/bucuresti\/#organization","name":"Buletin de Bucure\u0219ti","url":"https:\/\/buletin.de\/bucuresti\/","logo":{"@type":"ImageObject","inLanguage":"en-GB","@id":"https:\/\/buletin.de\/bucuresti\/#\/schema\/logo\/image\/","url":"https:\/\/buletin.de\/bucuresti\/wp-content\/uploads\/logo-bdb-full-wide-vernil-transparent.png","contentUrl":"https:\/\/buletin.de\/bucuresti\/wp-content\/uploads\/logo-bdb-full-wide-vernil-transparent.png","width":1782,"height":626,"caption":"Buletin de Bucure\u0219ti"},"image":{"@id":"https:\/\/buletin.de\/bucuresti\/#\/schema\/logo\/image\/"},"sameAs":["https:\/\/www.facebook.com\/buletin.de.buc","https:\/\/www.instagram.com\/buletinde.bucuresti\/"]},{"@type":"Person","@id":"https:\/\/buletin.de\/bucuresti\/#\/schema\/person\/0ac9db30080482be87c7386a30f98796","name":"C\u0103t\u0103lin Anghel-Dimache","image":{"@type":"ImageObject","inLanguage":"en-GB","@id":"https:\/\/buletin.de\/bucuresti\/wp-content\/uploads\/Catalin-Anghel-Dimache-96x96.jpgbd9e43c5b25186d5b8e917ac61ad86c4","url":"https:\/\/buletin.de\/bucuresti\/wp-content\/uploads\/Catalin-Anghel-Dimache-96x96.jpg","contentUrl":"https:\/\/buletin.de\/bucuresti\/wp-content\/uploads\/Catalin-Anghel-Dimache-96x96.jpg","caption":"C\u0103t\u0103lin Anghel-Dimache"},"description":"A absolvit Facultatea de Jurnalism \u0219i \u0218tiin\u021bele Comunic\u0103rii a Universit\u0103\u021bii din Bucure\u0219ti \u00een 2024. Scrie despre mediu \u0219i teme sociale, dar \u0219i despre cum se reflect\u0103 ele \u00een via\u021ba cotidian\u0103 a bucure\u0219tenilor, cu un ochi atent la pove\u0219tile personale din spatele titlurilor. N\u0103scut \u0219i crescut \u00een Bucure\u0219ti, a f\u0103cut un pas c\u0103tre presa local\u0103, din pasiune pentru ora\u0219ul s\u0103u \u0219i oamenii din el.","url":"https:\/\/buletin.de\/bucuresti\/author\/catalin-anghel-dimache\/"}]}},"authors":[{"term_id":22572,"user_id":59,"is_guest":0,"slug":"catalin-anghel-dimache","display_name":"C\u0103t\u0103lin Anghel-Dimache","avatar_url":"https:\/\/buletin.de\/bucuresti\/wp-content\/uploads\/Catalin-Anghel-Dimache-96x96.jpg","0":null,"1":"","2":"","3":"","4":"","5":"","6":"","7":"","8":""}],"_links":{"self":[{"href":"https:\/\/buletin.de\/bucuresti\/wp-json\/wp\/v2\/posts\/102443","targetHints":{"allow":["GET"]}}],"collection":[{"href":"https:\/\/buletin.de\/bucuresti\/wp-json\/wp\/v2\/posts"}],"about":[{"href":"https:\/\/buletin.de\/bucuresti\/wp-json\/wp\/v2\/types\/post"}],"author":[{"embeddable":true,"href":"https:\/\/buletin.de\/bucuresti\/wp-json\/wp\/v2\/users\/59"}],"replies":[{"embeddable":true,"href":"https:\/\/buletin.de\/bucuresti\/wp-json\/wp\/v2\/comments?post=102443"}],"version-history":[{"count":11,"href":"https:\/\/buletin.de\/bucuresti\/wp-json\/wp\/v2\/posts\/102443\/revisions"}],"predecessor-version":[{"id":102523,"href":"https:\/\/buletin.de\/bucuresti\/wp-json\/wp\/v2\/posts\/102443\/revisions\/102523"}],"wp:featuredmedia":[{"embeddable":true,"href":"https:\/\/buletin.de\/bucuresti\/wp-json\/wp\/v2\/media\/102445"}],"wp:attachment":[{"href":"https:\/\/buletin.de\/bucuresti\/wp-json\/wp\/v2\/media?parent=102443"}],"wp:term":[{"taxonomy":"category","embeddable":true,"href":"https:\/\/buletin.de\/bucuresti\/wp-json\/wp\/v2\/categories?post=102443"},{"taxonomy":"post_tag","embeddable":true,"href":"https:\/\/buletin.de\/bucuresti\/wp-json\/wp\/v2\/tags?post=102443"},{"taxonomy":"author","embeddable":true,"href":"https:\/\/buletin.de\/bucuresti\/wp-json\/wp\/v2\/ppma_author?post=102443"}],"curies":[{"name":"wp","href":"https:\/\/api.w.org\/{rel}","templated":true}]}}