{"id":102367,"date":"2024-10-15T16:07:30","date_gmt":"2024-10-15T13:07:30","guid":{"rendered":"https:\/\/buletin.de\/bucuresti\/?p=102367"},"modified":"2024-10-15T16:07:30","modified_gmt":"2024-10-15T13:07:30","slug":"linia-de-autobuz-105","status":"publish","type":"post","link":"https:\/\/buletin.de\/bucuresti\/linia-de-autobuz-105\/","title":{"rendered":"Linia de autobuz 105\u00a0va func\u021biona pe un traseu modificat"},"content":{"rendered":"\n<p><strong>Linia de autobuz 105\u00a0va func\u021biona pe un traseu modificat \u00een\u00a0perioada 15.10.2024\u201319.10.2024. <a href=\"https:\/\/tpbi.ro\/tpbi-linia-105-modificata-in-perioada-15-19-10-2024-pentru-lucrari-la-reteaua-de-canalizare\/\">TPBI<\/a> a anun\u021bat c\u0103 se fac lucr\u0103ri de remediere a unei avarii la re\u021beaua public\u0103 de canalizare.<\/strong><\/p>\n\n\n\n<p>Astfel, de la sta\u021bia cap de linie&nbsp;<strong>\u201e\u0218oseaua Nicolae Titulescu\u201d<\/strong>, autobuzele&nbsp;<strong>liniei 105<\/strong>&nbsp;vor circula, pe sensul spre terminalul&nbsp;<strong>\u201eValea Oltului\u201d<\/strong>, pe traseul:<\/p>\n\n\n\n<ul class=\"wp-block-list\">\n<li>\u0218os. Nicolae Titulescu;<\/li>\n\n\n\n<li>Str. Maltopol;<\/li>\n\n\n\n<li>Bd. Gheorghe Duca;<\/li>\n\n\n\n<li>Pia\u021ba G\u0103rii de Nord;<\/li>\n\n\n\n<li>traseul actual.<\/li>\n<\/ul>\n\n\n\n<p><strong>Linia de autobuz 105<\/strong>&nbsp;va func\u021biona pe un traseu modificat, dat vehiculele nu vor avea sta\u021bii suplimentare.<\/p>\n\n\n\n<p><strong>CITE\u0218TE \u0218I:<\/strong> <a href=\"https:\/\/buletin.de\/bucuresti\/a-fost-semnat-contractul-pentru-reabilitarea-a-inca-18-km-de-linie-de-tramvai-in-capitala\/\"><strong>O scrisoare a Comisiei Europene l-a f\u0103cut pe pre\u0219edintele Consiliului de Administra\u021bie al Metrorex s\u0103 demisioneze<\/strong><\/a><\/p>\n\n\n\n<h2 class=\"wp-block-heading\" id=\"h-a-fost-semnat-contractul-pentru-reabilitarea-a-inca-18-km-de-linie-de-tramvai-in-capitala\">A fost semnat contractul pentru reabilitarea a \u00eenc\u0103 18 km de linie de tramvai \u00een Capital\u0103<\/h2>\n\n\n\n<p><strong>Al\u021bi 18 km de linie de tramvai vor fi reabilita\u021bi, din cei 50 de km de infrastructur\u0103 pentru acest mijloc de transport, din proiectul de reabilitare a Capitalei.&nbsp;<\/strong><\/p>\n\n\n\n<p>Primarul general,&nbsp;<a href=\"https:\/\/www.facebook.com\/NicusorDan.ro\/posts\/pfbid0ZLaXLzP3MUStnTbwKZxtfCAtZxJDG7U2DVqrHkePqitm72LCrQjfHicppRHWjDFMl\">Nicu\u0219or Dan, anun\u021b\u0103 c\u0103 a semnat contractul<\/a>&nbsp;pentru reabilitarea celor 18 km de \u015fin\u0103 de tramvai.<\/p>\n\n\n\n<p>Pe tronsoanele vizate circul\u0103 liniile 40, 27, 19, 36, 23: pe&nbsp; Bd. Th. Pallady, Bd. 1 Decembrie 1918, Bd. Basarabia, Calea C\u0103l\u0103ra\u0219ilor, Bdul Corneliu Coposu inclusiv Bucla Complex Titan.<\/p>\n\n\n\n<p>Edilul transmite c\u0103 \u00een urma lucr\u0103rilor, pe noua infrastructur\u0103 vor putea circula tramvaiele moderne, iar num\u0103rul de c\u0103l\u0103tori va cre\u0219te semnificativ.&nbsp;<\/p>\n\n\n\n<p><strong>Aceste m\u0103suri ajut\u0103 la \u00eenlesnirea traficului din Capital\u0103, pentru c\u0103 tot mai mul\u021bi cet\u0103\u021beni opteaz\u0103 s\u0103 foloseasc\u0103 transportul \u00een comun, \u00een favoarea ma\u0219inilor personale.\u00a0<\/strong><\/p>\n\n\n\n<p>Ini\u021biativa face parte din proiectul amplu de reabilitare a aproximativ 50 km de infrastructur\u0103 de tramvai din Capital\u0103.&nbsp;<\/p>\n\n\n\n<p>\u00cen august, primarul anun\u021ba c\u0103 Porr Construct este firma c\u0103reia i-a fost atribuit contractul de reabilitare a liniilor de tramvai.&nbsp;<\/p>\n\n\n\n<p>Subcontractan\u021bi declara\u021bi sunt firmele IMSAT, Elektra Invest, Rotermit, Compania Municipal\u0103 Iluminat Public Bucure\u0219ti.<\/p>\n\n\n\n<p><strong>CITE\u0218TE \u0218I:<\/strong> <a href=\"https:\/\/buletin.de\/bucuresti\/editorial-planseul-unirii-capacul-de-pe-cavoul-statului-de-drept\/\"><strong>EDITORIAL | Plan\u0219eul Unirii, capacul de pe cavoul statului de drept<\/strong><\/a><\/p>\n\n\n\n<p><\/p>\n","protected":false},"excerpt":{"rendered":"<p>Linia de autobuz 105\u00a0va func\u021biona pe un traseu modificat \u00een\u00a0perioada 15.10.2024\u201319.10.2024. TPBI a anun\u021bat c\u0103 se fac lucr\u0103ri de remediere a unei avarii la re\u021beaua public\u0103 de canalizare. Astfel, de la sta\u021bia cap de linie&nbsp;\u201e\u0218oseaua Nicolae Titulescu\u201d, autobuzele&nbsp;liniei 105&nbsp;vor circula, pe sensul spre terminalul&nbsp;\u201eValea Oltului\u201d, pe traseul: Linia de autobuz 105&nbsp;va func\u021biona pe un traseu [&hellip;]<\/p>\n","protected":false},"author":49,"featured_media":102369,"comment_status":"closed","ping_status":"open","sticky":false,"template":"","format":"standard","meta":{"_acf_changed":false,"inline_featured_image":false,"ngg_post_thumbnail":0,"footnotes":""},"categories":[6994,62,650],"tags":[16013,12119,16012,2842],"ppma_author":[22574],"class_list":["post-102367","post","type-post","status-publish","format-standard","has-post-thumbnail","hentry","category-stiri-2","category-stiri","category-transport","tag-bd-gheorghe-duca","tag-linia-105","tag-piata-garii-de-nord","tag-tpbi"],"acf":[],"yoast_head":"<!-- This site is optimized with the Yoast SEO Premium plugin v25.3 (Yoast SEO v27.4) - https:\/\/yoast.com\/product\/yoast-seo-premium-wordpress\/ -->\n<title>Linia de autobuz 105\u00a0va func\u021biona pe un traseu modificat - Buletin de Bucure\u0219ti<\/title>\n<meta name=\"description\" content=\"Linia de autobuz 105. TPBI a anun\u021bat ca se fac lucr\u0103ri de remediere a unei avarii la re\u021beaua public\u0103 de canalizare.\" \/>\n<meta name=\"robots\" content=\"index, follow, max-snippet:-1, max-image-preview:large, max-video-preview:-1\" \/>\n<link rel=\"canonical\" href=\"https:\/\/buletin.de\/bucuresti\/linia-de-autobuz-105\/\" \/>\n<meta property=\"og:locale\" content=\"en_GB\" \/>\n<meta property=\"og:type\" content=\"article\" \/>\n<meta property=\"og:title\" content=\"Linia de autobuz 105\u00a0va func\u021biona pe un traseu modificat\" \/>\n<meta property=\"og:description\" content=\"Linia de autobuz 105. TPBI a anun\u021bat ca se fac lucr\u0103ri de remediere a unei avarii la re\u021beaua public\u0103 de canalizare.\" \/>\n<meta property=\"og:url\" content=\"https:\/\/buletin.de\/bucuresti\/linia-de-autobuz-105\/\" \/>\n<meta property=\"og:site_name\" content=\"Buletin de Bucure\u0219ti\" \/>\n<meta property=\"article:publisher\" content=\"https:\/\/www.facebook.com\/buletin.de.buc\" \/>\n<meta property=\"article:published_time\" content=\"2024-10-15T13:07:30+00:00\" \/>\n<meta property=\"og:image\" content=\"https:\/\/buletin.de\/bucuresti\/wp-content\/uploads\/105-autobuz_hybrid-900x569.png\" \/>\n\t<meta property=\"og:image:width\" content=\"900\" \/>\n\t<meta property=\"og:image:height\" content=\"569\" \/>\n\t<meta property=\"og:image:type\" content=\"image\/png\" \/>\n<meta name=\"author\" content=\"Diana Matei\" \/>\n<meta name=\"twitter:card\" content=\"summary_large_image\" \/>\n<meta name=\"twitter:label1\" content=\"Written by\" \/>\n\t<meta name=\"twitter:data1\" content=\"Diana Matei\" \/>\n\t<meta name=\"twitter:label2\" content=\"Estimated reading time\" \/>\n\t<meta name=\"twitter:data2\" content=\"2 minutes\" \/>\n<script type=\"application\/ld+json\" class=\"yoast-schema-graph\">{\"@context\":\"https:\\\/\\\/schema.org\",\"@graph\":[{\"@type\":\"Article\",\"@id\":\"https:\\\/\\\/buletin.de\\\/bucuresti\\\/linia-de-autobuz-105\\\/#article\",\"isPartOf\":{\"@id\":\"https:\\\/\\\/buletin.de\\\/bucuresti\\\/linia-de-autobuz-105\\\/\"},\"author\":{\"name\":\"Diana Matei\",\"@id\":\"https:\\\/\\\/buletin.de\\\/bucuresti\\\/#\\\/schema\\\/person\\\/7e46040573290777280a0835d81ea4ea\"},\"headline\":\"Linia de autobuz 105\u00a0va func\u021biona pe un traseu modificat\",\"datePublished\":\"2024-10-15T13:07:30+00:00\",\"mainEntityOfPage\":{\"@id\":\"https:\\\/\\\/buletin.de\\\/bucuresti\\\/linia-de-autobuz-105\\\/\"},\"wordCount\":343,\"publisher\":{\"@id\":\"https:\\\/\\\/buletin.de\\\/bucuresti\\\/#organization\"},\"image\":{\"@id\":\"https:\\\/\\\/buletin.de\\\/bucuresti\\\/linia-de-autobuz-105\\\/#primaryimage\"},\"thumbnailUrl\":\"https:\\\/\\\/buletin.de\\\/bucuresti\\\/wp-content\\\/uploads\\\/105-autobuz_hybrid.png\",\"keywords\":[\"Bd. Gheorghe Duca\",\"linia 105\",\"Pia\u021ba G\u0103rii de Nord\",\"tpbi\"],\"articleSection\":[\"Articole\",\"\u0218tiri\",\"Transport\"],\"inLanguage\":\"en-GB\",\"copyrightYear\":\"2024\",\"copyrightHolder\":{\"@id\":\"https:\\\/\\\/buletin.de\\\/bucuresti\\\/#organization\"}},{\"@type\":\"WebPage\",\"@id\":\"https:\\\/\\\/buletin.de\\\/bucuresti\\\/linia-de-autobuz-105\\\/\",\"url\":\"https:\\\/\\\/buletin.de\\\/bucuresti\\\/linia-de-autobuz-105\\\/\",\"name\":\"Linia de autobuz 105\u00a0va func\u021biona pe un traseu modificat - Buletin de Bucure\u0219ti\",\"isPartOf\":{\"@id\":\"https:\\\/\\\/buletin.de\\\/bucuresti\\\/#website\"},\"primaryImageOfPage\":{\"@id\":\"https:\\\/\\\/buletin.de\\\/bucuresti\\\/linia-de-autobuz-105\\\/#primaryimage\"},\"image\":{\"@id\":\"https:\\\/\\\/buletin.de\\\/bucuresti\\\/linia-de-autobuz-105\\\/#primaryimage\"},\"thumbnailUrl\":\"https:\\\/\\\/buletin.de\\\/bucuresti\\\/wp-content\\\/uploads\\\/105-autobuz_hybrid.png\",\"datePublished\":\"2024-10-15T13:07:30+00:00\",\"description\":\"Linia de autobuz 105. TPBI a anun\u021bat ca se fac lucr\u0103ri de remediere a unei avarii la re\u021beaua public\u0103 de canalizare.\",\"breadcrumb\":{\"@id\":\"https:\\\/\\\/buletin.de\\\/bucuresti\\\/linia-de-autobuz-105\\\/#breadcrumb\"},\"inLanguage\":\"en-GB\",\"potentialAction\":[{\"@type\":\"ReadAction\",\"target\":[\"https:\\\/\\\/buletin.de\\\/bucuresti\\\/linia-de-autobuz-105\\\/\"]}]},{\"@type\":\"ImageObject\",\"inLanguage\":\"en-GB\",\"@id\":\"https:\\\/\\\/buletin.de\\\/bucuresti\\\/linia-de-autobuz-105\\\/#primaryimage\",\"url\":\"https:\\\/\\\/buletin.de\\\/bucuresti\\\/wp-content\\\/uploads\\\/105-autobuz_hybrid.png\",\"contentUrl\":\"https:\\\/\\\/buletin.de\\\/bucuresti\\\/wp-content\\\/uploads\\\/105-autobuz_hybrid.png\",\"width\":2000,\"height\":1264,\"caption\":\"Restric\u021bii de circula\u021bie pentru ultimul weekend cu \u201eStr\u0103zi Deschise \u2013 Bucure\u0219ti, Promenad\u0103 Urban\u0103\u201d. FOTO: TPBI\"},{\"@type\":\"BreadcrumbList\",\"@id\":\"https:\\\/\\\/buletin.de\\\/bucuresti\\\/linia-de-autobuz-105\\\/#breadcrumb\",\"itemListElement\":[{\"@type\":\"ListItem\",\"position\":1,\"name\":\"Acas\u0103\",\"item\":\"https:\\\/\\\/buletin.de\\\/bucuresti\\\/\"},{\"@type\":\"ListItem\",\"position\":2,\"name\":\"Linia de autobuz 105\u00a0va func\u021biona pe un traseu modificat\"}]},{\"@type\":\"WebSite\",\"@id\":\"https:\\\/\\\/buletin.de\\\/bucuresti\\\/#website\",\"url\":\"https:\\\/\\\/buletin.de\\\/bucuresti\\\/\",\"name\":\"Buletin de Bucure\u0219ti\",\"description\":\"\u0218tiri \u0219i investiga\u021bii esen\u021biale din capital\u0103\",\"publisher\":{\"@id\":\"https:\\\/\\\/buletin.de\\\/bucuresti\\\/#organization\"},\"potentialAction\":[{\"@type\":\"SearchAction\",\"target\":{\"@type\":\"EntryPoint\",\"urlTemplate\":\"https:\\\/\\\/buletin.de\\\/bucuresti\\\/?s={search_term_string}\"},\"query-input\":{\"@type\":\"PropertyValueSpecification\",\"valueRequired\":true,\"valueName\":\"search_term_string\"}}],\"inLanguage\":\"en-GB\"},{\"@type\":\"Organization\",\"@id\":\"https:\\\/\\\/buletin.de\\\/bucuresti\\\/#organization\",\"name\":\"Buletin de Bucure\u0219ti\",\"url\":\"https:\\\/\\\/buletin.de\\\/bucuresti\\\/\",\"logo\":{\"@type\":\"ImageObject\",\"inLanguage\":\"en-GB\",\"@id\":\"https:\\\/\\\/buletin.de\\\/bucuresti\\\/#\\\/schema\\\/logo\\\/image\\\/\",\"url\":\"https:\\\/\\\/buletin.de\\\/bucuresti\\\/wp-content\\\/uploads\\\/logo-bdb-full-wide-vernil-transparent.png\",\"contentUrl\":\"https:\\\/\\\/buletin.de\\\/bucuresti\\\/wp-content\\\/uploads\\\/logo-bdb-full-wide-vernil-transparent.png\",\"width\":1782,\"height\":626,\"caption\":\"Buletin de Bucure\u0219ti\"},\"image\":{\"@id\":\"https:\\\/\\\/buletin.de\\\/bucuresti\\\/#\\\/schema\\\/logo\\\/image\\\/\"},\"sameAs\":[\"https:\\\/\\\/www.facebook.com\\\/buletin.de.buc\",\"https:\\\/\\\/www.instagram.com\\\/buletinde.bucuresti\\\/\"]},{\"@type\":\"Person\",\"@id\":\"https:\\\/\\\/buletin.de\\\/bucuresti\\\/#\\\/schema\\\/person\\\/7e46040573290777280a0835d81ea4ea\",\"name\":\"Diana Matei\",\"image\":{\"@type\":\"ImageObject\",\"inLanguage\":\"en-GB\",\"@id\":\"https:\\\/\\\/buletin.de\\\/bucuresti\\\/wp-content\\\/uploads\\\/9-2-96x96.jpg1e8590b30871d70e62ebcdaf2eff570c\",\"url\":\"https:\\\/\\\/buletin.de\\\/bucuresti\\\/wp-content\\\/uploads\\\/9-2-96x96.jpg\",\"contentUrl\":\"https:\\\/\\\/buletin.de\\\/bucuresti\\\/wp-content\\\/uploads\\\/9-2-96x96.jpg\",\"caption\":\"Diana Matei\"},\"url\":\"https:\\\/\\\/buletin.de\\\/bucuresti\\\/author\\\/dianamatei\\\/\"}]}<\/script>\n<!-- \/ Yoast SEO Premium plugin. -->","yoast_head_json":{"title":"Linia de autobuz 105\u00a0va func\u021biona pe un traseu modificat - Buletin de Bucure\u0219ti","description":"Linia de autobuz 105. TPBI a anun\u021bat ca se fac lucr\u0103ri de remediere a unei avarii la re\u021beaua public\u0103 de canalizare.","robots":{"index":"index","follow":"follow","max-snippet":"max-snippet:-1","max-image-preview":"max-image-preview:large","max-video-preview":"max-video-preview:-1"},"canonical":"https:\/\/buletin.de\/bucuresti\/linia-de-autobuz-105\/","og_locale":"en_GB","og_type":"article","og_title":"Linia de autobuz 105\u00a0va func\u021biona pe un traseu modificat","og_description":"Linia de autobuz 105. TPBI a anun\u021bat ca se fac lucr\u0103ri de remediere a unei avarii la re\u021beaua public\u0103 de canalizare.","og_url":"https:\/\/buletin.de\/bucuresti\/linia-de-autobuz-105\/","og_site_name":"Buletin de Bucure\u0219ti","article_publisher":"https:\/\/www.facebook.com\/buletin.de.buc","article_published_time":"2024-10-15T13:07:30+00:00","og_image":[{"width":900,"height":569,"url":"https:\/\/buletin.de\/bucuresti\/wp-content\/uploads\/105-autobuz_hybrid-900x569.png","type":"image\/png"}],"author":"Diana Matei","twitter_card":"summary_large_image","twitter_misc":{"Written by":"Diana Matei","Estimated reading time":"2 minutes"},"schema":{"@context":"https:\/\/schema.org","@graph":[{"@type":"Article","@id":"https:\/\/buletin.de\/bucuresti\/linia-de-autobuz-105\/#article","isPartOf":{"@id":"https:\/\/buletin.de\/bucuresti\/linia-de-autobuz-105\/"},"author":{"name":"Diana Matei","@id":"https:\/\/buletin.de\/bucuresti\/#\/schema\/person\/7e46040573290777280a0835d81ea4ea"},"headline":"Linia de autobuz 105\u00a0va func\u021biona pe un traseu modificat","datePublished":"2024-10-15T13:07:30+00:00","mainEntityOfPage":{"@id":"https:\/\/buletin.de\/bucuresti\/linia-de-autobuz-105\/"},"wordCount":343,"publisher":{"@id":"https:\/\/buletin.de\/bucuresti\/#organization"},"image":{"@id":"https:\/\/buletin.de\/bucuresti\/linia-de-autobuz-105\/#primaryimage"},"thumbnailUrl":"https:\/\/buletin.de\/bucuresti\/wp-content\/uploads\/105-autobuz_hybrid.png","keywords":["Bd. Gheorghe Duca","linia 105","Pia\u021ba G\u0103rii de Nord","tpbi"],"articleSection":["Articole","\u0218tiri","Transport"],"inLanguage":"en-GB","copyrightYear":"2024","copyrightHolder":{"@id":"https:\/\/buletin.de\/bucuresti\/#organization"}},{"@type":"WebPage","@id":"https:\/\/buletin.de\/bucuresti\/linia-de-autobuz-105\/","url":"https:\/\/buletin.de\/bucuresti\/linia-de-autobuz-105\/","name":"Linia de autobuz 105\u00a0va func\u021biona pe un traseu modificat - Buletin de Bucure\u0219ti","isPartOf":{"@id":"https:\/\/buletin.de\/bucuresti\/#website"},"primaryImageOfPage":{"@id":"https:\/\/buletin.de\/bucuresti\/linia-de-autobuz-105\/#primaryimage"},"image":{"@id":"https:\/\/buletin.de\/bucuresti\/linia-de-autobuz-105\/#primaryimage"},"thumbnailUrl":"https:\/\/buletin.de\/bucuresti\/wp-content\/uploads\/105-autobuz_hybrid.png","datePublished":"2024-10-15T13:07:30+00:00","description":"Linia de autobuz 105. TPBI a anun\u021bat ca se fac lucr\u0103ri de remediere a unei avarii la re\u021beaua public\u0103 de canalizare.","breadcrumb":{"@id":"https:\/\/buletin.de\/bucuresti\/linia-de-autobuz-105\/#breadcrumb"},"inLanguage":"en-GB","potentialAction":[{"@type":"ReadAction","target":["https:\/\/buletin.de\/bucuresti\/linia-de-autobuz-105\/"]}]},{"@type":"ImageObject","inLanguage":"en-GB","@id":"https:\/\/buletin.de\/bucuresti\/linia-de-autobuz-105\/#primaryimage","url":"https:\/\/buletin.de\/bucuresti\/wp-content\/uploads\/105-autobuz_hybrid.png","contentUrl":"https:\/\/buletin.de\/bucuresti\/wp-content\/uploads\/105-autobuz_hybrid.png","width":2000,"height":1264,"caption":"Restric\u021bii de circula\u021bie pentru ultimul weekend cu \u201eStr\u0103zi Deschise \u2013 Bucure\u0219ti, Promenad\u0103 Urban\u0103\u201d. FOTO: TPBI"},{"@type":"BreadcrumbList","@id":"https:\/\/buletin.de\/bucuresti\/linia-de-autobuz-105\/#breadcrumb","itemListElement":[{"@type":"ListItem","position":1,"name":"Acas\u0103","item":"https:\/\/buletin.de\/bucuresti\/"},{"@type":"ListItem","position":2,"name":"Linia de autobuz 105\u00a0va func\u021biona pe un traseu modificat"}]},{"@type":"WebSite","@id":"https:\/\/buletin.de\/bucuresti\/#website","url":"https:\/\/buletin.de\/bucuresti\/","name":"Buletin de Bucure\u0219ti","description":"\u0218tiri \u0219i investiga\u021bii esen\u021biale din capital\u0103","publisher":{"@id":"https:\/\/buletin.de\/bucuresti\/#organization"},"potentialAction":[{"@type":"SearchAction","target":{"@type":"EntryPoint","urlTemplate":"https:\/\/buletin.de\/bucuresti\/?s={search_term_string}"},"query-input":{"@type":"PropertyValueSpecification","valueRequired":true,"valueName":"search_term_string"}}],"inLanguage":"en-GB"},{"@type":"Organization","@id":"https:\/\/buletin.de\/bucuresti\/#organization","name":"Buletin de Bucure\u0219ti","url":"https:\/\/buletin.de\/bucuresti\/","logo":{"@type":"ImageObject","inLanguage":"en-GB","@id":"https:\/\/buletin.de\/bucuresti\/#\/schema\/logo\/image\/","url":"https:\/\/buletin.de\/bucuresti\/wp-content\/uploads\/logo-bdb-full-wide-vernil-transparent.png","contentUrl":"https:\/\/buletin.de\/bucuresti\/wp-content\/uploads\/logo-bdb-full-wide-vernil-transparent.png","width":1782,"height":626,"caption":"Buletin de Bucure\u0219ti"},"image":{"@id":"https:\/\/buletin.de\/bucuresti\/#\/schema\/logo\/image\/"},"sameAs":["https:\/\/www.facebook.com\/buletin.de.buc","https:\/\/www.instagram.com\/buletinde.bucuresti\/"]},{"@type":"Person","@id":"https:\/\/buletin.de\/bucuresti\/#\/schema\/person\/7e46040573290777280a0835d81ea4ea","name":"Diana Matei","image":{"@type":"ImageObject","inLanguage":"en-GB","@id":"https:\/\/buletin.de\/bucuresti\/wp-content\/uploads\/9-2-96x96.jpg1e8590b30871d70e62ebcdaf2eff570c","url":"https:\/\/buletin.de\/bucuresti\/wp-content\/uploads\/9-2-96x96.jpg","contentUrl":"https:\/\/buletin.de\/bucuresti\/wp-content\/uploads\/9-2-96x96.jpg","caption":"Diana Matei"},"url":"https:\/\/buletin.de\/bucuresti\/author\/dianamatei\/"}]}},"authors":[{"term_id":22574,"user_id":49,"is_guest":0,"slug":"dianamatei","display_name":"Diana Matei","avatar_url":"https:\/\/buletin.de\/bucuresti\/wp-content\/uploads\/9-2-96x96.jpg","0":null,"1":"","2":"","3":"","4":"","5":"","6":"","7":"","8":""}],"_links":{"self":[{"href":"https:\/\/buletin.de\/bucuresti\/wp-json\/wp\/v2\/posts\/102367","targetHints":{"allow":["GET"]}}],"collection":[{"href":"https:\/\/buletin.de\/bucuresti\/wp-json\/wp\/v2\/posts"}],"about":[{"href":"https:\/\/buletin.de\/bucuresti\/wp-json\/wp\/v2\/types\/post"}],"author":[{"embeddable":true,"href":"https:\/\/buletin.de\/bucuresti\/wp-json\/wp\/v2\/users\/49"}],"replies":[{"embeddable":true,"href":"https:\/\/buletin.de\/bucuresti\/wp-json\/wp\/v2\/comments?post=102367"}],"version-history":[{"count":2,"href":"https:\/\/buletin.de\/bucuresti\/wp-json\/wp\/v2\/posts\/102367\/revisions"}],"predecessor-version":[{"id":102404,"href":"https:\/\/buletin.de\/bucuresti\/wp-json\/wp\/v2\/posts\/102367\/revisions\/102404"}],"wp:featuredmedia":[{"embeddable":true,"href":"https:\/\/buletin.de\/bucuresti\/wp-json\/wp\/v2\/media\/102369"}],"wp:attachment":[{"href":"https:\/\/buletin.de\/bucuresti\/wp-json\/wp\/v2\/media?parent=102367"}],"wp:term":[{"taxonomy":"category","embeddable":true,"href":"https:\/\/buletin.de\/bucuresti\/wp-json\/wp\/v2\/categories?post=102367"},{"taxonomy":"post_tag","embeddable":true,"href":"https:\/\/buletin.de\/bucuresti\/wp-json\/wp\/v2\/tags?post=102367"},{"taxonomy":"author","embeddable":true,"href":"https:\/\/buletin.de\/bucuresti\/wp-json\/wp\/v2\/ppma_author?post=102367"}],"curies":[{"name":"wp","href":"https:\/\/api.w.org\/{rel}","templated":true}]}}