{"id":102145,"date":"2024-10-14T12:51:10","date_gmt":"2024-10-14T09:51:10","guid":{"rendered":"https:\/\/buletin.de\/bucuresti\/?p=102145"},"modified":"2024-10-14T22:13:49","modified_gmt":"2024-10-14T19:13:49","slug":"nicusor-dan-despre-actiunea-lui-baluta-este-nelegala-o-primarie-de-sector-nu-poate-da-autorizatie","status":"publish","type":"post","link":"https:\/\/buletin.de\/bucuresti\/nicusor-dan-despre-actiunea-lui-baluta-este-nelegala-o-primarie-de-sector-nu-poate-da-autorizatie\/","title":{"rendered":"VIDEO | Nicu\u0219or Dan despre ac\u021biunea lui B\u0103lu\u021b\u0103: Este nelegal\u0103. O prim\u0103rie de sector nu poate da autoriza\u021bie"},"content":{"rendered":"\n<p><strong>Primarul general Nicu\u0219or Dan spune despre ac\u021biunea lui B\u0103lu\u021b\u0103 la plan\u0219eul Unirii, din centrul Capitalei, c\u0103 este nelegal\u0103, pentru c\u0103 autoriza\u021bia pe care a ob\u021binut-o de la Prim\u0103ria Sectorului 3 nu este valabil\u0103. <\/strong><\/p>\n\n\n\n<p>\u201eNu \u00een\u021beleg de ce noi trebuie s\u0103 ne oprim din dou\u0103 \u00een dou\u0103 zile din treab\u0103, pentru mofturile unui primar care nu este \u00een stare s\u0103 ia ni\u0219te avize \u0219i care vrea s\u0103 ia ni\u0219te bani \u00eenainte s\u0103 ia ni\u0219te avize. <\/p>\n\n\n\n<p>Noi suntem aici pe un teren care este \u00een administra\u021bia Prim\u0103riei Bucure\u0219ti, prin, \u00een ceea ce prive\u0219te podurile, Administra\u021bia Str\u0103zilor, \u0219i \u00een ceea ce prive\u0219te parcul, prin ALPAB. <\/p>\n\n\n\n<p><strong>Iar administrarea nu i-a fost cedat\u0103 \u0219i nu \u00eei va fi cedat\u0103 primarului Sectorului 4 p\u00e2n\u0103 nu vine cu o autoriza\u021bie legal\u0103. <\/strong><\/p>\n\n\n\n<p>Ni\u0219te cet\u0103\u021beni au pus ni\u0219te garduri pe un teren care nu le apar\u021bine \u0219i noi o s\u0103 le lu\u0103m\u201d, a men\u021bionat Nicu\u0219or Dan, dup\u0103 ce a venit la locul \u0219antierului deschis de Prim\u0103ria Sectorului 4 la plan\u0219eul Unirii.<\/p>\n\n\n\n<h2 class=\"wp-block-heading\" id=\"h-primaria-sectorului-3-nu-putea-da-autoriza\u021bie-de-construc\u021bie\">Prim\u0103ria Sectorului 3 nu putea da autoriza\u021bie de construc\u021bie<\/h2>\n\n\n\n<p>Primarul General a men\u021bionat c\u0103 autoriza\u021bia de construc\u021bie ob\u021binut\u0103 de la Sectorul 3 \u0219i prezentat\u0103 de Daniel B\u0103lu\u021b\u0103 ca justificare pentru demararea lucr\u0103rilor \u00een noaptea de duminic\u0103 spre luni c\u0103 are \u201emultiple elemente de nelegalitate\u201d. <\/p>\n\n\n\n<p>\u201e<strong>Nu poate s\u0103 dea primarul de sector o autoriza\u021bie de construc\u021bie pe un element de infrastructur\u0103 care apar\u021bine Prim\u0103riei Capitalei, a\u0219a spune legea. <\/strong><\/p>\n\n\n\n<p>Nu poate s\u0103 emit\u0103 o autoriza\u021bie atunci c\u00e2nd este o lucrare care se \u00eentinde pe dou\u0103 sectoare. <\/p>\n\n\n\n<blockquote class=\"wp-block-quote is-layout-flow wp-block-quote-is-layout-flow\">\n<p><strong>\u0218i nu poate o prim\u0103rie de sector s\u0103 emit\u0103 o autoriza\u021bie cuiva care nu are drept de autoritate pe un teren<\/strong><\/p>\n<\/blockquote>\n\n\n\n<p>Este ca \u0219i cum eu a\u0219 veni la dumneavoastr\u0103 \u00een curte cu o autoriza\u021bie pentru construirea unei gherete.<strong> <\/strong><\/p>\n\n\n\n<p>Iar acesta este un teren administrat de Prim\u0103ria General\u0103, <strong>prin urmare o s\u0103 lu\u0103m gardurile \u0219i o s\u0103 oprim \u0219antierul<\/strong>\u201d, <a href=\"https:\/\/www.facebook.com\/PMBucuresti\/videos\/870254435210636\" target=\"_blank\" rel=\"noreferrer noopener\">a declarat Nicu\u0219or Dan<\/a>, prezent \u00een Pia\u021ba Unirii, unde Prim\u0103ria Sectorului 4 a \u00eenceput lucr\u0103rile.<\/p>\n\n\n\n<p>CITE\u0218TE \u0218I: <strong><a href=\"https:\/\/buletin.de\/bucuresti\/politia-locala-a-primariei-capitalei-va-opri-santierul-lui-baluta-de-la-planseul-unirii\/\" target=\"_blank\" rel=\"noreferrer noopener\">Poli\u021bia Local\u0103 a Prim\u0103riei Capitalei anun\u021b\u0103 c\u0103 va opri \u0219antierul de la Plan\u0219eul Unirii. Nicu\u0219or Dan va fi prezent<\/a><\/strong><\/p>\n\n\n\n<h2 class=\"wp-block-heading\" id=\"h-nicu\u0219or-dan-despre-ac\u021biunea-lui-balu\u021ba-problema-este-ca-trebuie-sa-respectam-legea\">Nicu\u0219or Dan despre ac\u021biunea lui B\u0103lu\u021b\u0103: \u201eProblema este c\u0103 trebuie s\u0103 respect\u0103m legea\u201d<\/h2>\n\n\n\n<p>Daniel B\u0103lu\u021b\u0103 s-a ap\u0103rat prin faptul c\u0103 terenul din Pia\u021ba Unirii unde a \u00eenceput \u0219antierul ar fi administrat de Ministerul Mediului, prin Apele Rom\u00e2ne. Prim\u0103ria Sector 4 ar fi f\u0103cut un protocol cu Apele Rom\u00e2ne, a precizat primarul Sectorului 4 cu o or\u0103 mai devreme, \u00eentr-o conferin\u021b\u0103 de pres\u0103.<\/p>\n\n\n\n<p><strong>Nicu\u0219or Dan sus\u021bine c\u0103 aceast\u0103 situa\u021bie nu este real\u0103.<\/strong><\/p>\n\n\n\n<p>\u201eLa parcajul public de la Pia\u021ba Universit\u0103\u021bii, un operator privat are o carte funciar\u0103 pe acea parcare de la subsol \u0219i are drept de administrare. Pentru partea de suprafa\u021b\u0103, cartea funciar\u0103 spune c\u0103 terenul este administrat de Prim\u0103ria General\u0103.<\/p>\n\n\n\n<p><strong>La fel \u0219i aici. Apele Rom\u00e2ne au cursul D\u00e2mbovi\u021bei, dar \u00een subteran. Tot ce este amenajat deasupra, copacii, asfaltul parcul, este administrat de Prim\u0103ria General\u0103<\/strong>, conform unei hot\u0103r\u00e2ri de Consiliu General al Capitalei\u201d, a men\u021bionat primarul general. <\/p>\n\n\n\n<p>Acesta a insistat c\u0103 nu va ajunge la un consens cu Prim\u0103ria Sectorului 4 dec\u00e2t dac\u0103 toate actele sunt \u00een ordine.<\/p>\n\n\n\n<blockquote class=\"wp-block-quote is-layout-flow wp-block-quote-is-layout-flow\">\n<p>Noi putem s\u0103 declar\u0103m republic\u0103 sau monarhie. Problema este c\u0103 trebuie s\u0103 respect\u0103m legea. Nu putem ajunge la un consens f\u0103r\u0103 respectarea legii.<\/p>\n<\/blockquote>\n\n\n\n<p><strong>Noi a\u0219tept\u0103m ca Prim\u0103ria Sectorului 4 s\u0103 vin\u0103 cu toate avizele, ca s\u0103 emitem autoriza\u021bia de construc\u021bie \u0219i s\u0103 \u00eencheiem protocolul pentru \u00eenceperea lucr\u0103rilor<\/strong>\u201d, a transmis primarul general.<\/p>\n\n\n\n<p>Nicu\u0219or Dan a afirmat c\u0103 a cerut 20 de avize, dar Prim\u0103ria Sectorului 4 a venit doar cu 3. <\/p>\n\n\n\n<p>\u201eC\u00e2nd vin cu celelalte 17, le vom da dreptul s\u0103 deschid\u0103 \u0219antierul\u201d, a men\u021bionat primarul general.<\/p>\n\n\n\n<p>Nicu\u0219or Dan a men\u021bionat c\u0103 Prim\u0103ria Sectorului 3 a emis p\u00e2n\u0103 acum circa 1.000 de autoriza\u021bii de construc\u021bie nelegale.<\/p>\n\n\n\n<p>CITE\u0218TE \u0218I: <strong><a href=\"https:\/\/buletin.de\/bucuresti\/daniel-baluta-despre-lucrarile-incepute-la-planseul-unirii-autorizatia-de-constructie-a-fost-emisa-de-primaria-sectorului-3\/\" target=\"_blank\" rel=\"noreferrer noopener\">Daniel B\u0103lu\u021b\u0103 despre lucr\u0103rile \u00eencepute la plan\u0219eul Unirii: Autoriza\u021bia de construc\u021bie a fost emis\u0103 de Prim\u0103ria Sectorului 3<\/a><\/strong><\/p>\n\n\n\n<iframe src=\"https:\/\/www.facebook.com\/plugins\/video.php?height=314&#038;href=https%3A%2F%2Fwww.facebook.com%2FPMBucuresti%2Fvideos%2F870254435210636%2F&#038;show_text=false&#038;width=560&#038;t=0\" width=\"560\" height=\"314\" style=\"border:none;overflow:hidden\" scrolling=\"no\" frameborder=\"0\" allowfullscreen=\"true\" allow=\"autoplay; clipboard-write; encrypted-media; picture-in-picture; web-share\" allowFullScreen=\"true\"><\/iframe>\n","protected":false},"excerpt":{"rendered":"<p>Primarul general Nicu\u0219or Dan spune despre ac\u021biunea lui B\u0103lu\u021b\u0103 la plan\u0219eul Unirii, din centrul Capitalei, c\u0103 este nelegal\u0103, pentru c\u0103 autoriza\u021bia pe care a ob\u021binut-o de la Prim\u0103ria Sectorului 3 nu este valabil\u0103. \u201eNu \u00een\u021beleg de ce noi trebuie s\u0103 ne oprim din dou\u0103 \u00een dou\u0103 zile din treab\u0103, pentru mofturile unui primar care nu [&hellip;]<\/p>\n","protected":false},"author":60,"featured_media":102154,"comment_status":"closed","ping_status":"open","sticky":false,"template":"","format":"standard","meta":{"_acf_changed":false,"inline_featured_image":false,"ngg_post_thumbnail":0,"footnotes":""},"categories":[6994,9026,5762],"tags":[15631,1204,223,7651,5270,15982,15981,15639],"ppma_author":[22582],"class_list":["post-102145","post","type-post","status-publish","format-standard","has-post-thumbnail","hentry","category-stiri-2","category-eveniment","category-main","tag-consolidare-planseu-unirii","tag-daniel-baluta","tag-nicusor-dan","tag-planseu-unirii","tag-planseul-unirii","tag-reparatii-planseu-unirii","tag-santier-unirii","tag-stare-planseu"],"acf":[],"yoast_head":"<!-- This site is optimized with the Yoast SEO Premium plugin v25.3 (Yoast SEO v27.4) - https:\/\/yoast.com\/product\/yoast-seo-premium-wordpress\/ -->\n<title>VIDEO | Nicu\u0219or Dan despre ac\u021biunea lui B\u0103lu\u021b\u0103: Este nelegal\u0103. O prim\u0103rie de sector nu poate da autoriza\u021bie - Buletin de Bucure\u0219ti<\/title>\n<meta name=\"description\" content=\"Primarul general Nicu\u0219or Dan spune despre ac\u021biunea lui B\u0103lu\u021b\u0103 la plan\u0219eul Unirii, din centrul Capitalei, c\u0103 este nelegal\u0103.\" \/>\n<meta name=\"robots\" content=\"index, follow, max-snippet:-1, max-image-preview:large, max-video-preview:-1\" \/>\n<link rel=\"canonical\" href=\"https:\/\/buletin.de\/bucuresti\/nicusor-dan-despre-actiunea-lui-baluta-este-nelegala-o-primarie-de-sector-nu-poate-da-autorizatie\/\" \/>\n<meta property=\"og:locale\" content=\"en_GB\" \/>\n<meta property=\"og:type\" content=\"article\" \/>\n<meta property=\"og:title\" content=\"VIDEO | Nicu\u0219or Dan despre ac\u021biunea lui B\u0103lu\u021b\u0103: Este nelegal\u0103. O prim\u0103rie de sector nu poate da autoriza\u021bie\" \/>\n<meta property=\"og:description\" content=\"Primarul general Nicu\u0219or Dan spune despre ac\u021biunea lui B\u0103lu\u021b\u0103 la plan\u0219eul Unirii, din centrul Capitalei, c\u0103 este nelegal\u0103.\" \/>\n<meta property=\"og:url\" content=\"https:\/\/buletin.de\/bucuresti\/nicusor-dan-despre-actiunea-lui-baluta-este-nelegala-o-primarie-de-sector-nu-poate-da-autorizatie\/\" \/>\n<meta property=\"og:site_name\" content=\"Buletin de Bucure\u0219ti\" \/>\n<meta property=\"article:publisher\" content=\"https:\/\/www.facebook.com\/buletin.de.buc\" \/>\n<meta property=\"article:published_time\" content=\"2024-10-14T09:51:10+00:00\" \/>\n<meta property=\"article:modified_time\" content=\"2024-10-14T19:13:49+00:00\" \/>\n<meta property=\"og:image\" content=\"https:\/\/buletin.de\/bucuresti\/wp-content\/uploads\/nicusordansantier.png\" \/>\n\t<meta property=\"og:image:width\" content=\"1200\" \/>\n\t<meta property=\"og:image:height\" content=\"689\" \/>\n\t<meta property=\"og:image:type\" content=\"image\/png\" \/>\n<meta name=\"author\" content=\"R\u0103zvan Chiru\u021b\u0103\" \/>\n<meta name=\"twitter:card\" content=\"summary_large_image\" \/>\n<meta name=\"twitter:label1\" content=\"Written by\" \/>\n\t<meta name=\"twitter:data1\" content=\"R\u0103zvan Chiru\u021b\u0103\" \/>\n\t<meta name=\"twitter:label2\" content=\"Estimated reading time\" \/>\n\t<meta name=\"twitter:data2\" content=\"3 minutes\" \/>\n<script type=\"application\/ld+json\" class=\"yoast-schema-graph\">{\"@context\":\"https:\\\/\\\/schema.org\",\"@graph\":[{\"@type\":\"Article\",\"@id\":\"https:\\\/\\\/buletin.de\\\/bucuresti\\\/nicusor-dan-despre-actiunea-lui-baluta-este-nelegala-o-primarie-de-sector-nu-poate-da-autorizatie\\\/#article\",\"isPartOf\":{\"@id\":\"https:\\\/\\\/buletin.de\\\/bucuresti\\\/nicusor-dan-despre-actiunea-lui-baluta-este-nelegala-o-primarie-de-sector-nu-poate-da-autorizatie\\\/\"},\"author\":{\"name\":\"R\u0103zvan Chiru\u021b\u0103\",\"@id\":\"https:\\\/\\\/buletin.de\\\/bucuresti\\\/#\\\/schema\\\/person\\\/a76df728dfc913795a9d90e346b253bb\"},\"headline\":\"VIDEO | Nicu\u0219or Dan despre ac\u021biunea lui B\u0103lu\u021b\u0103: Este nelegal\u0103. O prim\u0103rie de sector nu poate da autoriza\u021bie\",\"datePublished\":\"2024-10-14T09:51:10+00:00\",\"dateModified\":\"2024-10-14T19:13:49+00:00\",\"mainEntityOfPage\":{\"@id\":\"https:\\\/\\\/buletin.de\\\/bucuresti\\\/nicusor-dan-despre-actiunea-lui-baluta-este-nelegala-o-primarie-de-sector-nu-poate-da-autorizatie\\\/\"},\"wordCount\":750,\"publisher\":{\"@id\":\"https:\\\/\\\/buletin.de\\\/bucuresti\\\/#organization\"},\"image\":{\"@id\":\"https:\\\/\\\/buletin.de\\\/bucuresti\\\/nicusor-dan-despre-actiunea-lui-baluta-este-nelegala-o-primarie-de-sector-nu-poate-da-autorizatie\\\/#primaryimage\"},\"thumbnailUrl\":\"https:\\\/\\\/buletin.de\\\/bucuresti\\\/wp-content\\\/uploads\\\/nicusordansantier.png\",\"keywords\":[\"consolidare planseu unirii\",\"daniel baluta\",\"nicusor dan\",\"planseu unirii\",\"planseul unirii\",\"repara\u021bii plan\u0219eu unirii\",\"\u0219antier unirii\",\"stare planseu\"],\"articleSection\":[\"Articole\",\"Eveniment\",\"Main\"],\"inLanguage\":\"en-GB\",\"copyrightYear\":\"2024\",\"copyrightHolder\":{\"@id\":\"https:\\\/\\\/buletin.de\\\/bucuresti\\\/#organization\"}},{\"@type\":\"WebPage\",\"@id\":\"https:\\\/\\\/buletin.de\\\/bucuresti\\\/nicusor-dan-despre-actiunea-lui-baluta-este-nelegala-o-primarie-de-sector-nu-poate-da-autorizatie\\\/\",\"url\":\"https:\\\/\\\/buletin.de\\\/bucuresti\\\/nicusor-dan-despre-actiunea-lui-baluta-este-nelegala-o-primarie-de-sector-nu-poate-da-autorizatie\\\/\",\"name\":\"VIDEO | Nicu\u0219or Dan despre ac\u021biunea lui B\u0103lu\u021b\u0103: Este nelegal\u0103. O prim\u0103rie de sector nu poate da autoriza\u021bie - Buletin de Bucure\u0219ti\",\"isPartOf\":{\"@id\":\"https:\\\/\\\/buletin.de\\\/bucuresti\\\/#website\"},\"primaryImageOfPage\":{\"@id\":\"https:\\\/\\\/buletin.de\\\/bucuresti\\\/nicusor-dan-despre-actiunea-lui-baluta-este-nelegala-o-primarie-de-sector-nu-poate-da-autorizatie\\\/#primaryimage\"},\"image\":{\"@id\":\"https:\\\/\\\/buletin.de\\\/bucuresti\\\/nicusor-dan-despre-actiunea-lui-baluta-este-nelegala-o-primarie-de-sector-nu-poate-da-autorizatie\\\/#primaryimage\"},\"thumbnailUrl\":\"https:\\\/\\\/buletin.de\\\/bucuresti\\\/wp-content\\\/uploads\\\/nicusordansantier.png\",\"datePublished\":\"2024-10-14T09:51:10+00:00\",\"dateModified\":\"2024-10-14T19:13:49+00:00\",\"description\":\"Primarul general Nicu\u0219or Dan spune despre ac\u021biunea lui B\u0103lu\u021b\u0103 la plan\u0219eul Unirii, din centrul Capitalei, c\u0103 este nelegal\u0103.\",\"breadcrumb\":{\"@id\":\"https:\\\/\\\/buletin.de\\\/bucuresti\\\/nicusor-dan-despre-actiunea-lui-baluta-este-nelegala-o-primarie-de-sector-nu-poate-da-autorizatie\\\/#breadcrumb\"},\"inLanguage\":\"en-GB\",\"potentialAction\":[{\"@type\":\"ReadAction\",\"target\":[\"https:\\\/\\\/buletin.de\\\/bucuresti\\\/nicusor-dan-despre-actiunea-lui-baluta-este-nelegala-o-primarie-de-sector-nu-poate-da-autorizatie\\\/\"]}]},{\"@type\":\"ImageObject\",\"inLanguage\":\"en-GB\",\"@id\":\"https:\\\/\\\/buletin.de\\\/bucuresti\\\/nicusor-dan-despre-actiunea-lui-baluta-este-nelegala-o-primarie-de-sector-nu-poate-da-autorizatie\\\/#primaryimage\",\"url\":\"https:\\\/\\\/buletin.de\\\/bucuresti\\\/wp-content\\\/uploads\\\/nicusordansantier.png\",\"contentUrl\":\"https:\\\/\\\/buletin.de\\\/bucuresti\\\/wp-content\\\/uploads\\\/nicusordansantier.png\",\"width\":1200,\"height\":689,\"caption\":\"Nicu\u0219or Dan despre ac\u021biunea lui B\u0103lu\u021b\u0103 de la Pia\u021ba Unirii: Este nelegal\u0103. Captur\u0103 video\"},{\"@type\":\"BreadcrumbList\",\"@id\":\"https:\\\/\\\/buletin.de\\\/bucuresti\\\/nicusor-dan-despre-actiunea-lui-baluta-este-nelegala-o-primarie-de-sector-nu-poate-da-autorizatie\\\/#breadcrumb\",\"itemListElement\":[{\"@type\":\"ListItem\",\"position\":1,\"name\":\"Acas\u0103\",\"item\":\"https:\\\/\\\/buletin.de\\\/bucuresti\\\/\"},{\"@type\":\"ListItem\",\"position\":2,\"name\":\"VIDEO | Nicu\u0219or Dan despre ac\u021biunea lui B\u0103lu\u021b\u0103: Este nelegal\u0103. O prim\u0103rie de sector nu poate da autoriza\u021bie\"}]},{\"@type\":\"WebSite\",\"@id\":\"https:\\\/\\\/buletin.de\\\/bucuresti\\\/#website\",\"url\":\"https:\\\/\\\/buletin.de\\\/bucuresti\\\/\",\"name\":\"Buletin de Bucure\u0219ti\",\"description\":\"\u0218tiri \u0219i investiga\u021bii esen\u021biale din capital\u0103\",\"publisher\":{\"@id\":\"https:\\\/\\\/buletin.de\\\/bucuresti\\\/#organization\"},\"potentialAction\":[{\"@type\":\"SearchAction\",\"target\":{\"@type\":\"EntryPoint\",\"urlTemplate\":\"https:\\\/\\\/buletin.de\\\/bucuresti\\\/?s={search_term_string}\"},\"query-input\":{\"@type\":\"PropertyValueSpecification\",\"valueRequired\":true,\"valueName\":\"search_term_string\"}}],\"inLanguage\":\"en-GB\"},{\"@type\":\"Organization\",\"@id\":\"https:\\\/\\\/buletin.de\\\/bucuresti\\\/#organization\",\"name\":\"Buletin de Bucure\u0219ti\",\"url\":\"https:\\\/\\\/buletin.de\\\/bucuresti\\\/\",\"logo\":{\"@type\":\"ImageObject\",\"inLanguage\":\"en-GB\",\"@id\":\"https:\\\/\\\/buletin.de\\\/bucuresti\\\/#\\\/schema\\\/logo\\\/image\\\/\",\"url\":\"https:\\\/\\\/buletin.de\\\/bucuresti\\\/wp-content\\\/uploads\\\/logo-bdb-full-wide-vernil-transparent.png\",\"contentUrl\":\"https:\\\/\\\/buletin.de\\\/bucuresti\\\/wp-content\\\/uploads\\\/logo-bdb-full-wide-vernil-transparent.png\",\"width\":1782,\"height\":626,\"caption\":\"Buletin de Bucure\u0219ti\"},\"image\":{\"@id\":\"https:\\\/\\\/buletin.de\\\/bucuresti\\\/#\\\/schema\\\/logo\\\/image\\\/\"},\"sameAs\":[\"https:\\\/\\\/www.facebook.com\\\/buletin.de.buc\",\"https:\\\/\\\/www.instagram.com\\\/buletinde.bucuresti\\\/\"]},{\"@type\":\"Person\",\"@id\":\"https:\\\/\\\/buletin.de\\\/bucuresti\\\/#\\\/schema\\\/person\\\/a76df728dfc913795a9d90e346b253bb\",\"name\":\"R\u0103zvan Chiru\u021b\u0103\",\"image\":{\"@type\":\"ImageObject\",\"inLanguage\":\"en-GB\",\"@id\":\"https:\\\/\\\/buletin.de\\\/bucuresti\\\/wp-content\\\/uploads\\\/Razvan-Chiruta-96x96.jpge7143b996fd4241fbd6ee1f6b6b7b267\",\"url\":\"https:\\\/\\\/buletin.de\\\/bucuresti\\\/wp-content\\\/uploads\\\/Razvan-Chiruta-96x96.jpg\",\"contentUrl\":\"https:\\\/\\\/buletin.de\\\/bucuresti\\\/wp-content\\\/uploads\\\/Razvan-Chiruta-96x96.jpg\",\"caption\":\"R\u0103zvan Chiru\u021b\u0103\"},\"description\":\"R\u0103zvan Chiru\u021b\u0103 este redactor-\u0219ef adjunct din iulie 2024. A fost redactor-\u0219ef al PRESShub \u00eentre 2022 \u0219i iunie 2024. Anterior, a fost redactor-\u0219ef al Newsweek Rom\u00e2nia, din 2018 p\u00e2n\u0103 \u00een 2021, \u0219i al cotidianului Rom\u00e2nia liber\u0103, \u00eentre 2015 \u0219i 2017. Este absolvent de Jurnalism, \u00een cadrul Universit\u0103\u021bii \u201eAl.I.Cuza\u201d din Ia\u0219i, \u0219i a urmat un master \u00een Managementul institu\u021biilor mass-media (f\u0103r\u0103 diserta\u021bie) la Facultatea de Jurnalism \u0219i \u0218tiin\u021bele Comunic\u0103rii din cadrul Universit\u0103\u021bii din Bucure\u0219ti. \u0218i-a \u00eenceput cariera la Opinia studen\u021beasc\u0103, cunoscuta \u0219coal\u0103 de pres\u0103 din Ia\u0219i. A lucrat \u00een presa local\u0103, apoi a devenit corespondent pentru Ia\u0219i al cotidianului Evenimentul Zilei. Din 2004, a coordonat pentru \u0219ase luni sec\u021bia de coresponden\u021bi a Evenimentului Zilei. A mai lucrat la s\u0103pt\u0103m\u00e2nalul Prezent \u0219i a colaborat cu revistele Dilema Veche \u0219i Suplimentul de Cultur\u0103. Este co-autor \u00een volumele \u201eMass-media \u0219i democra\u021bia \u00een Rom\u00e2nia post-comunist\u0103\u201d (ed. a II-a), Ed. Institutul European, Ia\u0219i, 2013, \u0219i \u201eCOVID - 19. Dimensiuni ale gestionarii pandemiei\u201d, Editura Junimea, Ia\u0219i, 2020.\",\"url\":\"https:\\\/\\\/buletin.de\\\/bucuresti\\\/author\\\/razvan-chiruta\\\/\"}]}<\/script>\n<!-- \/ Yoast SEO Premium plugin. -->","yoast_head_json":{"title":"VIDEO | Nicu\u0219or Dan despre ac\u021biunea lui B\u0103lu\u021b\u0103: Este nelegal\u0103. O prim\u0103rie de sector nu poate da autoriza\u021bie - Buletin de Bucure\u0219ti","description":"Primarul general Nicu\u0219or Dan spune despre ac\u021biunea lui B\u0103lu\u021b\u0103 la plan\u0219eul Unirii, din centrul Capitalei, c\u0103 este nelegal\u0103.","robots":{"index":"index","follow":"follow","max-snippet":"max-snippet:-1","max-image-preview":"max-image-preview:large","max-video-preview":"max-video-preview:-1"},"canonical":"https:\/\/buletin.de\/bucuresti\/nicusor-dan-despre-actiunea-lui-baluta-este-nelegala-o-primarie-de-sector-nu-poate-da-autorizatie\/","og_locale":"en_GB","og_type":"article","og_title":"VIDEO | Nicu\u0219or Dan despre ac\u021biunea lui B\u0103lu\u021b\u0103: Este nelegal\u0103. O prim\u0103rie de sector nu poate da autoriza\u021bie","og_description":"Primarul general Nicu\u0219or Dan spune despre ac\u021biunea lui B\u0103lu\u021b\u0103 la plan\u0219eul Unirii, din centrul Capitalei, c\u0103 este nelegal\u0103.","og_url":"https:\/\/buletin.de\/bucuresti\/nicusor-dan-despre-actiunea-lui-baluta-este-nelegala-o-primarie-de-sector-nu-poate-da-autorizatie\/","og_site_name":"Buletin de Bucure\u0219ti","article_publisher":"https:\/\/www.facebook.com\/buletin.de.buc","article_published_time":"2024-10-14T09:51:10+00:00","article_modified_time":"2024-10-14T19:13:49+00:00","og_image":[{"width":1200,"height":689,"url":"https:\/\/buletin.de\/bucuresti\/wp-content\/uploads\/nicusordansantier.png","type":"image\/png"}],"author":"R\u0103zvan Chiru\u021b\u0103","twitter_card":"summary_large_image","twitter_misc":{"Written by":"R\u0103zvan Chiru\u021b\u0103","Estimated reading time":"3 minutes"},"schema":{"@context":"https:\/\/schema.org","@graph":[{"@type":"Article","@id":"https:\/\/buletin.de\/bucuresti\/nicusor-dan-despre-actiunea-lui-baluta-este-nelegala-o-primarie-de-sector-nu-poate-da-autorizatie\/#article","isPartOf":{"@id":"https:\/\/buletin.de\/bucuresti\/nicusor-dan-despre-actiunea-lui-baluta-este-nelegala-o-primarie-de-sector-nu-poate-da-autorizatie\/"},"author":{"name":"R\u0103zvan Chiru\u021b\u0103","@id":"https:\/\/buletin.de\/bucuresti\/#\/schema\/person\/a76df728dfc913795a9d90e346b253bb"},"headline":"VIDEO | Nicu\u0219or Dan despre ac\u021biunea lui B\u0103lu\u021b\u0103: Este nelegal\u0103. O prim\u0103rie de sector nu poate da autoriza\u021bie","datePublished":"2024-10-14T09:51:10+00:00","dateModified":"2024-10-14T19:13:49+00:00","mainEntityOfPage":{"@id":"https:\/\/buletin.de\/bucuresti\/nicusor-dan-despre-actiunea-lui-baluta-este-nelegala-o-primarie-de-sector-nu-poate-da-autorizatie\/"},"wordCount":750,"publisher":{"@id":"https:\/\/buletin.de\/bucuresti\/#organization"},"image":{"@id":"https:\/\/buletin.de\/bucuresti\/nicusor-dan-despre-actiunea-lui-baluta-este-nelegala-o-primarie-de-sector-nu-poate-da-autorizatie\/#primaryimage"},"thumbnailUrl":"https:\/\/buletin.de\/bucuresti\/wp-content\/uploads\/nicusordansantier.png","keywords":["consolidare planseu unirii","daniel baluta","nicusor dan","planseu unirii","planseul unirii","repara\u021bii plan\u0219eu unirii","\u0219antier unirii","stare planseu"],"articleSection":["Articole","Eveniment","Main"],"inLanguage":"en-GB","copyrightYear":"2024","copyrightHolder":{"@id":"https:\/\/buletin.de\/bucuresti\/#organization"}},{"@type":"WebPage","@id":"https:\/\/buletin.de\/bucuresti\/nicusor-dan-despre-actiunea-lui-baluta-este-nelegala-o-primarie-de-sector-nu-poate-da-autorizatie\/","url":"https:\/\/buletin.de\/bucuresti\/nicusor-dan-despre-actiunea-lui-baluta-este-nelegala-o-primarie-de-sector-nu-poate-da-autorizatie\/","name":"VIDEO | Nicu\u0219or Dan despre ac\u021biunea lui B\u0103lu\u021b\u0103: Este nelegal\u0103. O prim\u0103rie de sector nu poate da autoriza\u021bie - Buletin de Bucure\u0219ti","isPartOf":{"@id":"https:\/\/buletin.de\/bucuresti\/#website"},"primaryImageOfPage":{"@id":"https:\/\/buletin.de\/bucuresti\/nicusor-dan-despre-actiunea-lui-baluta-este-nelegala-o-primarie-de-sector-nu-poate-da-autorizatie\/#primaryimage"},"image":{"@id":"https:\/\/buletin.de\/bucuresti\/nicusor-dan-despre-actiunea-lui-baluta-este-nelegala-o-primarie-de-sector-nu-poate-da-autorizatie\/#primaryimage"},"thumbnailUrl":"https:\/\/buletin.de\/bucuresti\/wp-content\/uploads\/nicusordansantier.png","datePublished":"2024-10-14T09:51:10+00:00","dateModified":"2024-10-14T19:13:49+00:00","description":"Primarul general Nicu\u0219or Dan spune despre ac\u021biunea lui B\u0103lu\u021b\u0103 la plan\u0219eul Unirii, din centrul Capitalei, c\u0103 este nelegal\u0103.","breadcrumb":{"@id":"https:\/\/buletin.de\/bucuresti\/nicusor-dan-despre-actiunea-lui-baluta-este-nelegala-o-primarie-de-sector-nu-poate-da-autorizatie\/#breadcrumb"},"inLanguage":"en-GB","potentialAction":[{"@type":"ReadAction","target":["https:\/\/buletin.de\/bucuresti\/nicusor-dan-despre-actiunea-lui-baluta-este-nelegala-o-primarie-de-sector-nu-poate-da-autorizatie\/"]}]},{"@type":"ImageObject","inLanguage":"en-GB","@id":"https:\/\/buletin.de\/bucuresti\/nicusor-dan-despre-actiunea-lui-baluta-este-nelegala-o-primarie-de-sector-nu-poate-da-autorizatie\/#primaryimage","url":"https:\/\/buletin.de\/bucuresti\/wp-content\/uploads\/nicusordansantier.png","contentUrl":"https:\/\/buletin.de\/bucuresti\/wp-content\/uploads\/nicusordansantier.png","width":1200,"height":689,"caption":"Nicu\u0219or Dan despre ac\u021biunea lui B\u0103lu\u021b\u0103 de la Pia\u021ba Unirii: Este nelegal\u0103. Captur\u0103 video"},{"@type":"BreadcrumbList","@id":"https:\/\/buletin.de\/bucuresti\/nicusor-dan-despre-actiunea-lui-baluta-este-nelegala-o-primarie-de-sector-nu-poate-da-autorizatie\/#breadcrumb","itemListElement":[{"@type":"ListItem","position":1,"name":"Acas\u0103","item":"https:\/\/buletin.de\/bucuresti\/"},{"@type":"ListItem","position":2,"name":"VIDEO | Nicu\u0219or Dan despre ac\u021biunea lui B\u0103lu\u021b\u0103: Este nelegal\u0103. O prim\u0103rie de sector nu poate da autoriza\u021bie"}]},{"@type":"WebSite","@id":"https:\/\/buletin.de\/bucuresti\/#website","url":"https:\/\/buletin.de\/bucuresti\/","name":"Buletin de Bucure\u0219ti","description":"\u0218tiri \u0219i investiga\u021bii esen\u021biale din capital\u0103","publisher":{"@id":"https:\/\/buletin.de\/bucuresti\/#organization"},"potentialAction":[{"@type":"SearchAction","target":{"@type":"EntryPoint","urlTemplate":"https:\/\/buletin.de\/bucuresti\/?s={search_term_string}"},"query-input":{"@type":"PropertyValueSpecification","valueRequired":true,"valueName":"search_term_string"}}],"inLanguage":"en-GB"},{"@type":"Organization","@id":"https:\/\/buletin.de\/bucuresti\/#organization","name":"Buletin de Bucure\u0219ti","url":"https:\/\/buletin.de\/bucuresti\/","logo":{"@type":"ImageObject","inLanguage":"en-GB","@id":"https:\/\/buletin.de\/bucuresti\/#\/schema\/logo\/image\/","url":"https:\/\/buletin.de\/bucuresti\/wp-content\/uploads\/logo-bdb-full-wide-vernil-transparent.png","contentUrl":"https:\/\/buletin.de\/bucuresti\/wp-content\/uploads\/logo-bdb-full-wide-vernil-transparent.png","width":1782,"height":626,"caption":"Buletin de Bucure\u0219ti"},"image":{"@id":"https:\/\/buletin.de\/bucuresti\/#\/schema\/logo\/image\/"},"sameAs":["https:\/\/www.facebook.com\/buletin.de.buc","https:\/\/www.instagram.com\/buletinde.bucuresti\/"]},{"@type":"Person","@id":"https:\/\/buletin.de\/bucuresti\/#\/schema\/person\/a76df728dfc913795a9d90e346b253bb","name":"R\u0103zvan Chiru\u021b\u0103","image":{"@type":"ImageObject","inLanguage":"en-GB","@id":"https:\/\/buletin.de\/bucuresti\/wp-content\/uploads\/Razvan-Chiruta-96x96.jpge7143b996fd4241fbd6ee1f6b6b7b267","url":"https:\/\/buletin.de\/bucuresti\/wp-content\/uploads\/Razvan-Chiruta-96x96.jpg","contentUrl":"https:\/\/buletin.de\/bucuresti\/wp-content\/uploads\/Razvan-Chiruta-96x96.jpg","caption":"R\u0103zvan Chiru\u021b\u0103"},"description":"R\u0103zvan Chiru\u021b\u0103 este redactor-\u0219ef adjunct din iulie 2024. A fost redactor-\u0219ef al PRESShub \u00eentre 2022 \u0219i iunie 2024. Anterior, a fost redactor-\u0219ef al Newsweek Rom\u00e2nia, din 2018 p\u00e2n\u0103 \u00een 2021, \u0219i al cotidianului Rom\u00e2nia liber\u0103, \u00eentre 2015 \u0219i 2017. Este absolvent de Jurnalism, \u00een cadrul Universit\u0103\u021bii \u201eAl.I.Cuza\u201d din Ia\u0219i, \u0219i a urmat un master \u00een Managementul institu\u021biilor mass-media (f\u0103r\u0103 diserta\u021bie) la Facultatea de Jurnalism \u0219i \u0218tiin\u021bele Comunic\u0103rii din cadrul Universit\u0103\u021bii din Bucure\u0219ti. \u0218i-a \u00eenceput cariera la Opinia studen\u021beasc\u0103, cunoscuta \u0219coal\u0103 de pres\u0103 din Ia\u0219i. A lucrat \u00een presa local\u0103, apoi a devenit corespondent pentru Ia\u0219i al cotidianului Evenimentul Zilei. Din 2004, a coordonat pentru \u0219ase luni sec\u021bia de coresponden\u021bi a Evenimentului Zilei. A mai lucrat la s\u0103pt\u0103m\u00e2nalul Prezent \u0219i a colaborat cu revistele Dilema Veche \u0219i Suplimentul de Cultur\u0103. Este co-autor \u00een volumele \u201eMass-media \u0219i democra\u021bia \u00een Rom\u00e2nia post-comunist\u0103\u201d (ed. a II-a), Ed. Institutul European, Ia\u0219i, 2013, \u0219i \u201eCOVID - 19. Dimensiuni ale gestionarii pandemiei\u201d, Editura Junimea, Ia\u0219i, 2020.","url":"https:\/\/buletin.de\/bucuresti\/author\/razvan-chiruta\/"}]}},"authors":[{"term_id":22582,"user_id":60,"is_guest":0,"slug":"razvan-chiruta","display_name":"R\u0103zvan Chiru\u021b\u0103","avatar_url":"https:\/\/buletin.de\/bucuresti\/wp-content\/uploads\/Razvan-Chiruta-96x96.jpg","0":null,"1":"","2":"","3":"","4":"","5":"","6":"","7":"","8":""}],"_links":{"self":[{"href":"https:\/\/buletin.de\/bucuresti\/wp-json\/wp\/v2\/posts\/102145","targetHints":{"allow":["GET"]}}],"collection":[{"href":"https:\/\/buletin.de\/bucuresti\/wp-json\/wp\/v2\/posts"}],"about":[{"href":"https:\/\/buletin.de\/bucuresti\/wp-json\/wp\/v2\/types\/post"}],"author":[{"embeddable":true,"href":"https:\/\/buletin.de\/bucuresti\/wp-json\/wp\/v2\/users\/60"}],"replies":[{"embeddable":true,"href":"https:\/\/buletin.de\/bucuresti\/wp-json\/wp\/v2\/comments?post=102145"}],"version-history":[{"count":10,"href":"https:\/\/buletin.de\/bucuresti\/wp-json\/wp\/v2\/posts\/102145\/revisions"}],"predecessor-version":[{"id":102272,"href":"https:\/\/buletin.de\/bucuresti\/wp-json\/wp\/v2\/posts\/102145\/revisions\/102272"}],"wp:featuredmedia":[{"embeddable":true,"href":"https:\/\/buletin.de\/bucuresti\/wp-json\/wp\/v2\/media\/102154"}],"wp:attachment":[{"href":"https:\/\/buletin.de\/bucuresti\/wp-json\/wp\/v2\/media?parent=102145"}],"wp:term":[{"taxonomy":"category","embeddable":true,"href":"https:\/\/buletin.de\/bucuresti\/wp-json\/wp\/v2\/categories?post=102145"},{"taxonomy":"post_tag","embeddable":true,"href":"https:\/\/buletin.de\/bucuresti\/wp-json\/wp\/v2\/tags?post=102145"},{"taxonomy":"author","embeddable":true,"href":"https:\/\/buletin.de\/bucuresti\/wp-json\/wp\/v2\/ppma_author?post=102145"}],"curies":[{"name":"wp","href":"https:\/\/api.w.org\/{rel}","templated":true}]}}