{"id":101851,"date":"2024-10-11T17:49:04","date_gmt":"2024-10-11T14:49:04","guid":{"rendered":"https:\/\/buletin.de\/bucuresti\/?p=101851"},"modified":"2024-10-11T21:52:17","modified_gmt":"2024-10-11T18:52:17","slug":"nicusor-dan-a-pierdut-procesul-cu-gabriela-szabo","status":"publish","type":"post","link":"https:\/\/buletin.de\/bucuresti\/nicusor-dan-a-pierdut-procesul-cu-gabriela-szabo\/","title":{"rendered":"Nicu\u0219or Dan a pierdut procesul cu Gabriela Szabo"},"content":{"rendered":"\n<p><strong>Nicu\u0219or Dan a pierdut procesul cu sportiva Gabriela Szabo \u00een leg\u0103tur\u0103 cu demiterea sa din func\u021bia de director al Clubului Sportiv Municipal (CSM) Bucure\u0219ti, decizie pe care primarul a luat-o \u00een 2022. Curtea de Apel Bucure\u0219ti a hot\u0103r\u00e2t anularea dispozi\u021biei primarului general \u0219i reintegrarea fostei campioane olimpice \u00een func\u021bia de director al CSM, conform <\/strong><a href=\"https:\/\/www.digi24.ro\/stiri\/gabriela-szabo-a-castigat-procesul-cu-nicusor-dan-cu-ce-suma-trebuie-sa-o-despagubeasca-primarul-capitalei-2965111?__grsc=cookieIsUndef0&amp;__grts=57621867&amp;__grua=16453d6e2683b8800ded2a27c7f595d9&amp;__grrn=1\"><strong>Digi24<\/strong><\/a><strong>.<\/strong><\/p>\n\n\n\n<p>De asemenea, sportiva va primi desp\u0103gubiri echivalente cu salariile indexate \u0219i cheltuielile de judecat\u0103, \u00een valoare de 15.000 de lei.<\/p>\n\n\n\n<p><strong>CITE\u0218TE \u0218I: <\/strong><a href=\"https:\/\/buletin.de\/bucuresti\/galerie-foto-i-aurora-boreala-la-margine-de-bucuresti-in-oras-spectacolul-a-fost-mascat-ce-spun-astronomii\/\"><strong>GALERIE FOTO I Aurora boreal\u0103 la margine de Bucure\u0219ti. \u00cen ora\u015f, spectacolul a fost \u201emascat\u201d. Ce spun astronomii<\/strong><\/a><\/p>\n\n\n\n<h2 class=\"wp-block-heading\" id=\"h-nicu\u0219or-dan-a-pierdut-procesul-cu-gabriela-szabo-ce-a-declarat-sportiva\"><strong>Nicu\u0219or Dan a pierdut procesul cu Gabriela Szabo. Ce a declarat sportiva<\/strong><\/h2>\n\n\n\n<blockquote class=\"wp-block-quote is-layout-flow wp-block-quote-is-layout-flow\">\n<p>Justi\u021bia mi-a dat dreptate. Nicu\u0219or Dan a min\u021bit!<\/p>\n<cite>Gabriela Szabo<\/cite><\/blockquote>\n\n\n\n<p>Sportiva a reac\u021bionat pe re\u021belele sociale \u0219i a declarat c\u0103 justi\u021bia i-a f\u0103cut dreptate dup\u0103 doi ani de judecat\u0103.<\/p>\n\n\n\n<p><em>\u201eAst\u0103zi, instan\u0163a a publicat decizia final\u0103 prin care mi se recunoa\u015fte nevinov\u0103\u0163ia \u015fi faptul ca drepturile mi-au fost \u00eenc\u0103lcate \u00een mod abuziv. \u00cen mod absolut nedrept am fost acuzat\u0103 nefondat \u015fi supus\u0103, luni \u00een \u015fir, unui atac calomnios din partea primarului Nicu\u0219or Dan. Dup\u0103 2 ani de zile, ast\u0103zi justi\u021bia face dreptate\u201d<\/em>, a declarat Szabo, citat\u0103 de Digi24.<\/p>\n\n\n\n<p>Ea a acuzat c\u0103 a fost \u00eenl\u0103turat\u0103 pe nedrept \u0219i c\u0103 m\u0103surile luate \u00eempotriva sa au avut alte motiva\u021bii dec\u00e2t cele legale. \u00cen 2022, Nicu\u0219or Dan a sus\u021binut c\u0103 deta\u0219area lui Szabo a fost justificat\u0103 de managementul defectuos al clubului.<\/p>\n\n\n\n<p>Decizia instan\u021bei este <strong>definitiv\u0103<\/strong>, iar CSM Bucure\u0219ti \u0219i Nicu\u0219or Dan sunt obliga\u021bi s\u0103 respecte hot\u0103r\u00e2rea.<\/p>\n\n\n\n<p><strong>Cite\u0219te mai multe pe <\/strong><a href=\"https:\/\/www.digi24.ro\/stiri\/gabriela-szabo-a-castigat-procesul-cu-nicusor-dan-cu-ce-suma-trebuie-sa-o-despagubeasca-primarul-capitalei-2965111?__grsc=cookieIsUndef0&amp;__grts=57621867&amp;__grua=16453d6e2683b8800ded2a27c7f595d9&amp;__grrn=1\"><strong>digi24.ro<\/strong><\/a><strong>.<\/strong><\/p>\n\n\n\n<h2 class=\"wp-block-heading\" id=\"h-demiterea-gabrielei-szabo-de-la-conducerea-clubului-sportiv-municipal-bucure\u0219ti\"><strong>Demiterea Gabrielei Szabo de la conducerea Clubului Sportiv Municipal Bucure\u0219ti<\/strong><\/h2>\n\n\n\n<p>Buletin de Bucure\u0219ti scria \u00een 2022 c\u0103 <a href=\"https:\/\/buletin.de\/bucuresti\/gabriela-szabo-demisa-de-la-conducerea-clubului-sportiv-municipal-bucuresti-nicusor-dan-anunta-ca-va-trimite-la-club-corpul-de-control\/\">Nicu\u0219or Dan a demis-o pe Gabriela Szabo din func\u021bia de directoare a CSM<\/a>, iar \u00een locul ei a fost numit interimar unul dintre directorii adjunc\u021bi.<\/p>\n\n\n\n<p>Conform edilului, motivul demiterii a fost c\u0103 CSM Bucure\u0219ti, sub conducerea lui Szabo, a ratat obiectivele competi\u021bionale, a determinat plecarea unor oameni valoro\u0219i \u0219i a avut un management defectuos. Edilul a trimis atunci \u0219i corpul de control s\u0103 verifice activitatea clubului.<\/p>\n\n\n\n<blockquote class=\"wp-block-quote is-layout-flow wp-block-quote-is-layout-flow\">\n<p>Am luat decizia de a schimba conducerea Clubului Sportiv Municipal Bucure\u0219ti. Directorul general al CSM, Gabriela Szabo, va fi deta\u0219at\u0103 la conducerea Centrului Dalles, iar \u00een locul ei va fi numit interimar unul dintre directorii adjunc\u021bi<\/p>\n<cite>A scris Nicu\u0219or Dan, pe Facebook, \u00een 2022<\/cite><\/blockquote>\n\n\n\n<p>Primarul a spus c\u0103 decizia a venit dup\u0103 ce s-a consultat cu Consiliul de Administra\u021bie al CSM.<\/p>\n\n\n\n<p>Principalele motive pentru care a fost demis\u0103 este c\u0103 a ratat obiective competi\u021bionale \u0219i a determinat plecarea unor oameni valoro\u0219i. El a spus \u0219i c\u0103 abordarea conducerii a fost conflictual\u0103 \u00een rela\u021bia cu \u0219efii sec\u021biilor sportive.<\/p>\n\n\n\n<p><strong>CITE\u0218TE \u0218I: <a href=\"https:\/\/buletin.de\/bucuresti\/gabriela-szabo-demisa-de-la-conducerea-clubului-sportiv-municipal-bucuresti-nicusor-dan-anunta-ca-va-trimite-la-club-corpul-de-control\/\">Gabriela Szabo, demis\u0103 de la conducerea Clubului Sportiv Municipal Bucure\u0219ti. Nicu\u0219or Dan anun\u021b\u0103 c\u0103 va trimite la club corpul de control<\/a><\/strong><\/p>\n","protected":false},"excerpt":{"rendered":"<p>Nicu\u0219or Dan a pierdut procesul cu sportiva Gabriela Szabo \u00een leg\u0103tur\u0103 cu demiterea sa din func\u021bia de director al Clubului Sportiv Municipal (CSM) Bucure\u0219ti, decizie pe care primarul a luat-o \u00een 2022. Curtea de Apel Bucure\u0219ti a hot\u0103r\u00e2t anularea dispozi\u021biei primarului general \u0219i reintegrarea fostei campioane olimpice \u00een func\u021bia de director al CSM, conform Digi24. [&hellip;]<\/p>\n","protected":false},"author":1,"featured_media":101854,"comment_status":"closed","ping_status":"open","sticky":false,"template":"","format":"standard","meta":{"_acf_changed":false,"inline_featured_image":false,"ngg_post_thumbnail":0,"footnotes":""},"categories":[6994,9026,24,62],"tags":[9,2054,4183,223,575],"ppma_author":[22583],"class_list":["post-101851","post","type-post","status-publish","format-standard","has-post-thumbnail","hentry","category-stiri-2","category-eveniment","category-primarie","category-stiri","tag-bucuresti","tag-capitala","tag-despagubiri","tag-nicusor-dan","tag-proces"],"acf":[],"yoast_head":"<!-- This site is optimized with the Yoast SEO Premium plugin v25.3 (Yoast SEO v27.4) - https:\/\/yoast.com\/product\/yoast-seo-premium-wordpress\/ -->\n<title>Nicu\u0219or Dan a pierdut procesul cu Gabriela Szabo - Buletin de Bucure\u0219ti<\/title>\n<meta name=\"description\" content=\"Nicu\u0219or Dan a pierdut procesul cu sportiva Gabriela Szabo \u00een leg\u0103tur\u0103 cu demiterea sa din func\u021bia de director al CSM Bucure\u0219ti.\" \/>\n<meta name=\"robots\" content=\"index, follow, max-snippet:-1, max-image-preview:large, max-video-preview:-1\" \/>\n<link rel=\"canonical\" href=\"https:\/\/buletin.de\/bucuresti\/nicusor-dan-a-pierdut-procesul-cu-gabriela-szabo\/\" \/>\n<meta property=\"og:locale\" content=\"en_GB\" \/>\n<meta property=\"og:type\" content=\"article\" \/>\n<meta property=\"og:title\" content=\"Nicu\u0219or Dan a pierdut procesul cu Gabriela Szabo\" \/>\n<meta property=\"og:description\" content=\"Nicu\u0219or Dan a pierdut procesul cu sportiva Gabriela Szabo \u00een leg\u0103tur\u0103 cu demiterea sa din func\u021bia de director al CSM Bucure\u0219ti.\" \/>\n<meta property=\"og:url\" content=\"https:\/\/buletin.de\/bucuresti\/nicusor-dan-a-pierdut-procesul-cu-gabriela-szabo\/\" \/>\n<meta property=\"og:site_name\" content=\"Buletin de Bucure\u0219ti\" \/>\n<meta property=\"article:publisher\" content=\"https:\/\/www.facebook.com\/buletin.de.buc\" \/>\n<meta property=\"article:published_time\" content=\"2024-10-11T14:49:04+00:00\" \/>\n<meta property=\"article:modified_time\" content=\"2024-10-11T18:52:17+00:00\" \/>\n<meta property=\"og:image\" content=\"https:\/\/buletin.de\/bucuresti\/wp-content\/uploads\/gabriela-szabo-x-ND.jpeg\" \/>\n\t<meta property=\"og:image:width\" content=\"2000\" \/>\n\t<meta property=\"og:image:height\" content=\"1332\" \/>\n\t<meta property=\"og:image:type\" content=\"image\/jpeg\" \/>\n<meta name=\"author\" content=\"Redac\u021bia Buletin de Bucure\u0219ti\" \/>\n<meta name=\"twitter:card\" content=\"summary_large_image\" \/>\n<meta name=\"twitter:label1\" content=\"Written by\" \/>\n\t<meta name=\"twitter:data1\" content=\"Redac\u021bia Buletin de Bucure\u0219ti\" \/>\n\t<meta name=\"twitter:label2\" content=\"Estimated reading time\" \/>\n\t<meta name=\"twitter:data2\" content=\"2 minutes\" \/>\n<script type=\"application\/ld+json\" class=\"yoast-schema-graph\">{\"@context\":\"https:\\\/\\\/schema.org\",\"@graph\":[{\"@type\":\"Article\",\"@id\":\"https:\\\/\\\/buletin.de\\\/bucuresti\\\/nicusor-dan-a-pierdut-procesul-cu-gabriela-szabo\\\/#article\",\"isPartOf\":{\"@id\":\"https:\\\/\\\/buletin.de\\\/bucuresti\\\/nicusor-dan-a-pierdut-procesul-cu-gabriela-szabo\\\/\"},\"author\":{\"name\":\"Redac\u021bia Buletin de Bucure\u0219ti\",\"@id\":\"https:\\\/\\\/buletin.de\\\/bucuresti\\\/#\\\/schema\\\/person\\\/2bbcf854e5f2419a13804af574d06ab1\"},\"headline\":\"Nicu\u0219or Dan a pierdut procesul cu Gabriela Szabo\",\"datePublished\":\"2024-10-11T14:49:04+00:00\",\"dateModified\":\"2024-10-11T18:52:17+00:00\",\"mainEntityOfPage\":{\"@id\":\"https:\\\/\\\/buletin.de\\\/bucuresti\\\/nicusor-dan-a-pierdut-procesul-cu-gabriela-szabo\\\/\"},\"wordCount\":523,\"publisher\":{\"@id\":\"https:\\\/\\\/buletin.de\\\/bucuresti\\\/#organization\"},\"image\":{\"@id\":\"https:\\\/\\\/buletin.de\\\/bucuresti\\\/nicusor-dan-a-pierdut-procesul-cu-gabriela-szabo\\\/#primaryimage\"},\"thumbnailUrl\":\"https:\\\/\\\/buletin.de\\\/bucuresti\\\/wp-content\\\/uploads\\\/gabriela-szabo-x-ND.jpeg\",\"keywords\":[\"bucuresti\",\"Capitala\",\"despagubiri\",\"nicusor dan\",\"proces\"],\"articleSection\":[\"Articole\",\"Eveniment\",\"Prim\u0103rie\",\"\u0218tiri\"],\"inLanguage\":\"en-GB\",\"copyrightYear\":\"2024\",\"copyrightHolder\":{\"@id\":\"https:\\\/\\\/buletin.de\\\/bucuresti\\\/#organization\"}},{\"@type\":\"WebPage\",\"@id\":\"https:\\\/\\\/buletin.de\\\/bucuresti\\\/nicusor-dan-a-pierdut-procesul-cu-gabriela-szabo\\\/\",\"url\":\"https:\\\/\\\/buletin.de\\\/bucuresti\\\/nicusor-dan-a-pierdut-procesul-cu-gabriela-szabo\\\/\",\"name\":\"Nicu\u0219or Dan a pierdut procesul cu Gabriela Szabo - Buletin de Bucure\u0219ti\",\"isPartOf\":{\"@id\":\"https:\\\/\\\/buletin.de\\\/bucuresti\\\/#website\"},\"primaryImageOfPage\":{\"@id\":\"https:\\\/\\\/buletin.de\\\/bucuresti\\\/nicusor-dan-a-pierdut-procesul-cu-gabriela-szabo\\\/#primaryimage\"},\"image\":{\"@id\":\"https:\\\/\\\/buletin.de\\\/bucuresti\\\/nicusor-dan-a-pierdut-procesul-cu-gabriela-szabo\\\/#primaryimage\"},\"thumbnailUrl\":\"https:\\\/\\\/buletin.de\\\/bucuresti\\\/wp-content\\\/uploads\\\/gabriela-szabo-x-ND.jpeg\",\"datePublished\":\"2024-10-11T14:49:04+00:00\",\"dateModified\":\"2024-10-11T18:52:17+00:00\",\"description\":\"Nicu\u0219or Dan a pierdut procesul cu sportiva Gabriela Szabo \u00een leg\u0103tur\u0103 cu demiterea sa din func\u021bia de director al CSM Bucure\u0219ti.\",\"breadcrumb\":{\"@id\":\"https:\\\/\\\/buletin.de\\\/bucuresti\\\/nicusor-dan-a-pierdut-procesul-cu-gabriela-szabo\\\/#breadcrumb\"},\"inLanguage\":\"en-GB\",\"potentialAction\":[{\"@type\":\"ReadAction\",\"target\":[\"https:\\\/\\\/buletin.de\\\/bucuresti\\\/nicusor-dan-a-pierdut-procesul-cu-gabriela-szabo\\\/\"]}]},{\"@type\":\"ImageObject\",\"inLanguage\":\"en-GB\",\"@id\":\"https:\\\/\\\/buletin.de\\\/bucuresti\\\/nicusor-dan-a-pierdut-procesul-cu-gabriela-szabo\\\/#primaryimage\",\"url\":\"https:\\\/\\\/buletin.de\\\/bucuresti\\\/wp-content\\\/uploads\\\/gabriela-szabo-x-ND.jpeg\",\"contentUrl\":\"https:\\\/\\\/buletin.de\\\/bucuresti\\\/wp-content\\\/uploads\\\/gabriela-szabo-x-ND.jpeg\",\"width\":2000,\"height\":1332,\"caption\":\"Nicu\u0219or Dan a pierdut procesul cu Gabriela Szabo. FOTO: Inquam Photos \\\/ Bogdan Buda\"},{\"@type\":\"BreadcrumbList\",\"@id\":\"https:\\\/\\\/buletin.de\\\/bucuresti\\\/nicusor-dan-a-pierdut-procesul-cu-gabriela-szabo\\\/#breadcrumb\",\"itemListElement\":[{\"@type\":\"ListItem\",\"position\":1,\"name\":\"Acas\u0103\",\"item\":\"https:\\\/\\\/buletin.de\\\/bucuresti\\\/\"},{\"@type\":\"ListItem\",\"position\":2,\"name\":\"Nicu\u0219or Dan a pierdut procesul cu Gabriela Szabo\"}]},{\"@type\":\"WebSite\",\"@id\":\"https:\\\/\\\/buletin.de\\\/bucuresti\\\/#website\",\"url\":\"https:\\\/\\\/buletin.de\\\/bucuresti\\\/\",\"name\":\"Buletin de Bucure\u0219ti\",\"description\":\"\u0218tiri \u0219i investiga\u021bii esen\u021biale din capital\u0103\",\"publisher\":{\"@id\":\"https:\\\/\\\/buletin.de\\\/bucuresti\\\/#organization\"},\"potentialAction\":[{\"@type\":\"SearchAction\",\"target\":{\"@type\":\"EntryPoint\",\"urlTemplate\":\"https:\\\/\\\/buletin.de\\\/bucuresti\\\/?s={search_term_string}\"},\"query-input\":{\"@type\":\"PropertyValueSpecification\",\"valueRequired\":true,\"valueName\":\"search_term_string\"}}],\"inLanguage\":\"en-GB\"},{\"@type\":\"Organization\",\"@id\":\"https:\\\/\\\/buletin.de\\\/bucuresti\\\/#organization\",\"name\":\"Buletin de Bucure\u0219ti\",\"url\":\"https:\\\/\\\/buletin.de\\\/bucuresti\\\/\",\"logo\":{\"@type\":\"ImageObject\",\"inLanguage\":\"en-GB\",\"@id\":\"https:\\\/\\\/buletin.de\\\/bucuresti\\\/#\\\/schema\\\/logo\\\/image\\\/\",\"url\":\"https:\\\/\\\/buletin.de\\\/bucuresti\\\/wp-content\\\/uploads\\\/logo-bdb-full-wide-vernil-transparent.png\",\"contentUrl\":\"https:\\\/\\\/buletin.de\\\/bucuresti\\\/wp-content\\\/uploads\\\/logo-bdb-full-wide-vernil-transparent.png\",\"width\":1782,\"height\":626,\"caption\":\"Buletin de Bucure\u0219ti\"},\"image\":{\"@id\":\"https:\\\/\\\/buletin.de\\\/bucuresti\\\/#\\\/schema\\\/logo\\\/image\\\/\"},\"sameAs\":[\"https:\\\/\\\/www.facebook.com\\\/buletin.de.buc\",\"https:\\\/\\\/www.instagram.com\\\/buletinde.bucuresti\\\/\"]},{\"@type\":\"Person\",\"@id\":\"https:\\\/\\\/buletin.de\\\/bucuresti\\\/#\\\/schema\\\/person\\\/2bbcf854e5f2419a13804af574d06ab1\",\"name\":\"Redac\u021bia Buletin de Bucure\u0219ti\",\"image\":{\"@type\":\"ImageObject\",\"inLanguage\":\"en-GB\",\"@id\":\"https:\\\/\\\/secure.gravatar.com\\\/avatar\\\/18c5342381ed1a08620e6280424e3e5efc958618f5d67c522c9e44c1bc6f9226?s=96&d=monsterid&r=g60c7cd0ad92c68c049fcd4bb3504d609\",\"url\":\"https:\\\/\\\/secure.gravatar.com\\\/avatar\\\/18c5342381ed1a08620e6280424e3e5efc958618f5d67c522c9e44c1bc6f9226?s=96&d=monsterid&r=g\",\"contentUrl\":\"https:\\\/\\\/secure.gravatar.com\\\/avatar\\\/18c5342381ed1a08620e6280424e3e5efc958618f5d67c522c9e44c1bc6f9226?s=96&d=monsterid&r=g\",\"caption\":\"Redac\u021bia Buletin de Bucure\u0219ti\"},\"description\":\"Buletin de Bucure\u0219ti exist\u0103 din vara anului 2019.\",\"url\":\"https:\\\/\\\/buletin.de\\\/bucuresti\\\/author\\\/adminbuletin\\\/\"}]}<\/script>\n<!-- \/ Yoast SEO Premium plugin. -->","yoast_head_json":{"title":"Nicu\u0219or Dan a pierdut procesul cu Gabriela Szabo - Buletin de Bucure\u0219ti","description":"Nicu\u0219or Dan a pierdut procesul cu sportiva Gabriela Szabo \u00een leg\u0103tur\u0103 cu demiterea sa din func\u021bia de director al CSM Bucure\u0219ti.","robots":{"index":"index","follow":"follow","max-snippet":"max-snippet:-1","max-image-preview":"max-image-preview:large","max-video-preview":"max-video-preview:-1"},"canonical":"https:\/\/buletin.de\/bucuresti\/nicusor-dan-a-pierdut-procesul-cu-gabriela-szabo\/","og_locale":"en_GB","og_type":"article","og_title":"Nicu\u0219or Dan a pierdut procesul cu Gabriela Szabo","og_description":"Nicu\u0219or Dan a pierdut procesul cu sportiva Gabriela Szabo \u00een leg\u0103tur\u0103 cu demiterea sa din func\u021bia de director al CSM Bucure\u0219ti.","og_url":"https:\/\/buletin.de\/bucuresti\/nicusor-dan-a-pierdut-procesul-cu-gabriela-szabo\/","og_site_name":"Buletin de Bucure\u0219ti","article_publisher":"https:\/\/www.facebook.com\/buletin.de.buc","article_published_time":"2024-10-11T14:49:04+00:00","article_modified_time":"2024-10-11T18:52:17+00:00","og_image":[{"width":2000,"height":1332,"url":"https:\/\/buletin.de\/bucuresti\/wp-content\/uploads\/gabriela-szabo-x-ND.jpeg","type":"image\/jpeg"}],"author":"Redac\u021bia Buletin de Bucure\u0219ti","twitter_card":"summary_large_image","twitter_misc":{"Written by":"Redac\u021bia Buletin de Bucure\u0219ti","Estimated reading time":"2 minutes"},"schema":{"@context":"https:\/\/schema.org","@graph":[{"@type":"Article","@id":"https:\/\/buletin.de\/bucuresti\/nicusor-dan-a-pierdut-procesul-cu-gabriela-szabo\/#article","isPartOf":{"@id":"https:\/\/buletin.de\/bucuresti\/nicusor-dan-a-pierdut-procesul-cu-gabriela-szabo\/"},"author":{"name":"Redac\u021bia Buletin de Bucure\u0219ti","@id":"https:\/\/buletin.de\/bucuresti\/#\/schema\/person\/2bbcf854e5f2419a13804af574d06ab1"},"headline":"Nicu\u0219or Dan a pierdut procesul cu Gabriela Szabo","datePublished":"2024-10-11T14:49:04+00:00","dateModified":"2024-10-11T18:52:17+00:00","mainEntityOfPage":{"@id":"https:\/\/buletin.de\/bucuresti\/nicusor-dan-a-pierdut-procesul-cu-gabriela-szabo\/"},"wordCount":523,"publisher":{"@id":"https:\/\/buletin.de\/bucuresti\/#organization"},"image":{"@id":"https:\/\/buletin.de\/bucuresti\/nicusor-dan-a-pierdut-procesul-cu-gabriela-szabo\/#primaryimage"},"thumbnailUrl":"https:\/\/buletin.de\/bucuresti\/wp-content\/uploads\/gabriela-szabo-x-ND.jpeg","keywords":["bucuresti","Capitala","despagubiri","nicusor dan","proces"],"articleSection":["Articole","Eveniment","Prim\u0103rie","\u0218tiri"],"inLanguage":"en-GB","copyrightYear":"2024","copyrightHolder":{"@id":"https:\/\/buletin.de\/bucuresti\/#organization"}},{"@type":"WebPage","@id":"https:\/\/buletin.de\/bucuresti\/nicusor-dan-a-pierdut-procesul-cu-gabriela-szabo\/","url":"https:\/\/buletin.de\/bucuresti\/nicusor-dan-a-pierdut-procesul-cu-gabriela-szabo\/","name":"Nicu\u0219or Dan a pierdut procesul cu Gabriela Szabo - Buletin de Bucure\u0219ti","isPartOf":{"@id":"https:\/\/buletin.de\/bucuresti\/#website"},"primaryImageOfPage":{"@id":"https:\/\/buletin.de\/bucuresti\/nicusor-dan-a-pierdut-procesul-cu-gabriela-szabo\/#primaryimage"},"image":{"@id":"https:\/\/buletin.de\/bucuresti\/nicusor-dan-a-pierdut-procesul-cu-gabriela-szabo\/#primaryimage"},"thumbnailUrl":"https:\/\/buletin.de\/bucuresti\/wp-content\/uploads\/gabriela-szabo-x-ND.jpeg","datePublished":"2024-10-11T14:49:04+00:00","dateModified":"2024-10-11T18:52:17+00:00","description":"Nicu\u0219or Dan a pierdut procesul cu sportiva Gabriela Szabo \u00een leg\u0103tur\u0103 cu demiterea sa din func\u021bia de director al CSM Bucure\u0219ti.","breadcrumb":{"@id":"https:\/\/buletin.de\/bucuresti\/nicusor-dan-a-pierdut-procesul-cu-gabriela-szabo\/#breadcrumb"},"inLanguage":"en-GB","potentialAction":[{"@type":"ReadAction","target":["https:\/\/buletin.de\/bucuresti\/nicusor-dan-a-pierdut-procesul-cu-gabriela-szabo\/"]}]},{"@type":"ImageObject","inLanguage":"en-GB","@id":"https:\/\/buletin.de\/bucuresti\/nicusor-dan-a-pierdut-procesul-cu-gabriela-szabo\/#primaryimage","url":"https:\/\/buletin.de\/bucuresti\/wp-content\/uploads\/gabriela-szabo-x-ND.jpeg","contentUrl":"https:\/\/buletin.de\/bucuresti\/wp-content\/uploads\/gabriela-szabo-x-ND.jpeg","width":2000,"height":1332,"caption":"Nicu\u0219or Dan a pierdut procesul cu Gabriela Szabo. FOTO: Inquam Photos \/ Bogdan Buda"},{"@type":"BreadcrumbList","@id":"https:\/\/buletin.de\/bucuresti\/nicusor-dan-a-pierdut-procesul-cu-gabriela-szabo\/#breadcrumb","itemListElement":[{"@type":"ListItem","position":1,"name":"Acas\u0103","item":"https:\/\/buletin.de\/bucuresti\/"},{"@type":"ListItem","position":2,"name":"Nicu\u0219or Dan a pierdut procesul cu Gabriela Szabo"}]},{"@type":"WebSite","@id":"https:\/\/buletin.de\/bucuresti\/#website","url":"https:\/\/buletin.de\/bucuresti\/","name":"Buletin de Bucure\u0219ti","description":"\u0218tiri \u0219i investiga\u021bii esen\u021biale din capital\u0103","publisher":{"@id":"https:\/\/buletin.de\/bucuresti\/#organization"},"potentialAction":[{"@type":"SearchAction","target":{"@type":"EntryPoint","urlTemplate":"https:\/\/buletin.de\/bucuresti\/?s={search_term_string}"},"query-input":{"@type":"PropertyValueSpecification","valueRequired":true,"valueName":"search_term_string"}}],"inLanguage":"en-GB"},{"@type":"Organization","@id":"https:\/\/buletin.de\/bucuresti\/#organization","name":"Buletin de Bucure\u0219ti","url":"https:\/\/buletin.de\/bucuresti\/","logo":{"@type":"ImageObject","inLanguage":"en-GB","@id":"https:\/\/buletin.de\/bucuresti\/#\/schema\/logo\/image\/","url":"https:\/\/buletin.de\/bucuresti\/wp-content\/uploads\/logo-bdb-full-wide-vernil-transparent.png","contentUrl":"https:\/\/buletin.de\/bucuresti\/wp-content\/uploads\/logo-bdb-full-wide-vernil-transparent.png","width":1782,"height":626,"caption":"Buletin de Bucure\u0219ti"},"image":{"@id":"https:\/\/buletin.de\/bucuresti\/#\/schema\/logo\/image\/"},"sameAs":["https:\/\/www.facebook.com\/buletin.de.buc","https:\/\/www.instagram.com\/buletinde.bucuresti\/"]},{"@type":"Person","@id":"https:\/\/buletin.de\/bucuresti\/#\/schema\/person\/2bbcf854e5f2419a13804af574d06ab1","name":"Redac\u021bia Buletin de Bucure\u0219ti","image":{"@type":"ImageObject","inLanguage":"en-GB","@id":"https:\/\/secure.gravatar.com\/avatar\/18c5342381ed1a08620e6280424e3e5efc958618f5d67c522c9e44c1bc6f9226?s=96&d=monsterid&r=g60c7cd0ad92c68c049fcd4bb3504d609","url":"https:\/\/secure.gravatar.com\/avatar\/18c5342381ed1a08620e6280424e3e5efc958618f5d67c522c9e44c1bc6f9226?s=96&d=monsterid&r=g","contentUrl":"https:\/\/secure.gravatar.com\/avatar\/18c5342381ed1a08620e6280424e3e5efc958618f5d67c522c9e44c1bc6f9226?s=96&d=monsterid&r=g","caption":"Redac\u021bia Buletin de Bucure\u0219ti"},"description":"Buletin de Bucure\u0219ti exist\u0103 din vara anului 2019.","url":"https:\/\/buletin.de\/bucuresti\/author\/adminbuletin\/"}]}},"authors":[{"term_id":22583,"user_id":1,"is_guest":0,"slug":"adminbuletin","display_name":"Redac\u021bia Buletin de Bucure\u0219ti","avatar_url":"https:\/\/secure.gravatar.com\/avatar\/18c5342381ed1a08620e6280424e3e5efc958618f5d67c522c9e44c1bc6f9226?s=96&d=monsterid&r=g","0":null,"1":"","2":"","3":"","4":"","5":"","6":"","7":"","8":""}],"_links":{"self":[{"href":"https:\/\/buletin.de\/bucuresti\/wp-json\/wp\/v2\/posts\/101851","targetHints":{"allow":["GET"]}}],"collection":[{"href":"https:\/\/buletin.de\/bucuresti\/wp-json\/wp\/v2\/posts"}],"about":[{"href":"https:\/\/buletin.de\/bucuresti\/wp-json\/wp\/v2\/types\/post"}],"author":[{"embeddable":true,"href":"https:\/\/buletin.de\/bucuresti\/wp-json\/wp\/v2\/users\/1"}],"replies":[{"embeddable":true,"href":"https:\/\/buletin.de\/bucuresti\/wp-json\/wp\/v2\/comments?post=101851"}],"version-history":[{"count":3,"href":"https:\/\/buletin.de\/bucuresti\/wp-json\/wp\/v2\/posts\/101851\/revisions"}],"predecessor-version":[{"id":101859,"href":"https:\/\/buletin.de\/bucuresti\/wp-json\/wp\/v2\/posts\/101851\/revisions\/101859"}],"wp:featuredmedia":[{"embeddable":true,"href":"https:\/\/buletin.de\/bucuresti\/wp-json\/wp\/v2\/media\/101854"}],"wp:attachment":[{"href":"https:\/\/buletin.de\/bucuresti\/wp-json\/wp\/v2\/media?parent=101851"}],"wp:term":[{"taxonomy":"category","embeddable":true,"href":"https:\/\/buletin.de\/bucuresti\/wp-json\/wp\/v2\/categories?post=101851"},{"taxonomy":"post_tag","embeddable":true,"href":"https:\/\/buletin.de\/bucuresti\/wp-json\/wp\/v2\/tags?post=101851"},{"taxonomy":"author","embeddable":true,"href":"https:\/\/buletin.de\/bucuresti\/wp-json\/wp\/v2\/ppma_author?post=101851"}],"curies":[{"name":"wp","href":"https:\/\/api.w.org\/{rel}","templated":true}]}}