{"id":101830,"date":"2024-10-13T07:17:00","date_gmt":"2024-10-13T04:17:00","guid":{"rendered":"https:\/\/buletin.de\/bucuresti\/?p=101830"},"modified":"2024-10-12T08:02:06","modified_gmt":"2024-10-12T05:02:06","slug":"targ-de-adoptii-2","status":"publish","type":"post","link":"https:\/\/buletin.de\/bucuresti\/targ-de-adoptii-2\/","title":{"rendered":"ASPA | T\u00e2rg de adop\u021bii de c\u0103\u021bei, pe 19 octombrie, \u00een parcul Her\u0103str\u0103u"},"content":{"rendered":"\n<p><strong><a href=\"https:\/\/aspa.ro\/\">ASPA<\/a> organizeaz\u0103 un t\u00e2rg de adop\u021bii de c\u0103\u021bei, pe 19 octombrie, \u00een parcul Regele Mihai I al Rom\u00e2niei. Asocia\u021bia atrage aten\u021bia c\u0103 se apropie sezonul rece, iar c\u0103\u021beilor le va fi tot mai greu \u00een ad\u0103posturi, pe m\u0103sur\u0103 ce temperaturile scad.<\/strong><\/p>\n\n\n\n<p>C\u0103\u021beii, care vor fi prezenta\u021bi la acest t\u00e2rg de adop\u021bii sunt s\u0103n\u0103to\u0219i, deparazita\u021bi intern \u0219i extern \u0219i steriliza\u021bi dac\u0103 v\u00e2rsta o permite.<\/p>\n\n\n\n<p>Partenerii evenimentului vor oferi premii pentru adoptatori:<\/p>\n\n\n\n<ul class=\"wp-block-list\">\n<li>pachete care con\u021bin hran\u0103 uscat\u0103 \u0219i umed\u0103, juc\u0103rie \u0219i castron;<\/li>\n\n\n\n<li>o \u0219edin\u021b\u0103 gratuit\u0103 de cosmetic\u0103 canin\u0103;<\/li>\n\n\n\n<li>medalioane inteligente cu cod QR;<\/li>\n\n\n\n<li>pachete care con\u021bin: un set aniversar de 3 pahare reutilizabile, un accesoriu pentru paharul reutilizabil \u0219i o pung\u0103 de cafea;<\/li>\n\n\n\n<li>o \u0219edin\u021b\u0103 de dresaj gratuit\u0103;<\/li>\n\n\n\n<li>voucher pentru o sesiune gratuit\u0103 de karting.<\/li>\n<\/ul>\n\n\n\n<p>Programul evenimentului este s\u00e2mb\u0103t\u0103, 19 octombrie, \u00eentre orele 10:00 \u2013 15:00.<\/p>\n\n\n\n<p><strong>CITE\u0218TE \u0218I:<\/strong> <a href=\"https:\/\/buletin.de\/bucuresti\/a-fost-semnat-contractul-pentru-reabilitarea-a-inca-18-km-de-linie-de-tramvai-in-capitala\/\">A fost semnat contractul pentru reabilitarea a \u00eenc\u0103 18 km de linie de tramvai \u00een Capital\u0103<\/a><\/p>\n\n\n\n<h2 class=\"wp-block-heading\" id=\"h-crosul-ca\u021beilor-in-ultimul-weekend-din-octombrie-in-parcul-herastrau\">Crosul c\u0103\u021beilor, \u00een ultimul weekend din octombrie, \u00een Parcul Her\u0103str\u0103u<\/h2>\n\n\n\n<p><strong>Echipa Canicross Fun Run \u00eempreun\u0103 cu <a href=\"https:\/\/aspa.ro\/\">ASPA <\/a>organizeaz\u0103, pe 26 octombrie, crosul c\u0103\u021beilor, concursul de DOG SPEED RUN 50M &#8211; alergare de vitez\u0103 pentru c\u0103\u021bei. Evenimentul are loc intrarea Charles de Gaulle din parcul Regele Mihai I al Rom\u00e2niei.<\/strong><\/p>\n\n\n\n<p>De asemenea, \u00een cadrul evenimentului, ASPA organizeaz\u0103 \u0219i un t\u00e2rg de adop\u021bii.<\/p>\n\n\n\n<p>Organizatorii c\u0103 patrupedele participante la crosul c\u0103\u021beilor nu trebuie s\u0103 fie de ras\u0103 sau antrena\u021bi. Tot ceea ce trebuie este s\u0103 aib\u0103 vaccinul anti-rabic la zi. V\u00e2rsta minim\u0103 e de 4 luni, v\u00e2rsta maxim\u0103 nu exist\u0103.<\/p>\n\n\n\n<p>\u00censcrierea se face pe platforma&nbsp;<a href=\"https:\/\/l.facebook.com\/l.php?u=http%3A%2F%2F42km.ro%2F%3Ffbclid%3DIwZXh0bgNhZW0CMTAAAR25Mlm2nrohro4iLJbjNu81SsgeE9QQon661AH3FnjJc7UEnY7zDuDVGrk_aem_elpHQitaCFHA4607cKRsOQ&amp;h=AT032sSYYYirX4Jj1srA3eobzRT1PiCEPijwqbgnnwb8eSbMdwDlJfyNyM_3u63N5wQYF1ZlpT4m9M58VE2i3r52lmN-YGLicvGQRwy9BDZHKYlYZqaRPZsOcyZX1lpXcQC4&amp;__tn__=q&amp;c[0]=AT2lxB39K2iUKCma5uPD8YRktsv2m2kFAyKS60yPdRchWYG3vLURU1g-m_8x18h89uO97kwPX133NlnWojWgcyz8HG9cmVEfCWGr5IPiwM_-HvezxNNp2Z2QiVbl9ch-P0-ctaRUnOh1jUBTPclXIvewJut7blnsEz8u_w\" target=\"_blank\" rel=\"noreferrer noopener\">42km.ro<\/a>, dup\u0103 plata taxei de participare de 50 RON. <strong>Sunt disponibile doar 100 de bilete.<\/strong><\/p>\n\n\n\n<p>\u00cen cadrul crosului, sunt \u0219apte categorii:<\/p>\n\n\n\n<ul class=\"wp-block-list\">\n<li>Puppy &#8211; c\u00e2ini \u00eentre 4-8 luni;<\/li>\n\n\n\n<li>Micro &#8211; c\u00e2ini p\u00e2n\u0103 la 20cm;<\/li>\n\n\n\n<li>Mini &#8211; c\u00e2ini \u00eentre 21-35 cm;<\/li>\n\n\n\n<li>Midi &#8211; c\u00e2ini \u00eentre 36-45 cm;<\/li>\n\n\n\n<li>Maxi &#8211; de la 46 cm \u00een sus;<\/li>\n\n\n\n<li>ASPA &#8211; c\u00e2ini din ad\u0103post disponibili spre adop\u021bie;<\/li>\n\n\n\n<li>Super-Eroi &#8211; c\u00e2ini peste 10 ani, cu mai pu\u021bin de patru picioare, cu roti\u021be \u00een loc de picioare, cu dificult\u0103\u021bi de alergare, recupera\u021bi din situa\u021bii grele de s\u0103n\u0103tate.<\/li>\n<\/ul>\n\n\n\n<p>Detalii despre eveniment <a href=\"https:\/\/www.facebook.com\/events\/1097277568398270?ref=newsfeed\">AICI.<\/a><\/p>\n\n\n\n<p><strong>CITE\u0218TE \u0218I:<\/strong> <a href=\"https:\/\/buletin.de\/bucuresti\/inca-o-tentativa-de-frauda-care-implica-stb-escrocii-folosesc-inteligenta-artificiala-pentru-a-face-anuntul-mai-credibil\/\">\u00cenc\u0103 o tentativ\u0103 de fraud\u0103 care implic\u0103 STB. Escrocii folosesc inteligen\u0163a artificial\u0103 pentru a face anun\u0163ul mai credibil<\/a><\/p>\n\n\n\n<p><\/p>\n","protected":false},"excerpt":{"rendered":"<p>ASPA organizeaz\u0103 un t\u00e2rg de adop\u021bii de c\u0103\u021bei, pe 19 octombrie, \u00een parcul Regele Mihai I al Rom\u00e2niei. Asocia\u021bia atrage aten\u021bia c\u0103 se apropie sezonul rece, iar c\u0103\u021beilor le va fi tot mai greu \u00een ad\u0103posturi, pe m\u0103sur\u0103 ce temperaturile scad. C\u0103\u021beii, care vor fi prezenta\u021bi la acest t\u00e2rg de adop\u021bii sunt s\u0103n\u0103to\u0219i, deparazita\u021bi intern [&hellip;]<\/p>\n","protected":false},"author":49,"featured_media":101838,"comment_status":"closed","ping_status":"open","sticky":false,"template":"","format":"standard","meta":{"_acf_changed":false,"inline_featured_image":false,"ngg_post_thumbnail":0,"footnotes":""},"categories":[6994,62],"tags":[3229,15915,2544,9612],"ppma_author":[22574],"class_list":["post-101830","post","type-post","status-publish","format-standard","has-post-thumbnail","hentry","category-stiri-2","category-stiri","tag-aspa","tag-crosul-cateilor","tag-parcul-herastrau","tag-targ-de-adoptii"],"acf":[],"yoast_head":"<!-- This site is optimized with the Yoast SEO Premium plugin v25.3 (Yoast SEO v27.5) - https:\/\/yoast.com\/product\/yoast-seo-premium-wordpress\/ -->\n<title>ASPA | T\u00e2rg de adop\u021bii de c\u0103\u021bei, pe 19 octombrie, \u00een parcul Her\u0103str\u0103u - Buletin de Bucure\u0219ti<\/title>\n<meta name=\"description\" content=\"T\u00e2rg de adop\u021bii. ASPA organizeaz\u0103 un t\u00e2rg de adop\u021bii de c\u0103\u021bei, pe 19 octombrie, \u00een Parcul Regele Mihai I al Rom\u00e2niei.\" \/>\n<meta name=\"robots\" content=\"index, follow, max-snippet:-1, max-image-preview:large, max-video-preview:-1\" \/>\n<link rel=\"canonical\" href=\"https:\/\/buletin.de\/bucuresti\/targ-de-adoptii-2\/\" \/>\n<meta property=\"og:locale\" content=\"en_GB\" \/>\n<meta property=\"og:type\" content=\"article\" \/>\n<meta property=\"og:title\" content=\"ASPA | T\u00e2rg de adop\u021bii de c\u0103\u021bei, pe 19 octombrie, \u00een parcul Her\u0103str\u0103u\" \/>\n<meta property=\"og:description\" content=\"T\u00e2rg de adop\u021bii. ASPA organizeaz\u0103 un t\u00e2rg de adop\u021bii de c\u0103\u021bei, pe 19 octombrie, \u00een Parcul Regele Mihai I al Rom\u00e2niei.\" \/>\n<meta property=\"og:url\" content=\"https:\/\/buletin.de\/bucuresti\/targ-de-adoptii-2\/\" \/>\n<meta property=\"og:site_name\" content=\"Buletin de Bucure\u0219ti\" \/>\n<meta property=\"article:publisher\" content=\"https:\/\/www.facebook.com\/buletin.de.buc\" \/>\n<meta property=\"article:published_time\" content=\"2024-10-13T04:17:00+00:00\" \/>\n<meta property=\"og:image\" content=\"https:\/\/buletin.de\/bucuresti\/wp-content\/uploads\/462619748_888895423395596_6334573818969658169_n.jpg\" \/>\n\t<meta property=\"og:image:width\" content=\"1080\" \/>\n\t<meta property=\"og:image:height\" content=\"1081\" \/>\n\t<meta property=\"og:image:type\" content=\"image\/jpeg\" \/>\n<meta name=\"author\" content=\"Diana Matei\" \/>\n<meta name=\"twitter:card\" content=\"summary_large_image\" \/>\n<meta name=\"twitter:label1\" content=\"Written by\" \/>\n\t<meta name=\"twitter:data1\" content=\"Diana Matei\" \/>\n\t<meta name=\"twitter:label2\" content=\"Estimated reading time\" \/>\n\t<meta name=\"twitter:data2\" content=\"2 minutes\" \/>\n<script type=\"application\/ld+json\" class=\"yoast-schema-graph\">{\"@context\":\"https:\\\/\\\/schema.org\",\"@graph\":[{\"@type\":\"Article\",\"@id\":\"https:\\\/\\\/buletin.de\\\/bucuresti\\\/targ-de-adoptii-2\\\/#article\",\"isPartOf\":{\"@id\":\"https:\\\/\\\/buletin.de\\\/bucuresti\\\/targ-de-adoptii-2\\\/\"},\"author\":{\"name\":\"Diana Matei\",\"@id\":\"https:\\\/\\\/buletin.de\\\/bucuresti\\\/#\\\/schema\\\/person\\\/7e46040573290777280a0835d81ea4ea\"},\"headline\":\"ASPA | T\u00e2rg de adop\u021bii de c\u0103\u021bei, pe 19 octombrie, \u00een parcul Her\u0103str\u0103u\",\"datePublished\":\"2024-10-13T04:17:00+00:00\",\"mainEntityOfPage\":{\"@id\":\"https:\\\/\\\/buletin.de\\\/bucuresti\\\/targ-de-adoptii-2\\\/\"},\"wordCount\":428,\"publisher\":{\"@id\":\"https:\\\/\\\/buletin.de\\\/bucuresti\\\/#organization\"},\"image\":{\"@id\":\"https:\\\/\\\/buletin.de\\\/bucuresti\\\/targ-de-adoptii-2\\\/#primaryimage\"},\"thumbnailUrl\":\"https:\\\/\\\/buletin.de\\\/bucuresti\\\/wp-content\\\/uploads\\\/462619748_888895423395596_6334573818969658169_n.jpg\",\"keywords\":[\"aspa\",\"Crosul Cateilor\",\"parcul herastrau\",\"Targ de adoptii\"],\"articleSection\":[\"Articole\",\"\u0218tiri\"],\"inLanguage\":\"en-GB\",\"copyrightYear\":\"2024\",\"copyrightHolder\":{\"@id\":\"https:\\\/\\\/buletin.de\\\/bucuresti\\\/#organization\"}},{\"@type\":\"WebPage\",\"@id\":\"https:\\\/\\\/buletin.de\\\/bucuresti\\\/targ-de-adoptii-2\\\/\",\"url\":\"https:\\\/\\\/buletin.de\\\/bucuresti\\\/targ-de-adoptii-2\\\/\",\"name\":\"ASPA | T\u00e2rg de adop\u021bii de c\u0103\u021bei, pe 19 octombrie, \u00een parcul Her\u0103str\u0103u - Buletin de Bucure\u0219ti\",\"isPartOf\":{\"@id\":\"https:\\\/\\\/buletin.de\\\/bucuresti\\\/#website\"},\"primaryImageOfPage\":{\"@id\":\"https:\\\/\\\/buletin.de\\\/bucuresti\\\/targ-de-adoptii-2\\\/#primaryimage\"},\"image\":{\"@id\":\"https:\\\/\\\/buletin.de\\\/bucuresti\\\/targ-de-adoptii-2\\\/#primaryimage\"},\"thumbnailUrl\":\"https:\\\/\\\/buletin.de\\\/bucuresti\\\/wp-content\\\/uploads\\\/462619748_888895423395596_6334573818969658169_n.jpg\",\"datePublished\":\"2024-10-13T04:17:00+00:00\",\"description\":\"T\u00e2rg de adop\u021bii. ASPA organizeaz\u0103 un t\u00e2rg de adop\u021bii de c\u0103\u021bei, pe 19 octombrie, \u00een Parcul Regele Mihai I al Rom\u00e2niei.\",\"breadcrumb\":{\"@id\":\"https:\\\/\\\/buletin.de\\\/bucuresti\\\/targ-de-adoptii-2\\\/#breadcrumb\"},\"inLanguage\":\"en-GB\",\"potentialAction\":[{\"@type\":\"ReadAction\",\"target\":[\"https:\\\/\\\/buletin.de\\\/bucuresti\\\/targ-de-adoptii-2\\\/\"]}]},{\"@type\":\"ImageObject\",\"inLanguage\":\"en-GB\",\"@id\":\"https:\\\/\\\/buletin.de\\\/bucuresti\\\/targ-de-adoptii-2\\\/#primaryimage\",\"url\":\"https:\\\/\\\/buletin.de\\\/bucuresti\\\/wp-content\\\/uploads\\\/462619748_888895423395596_6334573818969658169_n.jpg\",\"contentUrl\":\"https:\\\/\\\/buletin.de\\\/bucuresti\\\/wp-content\\\/uploads\\\/462619748_888895423395596_6334573818969658169_n.jpg\",\"width\":1080,\"height\":1081,\"caption\":\"ASPA | T\u00e2rg de adop\u021bii in Park Lake, pe 26 aprilie. FOTO: ASPA\"},{\"@type\":\"BreadcrumbList\",\"@id\":\"https:\\\/\\\/buletin.de\\\/bucuresti\\\/targ-de-adoptii-2\\\/#breadcrumb\",\"itemListElement\":[{\"@type\":\"ListItem\",\"position\":1,\"name\":\"Acas\u0103\",\"item\":\"https:\\\/\\\/buletin.de\\\/bucuresti\\\/\"},{\"@type\":\"ListItem\",\"position\":2,\"name\":\"ASPA | T\u00e2rg de adop\u021bii de c\u0103\u021bei, pe 19 octombrie, \u00een parcul Her\u0103str\u0103u\"}]},{\"@type\":\"WebSite\",\"@id\":\"https:\\\/\\\/buletin.de\\\/bucuresti\\\/#website\",\"url\":\"https:\\\/\\\/buletin.de\\\/bucuresti\\\/\",\"name\":\"Buletin de Bucure\u0219ti\",\"description\":\"\u0218tiri \u0219i investiga\u021bii esen\u021biale din capital\u0103\",\"publisher\":{\"@id\":\"https:\\\/\\\/buletin.de\\\/bucuresti\\\/#organization\"},\"potentialAction\":[{\"@type\":\"SearchAction\",\"target\":{\"@type\":\"EntryPoint\",\"urlTemplate\":\"https:\\\/\\\/buletin.de\\\/bucuresti\\\/?s={search_term_string}\"},\"query-input\":{\"@type\":\"PropertyValueSpecification\",\"valueRequired\":true,\"valueName\":\"search_term_string\"}}],\"inLanguage\":\"en-GB\"},{\"@type\":\"Organization\",\"@id\":\"https:\\\/\\\/buletin.de\\\/bucuresti\\\/#organization\",\"name\":\"Buletin de Bucure\u0219ti\",\"url\":\"https:\\\/\\\/buletin.de\\\/bucuresti\\\/\",\"logo\":{\"@type\":\"ImageObject\",\"inLanguage\":\"en-GB\",\"@id\":\"https:\\\/\\\/buletin.de\\\/bucuresti\\\/#\\\/schema\\\/logo\\\/image\\\/\",\"url\":\"https:\\\/\\\/buletin.de\\\/bucuresti\\\/wp-content\\\/uploads\\\/logo-bdb-full-wide-vernil-transparent.png\",\"contentUrl\":\"https:\\\/\\\/buletin.de\\\/bucuresti\\\/wp-content\\\/uploads\\\/logo-bdb-full-wide-vernil-transparent.png\",\"width\":1782,\"height\":626,\"caption\":\"Buletin de Bucure\u0219ti\"},\"image\":{\"@id\":\"https:\\\/\\\/buletin.de\\\/bucuresti\\\/#\\\/schema\\\/logo\\\/image\\\/\"},\"sameAs\":[\"https:\\\/\\\/www.facebook.com\\\/buletin.de.buc\",\"https:\\\/\\\/www.instagram.com\\\/buletinde.bucuresti\\\/\"]},{\"@type\":\"Person\",\"@id\":\"https:\\\/\\\/buletin.de\\\/bucuresti\\\/#\\\/schema\\\/person\\\/7e46040573290777280a0835d81ea4ea\",\"name\":\"Diana Matei\",\"image\":{\"@type\":\"ImageObject\",\"inLanguage\":\"en-GB\",\"@id\":\"https:\\\/\\\/buletin.de\\\/bucuresti\\\/wp-content\\\/uploads\\\/9-2-96x96.jpg1e8590b30871d70e62ebcdaf2eff570c\",\"url\":\"https:\\\/\\\/buletin.de\\\/bucuresti\\\/wp-content\\\/uploads\\\/9-2-96x96.jpg\",\"contentUrl\":\"https:\\\/\\\/buletin.de\\\/bucuresti\\\/wp-content\\\/uploads\\\/9-2-96x96.jpg\",\"caption\":\"Diana Matei\"},\"url\":\"https:\\\/\\\/buletin.de\\\/bucuresti\\\/author\\\/dianamatei\\\/\"}]}<\/script>\n<!-- \/ Yoast SEO Premium plugin. -->","yoast_head_json":{"title":"ASPA | T\u00e2rg de adop\u021bii de c\u0103\u021bei, pe 19 octombrie, \u00een parcul Her\u0103str\u0103u - Buletin de Bucure\u0219ti","description":"T\u00e2rg de adop\u021bii. ASPA organizeaz\u0103 un t\u00e2rg de adop\u021bii de c\u0103\u021bei, pe 19 octombrie, \u00een Parcul Regele Mihai I al Rom\u00e2niei.","robots":{"index":"index","follow":"follow","max-snippet":"max-snippet:-1","max-image-preview":"max-image-preview:large","max-video-preview":"max-video-preview:-1"},"canonical":"https:\/\/buletin.de\/bucuresti\/targ-de-adoptii-2\/","og_locale":"en_GB","og_type":"article","og_title":"ASPA | T\u00e2rg de adop\u021bii de c\u0103\u021bei, pe 19 octombrie, \u00een parcul Her\u0103str\u0103u","og_description":"T\u00e2rg de adop\u021bii. ASPA organizeaz\u0103 un t\u00e2rg de adop\u021bii de c\u0103\u021bei, pe 19 octombrie, \u00een Parcul Regele Mihai I al Rom\u00e2niei.","og_url":"https:\/\/buletin.de\/bucuresti\/targ-de-adoptii-2\/","og_site_name":"Buletin de Bucure\u0219ti","article_publisher":"https:\/\/www.facebook.com\/buletin.de.buc","article_published_time":"2024-10-13T04:17:00+00:00","og_image":[{"width":1080,"height":1081,"url":"https:\/\/buletin.de\/bucuresti\/wp-content\/uploads\/462619748_888895423395596_6334573818969658169_n.jpg","type":"image\/jpeg"}],"author":"Diana Matei","twitter_card":"summary_large_image","twitter_misc":{"Written by":"Diana Matei","Estimated reading time":"2 minutes"},"schema":{"@context":"https:\/\/schema.org","@graph":[{"@type":"Article","@id":"https:\/\/buletin.de\/bucuresti\/targ-de-adoptii-2\/#article","isPartOf":{"@id":"https:\/\/buletin.de\/bucuresti\/targ-de-adoptii-2\/"},"author":{"name":"Diana Matei","@id":"https:\/\/buletin.de\/bucuresti\/#\/schema\/person\/7e46040573290777280a0835d81ea4ea"},"headline":"ASPA | T\u00e2rg de adop\u021bii de c\u0103\u021bei, pe 19 octombrie, \u00een parcul Her\u0103str\u0103u","datePublished":"2024-10-13T04:17:00+00:00","mainEntityOfPage":{"@id":"https:\/\/buletin.de\/bucuresti\/targ-de-adoptii-2\/"},"wordCount":428,"publisher":{"@id":"https:\/\/buletin.de\/bucuresti\/#organization"},"image":{"@id":"https:\/\/buletin.de\/bucuresti\/targ-de-adoptii-2\/#primaryimage"},"thumbnailUrl":"https:\/\/buletin.de\/bucuresti\/wp-content\/uploads\/462619748_888895423395596_6334573818969658169_n.jpg","keywords":["aspa","Crosul Cateilor","parcul herastrau","Targ de adoptii"],"articleSection":["Articole","\u0218tiri"],"inLanguage":"en-GB","copyrightYear":"2024","copyrightHolder":{"@id":"https:\/\/buletin.de\/bucuresti\/#organization"}},{"@type":"WebPage","@id":"https:\/\/buletin.de\/bucuresti\/targ-de-adoptii-2\/","url":"https:\/\/buletin.de\/bucuresti\/targ-de-adoptii-2\/","name":"ASPA | T\u00e2rg de adop\u021bii de c\u0103\u021bei, pe 19 octombrie, \u00een parcul Her\u0103str\u0103u - Buletin de Bucure\u0219ti","isPartOf":{"@id":"https:\/\/buletin.de\/bucuresti\/#website"},"primaryImageOfPage":{"@id":"https:\/\/buletin.de\/bucuresti\/targ-de-adoptii-2\/#primaryimage"},"image":{"@id":"https:\/\/buletin.de\/bucuresti\/targ-de-adoptii-2\/#primaryimage"},"thumbnailUrl":"https:\/\/buletin.de\/bucuresti\/wp-content\/uploads\/462619748_888895423395596_6334573818969658169_n.jpg","datePublished":"2024-10-13T04:17:00+00:00","description":"T\u00e2rg de adop\u021bii. ASPA organizeaz\u0103 un t\u00e2rg de adop\u021bii de c\u0103\u021bei, pe 19 octombrie, \u00een Parcul Regele Mihai I al Rom\u00e2niei.","breadcrumb":{"@id":"https:\/\/buletin.de\/bucuresti\/targ-de-adoptii-2\/#breadcrumb"},"inLanguage":"en-GB","potentialAction":[{"@type":"ReadAction","target":["https:\/\/buletin.de\/bucuresti\/targ-de-adoptii-2\/"]}]},{"@type":"ImageObject","inLanguage":"en-GB","@id":"https:\/\/buletin.de\/bucuresti\/targ-de-adoptii-2\/#primaryimage","url":"https:\/\/buletin.de\/bucuresti\/wp-content\/uploads\/462619748_888895423395596_6334573818969658169_n.jpg","contentUrl":"https:\/\/buletin.de\/bucuresti\/wp-content\/uploads\/462619748_888895423395596_6334573818969658169_n.jpg","width":1080,"height":1081,"caption":"ASPA | T\u00e2rg de adop\u021bii in Park Lake, pe 26 aprilie. FOTO: ASPA"},{"@type":"BreadcrumbList","@id":"https:\/\/buletin.de\/bucuresti\/targ-de-adoptii-2\/#breadcrumb","itemListElement":[{"@type":"ListItem","position":1,"name":"Acas\u0103","item":"https:\/\/buletin.de\/bucuresti\/"},{"@type":"ListItem","position":2,"name":"ASPA | T\u00e2rg de adop\u021bii de c\u0103\u021bei, pe 19 octombrie, \u00een parcul Her\u0103str\u0103u"}]},{"@type":"WebSite","@id":"https:\/\/buletin.de\/bucuresti\/#website","url":"https:\/\/buletin.de\/bucuresti\/","name":"Buletin de Bucure\u0219ti","description":"\u0218tiri \u0219i investiga\u021bii esen\u021biale din capital\u0103","publisher":{"@id":"https:\/\/buletin.de\/bucuresti\/#organization"},"potentialAction":[{"@type":"SearchAction","target":{"@type":"EntryPoint","urlTemplate":"https:\/\/buletin.de\/bucuresti\/?s={search_term_string}"},"query-input":{"@type":"PropertyValueSpecification","valueRequired":true,"valueName":"search_term_string"}}],"inLanguage":"en-GB"},{"@type":"Organization","@id":"https:\/\/buletin.de\/bucuresti\/#organization","name":"Buletin de Bucure\u0219ti","url":"https:\/\/buletin.de\/bucuresti\/","logo":{"@type":"ImageObject","inLanguage":"en-GB","@id":"https:\/\/buletin.de\/bucuresti\/#\/schema\/logo\/image\/","url":"https:\/\/buletin.de\/bucuresti\/wp-content\/uploads\/logo-bdb-full-wide-vernil-transparent.png","contentUrl":"https:\/\/buletin.de\/bucuresti\/wp-content\/uploads\/logo-bdb-full-wide-vernil-transparent.png","width":1782,"height":626,"caption":"Buletin de Bucure\u0219ti"},"image":{"@id":"https:\/\/buletin.de\/bucuresti\/#\/schema\/logo\/image\/"},"sameAs":["https:\/\/www.facebook.com\/buletin.de.buc","https:\/\/www.instagram.com\/buletinde.bucuresti\/"]},{"@type":"Person","@id":"https:\/\/buletin.de\/bucuresti\/#\/schema\/person\/7e46040573290777280a0835d81ea4ea","name":"Diana Matei","image":{"@type":"ImageObject","inLanguage":"en-GB","@id":"https:\/\/buletin.de\/bucuresti\/wp-content\/uploads\/9-2-96x96.jpg1e8590b30871d70e62ebcdaf2eff570c","url":"https:\/\/buletin.de\/bucuresti\/wp-content\/uploads\/9-2-96x96.jpg","contentUrl":"https:\/\/buletin.de\/bucuresti\/wp-content\/uploads\/9-2-96x96.jpg","caption":"Diana Matei"},"url":"https:\/\/buletin.de\/bucuresti\/author\/dianamatei\/"}]}},"authors":[{"term_id":22574,"user_id":49,"is_guest":0,"slug":"dianamatei","display_name":"Diana Matei","avatar_url":"https:\/\/buletin.de\/bucuresti\/wp-content\/uploads\/9-2-96x96.jpg","0":null,"1":"","2":"","3":"","4":"","5":"","6":"","7":"","8":""}],"_links":{"self":[{"href":"https:\/\/buletin.de\/bucuresti\/wp-json\/wp\/v2\/posts\/101830","targetHints":{"allow":["GET"]}}],"collection":[{"href":"https:\/\/buletin.de\/bucuresti\/wp-json\/wp\/v2\/posts"}],"about":[{"href":"https:\/\/buletin.de\/bucuresti\/wp-json\/wp\/v2\/types\/post"}],"author":[{"embeddable":true,"href":"https:\/\/buletin.de\/bucuresti\/wp-json\/wp\/v2\/users\/49"}],"replies":[{"embeddable":true,"href":"https:\/\/buletin.de\/bucuresti\/wp-json\/wp\/v2\/comments?post=101830"}],"version-history":[{"count":2,"href":"https:\/\/buletin.de\/bucuresti\/wp-json\/wp\/v2\/posts\/101830\/revisions"}],"predecessor-version":[{"id":101902,"href":"https:\/\/buletin.de\/bucuresti\/wp-json\/wp\/v2\/posts\/101830\/revisions\/101902"}],"wp:featuredmedia":[{"embeddable":true,"href":"https:\/\/buletin.de\/bucuresti\/wp-json\/wp\/v2\/media\/101838"}],"wp:attachment":[{"href":"https:\/\/buletin.de\/bucuresti\/wp-json\/wp\/v2\/media?parent=101830"}],"wp:term":[{"taxonomy":"category","embeddable":true,"href":"https:\/\/buletin.de\/bucuresti\/wp-json\/wp\/v2\/categories?post=101830"},{"taxonomy":"post_tag","embeddable":true,"href":"https:\/\/buletin.de\/bucuresti\/wp-json\/wp\/v2\/tags?post=101830"},{"taxonomy":"author","embeddable":true,"href":"https:\/\/buletin.de\/bucuresti\/wp-json\/wp\/v2\/ppma_author?post=101830"}],"curies":[{"name":"wp","href":"https:\/\/api.w.org\/{rel}","templated":true}]}}