{"id":10176,"date":"2020-08-07T16:35:46","date_gmt":"2020-08-07T13:35:46","guid":{"rendered":"https:\/\/buletin.de\/bucuresti\/?p=10176"},"modified":"2020-08-07T16:49:38","modified_gmt":"2020-08-07T13:49:38","slug":"infografic-bucurestiul-se-apropie-de-scenariul-galben-cu-scoala-partial-online","status":"publish","type":"post","link":"https:\/\/buletin.de\/bucuresti\/infografic-bucurestiul-se-apropie-de-scenariul-galben-cu-scoala-partial-online\/","title":{"rendered":"INFOGRAFIC| Bucure\u0219tiul se apropie de scenariul galben, cu \u0219coal\u0103 par\u021bial online"},"content":{"rendered":"\n<p><strong>Cu aproximativ o lun\u0103 \u00eenainte de \u00eenceperea \u0219colii, Bucure\u0219tiul se apropie de scenariul galben care presupune cursuri par\u021bial online, din cauza cre\u0219terii num\u0103rului de cazuri de coronavirus.<\/strong><\/p>\n\n\n\n<p>Pre\u0219edintele Klaus Ioahnnis a anun\u021bat trei scenarii (verde, galben \u0219i ro\u0219u) pentru \u00eenceperea \u0219colii la 14 septembrie. Decizia privind \u00eentoarcerea elevilor \u00een s\u0103lile de clas\u0103 va fi luat\u0103 la nivel local, \u00een func\u021bie de num\u0103rul total de cazuri \u00een ultimele 14 zile la mia de locuitori.<\/p>\n\n\n\n<p>Scenariul galben, cel privind un risc mediu, presupune \u00eentre 1 \u015fi 3 persoane detectate pozitiv cu noul coronavirus la mia de locuitori, \u00een ultimele 14 zile. \u00cen acest caz, prioritate s\u0103 mearg\u0103 la \u015fcoal\u0103 vor avea pre\u015fcolarii, elevii din clasele 0-4, dar \u015fi elevii din anii terminali. Restul claselor vor face ore online, \u00eens\u0103 vor merge \u015fi la \u015fcoal\u0103, prin rota\u0163ie.<\/p>\n\n\n\n<p>Pre\u0219edintele Iohannis a anun\u021bat c\u0103 Bucure\u0219tiul se \u00eencadreaz\u0103 momentan \u00een scenariul verde, ca majoritatea localit\u0103\u021bilor din Rom\u00e2nia. Scenariul verde, care prevede reluarea \u00eenv\u0103\u021b\u0103m\u00e2ntului \u00een s\u0103lile de clas\u0103 pentru to\u021bi elevii, se aplic\u0103 localit\u0103\u021bilor cu mai pu\u021bin de un caz la mia de locuitori \u00een ultimele 14 zile.<\/p>\n\n\n\n<p>Lucrurile s-ar putea \u00eens\u0103 schimba \u00een cur\u00e2nd. <\/p>\n\n\n\n<div class=\"infogram-embed\" data-id=\"784d06b2-949b-4e51-9291-5f2357fa8a74\" data-type=\"interactive\" data-title=\"14z-Bucuresti\"><\/div><script>!function(e,i,n,s){var t=\"InfogramEmbeds\",d=e.getElementsByTagName(\"script\")[0];if(window[t]&&window[t].initialized)window[t].process&&window[t].process();else if(!e.getElementById(n)){var o=e.createElement(\"script\");o.async=1,o.id=n,o.src=\"https:\/\/e.infogram.com\/js\/dist\/embed-loader-min.js\",d.parentNode.insertBefore(o,d)}}(document,0,\"infogram-async\");<\/script>\n\n\n\n<p>Cu 0,89 cazuri la mia de locuitori \u00een ultimele 14 zile \u0219i \u00eenregistr\u00e2nd o cre\u0219tere constant\u0103 a r\u0103sp\u00e2ndirii virusului \u00een ultimele dou\u0103 s\u0103pt\u0103m\u00e2ni, Bucure\u0219tiul ar putea intra \u00een zona galben\u0103 p\u00e2n\u0103 la \u00eenceperea anului \u0219colar.<\/p>\n\n\n\n<p>Pentru a intra \u00een scenariul galben, ating\u00e2nd pu\u021bin un caz la mia de locuitori, \u00een Bucure\u0219ti ar trebui s\u0103 se \u00eenregistreze aproximativ 154 de cazuri noi \u00een fiecare zi, timp de dou\u0103 s\u0103pt\u0103m\u00e2ni, sau un total de peste 2151 cazuri \u00een 14 zile.<\/p>\n\n\n\n<p>\u00cen ultimele 24 de ore, s-au \u00eenregistrat 199 cazuri noi de coronavirus \u00een Bucure\u0219ti, iar \u00een ultimele dou\u0103 s\u0103pt\u0103m\u00e2ni s-au \u00eenregistrat \u00een total 1924 cazuri.<\/p>\n\n\n\n<p>Situa\u021bia \u00een Bucure\u0219ti r\u0103m\u00e2ne \u00eens\u0103 departe de scenariul ro\u0219u care presupune \u0219coal\u0103 exclusiv online, scenariu aplicabil localit\u0103\u021bilor cu peste trei cazuri la mia de locuitori \u00een ultimele 14 zile.<\/p>\n\n\n\n<p>Pentru ca Bucure\u0219tiul s\u0103 se \u00eencadreze \u00een scenariul ro\u0219u, ar trebui s\u0103 \u00eenregistreze peste aproximativ 461 de noi cazuri \u00een fiecare zi, timp de dou\u0103 s\u0103pt\u0103m\u00e2ni, echivalentul a peste 6455 cazuri \u00een 14 zile.<\/p>\n\n\n\n<p>Surs\u0103 date: Institutul Na\u021bional de Statistic\u0103, 2020; Ministerul S\u0103n\u0103t\u0103\u021bii<\/p>\n","protected":false},"excerpt":{"rendered":"<p>Cu aproximativ o lun\u0103 \u00eenainte de \u00eenceperea \u0219colii, Bucure\u0219tiul se apropie de scenariul galben care presupune cursuri par\u021bial online, din cauza cre\u0219terii num\u0103rului de cazuri de coronavirus. Pre\u0219edintele Klaus Ioahnnis a anun\u021bat trei scenarii (verde, galben \u0219i ro\u0219u) pentru \u00eenceperea \u0219colii la 14 septembrie. Decizia privind \u00eentoarcerea elevilor \u00een s\u0103lile de clas\u0103 va fi luat\u0103 [&hellip;]<\/p>\n","protected":false},"author":15,"featured_media":10177,"comment_status":"closed","ping_status":"open","sticky":false,"template":"","format":"standard","meta":{"_acf_changed":false,"inline_featured_image":false,"ngg_post_thumbnail":0,"footnotes":""},"categories":[996],"tags":[9,529,1053,1035,482,1008],"ppma_author":[22592],"class_list":["post-10176","post","type-post","status-publish","format-standard","has-post-thumbnail","hentry","category-covid-19","tag-bucuresti","tag-coronavirus","tag-covid19-bucuresti","tag-infografic","tag-scoala","tag-scoala-online"],"acf":[],"yoast_head":"<!-- This site is optimized with the Yoast SEO Premium plugin v25.3 (Yoast SEO v27.4) - https:\/\/yoast.com\/product\/yoast-seo-premium-wordpress\/ -->\n<title>INFOGRAFIC| Bucure\u0219tiul se apropie de scenariul galben, cu \u0219coal\u0103 par\u021bial online - Buletin de Bucure\u0219ti<\/title>\n<meta name=\"robots\" content=\"index, follow, max-snippet:-1, max-image-preview:large, max-video-preview:-1\" \/>\n<link rel=\"canonical\" href=\"https:\/\/buletin.de\/bucuresti\/infografic-bucurestiul-se-apropie-de-scenariul-galben-cu-scoala-partial-online\/\" \/>\n<meta property=\"og:locale\" content=\"en_GB\" \/>\n<meta property=\"og:type\" content=\"article\" \/>\n<meta property=\"og:title\" content=\"INFOGRAFIC| Bucure\u0219tiul se apropie de scenariul galben, cu \u0219coal\u0103 par\u021bial online\" \/>\n<meta property=\"og:description\" content=\"Cu aproximativ o lun\u0103 \u00eenainte de \u00eenceperea \u0219colii, Bucure\u0219tiul se apropie de scenariul galben care presupune cursuri par\u021bial online, din cauza cre\u0219terii num\u0103rului de cazuri de coronavirus. Pre\u0219edintele Klaus Ioahnnis a anun\u021bat trei scenarii (verde, galben \u0219i ro\u0219u) pentru \u00eenceperea \u0219colii la 14 septembrie. Decizia privind \u00eentoarcerea elevilor \u00een s\u0103lile de clas\u0103 va fi luat\u0103 [&hellip;]\" \/>\n<meta property=\"og:url\" content=\"https:\/\/buletin.de\/bucuresti\/infografic-bucurestiul-se-apropie-de-scenariul-galben-cu-scoala-partial-online\/\" \/>\n<meta property=\"og:site_name\" content=\"Buletin de Bucure\u0219ti\" \/>\n<meta property=\"article:publisher\" content=\"https:\/\/www.facebook.com\/buletin.de.buc\" \/>\n<meta property=\"article:published_time\" content=\"2020-08-07T13:35:46+00:00\" \/>\n<meta property=\"article:modified_time\" content=\"2020-08-07T13:49:38+00:00\" \/>\n<meta property=\"og:image\" content=\"https:\/\/buletin.de\/bucuresti\/wp-content\/uploads\/Screen-Shot-2020-08-07-at-16.02.27.png\" \/>\n\t<meta property=\"og:image:width\" content=\"1026\" \/>\n\t<meta property=\"og:image:height\" content=\"766\" \/>\n\t<meta property=\"og:image:type\" content=\"image\/png\" \/>\n<meta name=\"author\" content=\"Irina Anghel\" \/>\n<meta name=\"twitter:card\" content=\"summary_large_image\" \/>\n<meta name=\"twitter:label1\" content=\"Written by\" \/>\n\t<meta name=\"twitter:data1\" content=\"Irina Anghel\" \/>\n\t<meta name=\"twitter:label2\" content=\"Estimated reading time\" \/>\n\t<meta name=\"twitter:data2\" content=\"2 minutes\" \/>\n<script type=\"application\/ld+json\" class=\"yoast-schema-graph\">{\"@context\":\"https:\\\/\\\/schema.org\",\"@graph\":[{\"@type\":\"Article\",\"@id\":\"https:\\\/\\\/buletin.de\\\/bucuresti\\\/infografic-bucurestiul-se-apropie-de-scenariul-galben-cu-scoala-partial-online\\\/#article\",\"isPartOf\":{\"@id\":\"https:\\\/\\\/buletin.de\\\/bucuresti\\\/infografic-bucurestiul-se-apropie-de-scenariul-galben-cu-scoala-partial-online\\\/\"},\"author\":{\"name\":\"Irina Anghel\",\"@id\":\"https:\\\/\\\/buletin.de\\\/bucuresti\\\/#\\\/schema\\\/person\\\/7a01591ad05c4d2c7261fe7f0383d2af\"},\"headline\":\"INFOGRAFIC| Bucure\u0219tiul se apropie de scenariul galben, cu \u0219coal\u0103 par\u021bial online\",\"datePublished\":\"2020-08-07T13:35:46+00:00\",\"dateModified\":\"2020-08-07T13:49:38+00:00\",\"mainEntityOfPage\":{\"@id\":\"https:\\\/\\\/buletin.de\\\/bucuresti\\\/infografic-bucurestiul-se-apropie-de-scenariul-galben-cu-scoala-partial-online\\\/\"},\"wordCount\":415,\"publisher\":{\"@id\":\"https:\\\/\\\/buletin.de\\\/bucuresti\\\/#organization\"},\"image\":{\"@id\":\"https:\\\/\\\/buletin.de\\\/bucuresti\\\/infografic-bucurestiul-se-apropie-de-scenariul-galben-cu-scoala-partial-online\\\/#primaryimage\"},\"thumbnailUrl\":\"https:\\\/\\\/buletin.de\\\/bucuresti\\\/wp-content\\\/uploads\\\/Screen-Shot-2020-08-07-at-16.02.27.png\",\"keywords\":[\"bucuresti\",\"coronavirus\",\"covid19 bucuresti\",\"infografic\",\"scoala\",\"scoala online\"],\"articleSection\":[\"Covid-19\"],\"inLanguage\":\"en-GB\",\"copyrightYear\":\"2020\",\"copyrightHolder\":{\"@id\":\"https:\\\/\\\/buletin.de\\\/bucuresti\\\/#organization\"}},{\"@type\":\"WebPage\",\"@id\":\"https:\\\/\\\/buletin.de\\\/bucuresti\\\/infografic-bucurestiul-se-apropie-de-scenariul-galben-cu-scoala-partial-online\\\/\",\"url\":\"https:\\\/\\\/buletin.de\\\/bucuresti\\\/infografic-bucurestiul-se-apropie-de-scenariul-galben-cu-scoala-partial-online\\\/\",\"name\":\"INFOGRAFIC| Bucure\u0219tiul se apropie de scenariul galben, cu \u0219coal\u0103 par\u021bial online - Buletin de Bucure\u0219ti\",\"isPartOf\":{\"@id\":\"https:\\\/\\\/buletin.de\\\/bucuresti\\\/#website\"},\"primaryImageOfPage\":{\"@id\":\"https:\\\/\\\/buletin.de\\\/bucuresti\\\/infografic-bucurestiul-se-apropie-de-scenariul-galben-cu-scoala-partial-online\\\/#primaryimage\"},\"image\":{\"@id\":\"https:\\\/\\\/buletin.de\\\/bucuresti\\\/infografic-bucurestiul-se-apropie-de-scenariul-galben-cu-scoala-partial-online\\\/#primaryimage\"},\"thumbnailUrl\":\"https:\\\/\\\/buletin.de\\\/bucuresti\\\/wp-content\\\/uploads\\\/Screen-Shot-2020-08-07-at-16.02.27.png\",\"datePublished\":\"2020-08-07T13:35:46+00:00\",\"dateModified\":\"2020-08-07T13:49:38+00:00\",\"breadcrumb\":{\"@id\":\"https:\\\/\\\/buletin.de\\\/bucuresti\\\/infografic-bucurestiul-se-apropie-de-scenariul-galben-cu-scoala-partial-online\\\/#breadcrumb\"},\"inLanguage\":\"en-GB\",\"potentialAction\":[{\"@type\":\"ReadAction\",\"target\":[\"https:\\\/\\\/buletin.de\\\/bucuresti\\\/infografic-bucurestiul-se-apropie-de-scenariul-galben-cu-scoala-partial-online\\\/\"]}]},{\"@type\":\"ImageObject\",\"inLanguage\":\"en-GB\",\"@id\":\"https:\\\/\\\/buletin.de\\\/bucuresti\\\/infografic-bucurestiul-se-apropie-de-scenariul-galben-cu-scoala-partial-online\\\/#primaryimage\",\"url\":\"https:\\\/\\\/buletin.de\\\/bucuresti\\\/wp-content\\\/uploads\\\/Screen-Shot-2020-08-07-at-16.02.27.png\",\"contentUrl\":\"https:\\\/\\\/buletin.de\\\/bucuresti\\\/wp-content\\\/uploads\\\/Screen-Shot-2020-08-07-at-16.02.27.png\",\"width\":1026,\"height\":766},{\"@type\":\"BreadcrumbList\",\"@id\":\"https:\\\/\\\/buletin.de\\\/bucuresti\\\/infografic-bucurestiul-se-apropie-de-scenariul-galben-cu-scoala-partial-online\\\/#breadcrumb\",\"itemListElement\":[{\"@type\":\"ListItem\",\"position\":1,\"name\":\"Acas\u0103\",\"item\":\"https:\\\/\\\/buletin.de\\\/bucuresti\\\/\"},{\"@type\":\"ListItem\",\"position\":2,\"name\":\"INFOGRAFIC| Bucure\u0219tiul se apropie de scenariul galben, cu \u0219coal\u0103 par\u021bial online\"}]},{\"@type\":\"WebSite\",\"@id\":\"https:\\\/\\\/buletin.de\\\/bucuresti\\\/#website\",\"url\":\"https:\\\/\\\/buletin.de\\\/bucuresti\\\/\",\"name\":\"Buletin de Bucure\u0219ti\",\"description\":\"\u0218tiri \u0219i investiga\u021bii esen\u021biale din capital\u0103\",\"publisher\":{\"@id\":\"https:\\\/\\\/buletin.de\\\/bucuresti\\\/#organization\"},\"potentialAction\":[{\"@type\":\"SearchAction\",\"target\":{\"@type\":\"EntryPoint\",\"urlTemplate\":\"https:\\\/\\\/buletin.de\\\/bucuresti\\\/?s={search_term_string}\"},\"query-input\":{\"@type\":\"PropertyValueSpecification\",\"valueRequired\":true,\"valueName\":\"search_term_string\"}}],\"inLanguage\":\"en-GB\"},{\"@type\":\"Organization\",\"@id\":\"https:\\\/\\\/buletin.de\\\/bucuresti\\\/#organization\",\"name\":\"Buletin de Bucure\u0219ti\",\"url\":\"https:\\\/\\\/buletin.de\\\/bucuresti\\\/\",\"logo\":{\"@type\":\"ImageObject\",\"inLanguage\":\"en-GB\",\"@id\":\"https:\\\/\\\/buletin.de\\\/bucuresti\\\/#\\\/schema\\\/logo\\\/image\\\/\",\"url\":\"https:\\\/\\\/buletin.de\\\/bucuresti\\\/wp-content\\\/uploads\\\/logo-bdb-full-wide-vernil-transparent.png\",\"contentUrl\":\"https:\\\/\\\/buletin.de\\\/bucuresti\\\/wp-content\\\/uploads\\\/logo-bdb-full-wide-vernil-transparent.png\",\"width\":1782,\"height\":626,\"caption\":\"Buletin de Bucure\u0219ti\"},\"image\":{\"@id\":\"https:\\\/\\\/buletin.de\\\/bucuresti\\\/#\\\/schema\\\/logo\\\/image\\\/\"},\"sameAs\":[\"https:\\\/\\\/www.facebook.com\\\/buletin.de.buc\",\"https:\\\/\\\/www.instagram.com\\\/buletinde.bucuresti\\\/\"]},{\"@type\":\"Person\",\"@id\":\"https:\\\/\\\/buletin.de\\\/bucuresti\\\/#\\\/schema\\\/person\\\/7a01591ad05c4d2c7261fe7f0383d2af\",\"name\":\"Irina Anghel\",\"image\":{\"@type\":\"ImageObject\",\"inLanguage\":\"en-GB\",\"@id\":\"https:\\\/\\\/secure.gravatar.com\\\/avatar\\\/e7d429cbd0c7fe915f817961c0ffb96b407bc87e15aa35cee85f77146f8cce7e?s=96&d=monsterid&r=g693374df2a66e3f4935d210ea15b95ff\",\"url\":\"https:\\\/\\\/secure.gravatar.com\\\/avatar\\\/e7d429cbd0c7fe915f817961c0ffb96b407bc87e15aa35cee85f77146f8cce7e?s=96&d=monsterid&r=g\",\"contentUrl\":\"https:\\\/\\\/secure.gravatar.com\\\/avatar\\\/e7d429cbd0c7fe915f817961c0ffb96b407bc87e15aa35cee85f77146f8cce7e?s=96&d=monsterid&r=g\",\"caption\":\"Irina Anghel\"},\"url\":\"https:\\\/\\\/buletin.de\\\/bucuresti\\\/author\\\/irina\\\/\"}]}<\/script>\n<!-- \/ Yoast SEO Premium plugin. -->","yoast_head_json":{"title":"INFOGRAFIC| Bucure\u0219tiul se apropie de scenariul galben, cu \u0219coal\u0103 par\u021bial online - Buletin de Bucure\u0219ti","robots":{"index":"index","follow":"follow","max-snippet":"max-snippet:-1","max-image-preview":"max-image-preview:large","max-video-preview":"max-video-preview:-1"},"canonical":"https:\/\/buletin.de\/bucuresti\/infografic-bucurestiul-se-apropie-de-scenariul-galben-cu-scoala-partial-online\/","og_locale":"en_GB","og_type":"article","og_title":"INFOGRAFIC| Bucure\u0219tiul se apropie de scenariul galben, cu \u0219coal\u0103 par\u021bial online","og_description":"Cu aproximativ o lun\u0103 \u00eenainte de \u00eenceperea \u0219colii, Bucure\u0219tiul se apropie de scenariul galben care presupune cursuri par\u021bial online, din cauza cre\u0219terii num\u0103rului de cazuri de coronavirus. Pre\u0219edintele Klaus Ioahnnis a anun\u021bat trei scenarii (verde, galben \u0219i ro\u0219u) pentru \u00eenceperea \u0219colii la 14 septembrie. Decizia privind \u00eentoarcerea elevilor \u00een s\u0103lile de clas\u0103 va fi luat\u0103 [&hellip;]","og_url":"https:\/\/buletin.de\/bucuresti\/infografic-bucurestiul-se-apropie-de-scenariul-galben-cu-scoala-partial-online\/","og_site_name":"Buletin de Bucure\u0219ti","article_publisher":"https:\/\/www.facebook.com\/buletin.de.buc","article_published_time":"2020-08-07T13:35:46+00:00","article_modified_time":"2020-08-07T13:49:38+00:00","og_image":[{"width":1026,"height":766,"url":"https:\/\/buletin.de\/bucuresti\/wp-content\/uploads\/Screen-Shot-2020-08-07-at-16.02.27.png","type":"image\/png"}],"author":"Irina Anghel","twitter_card":"summary_large_image","twitter_misc":{"Written by":"Irina Anghel","Estimated reading time":"2 minutes"},"schema":{"@context":"https:\/\/schema.org","@graph":[{"@type":"Article","@id":"https:\/\/buletin.de\/bucuresti\/infografic-bucurestiul-se-apropie-de-scenariul-galben-cu-scoala-partial-online\/#article","isPartOf":{"@id":"https:\/\/buletin.de\/bucuresti\/infografic-bucurestiul-se-apropie-de-scenariul-galben-cu-scoala-partial-online\/"},"author":{"name":"Irina Anghel","@id":"https:\/\/buletin.de\/bucuresti\/#\/schema\/person\/7a01591ad05c4d2c7261fe7f0383d2af"},"headline":"INFOGRAFIC| Bucure\u0219tiul se apropie de scenariul galben, cu \u0219coal\u0103 par\u021bial online","datePublished":"2020-08-07T13:35:46+00:00","dateModified":"2020-08-07T13:49:38+00:00","mainEntityOfPage":{"@id":"https:\/\/buletin.de\/bucuresti\/infografic-bucurestiul-se-apropie-de-scenariul-galben-cu-scoala-partial-online\/"},"wordCount":415,"publisher":{"@id":"https:\/\/buletin.de\/bucuresti\/#organization"},"image":{"@id":"https:\/\/buletin.de\/bucuresti\/infografic-bucurestiul-se-apropie-de-scenariul-galben-cu-scoala-partial-online\/#primaryimage"},"thumbnailUrl":"https:\/\/buletin.de\/bucuresti\/wp-content\/uploads\/Screen-Shot-2020-08-07-at-16.02.27.png","keywords":["bucuresti","coronavirus","covid19 bucuresti","infografic","scoala","scoala online"],"articleSection":["Covid-19"],"inLanguage":"en-GB","copyrightYear":"2020","copyrightHolder":{"@id":"https:\/\/buletin.de\/bucuresti\/#organization"}},{"@type":"WebPage","@id":"https:\/\/buletin.de\/bucuresti\/infografic-bucurestiul-se-apropie-de-scenariul-galben-cu-scoala-partial-online\/","url":"https:\/\/buletin.de\/bucuresti\/infografic-bucurestiul-se-apropie-de-scenariul-galben-cu-scoala-partial-online\/","name":"INFOGRAFIC| Bucure\u0219tiul se apropie de scenariul galben, cu \u0219coal\u0103 par\u021bial online - Buletin de Bucure\u0219ti","isPartOf":{"@id":"https:\/\/buletin.de\/bucuresti\/#website"},"primaryImageOfPage":{"@id":"https:\/\/buletin.de\/bucuresti\/infografic-bucurestiul-se-apropie-de-scenariul-galben-cu-scoala-partial-online\/#primaryimage"},"image":{"@id":"https:\/\/buletin.de\/bucuresti\/infografic-bucurestiul-se-apropie-de-scenariul-galben-cu-scoala-partial-online\/#primaryimage"},"thumbnailUrl":"https:\/\/buletin.de\/bucuresti\/wp-content\/uploads\/Screen-Shot-2020-08-07-at-16.02.27.png","datePublished":"2020-08-07T13:35:46+00:00","dateModified":"2020-08-07T13:49:38+00:00","breadcrumb":{"@id":"https:\/\/buletin.de\/bucuresti\/infografic-bucurestiul-se-apropie-de-scenariul-galben-cu-scoala-partial-online\/#breadcrumb"},"inLanguage":"en-GB","potentialAction":[{"@type":"ReadAction","target":["https:\/\/buletin.de\/bucuresti\/infografic-bucurestiul-se-apropie-de-scenariul-galben-cu-scoala-partial-online\/"]}]},{"@type":"ImageObject","inLanguage":"en-GB","@id":"https:\/\/buletin.de\/bucuresti\/infografic-bucurestiul-se-apropie-de-scenariul-galben-cu-scoala-partial-online\/#primaryimage","url":"https:\/\/buletin.de\/bucuresti\/wp-content\/uploads\/Screen-Shot-2020-08-07-at-16.02.27.png","contentUrl":"https:\/\/buletin.de\/bucuresti\/wp-content\/uploads\/Screen-Shot-2020-08-07-at-16.02.27.png","width":1026,"height":766},{"@type":"BreadcrumbList","@id":"https:\/\/buletin.de\/bucuresti\/infografic-bucurestiul-se-apropie-de-scenariul-galben-cu-scoala-partial-online\/#breadcrumb","itemListElement":[{"@type":"ListItem","position":1,"name":"Acas\u0103","item":"https:\/\/buletin.de\/bucuresti\/"},{"@type":"ListItem","position":2,"name":"INFOGRAFIC| Bucure\u0219tiul se apropie de scenariul galben, cu \u0219coal\u0103 par\u021bial online"}]},{"@type":"WebSite","@id":"https:\/\/buletin.de\/bucuresti\/#website","url":"https:\/\/buletin.de\/bucuresti\/","name":"Buletin de Bucure\u0219ti","description":"\u0218tiri \u0219i investiga\u021bii esen\u021biale din capital\u0103","publisher":{"@id":"https:\/\/buletin.de\/bucuresti\/#organization"},"potentialAction":[{"@type":"SearchAction","target":{"@type":"EntryPoint","urlTemplate":"https:\/\/buletin.de\/bucuresti\/?s={search_term_string}"},"query-input":{"@type":"PropertyValueSpecification","valueRequired":true,"valueName":"search_term_string"}}],"inLanguage":"en-GB"},{"@type":"Organization","@id":"https:\/\/buletin.de\/bucuresti\/#organization","name":"Buletin de Bucure\u0219ti","url":"https:\/\/buletin.de\/bucuresti\/","logo":{"@type":"ImageObject","inLanguage":"en-GB","@id":"https:\/\/buletin.de\/bucuresti\/#\/schema\/logo\/image\/","url":"https:\/\/buletin.de\/bucuresti\/wp-content\/uploads\/logo-bdb-full-wide-vernil-transparent.png","contentUrl":"https:\/\/buletin.de\/bucuresti\/wp-content\/uploads\/logo-bdb-full-wide-vernil-transparent.png","width":1782,"height":626,"caption":"Buletin de Bucure\u0219ti"},"image":{"@id":"https:\/\/buletin.de\/bucuresti\/#\/schema\/logo\/image\/"},"sameAs":["https:\/\/www.facebook.com\/buletin.de.buc","https:\/\/www.instagram.com\/buletinde.bucuresti\/"]},{"@type":"Person","@id":"https:\/\/buletin.de\/bucuresti\/#\/schema\/person\/7a01591ad05c4d2c7261fe7f0383d2af","name":"Irina Anghel","image":{"@type":"ImageObject","inLanguage":"en-GB","@id":"https:\/\/secure.gravatar.com\/avatar\/e7d429cbd0c7fe915f817961c0ffb96b407bc87e15aa35cee85f77146f8cce7e?s=96&d=monsterid&r=g693374df2a66e3f4935d210ea15b95ff","url":"https:\/\/secure.gravatar.com\/avatar\/e7d429cbd0c7fe915f817961c0ffb96b407bc87e15aa35cee85f77146f8cce7e?s=96&d=monsterid&r=g","contentUrl":"https:\/\/secure.gravatar.com\/avatar\/e7d429cbd0c7fe915f817961c0ffb96b407bc87e15aa35cee85f77146f8cce7e?s=96&d=monsterid&r=g","caption":"Irina Anghel"},"url":"https:\/\/buletin.de\/bucuresti\/author\/irina\/"}]}},"authors":[{"term_id":22592,"user_id":15,"is_guest":0,"slug":"irina","display_name":"Irina Anghel","avatar_url":"https:\/\/secure.gravatar.com\/avatar\/e7d429cbd0c7fe915f817961c0ffb96b407bc87e15aa35cee85f77146f8cce7e?s=96&d=monsterid&r=g","0":null,"1":"","2":"","3":"","4":"","5":"","6":"","7":"","8":""}],"_links":{"self":[{"href":"https:\/\/buletin.de\/bucuresti\/wp-json\/wp\/v2\/posts\/10176","targetHints":{"allow":["GET"]}}],"collection":[{"href":"https:\/\/buletin.de\/bucuresti\/wp-json\/wp\/v2\/posts"}],"about":[{"href":"https:\/\/buletin.de\/bucuresti\/wp-json\/wp\/v2\/types\/post"}],"author":[{"embeddable":true,"href":"https:\/\/buletin.de\/bucuresti\/wp-json\/wp\/v2\/users\/15"}],"replies":[{"embeddable":true,"href":"https:\/\/buletin.de\/bucuresti\/wp-json\/wp\/v2\/comments?post=10176"}],"version-history":[{"count":13,"href":"https:\/\/buletin.de\/bucuresti\/wp-json\/wp\/v2\/posts\/10176\/revisions"}],"predecessor-version":[{"id":10191,"href":"https:\/\/buletin.de\/bucuresti\/wp-json\/wp\/v2\/posts\/10176\/revisions\/10191"}],"wp:featuredmedia":[{"embeddable":true,"href":"https:\/\/buletin.de\/bucuresti\/wp-json\/wp\/v2\/media\/10177"}],"wp:attachment":[{"href":"https:\/\/buletin.de\/bucuresti\/wp-json\/wp\/v2\/media?parent=10176"}],"wp:term":[{"taxonomy":"category","embeddable":true,"href":"https:\/\/buletin.de\/bucuresti\/wp-json\/wp\/v2\/categories?post=10176"},{"taxonomy":"post_tag","embeddable":true,"href":"https:\/\/buletin.de\/bucuresti\/wp-json\/wp\/v2\/tags?post=10176"},{"taxonomy":"author","embeddable":true,"href":"https:\/\/buletin.de\/bucuresti\/wp-json\/wp\/v2\/ppma_author?post=10176"}],"curies":[{"name":"wp","href":"https:\/\/api.w.org\/{rel}","templated":true}]}}