{"id":101589,"date":"2024-10-10T15:21:59","date_gmt":"2024-10-10T12:21:59","guid":{"rendered":"https:\/\/buletin.de\/bucuresti\/?p=101589"},"modified":"2024-10-10T15:24:57","modified_gmt":"2024-10-10T12:24:57","slug":"spitalul-pentru-copii-construit-din-donatiile-romanilor-premiat-pentru-arhitectura","status":"publish","type":"post","link":"https:\/\/buletin.de\/bucuresti\/spitalul-pentru-copii-construit-din-donatiile-romanilor-premiat-pentru-arhitectura\/","title":{"rendered":"Spitalul pentru copii construit din dona\u021biile rom\u00e2nilor, premiat pentru arhitectur\u0103"},"content":{"rendered":"\n<p><strong>Spitalul pentru copii construit din dona\u021biile rom\u00e2nilor de <a href=\"https:\/\/www.daruiesteviata.ro\/investeste?gad_source=1&amp;gclid=CjwKCAjw9p24BhB_EiwA8ID5BgjGYKuBTswsyynEJLiKOx3mRA8sKYPHFiOzKnsHBDeDhDlGQO8pehoCOcIQAvD_BwE\" target=\"_blank\" rel=\"noreferrer noopener\">asocia\u021bia \u201eD\u0103ruie\u0219e via\u021b\u0103\u201d<\/a> \u00een Bucure\u0219ti a primit premiul pentru arhitectur\u0103 la categoria S\u0103n\u0103tate, \u00een cadrul competi\u021biei regionale Share Architects Awards. <\/strong><\/p>\n\n\n\n<p>Tesseract Architecture, singurul studio de arhitectur\u0103 specializat \u00een domeniul medical din Rom\u00e2nia \u0219i unul dintre pu\u021binele de acest tip din Europa, a c\u00e2\u0219tigat distinc\u021bia pentru proiectul pe care l-a f\u0103cut pentru cl\u0103direa amplasat\u0103 \u00een curtea Spitalului pentru Copii \u201eMarie Curie\u201d. <\/p>\n\n\n\n<p>CITE\u0218TE \u0218I: <strong><a href=\"https:\/\/buletin.de\/bucuresti\/camere-de-bord-pentru-garda-de-mediu-la-5-000-de-lei-bucata-acelasi-model-vandut-de-4-ori-mai-ieftin-pe-emag\/\" target=\"_blank\" rel=\"noreferrer noopener\">Camere de bord pentru Garda de Mediu la 5.000 de lei bucata. Acela\u0219i model, v\u00e2ndut de 4 ori mai ieftin pe Emag<\/a><\/strong><\/p>\n\n\n\n<h2 class=\"wp-block-heading\" id=\"h-premiu-pentru-spitalul-pentru-copii-construit-cu-dona\u021biile-a-350-000-de-persoane\">Premiu pentru Spitalul pentru copii construit cu dona\u021biile a 350.000 de persoane<\/h2>\n\n\n\n<p><strong>350.000 de donatori \u0219i peste 8.000 de companii au contribuit la construc\u021bia spitalului modern.<\/strong><\/p>\n\n\n\n<p>Competi\u021bia <strong>Share Architects Awards<\/strong> a reunit 74 de echipe de arhitec\u021bi din 16 \u021b\u0103ri din Europa Central\u0103 \u0219i de Sud-Est, fiecare proiect fiind evaluat de un juriu interna\u021bional alc\u0103tuit din exper\u021bi recunoscu\u021bi la nivel mondial, potrivit unui comunicat de pres\u0103.<\/p>\n\n\n\n<p>Juriul a fost condus de <strong>Carol Ross Barney<\/strong>, c\u00e2\u0219tig\u0103tor al medaliei de aur 2023 a <strong>Institutului American al Arhitec\u021bilor<\/strong>, \u0219i a inclus personalit\u0103\u021bi importante din domeniul arhitecturii interna\u021bionale, precum <strong>Martha Thorne<\/strong> (fost director executiv al Premiului Pritzker), <strong>Francois Valentiny<\/strong>, <strong>Fuensanta Nieto<\/strong>, <strong>Kerem Yazgan<\/strong>, <strong>Kamran Afshar Naderi<\/strong>, <strong>Fokke Moerel, Manuela Gatto<\/strong> \u0219i al\u021bi arhitec\u021bi renumi\u021bi.<\/p>\n\n\n\n<p>CITE\u0218TE \u0218I: <strong><a href=\"https:\/\/buletin.de\/bucuresti\/primul-campus-medical-pediatric-din-romania-construit-la-bucuresti\/\" target=\"_blank\" rel=\"noreferrer noopener\">Primul Campus Medical Pediatric din Rom\u00e2nia, construit la Bucure\u0219ti<\/a><\/strong><\/p>\n\n\n\n<h2 class=\"wp-block-heading\" id=\"h-o-gandire-total-noua-pentru-un-spital-de-stat-din-romania\">O g\u00e2ndire total nou\u0103 pentru un spital de stat din Rom\u00e2nia<\/h2>\n\n\n\n<p><strong>Proiectul este aliniat la buneLE practici \u0219i standarde interna\u021bionale, fiind conceput pentru a r\u0103spunde nevoilor actuale de tratament medical specializat \u0219i pentru a crea un mediu care s\u0103 prioritizeze confortul \u0219i bun\u0103starea pacien\u021bilor \u0219i a familiilor acestora.<\/strong><\/p>\n\n\n\n<p>Extinderea include un corp de cl\u0103dire modern cu 9 etaje \u0219i o suprafa\u021b\u0103 total\u0103 de peste 12.000 de metri p\u0103tra\u021bi, toate g\u00e2ndite pe principii de design centrat pe familie \u0219i comunitate. <\/p>\n\n\n\n<p>Ofer\u0103 spa\u021bii care s\u0103 asigure suportul emo\u021bional \u0219i psihologic necesar \u00een perioadele dificile pacien\u021bilor \u0219i familiilor acestora, cre\u00e2nd un cadru func\u021bional \u0219i eficient de lucru pentru echipele medicale.<\/p>\n","protected":false},"excerpt":{"rendered":"<p>Spitalul pentru copii construit din dona\u021biile rom\u00e2nilor de asocia\u021bia \u201eD\u0103ruie\u0219e via\u021b\u0103\u201d \u00een Bucure\u0219ti a primit premiul pentru arhitectur\u0103 la categoria S\u0103n\u0103tate, \u00een cadrul competi\u021biei regionale Share Architects Awards. Tesseract Architecture, singurul studio de arhitectur\u0103 specializat \u00een domeniul medical din Rom\u00e2nia \u0219i unul dintre pu\u021binele de acest tip din Europa, a c\u00e2\u0219tigat distinc\u021bia pentru proiectul pe [&hellip;]<\/p>\n","protected":false},"author":1,"featured_media":101591,"comment_status":"closed","ping_status":"open","sticky":false,"template":"","format":"standard","meta":{"_acf_changed":false,"inline_featured_image":false,"ngg_post_thumbnail":0,"footnotes":""},"categories":[6994,4,62],"tags":[12746,11252,829,8013],"ppma_author":[22583],"class_list":["post-101589","post","type-post","status-publish","format-standard","has-post-thumbnail","hentry","category-stiri-2","category-sanatate","category-stiri","tag-noifacemunspital","tag-asociatia-daruieste-viata","tag-daruieste-viata","tag-marie-curie"],"acf":[],"yoast_head":"<!-- This site is optimized with the Yoast SEO Premium plugin v25.3 (Yoast SEO v27.5) - https:\/\/yoast.com\/product\/yoast-seo-premium-wordpress\/ -->\n<title>Spitalul pentru copii construit din dona\u021biile rom\u00e2nilor, premiat pentru arhitectur\u0103 - Buletin de Bucure\u0219ti<\/title>\n<meta name=\"description\" content=\"Spitalul pentru copii construit din dona\u021biile rom\u00e2nilor de asocia\u021bia \u201eD\u0103ruie\u0219e via\u021b\u0103\u201d \u00een Bucure\u0219ti a primit premiul pentru arhitectur\u0103.\" \/>\n<meta name=\"robots\" content=\"index, follow, max-snippet:-1, max-image-preview:large, max-video-preview:-1\" \/>\n<link rel=\"canonical\" href=\"https:\/\/buletin.de\/bucuresti\/spitalul-pentru-copii-construit-din-donatiile-romanilor-premiat-pentru-arhitectura\/\" \/>\n<meta property=\"og:locale\" content=\"en_GB\" \/>\n<meta property=\"og:type\" content=\"article\" \/>\n<meta property=\"og:title\" content=\"Spitalul pentru copii construit din dona\u021biile rom\u00e2nilor, premiat pentru arhitectur\u0103\" \/>\n<meta property=\"og:description\" content=\"Spitalul pentru copii construit din dona\u021biile rom\u00e2nilor de asocia\u021bia \u201eD\u0103ruie\u0219e via\u021b\u0103\u201d \u00een Bucure\u0219ti a primit premiul pentru arhitectur\u0103.\" \/>\n<meta property=\"og:url\" content=\"https:\/\/buletin.de\/bucuresti\/spitalul-pentru-copii-construit-din-donatiile-romanilor-premiat-pentru-arhitectura\/\" \/>\n<meta property=\"og:site_name\" content=\"Buletin de Bucure\u0219ti\" \/>\n<meta property=\"article:publisher\" content=\"https:\/\/www.facebook.com\/buletin.de.buc\" \/>\n<meta property=\"article:published_time\" content=\"2024-10-10T12:21:59+00:00\" \/>\n<meta property=\"article:modified_time\" content=\"2024-10-10T12:24:57+00:00\" \/>\n<meta property=\"og:image\" content=\"https:\/\/buletin.de\/bucuresti\/wp-content\/uploads\/Spitaluldindonatii_foto_Calin-George.jpg\" \/>\n\t<meta property=\"og:image:width\" content=\"1200\" \/>\n\t<meta property=\"og:image:height\" content=\"800\" \/>\n\t<meta property=\"og:image:type\" content=\"image\/jpeg\" \/>\n<meta name=\"author\" content=\"Redac\u021bia Buletin de Bucure\u0219ti\" \/>\n<meta name=\"twitter:card\" content=\"summary_large_image\" \/>\n<meta name=\"twitter:label1\" content=\"Written by\" \/>\n\t<meta name=\"twitter:data1\" content=\"Redac\u021bia Buletin de Bucure\u0219ti\" \/>\n\t<meta name=\"twitter:label2\" content=\"Estimated reading time\" \/>\n\t<meta name=\"twitter:data2\" content=\"2 minutes\" \/>\n<script type=\"application\/ld+json\" class=\"yoast-schema-graph\">{\"@context\":\"https:\\\/\\\/schema.org\",\"@graph\":[{\"@type\":\"Article\",\"@id\":\"https:\\\/\\\/buletin.de\\\/bucuresti\\\/spitalul-pentru-copii-construit-din-donatiile-romanilor-premiat-pentru-arhitectura\\\/#article\",\"isPartOf\":{\"@id\":\"https:\\\/\\\/buletin.de\\\/bucuresti\\\/spitalul-pentru-copii-construit-din-donatiile-romanilor-premiat-pentru-arhitectura\\\/\"},\"author\":{\"name\":\"Redac\u021bia Buletin de Bucure\u0219ti\",\"@id\":\"https:\\\/\\\/buletin.de\\\/bucuresti\\\/#\\\/schema\\\/person\\\/2bbcf854e5f2419a13804af574d06ab1\"},\"headline\":\"Spitalul pentru copii construit din dona\u021biile rom\u00e2nilor, premiat pentru arhitectur\u0103\",\"datePublished\":\"2024-10-10T12:21:59+00:00\",\"dateModified\":\"2024-10-10T12:24:57+00:00\",\"mainEntityOfPage\":{\"@id\":\"https:\\\/\\\/buletin.de\\\/bucuresti\\\/spitalul-pentru-copii-construit-din-donatiile-romanilor-premiat-pentru-arhitectura\\\/\"},\"wordCount\":384,\"publisher\":{\"@id\":\"https:\\\/\\\/buletin.de\\\/bucuresti\\\/#organization\"},\"image\":{\"@id\":\"https:\\\/\\\/buletin.de\\\/bucuresti\\\/spitalul-pentru-copii-construit-din-donatiile-romanilor-premiat-pentru-arhitectura\\\/#primaryimage\"},\"thumbnailUrl\":\"https:\\\/\\\/buletin.de\\\/bucuresti\\\/wp-content\\\/uploads\\\/Spitaluldindonatii_foto_Calin-George.jpg\",\"keywords\":[\"#NoiFacemUnSpital\",\"Asociatia Daruieste Viata\",\"daruieste viata\",\"marie curie\"],\"articleSection\":[\"Articole\",\"S\u0103n\u0103tate\",\"\u0218tiri\"],\"inLanguage\":\"en-GB\",\"copyrightYear\":\"2024\",\"copyrightHolder\":{\"@id\":\"https:\\\/\\\/buletin.de\\\/bucuresti\\\/#organization\"}},{\"@type\":\"WebPage\",\"@id\":\"https:\\\/\\\/buletin.de\\\/bucuresti\\\/spitalul-pentru-copii-construit-din-donatiile-romanilor-premiat-pentru-arhitectura\\\/\",\"url\":\"https:\\\/\\\/buletin.de\\\/bucuresti\\\/spitalul-pentru-copii-construit-din-donatiile-romanilor-premiat-pentru-arhitectura\\\/\",\"name\":\"Spitalul pentru copii construit din dona\u021biile rom\u00e2nilor, premiat pentru arhitectur\u0103 - Buletin de Bucure\u0219ti\",\"isPartOf\":{\"@id\":\"https:\\\/\\\/buletin.de\\\/bucuresti\\\/#website\"},\"primaryImageOfPage\":{\"@id\":\"https:\\\/\\\/buletin.de\\\/bucuresti\\\/spitalul-pentru-copii-construit-din-donatiile-romanilor-premiat-pentru-arhitectura\\\/#primaryimage\"},\"image\":{\"@id\":\"https:\\\/\\\/buletin.de\\\/bucuresti\\\/spitalul-pentru-copii-construit-din-donatiile-romanilor-premiat-pentru-arhitectura\\\/#primaryimage\"},\"thumbnailUrl\":\"https:\\\/\\\/buletin.de\\\/bucuresti\\\/wp-content\\\/uploads\\\/Spitaluldindonatii_foto_Calin-George.jpg\",\"datePublished\":\"2024-10-10T12:21:59+00:00\",\"dateModified\":\"2024-10-10T12:24:57+00:00\",\"description\":\"Spitalul pentru copii construit din dona\u021biile rom\u00e2nilor de asocia\u021bia \u201eD\u0103ruie\u0219e via\u021b\u0103\u201d \u00een Bucure\u0219ti a primit premiul pentru arhitectur\u0103.\",\"breadcrumb\":{\"@id\":\"https:\\\/\\\/buletin.de\\\/bucuresti\\\/spitalul-pentru-copii-construit-din-donatiile-romanilor-premiat-pentru-arhitectura\\\/#breadcrumb\"},\"inLanguage\":\"en-GB\",\"potentialAction\":[{\"@type\":\"ReadAction\",\"target\":[\"https:\\\/\\\/buletin.de\\\/bucuresti\\\/spitalul-pentru-copii-construit-din-donatiile-romanilor-premiat-pentru-arhitectura\\\/\"]}]},{\"@type\":\"ImageObject\",\"inLanguage\":\"en-GB\",\"@id\":\"https:\\\/\\\/buletin.de\\\/bucuresti\\\/spitalul-pentru-copii-construit-din-donatiile-romanilor-premiat-pentru-arhitectura\\\/#primaryimage\",\"url\":\"https:\\\/\\\/buletin.de\\\/bucuresti\\\/wp-content\\\/uploads\\\/Spitaluldindonatii_foto_Calin-George.jpg\",\"contentUrl\":\"https:\\\/\\\/buletin.de\\\/bucuresti\\\/wp-content\\\/uploads\\\/Spitaluldindonatii_foto_Calin-George.jpg\",\"width\":1200,\"height\":800,\"caption\":\"Spitalul pentru copii construit din dona\u021biile rom\u00e2nilor. Foto: Inquam Photos \\\/ George C\u0103lin\"},{\"@type\":\"BreadcrumbList\",\"@id\":\"https:\\\/\\\/buletin.de\\\/bucuresti\\\/spitalul-pentru-copii-construit-din-donatiile-romanilor-premiat-pentru-arhitectura\\\/#breadcrumb\",\"itemListElement\":[{\"@type\":\"ListItem\",\"position\":1,\"name\":\"Acas\u0103\",\"item\":\"https:\\\/\\\/buletin.de\\\/bucuresti\\\/\"},{\"@type\":\"ListItem\",\"position\":2,\"name\":\"Spitalul pentru copii construit din dona\u021biile rom\u00e2nilor, premiat pentru arhitectur\u0103\"}]},{\"@type\":\"WebSite\",\"@id\":\"https:\\\/\\\/buletin.de\\\/bucuresti\\\/#website\",\"url\":\"https:\\\/\\\/buletin.de\\\/bucuresti\\\/\",\"name\":\"Buletin de Bucure\u0219ti\",\"description\":\"\u0218tiri \u0219i investiga\u021bii esen\u021biale din capital\u0103\",\"publisher\":{\"@id\":\"https:\\\/\\\/buletin.de\\\/bucuresti\\\/#organization\"},\"potentialAction\":[{\"@type\":\"SearchAction\",\"target\":{\"@type\":\"EntryPoint\",\"urlTemplate\":\"https:\\\/\\\/buletin.de\\\/bucuresti\\\/?s={search_term_string}\"},\"query-input\":{\"@type\":\"PropertyValueSpecification\",\"valueRequired\":true,\"valueName\":\"search_term_string\"}}],\"inLanguage\":\"en-GB\"},{\"@type\":\"Organization\",\"@id\":\"https:\\\/\\\/buletin.de\\\/bucuresti\\\/#organization\",\"name\":\"Buletin de Bucure\u0219ti\",\"url\":\"https:\\\/\\\/buletin.de\\\/bucuresti\\\/\",\"logo\":{\"@type\":\"ImageObject\",\"inLanguage\":\"en-GB\",\"@id\":\"https:\\\/\\\/buletin.de\\\/bucuresti\\\/#\\\/schema\\\/logo\\\/image\\\/\",\"url\":\"https:\\\/\\\/buletin.de\\\/bucuresti\\\/wp-content\\\/uploads\\\/logo-bdb-full-wide-vernil-transparent.png\",\"contentUrl\":\"https:\\\/\\\/buletin.de\\\/bucuresti\\\/wp-content\\\/uploads\\\/logo-bdb-full-wide-vernil-transparent.png\",\"width\":1782,\"height\":626,\"caption\":\"Buletin de Bucure\u0219ti\"},\"image\":{\"@id\":\"https:\\\/\\\/buletin.de\\\/bucuresti\\\/#\\\/schema\\\/logo\\\/image\\\/\"},\"sameAs\":[\"https:\\\/\\\/www.facebook.com\\\/buletin.de.buc\",\"https:\\\/\\\/www.instagram.com\\\/buletinde.bucuresti\\\/\"]},{\"@type\":\"Person\",\"@id\":\"https:\\\/\\\/buletin.de\\\/bucuresti\\\/#\\\/schema\\\/person\\\/2bbcf854e5f2419a13804af574d06ab1\",\"name\":\"Redac\u021bia Buletin de Bucure\u0219ti\",\"image\":{\"@type\":\"ImageObject\",\"inLanguage\":\"en-GB\",\"@id\":\"https:\\\/\\\/secure.gravatar.com\\\/avatar\\\/18c5342381ed1a08620e6280424e3e5efc958618f5d67c522c9e44c1bc6f9226?s=96&d=monsterid&r=g60c7cd0ad92c68c049fcd4bb3504d609\",\"url\":\"https:\\\/\\\/secure.gravatar.com\\\/avatar\\\/18c5342381ed1a08620e6280424e3e5efc958618f5d67c522c9e44c1bc6f9226?s=96&d=monsterid&r=g\",\"contentUrl\":\"https:\\\/\\\/secure.gravatar.com\\\/avatar\\\/18c5342381ed1a08620e6280424e3e5efc958618f5d67c522c9e44c1bc6f9226?s=96&d=monsterid&r=g\",\"caption\":\"Redac\u021bia Buletin de Bucure\u0219ti\"},\"description\":\"Buletin de Bucure\u0219ti exist\u0103 din vara anului 2019.\",\"url\":\"https:\\\/\\\/buletin.de\\\/bucuresti\\\/author\\\/adminbuletin\\\/\"}]}<\/script>\n<!-- \/ Yoast SEO Premium plugin. -->","yoast_head_json":{"title":"Spitalul pentru copii construit din dona\u021biile rom\u00e2nilor, premiat pentru arhitectur\u0103 - Buletin de Bucure\u0219ti","description":"Spitalul pentru copii construit din dona\u021biile rom\u00e2nilor de asocia\u021bia \u201eD\u0103ruie\u0219e via\u021b\u0103\u201d \u00een Bucure\u0219ti a primit premiul pentru arhitectur\u0103.","robots":{"index":"index","follow":"follow","max-snippet":"max-snippet:-1","max-image-preview":"max-image-preview:large","max-video-preview":"max-video-preview:-1"},"canonical":"https:\/\/buletin.de\/bucuresti\/spitalul-pentru-copii-construit-din-donatiile-romanilor-premiat-pentru-arhitectura\/","og_locale":"en_GB","og_type":"article","og_title":"Spitalul pentru copii construit din dona\u021biile rom\u00e2nilor, premiat pentru arhitectur\u0103","og_description":"Spitalul pentru copii construit din dona\u021biile rom\u00e2nilor de asocia\u021bia \u201eD\u0103ruie\u0219e via\u021b\u0103\u201d \u00een Bucure\u0219ti a primit premiul pentru arhitectur\u0103.","og_url":"https:\/\/buletin.de\/bucuresti\/spitalul-pentru-copii-construit-din-donatiile-romanilor-premiat-pentru-arhitectura\/","og_site_name":"Buletin de Bucure\u0219ti","article_publisher":"https:\/\/www.facebook.com\/buletin.de.buc","article_published_time":"2024-10-10T12:21:59+00:00","article_modified_time":"2024-10-10T12:24:57+00:00","og_image":[{"width":1200,"height":800,"url":"https:\/\/buletin.de\/bucuresti\/wp-content\/uploads\/Spitaluldindonatii_foto_Calin-George.jpg","type":"image\/jpeg"}],"author":"Redac\u021bia Buletin de Bucure\u0219ti","twitter_card":"summary_large_image","twitter_misc":{"Written by":"Redac\u021bia Buletin de Bucure\u0219ti","Estimated reading time":"2 minutes"},"schema":{"@context":"https:\/\/schema.org","@graph":[{"@type":"Article","@id":"https:\/\/buletin.de\/bucuresti\/spitalul-pentru-copii-construit-din-donatiile-romanilor-premiat-pentru-arhitectura\/#article","isPartOf":{"@id":"https:\/\/buletin.de\/bucuresti\/spitalul-pentru-copii-construit-din-donatiile-romanilor-premiat-pentru-arhitectura\/"},"author":{"name":"Redac\u021bia Buletin de Bucure\u0219ti","@id":"https:\/\/buletin.de\/bucuresti\/#\/schema\/person\/2bbcf854e5f2419a13804af574d06ab1"},"headline":"Spitalul pentru copii construit din dona\u021biile rom\u00e2nilor, premiat pentru arhitectur\u0103","datePublished":"2024-10-10T12:21:59+00:00","dateModified":"2024-10-10T12:24:57+00:00","mainEntityOfPage":{"@id":"https:\/\/buletin.de\/bucuresti\/spitalul-pentru-copii-construit-din-donatiile-romanilor-premiat-pentru-arhitectura\/"},"wordCount":384,"publisher":{"@id":"https:\/\/buletin.de\/bucuresti\/#organization"},"image":{"@id":"https:\/\/buletin.de\/bucuresti\/spitalul-pentru-copii-construit-din-donatiile-romanilor-premiat-pentru-arhitectura\/#primaryimage"},"thumbnailUrl":"https:\/\/buletin.de\/bucuresti\/wp-content\/uploads\/Spitaluldindonatii_foto_Calin-George.jpg","keywords":["#NoiFacemUnSpital","Asociatia Daruieste Viata","daruieste viata","marie curie"],"articleSection":["Articole","S\u0103n\u0103tate","\u0218tiri"],"inLanguage":"en-GB","copyrightYear":"2024","copyrightHolder":{"@id":"https:\/\/buletin.de\/bucuresti\/#organization"}},{"@type":"WebPage","@id":"https:\/\/buletin.de\/bucuresti\/spitalul-pentru-copii-construit-din-donatiile-romanilor-premiat-pentru-arhitectura\/","url":"https:\/\/buletin.de\/bucuresti\/spitalul-pentru-copii-construit-din-donatiile-romanilor-premiat-pentru-arhitectura\/","name":"Spitalul pentru copii construit din dona\u021biile rom\u00e2nilor, premiat pentru arhitectur\u0103 - Buletin de Bucure\u0219ti","isPartOf":{"@id":"https:\/\/buletin.de\/bucuresti\/#website"},"primaryImageOfPage":{"@id":"https:\/\/buletin.de\/bucuresti\/spitalul-pentru-copii-construit-din-donatiile-romanilor-premiat-pentru-arhitectura\/#primaryimage"},"image":{"@id":"https:\/\/buletin.de\/bucuresti\/spitalul-pentru-copii-construit-din-donatiile-romanilor-premiat-pentru-arhitectura\/#primaryimage"},"thumbnailUrl":"https:\/\/buletin.de\/bucuresti\/wp-content\/uploads\/Spitaluldindonatii_foto_Calin-George.jpg","datePublished":"2024-10-10T12:21:59+00:00","dateModified":"2024-10-10T12:24:57+00:00","description":"Spitalul pentru copii construit din dona\u021biile rom\u00e2nilor de asocia\u021bia \u201eD\u0103ruie\u0219e via\u021b\u0103\u201d \u00een Bucure\u0219ti a primit premiul pentru arhitectur\u0103.","breadcrumb":{"@id":"https:\/\/buletin.de\/bucuresti\/spitalul-pentru-copii-construit-din-donatiile-romanilor-premiat-pentru-arhitectura\/#breadcrumb"},"inLanguage":"en-GB","potentialAction":[{"@type":"ReadAction","target":["https:\/\/buletin.de\/bucuresti\/spitalul-pentru-copii-construit-din-donatiile-romanilor-premiat-pentru-arhitectura\/"]}]},{"@type":"ImageObject","inLanguage":"en-GB","@id":"https:\/\/buletin.de\/bucuresti\/spitalul-pentru-copii-construit-din-donatiile-romanilor-premiat-pentru-arhitectura\/#primaryimage","url":"https:\/\/buletin.de\/bucuresti\/wp-content\/uploads\/Spitaluldindonatii_foto_Calin-George.jpg","contentUrl":"https:\/\/buletin.de\/bucuresti\/wp-content\/uploads\/Spitaluldindonatii_foto_Calin-George.jpg","width":1200,"height":800,"caption":"Spitalul pentru copii construit din dona\u021biile rom\u00e2nilor. Foto: Inquam Photos \/ George C\u0103lin"},{"@type":"BreadcrumbList","@id":"https:\/\/buletin.de\/bucuresti\/spitalul-pentru-copii-construit-din-donatiile-romanilor-premiat-pentru-arhitectura\/#breadcrumb","itemListElement":[{"@type":"ListItem","position":1,"name":"Acas\u0103","item":"https:\/\/buletin.de\/bucuresti\/"},{"@type":"ListItem","position":2,"name":"Spitalul pentru copii construit din dona\u021biile rom\u00e2nilor, premiat pentru arhitectur\u0103"}]},{"@type":"WebSite","@id":"https:\/\/buletin.de\/bucuresti\/#website","url":"https:\/\/buletin.de\/bucuresti\/","name":"Buletin de Bucure\u0219ti","description":"\u0218tiri \u0219i investiga\u021bii esen\u021biale din capital\u0103","publisher":{"@id":"https:\/\/buletin.de\/bucuresti\/#organization"},"potentialAction":[{"@type":"SearchAction","target":{"@type":"EntryPoint","urlTemplate":"https:\/\/buletin.de\/bucuresti\/?s={search_term_string}"},"query-input":{"@type":"PropertyValueSpecification","valueRequired":true,"valueName":"search_term_string"}}],"inLanguage":"en-GB"},{"@type":"Organization","@id":"https:\/\/buletin.de\/bucuresti\/#organization","name":"Buletin de Bucure\u0219ti","url":"https:\/\/buletin.de\/bucuresti\/","logo":{"@type":"ImageObject","inLanguage":"en-GB","@id":"https:\/\/buletin.de\/bucuresti\/#\/schema\/logo\/image\/","url":"https:\/\/buletin.de\/bucuresti\/wp-content\/uploads\/logo-bdb-full-wide-vernil-transparent.png","contentUrl":"https:\/\/buletin.de\/bucuresti\/wp-content\/uploads\/logo-bdb-full-wide-vernil-transparent.png","width":1782,"height":626,"caption":"Buletin de Bucure\u0219ti"},"image":{"@id":"https:\/\/buletin.de\/bucuresti\/#\/schema\/logo\/image\/"},"sameAs":["https:\/\/www.facebook.com\/buletin.de.buc","https:\/\/www.instagram.com\/buletinde.bucuresti\/"]},{"@type":"Person","@id":"https:\/\/buletin.de\/bucuresti\/#\/schema\/person\/2bbcf854e5f2419a13804af574d06ab1","name":"Redac\u021bia Buletin de Bucure\u0219ti","image":{"@type":"ImageObject","inLanguage":"en-GB","@id":"https:\/\/secure.gravatar.com\/avatar\/18c5342381ed1a08620e6280424e3e5efc958618f5d67c522c9e44c1bc6f9226?s=96&d=monsterid&r=g60c7cd0ad92c68c049fcd4bb3504d609","url":"https:\/\/secure.gravatar.com\/avatar\/18c5342381ed1a08620e6280424e3e5efc958618f5d67c522c9e44c1bc6f9226?s=96&d=monsterid&r=g","contentUrl":"https:\/\/secure.gravatar.com\/avatar\/18c5342381ed1a08620e6280424e3e5efc958618f5d67c522c9e44c1bc6f9226?s=96&d=monsterid&r=g","caption":"Redac\u021bia Buletin de Bucure\u0219ti"},"description":"Buletin de Bucure\u0219ti exist\u0103 din vara anului 2019.","url":"https:\/\/buletin.de\/bucuresti\/author\/adminbuletin\/"}]}},"authors":[{"term_id":22583,"user_id":1,"is_guest":0,"slug":"adminbuletin","display_name":"Redac\u021bia Buletin de Bucure\u0219ti","avatar_url":"https:\/\/secure.gravatar.com\/avatar\/18c5342381ed1a08620e6280424e3e5efc958618f5d67c522c9e44c1bc6f9226?s=96&d=monsterid&r=g","0":null,"1":"","2":"","3":"","4":"","5":"","6":"","7":"","8":""}],"_links":{"self":[{"href":"https:\/\/buletin.de\/bucuresti\/wp-json\/wp\/v2\/posts\/101589","targetHints":{"allow":["GET"]}}],"collection":[{"href":"https:\/\/buletin.de\/bucuresti\/wp-json\/wp\/v2\/posts"}],"about":[{"href":"https:\/\/buletin.de\/bucuresti\/wp-json\/wp\/v2\/types\/post"}],"author":[{"embeddable":true,"href":"https:\/\/buletin.de\/bucuresti\/wp-json\/wp\/v2\/users\/1"}],"replies":[{"embeddable":true,"href":"https:\/\/buletin.de\/bucuresti\/wp-json\/wp\/v2\/comments?post=101589"}],"version-history":[{"count":3,"href":"https:\/\/buletin.de\/bucuresti\/wp-json\/wp\/v2\/posts\/101589\/revisions"}],"predecessor-version":[{"id":101596,"href":"https:\/\/buletin.de\/bucuresti\/wp-json\/wp\/v2\/posts\/101589\/revisions\/101596"}],"wp:featuredmedia":[{"embeddable":true,"href":"https:\/\/buletin.de\/bucuresti\/wp-json\/wp\/v2\/media\/101591"}],"wp:attachment":[{"href":"https:\/\/buletin.de\/bucuresti\/wp-json\/wp\/v2\/media?parent=101589"}],"wp:term":[{"taxonomy":"category","embeddable":true,"href":"https:\/\/buletin.de\/bucuresti\/wp-json\/wp\/v2\/categories?post=101589"},{"taxonomy":"post_tag","embeddable":true,"href":"https:\/\/buletin.de\/bucuresti\/wp-json\/wp\/v2\/tags?post=101589"},{"taxonomy":"author","embeddable":true,"href":"https:\/\/buletin.de\/bucuresti\/wp-json\/wp\/v2\/ppma_author?post=101589"}],"curies":[{"name":"wp","href":"https:\/\/api.w.org\/{rel}","templated":true}]}}