{"id":10156,"date":"2020-08-07T09:00:46","date_gmt":"2020-08-07T06:00:46","guid":{"rendered":"https:\/\/buletin.de\/bucuresti\/?p=10156"},"modified":"2020-08-07T09:03:56","modified_gmt":"2020-08-07T06:03:56","slug":"incendiu-puternic-pe-7-000-de-metri-patrati-in-chitila-ard-mase-plastice-gunoi-menajer-si-vegetatie-uscata","status":"publish","type":"post","link":"https:\/\/buletin.de\/bucuresti\/incendiu-puternic-pe-7-000-de-metri-patrati-in-chitila-ard-mase-plastice-gunoi-menajer-si-vegetatie-uscata\/","title":{"rendered":"VIDEO | Incendiu puternic pe 7.000 de metri p\u0103tra\u021bi \u00een Chitila: ard mase plastice, gunoi menajer \u0219i vegeta\u021bie uscat\u0103"},"content":{"rendered":"\n<p>Un incendiu puternic a izbucnit vineri la stive de mase plastice, gunoi menajer \u0219i vegeta\u021bie uscat\u0103, pe 7000 de metri p\u0103tra\u021bi, \u00een strada Poiana Trestiei, l\u00e2ng\u0103 fosta groap\u0103 de gunoi.<\/p>\n\n\n\n<p>\u201cPoli\u021bia se ocup\u0103 de identificarea proprietarului iar la fa\u021ba locului au fost trimise 15 autospeciale. Fl\u0103c\u0103rile au cuprins \u0219i un utilaj pentru sortarea de\u0219eurilor\u201d, a declarat pentru Buletin de Bucure\u0219ti locotenentul Toma Bogdan de la Inspectoratul pentru Situa\u021bii de Urgen\u021b\u0103 Bucure\u0219ti-Ilfov. &nbsp;<\/p>\n\n\n\n<iframe src=\"https:\/\/www.facebook.com\/plugins\/video.php?href=https%3A%2F%2Fwww.facebook.com%2FOctavianBerceanuUSR%2Fvideos%2F738849480249081%2F&#038;show_text=0&#038;width=560\" width=\"560\" height=\"315\" style=\"border:none;overflow:hidden\" scrolling=\"no\" frameborder=\"0\" allowTransparency=\"true\" allowFullScreen=\"true\"><\/iframe>\n\n\n\n<p><a href=\"https:\/\/www.uradmonitor.com\/?sensor=pm25&amp;fbclid=IwAR0PxDGDFmbuIzy7xgmmOFJ_xigKPLZ_BtrMtI25FpPcKvZShZH35iLRrWo\">Potrivit re\u021belei de monitorizarea a calit\u0103\u021bii aerului uRAD Monitor<\/a>, fumul nu a ajuns \u00eenc\u0103 pe raza Bucure\u0219tiului, senzorii din Nord-Vestul Capitalei fiind &#8220;pe verde&#8221;.<\/p>\n\n\n\n<p>Surs\u0103 cover: Octavian Berceanu<\/p>\n","protected":false},"excerpt":{"rendered":"<p>Un incendiu puternic a izbucnit vineri la stive de mase plastice, gunoi menajer \u0219i vegeta\u021bie uscat\u0103, pe 7000 de metri p\u0103tra\u021bi, \u00een strada Poiana Trestiei, l\u00e2ng\u0103 fosta groap\u0103 de gunoi. \u201cPoli\u021bia se ocup\u0103 de identificarea proprietarului iar la fa\u021ba locului au fost trimise 15 autospeciale. Fl\u0103c\u0103rile au cuprins \u0219i un utilaj pentru sortarea de\u0219eurilor\u201d, a [&hellip;]<\/p>\n","protected":false},"author":10,"featured_media":10157,"comment_status":"closed","ping_status":"open","sticky":false,"template":"","format":"standard","meta":{"_acf_changed":false,"inline_featured_image":false,"ngg_post_thumbnail":0,"footnotes":""},"categories":[109],"tags":[1405,428,341],"ppma_author":[22575],"class_list":["post-10156","post","type-post","status-publish","format-standard","has-post-thumbnail","hentry","category-mediu","tag-chitila","tag-gunoaie","tag-incendiu"],"acf":[],"yoast_head":"<!-- This site is optimized with the Yoast SEO Premium plugin v25.3 (Yoast SEO v27.5) - https:\/\/yoast.com\/product\/yoast-seo-premium-wordpress\/ -->\n<title>VIDEO | Incendiu puternic pe 7.000 de metri p\u0103tra\u021bi \u00een Chitila: ard mase plastice, gunoi menajer \u0219i vegeta\u021bie uscat\u0103 - Buletin de Bucure\u0219ti<\/title>\n<meta name=\"robots\" content=\"index, follow, max-snippet:-1, max-image-preview:large, max-video-preview:-1\" \/>\n<link rel=\"canonical\" href=\"https:\/\/buletin.de\/bucuresti\/incendiu-puternic-pe-7-000-de-metri-patrati-in-chitila-ard-mase-plastice-gunoi-menajer-si-vegetatie-uscata\/\" \/>\n<meta property=\"og:locale\" content=\"en_GB\" \/>\n<meta property=\"og:type\" content=\"article\" \/>\n<meta property=\"og:title\" content=\"VIDEO | Incendiu puternic pe 7.000 de metri p\u0103tra\u021bi \u00een Chitila: ard mase plastice, gunoi menajer \u0219i vegeta\u021bie uscat\u0103\" \/>\n<meta property=\"og:description\" content=\"Un incendiu puternic a izbucnit vineri la stive de mase plastice, gunoi menajer \u0219i vegeta\u021bie uscat\u0103, pe 7000 de metri p\u0103tra\u021bi, \u00een strada Poiana Trestiei, l\u00e2ng\u0103 fosta groap\u0103 de gunoi. \u201cPoli\u021bia se ocup\u0103 de identificarea proprietarului iar la fa\u021ba locului au fost trimise 15 autospeciale. Fl\u0103c\u0103rile au cuprins \u0219i un utilaj pentru sortarea de\u0219eurilor\u201d, a [&hellip;]\" \/>\n<meta property=\"og:url\" content=\"https:\/\/buletin.de\/bucuresti\/incendiu-puternic-pe-7-000-de-metri-patrati-in-chitila-ard-mase-plastice-gunoi-menajer-si-vegetatie-uscata\/\" \/>\n<meta property=\"og:site_name\" content=\"Buletin de Bucure\u0219ti\" \/>\n<meta property=\"article:publisher\" content=\"https:\/\/www.facebook.com\/buletin.de.buc\" \/>\n<meta property=\"article:published_time\" content=\"2020-08-07T06:00:46+00:00\" \/>\n<meta property=\"article:modified_time\" content=\"2020-08-07T06:03:56+00:00\" \/>\n<meta property=\"og:image\" content=\"https:\/\/buletin.de\/bucuresti\/wp-content\/uploads\/Untitled-1.jpg\" \/>\n\t<meta property=\"og:image:width\" content=\"2040\" \/>\n\t<meta property=\"og:image:height\" content=\"960\" \/>\n\t<meta property=\"og:image:type\" content=\"image\/jpeg\" \/>\n<meta name=\"author\" content=\"C\u0103t\u0103lin Dosca\u0219\" \/>\n<meta name=\"twitter:card\" content=\"summary_large_image\" \/>\n<meta name=\"twitter:label1\" content=\"Written by\" \/>\n\t<meta name=\"twitter:data1\" content=\"C\u0103t\u0103lin Dosca\u0219\" \/>\n\t<meta name=\"twitter:label2\" content=\"Estimated reading time\" \/>\n\t<meta name=\"twitter:data2\" content=\"1 minute\" \/>\n<script type=\"application\/ld+json\" class=\"yoast-schema-graph\">{\"@context\":\"https:\\\/\\\/schema.org\",\"@graph\":[{\"@type\":\"Article\",\"@id\":\"https:\\\/\\\/buletin.de\\\/bucuresti\\\/incendiu-puternic-pe-7-000-de-metri-patrati-in-chitila-ard-mase-plastice-gunoi-menajer-si-vegetatie-uscata\\\/#article\",\"isPartOf\":{\"@id\":\"https:\\\/\\\/buletin.de\\\/bucuresti\\\/incendiu-puternic-pe-7-000-de-metri-patrati-in-chitila-ard-mase-plastice-gunoi-menajer-si-vegetatie-uscata\\\/\"},\"author\":{\"name\":\"C\u0103t\u0103lin Dosca\u0219\",\"@id\":\"https:\\\/\\\/buletin.de\\\/bucuresti\\\/#\\\/schema\\\/person\\\/31117187ed4d0bdb0a4c7d6acc79d0f8\"},\"headline\":\"VIDEO | Incendiu puternic pe 7.000 de metri p\u0103tra\u021bi \u00een Chitila: ard mase plastice, gunoi menajer \u0219i vegeta\u021bie uscat\u0103\",\"datePublished\":\"2020-08-07T06:00:46+00:00\",\"dateModified\":\"2020-08-07T06:03:56+00:00\",\"mainEntityOfPage\":{\"@id\":\"https:\\\/\\\/buletin.de\\\/bucuresti\\\/incendiu-puternic-pe-7-000-de-metri-patrati-in-chitila-ard-mase-plastice-gunoi-menajer-si-vegetatie-uscata\\\/\"},\"wordCount\":133,\"publisher\":{\"@id\":\"https:\\\/\\\/buletin.de\\\/bucuresti\\\/#organization\"},\"image\":{\"@id\":\"https:\\\/\\\/buletin.de\\\/bucuresti\\\/incendiu-puternic-pe-7-000-de-metri-patrati-in-chitila-ard-mase-plastice-gunoi-menajer-si-vegetatie-uscata\\\/#primaryimage\"},\"thumbnailUrl\":\"https:\\\/\\\/buletin.de\\\/bucuresti\\\/wp-content\\\/uploads\\\/Untitled-1.jpg\",\"keywords\":[\"chitila\",\"gunoaie\",\"incendiu\"],\"articleSection\":[\"Mediu\"],\"inLanguage\":\"en-GB\",\"copyrightYear\":\"2020\",\"copyrightHolder\":{\"@id\":\"https:\\\/\\\/buletin.de\\\/bucuresti\\\/#organization\"}},{\"@type\":\"WebPage\",\"@id\":\"https:\\\/\\\/buletin.de\\\/bucuresti\\\/incendiu-puternic-pe-7-000-de-metri-patrati-in-chitila-ard-mase-plastice-gunoi-menajer-si-vegetatie-uscata\\\/\",\"url\":\"https:\\\/\\\/buletin.de\\\/bucuresti\\\/incendiu-puternic-pe-7-000-de-metri-patrati-in-chitila-ard-mase-plastice-gunoi-menajer-si-vegetatie-uscata\\\/\",\"name\":\"VIDEO | Incendiu puternic pe 7.000 de metri p\u0103tra\u021bi \u00een Chitila: ard mase plastice, gunoi menajer \u0219i vegeta\u021bie uscat\u0103 - Buletin de Bucure\u0219ti\",\"isPartOf\":{\"@id\":\"https:\\\/\\\/buletin.de\\\/bucuresti\\\/#website\"},\"primaryImageOfPage\":{\"@id\":\"https:\\\/\\\/buletin.de\\\/bucuresti\\\/incendiu-puternic-pe-7-000-de-metri-patrati-in-chitila-ard-mase-plastice-gunoi-menajer-si-vegetatie-uscata\\\/#primaryimage\"},\"image\":{\"@id\":\"https:\\\/\\\/buletin.de\\\/bucuresti\\\/incendiu-puternic-pe-7-000-de-metri-patrati-in-chitila-ard-mase-plastice-gunoi-menajer-si-vegetatie-uscata\\\/#primaryimage\"},\"thumbnailUrl\":\"https:\\\/\\\/buletin.de\\\/bucuresti\\\/wp-content\\\/uploads\\\/Untitled-1.jpg\",\"datePublished\":\"2020-08-07T06:00:46+00:00\",\"dateModified\":\"2020-08-07T06:03:56+00:00\",\"breadcrumb\":{\"@id\":\"https:\\\/\\\/buletin.de\\\/bucuresti\\\/incendiu-puternic-pe-7-000-de-metri-patrati-in-chitila-ard-mase-plastice-gunoi-menajer-si-vegetatie-uscata\\\/#breadcrumb\"},\"inLanguage\":\"en-GB\",\"potentialAction\":[{\"@type\":\"ReadAction\",\"target\":[\"https:\\\/\\\/buletin.de\\\/bucuresti\\\/incendiu-puternic-pe-7-000-de-metri-patrati-in-chitila-ard-mase-plastice-gunoi-menajer-si-vegetatie-uscata\\\/\"]}]},{\"@type\":\"ImageObject\",\"inLanguage\":\"en-GB\",\"@id\":\"https:\\\/\\\/buletin.de\\\/bucuresti\\\/incendiu-puternic-pe-7-000-de-metri-patrati-in-chitila-ard-mase-plastice-gunoi-menajer-si-vegetatie-uscata\\\/#primaryimage\",\"url\":\"https:\\\/\\\/buletin.de\\\/bucuresti\\\/wp-content\\\/uploads\\\/Untitled-1.jpg\",\"contentUrl\":\"https:\\\/\\\/buletin.de\\\/bucuresti\\\/wp-content\\\/uploads\\\/Untitled-1.jpg\",\"width\":2040,\"height\":960},{\"@type\":\"BreadcrumbList\",\"@id\":\"https:\\\/\\\/buletin.de\\\/bucuresti\\\/incendiu-puternic-pe-7-000-de-metri-patrati-in-chitila-ard-mase-plastice-gunoi-menajer-si-vegetatie-uscata\\\/#breadcrumb\",\"itemListElement\":[{\"@type\":\"ListItem\",\"position\":1,\"name\":\"Acas\u0103\",\"item\":\"https:\\\/\\\/buletin.de\\\/bucuresti\\\/\"},{\"@type\":\"ListItem\",\"position\":2,\"name\":\"VIDEO | Incendiu puternic pe 7.000 de metri p\u0103tra\u021bi \u00een Chitila: ard mase plastice, gunoi menajer \u0219i vegeta\u021bie uscat\u0103\"}]},{\"@type\":\"WebSite\",\"@id\":\"https:\\\/\\\/buletin.de\\\/bucuresti\\\/#website\",\"url\":\"https:\\\/\\\/buletin.de\\\/bucuresti\\\/\",\"name\":\"Buletin de Bucure\u0219ti\",\"description\":\"\u0218tiri \u0219i investiga\u021bii esen\u021biale din capital\u0103\",\"publisher\":{\"@id\":\"https:\\\/\\\/buletin.de\\\/bucuresti\\\/#organization\"},\"potentialAction\":[{\"@type\":\"SearchAction\",\"target\":{\"@type\":\"EntryPoint\",\"urlTemplate\":\"https:\\\/\\\/buletin.de\\\/bucuresti\\\/?s={search_term_string}\"},\"query-input\":{\"@type\":\"PropertyValueSpecification\",\"valueRequired\":true,\"valueName\":\"search_term_string\"}}],\"inLanguage\":\"en-GB\"},{\"@type\":\"Organization\",\"@id\":\"https:\\\/\\\/buletin.de\\\/bucuresti\\\/#organization\",\"name\":\"Buletin de Bucure\u0219ti\",\"url\":\"https:\\\/\\\/buletin.de\\\/bucuresti\\\/\",\"logo\":{\"@type\":\"ImageObject\",\"inLanguage\":\"en-GB\",\"@id\":\"https:\\\/\\\/buletin.de\\\/bucuresti\\\/#\\\/schema\\\/logo\\\/image\\\/\",\"url\":\"https:\\\/\\\/buletin.de\\\/bucuresti\\\/wp-content\\\/uploads\\\/logo-bdb-full-wide-vernil-transparent.png\",\"contentUrl\":\"https:\\\/\\\/buletin.de\\\/bucuresti\\\/wp-content\\\/uploads\\\/logo-bdb-full-wide-vernil-transparent.png\",\"width\":1782,\"height\":626,\"caption\":\"Buletin de Bucure\u0219ti\"},\"image\":{\"@id\":\"https:\\\/\\\/buletin.de\\\/bucuresti\\\/#\\\/schema\\\/logo\\\/image\\\/\"},\"sameAs\":[\"https:\\\/\\\/www.facebook.com\\\/buletin.de.buc\",\"https:\\\/\\\/www.instagram.com\\\/buletinde.bucuresti\\\/\"]},{\"@type\":\"Person\",\"@id\":\"https:\\\/\\\/buletin.de\\\/bucuresti\\\/#\\\/schema\\\/person\\\/31117187ed4d0bdb0a4c7d6acc79d0f8\",\"name\":\"C\u0103t\u0103lin Dosca\u0219\",\"image\":{\"@type\":\"ImageObject\",\"inLanguage\":\"en-GB\",\"@id\":\"https:\\\/\\\/buletin.de\\\/bucuresti\\\/wp-content\\\/uploads\\\/Catalin-Doscas-e1732731064764-96x96.jpga93e2943bb3b1c1f9ead823df6e6317a\",\"url\":\"https:\\\/\\\/buletin.de\\\/bucuresti\\\/wp-content\\\/uploads\\\/Catalin-Doscas-e1732731064764-96x96.jpg\",\"contentUrl\":\"https:\\\/\\\/buletin.de\\\/bucuresti\\\/wp-content\\\/uploads\\\/Catalin-Doscas-e1732731064764-96x96.jpg\",\"caption\":\"C\u0103t\u0103lin Dosca\u0219\"},\"description\":\"Reporter \u0219i redactor-\u0219ef Buletin de Bucure\u0219ti. Lucreaz\u0103 \u00een mass-media de la v\u00e2rsta de 15 ani, c\u00e2nd a publicat primele articole \u00een presa local\u0103 din Tecuci. \u00cen Bucure\u0219ti a lucrat \u00een redac\u021bii radio ca reporter, redactor \u0219i prezentator (StudentFM, Na\u021bionalFM, Radio Total, Smart FM), unde a acoperit domeniile politic, economic, social \u0219i externe. Ulterior, a fost editor-coordonator al postului Realitatea FM. Experien\u021ba \u00een jurnalismul online a dob\u00e2ndit-o la portalul B365.ro, unde a fost editor. \u00cen 2012 s-a angajat \u00een televiziune. La Realitatea TV a fost, pe r\u00e2nd, reporter la sec\u021bia Social, reporter special la emisiunea de reportaje \u0219i anchete \u201eReporterii Realit\u0103\u021bii\u201d, dar \u0219i editor al jurnalelor de \u0219tiri. Ulterior, a f\u0103cut parte din sec\u021bia de Investiga\u021bii de la Digi24 \u0219i a lucrat la campania \u201eRom\u00e2nia furat\u0103\u201d. A revenit \u00een presa scris\u0103 \u00een 2017, ca reporter special, \u00een cadrul unui proiect de repozi\u021bionare a tabloidului Libertatea \u00een cotidian generalist. Este jurnalist Buletin de Bucure\u0219ti din 2019.\",\"url\":\"https:\\\/\\\/buletin.de\\\/bucuresti\\\/author\\\/catalin\\\/\"}]}<\/script>\n<!-- \/ Yoast SEO Premium plugin. -->","yoast_head_json":{"title":"VIDEO | Incendiu puternic pe 7.000 de metri p\u0103tra\u021bi \u00een Chitila: ard mase plastice, gunoi menajer \u0219i vegeta\u021bie uscat\u0103 - Buletin de Bucure\u0219ti","robots":{"index":"index","follow":"follow","max-snippet":"max-snippet:-1","max-image-preview":"max-image-preview:large","max-video-preview":"max-video-preview:-1"},"canonical":"https:\/\/buletin.de\/bucuresti\/incendiu-puternic-pe-7-000-de-metri-patrati-in-chitila-ard-mase-plastice-gunoi-menajer-si-vegetatie-uscata\/","og_locale":"en_GB","og_type":"article","og_title":"VIDEO | Incendiu puternic pe 7.000 de metri p\u0103tra\u021bi \u00een Chitila: ard mase plastice, gunoi menajer \u0219i vegeta\u021bie uscat\u0103","og_description":"Un incendiu puternic a izbucnit vineri la stive de mase plastice, gunoi menajer \u0219i vegeta\u021bie uscat\u0103, pe 7000 de metri p\u0103tra\u021bi, \u00een strada Poiana Trestiei, l\u00e2ng\u0103 fosta groap\u0103 de gunoi. \u201cPoli\u021bia se ocup\u0103 de identificarea proprietarului iar la fa\u021ba locului au fost trimise 15 autospeciale. Fl\u0103c\u0103rile au cuprins \u0219i un utilaj pentru sortarea de\u0219eurilor\u201d, a [&hellip;]","og_url":"https:\/\/buletin.de\/bucuresti\/incendiu-puternic-pe-7-000-de-metri-patrati-in-chitila-ard-mase-plastice-gunoi-menajer-si-vegetatie-uscata\/","og_site_name":"Buletin de Bucure\u0219ti","article_publisher":"https:\/\/www.facebook.com\/buletin.de.buc","article_published_time":"2020-08-07T06:00:46+00:00","article_modified_time":"2020-08-07T06:03:56+00:00","og_image":[{"width":2040,"height":960,"url":"https:\/\/buletin.de\/bucuresti\/wp-content\/uploads\/Untitled-1.jpg","type":"image\/jpeg"}],"author":"C\u0103t\u0103lin Dosca\u0219","twitter_card":"summary_large_image","twitter_misc":{"Written by":"C\u0103t\u0103lin Dosca\u0219","Estimated reading time":"1 minute"},"schema":{"@context":"https:\/\/schema.org","@graph":[{"@type":"Article","@id":"https:\/\/buletin.de\/bucuresti\/incendiu-puternic-pe-7-000-de-metri-patrati-in-chitila-ard-mase-plastice-gunoi-menajer-si-vegetatie-uscata\/#article","isPartOf":{"@id":"https:\/\/buletin.de\/bucuresti\/incendiu-puternic-pe-7-000-de-metri-patrati-in-chitila-ard-mase-plastice-gunoi-menajer-si-vegetatie-uscata\/"},"author":{"name":"C\u0103t\u0103lin Dosca\u0219","@id":"https:\/\/buletin.de\/bucuresti\/#\/schema\/person\/31117187ed4d0bdb0a4c7d6acc79d0f8"},"headline":"VIDEO | Incendiu puternic pe 7.000 de metri p\u0103tra\u021bi \u00een Chitila: ard mase plastice, gunoi menajer \u0219i vegeta\u021bie uscat\u0103","datePublished":"2020-08-07T06:00:46+00:00","dateModified":"2020-08-07T06:03:56+00:00","mainEntityOfPage":{"@id":"https:\/\/buletin.de\/bucuresti\/incendiu-puternic-pe-7-000-de-metri-patrati-in-chitila-ard-mase-plastice-gunoi-menajer-si-vegetatie-uscata\/"},"wordCount":133,"publisher":{"@id":"https:\/\/buletin.de\/bucuresti\/#organization"},"image":{"@id":"https:\/\/buletin.de\/bucuresti\/incendiu-puternic-pe-7-000-de-metri-patrati-in-chitila-ard-mase-plastice-gunoi-menajer-si-vegetatie-uscata\/#primaryimage"},"thumbnailUrl":"https:\/\/buletin.de\/bucuresti\/wp-content\/uploads\/Untitled-1.jpg","keywords":["chitila","gunoaie","incendiu"],"articleSection":["Mediu"],"inLanguage":"en-GB","copyrightYear":"2020","copyrightHolder":{"@id":"https:\/\/buletin.de\/bucuresti\/#organization"}},{"@type":"WebPage","@id":"https:\/\/buletin.de\/bucuresti\/incendiu-puternic-pe-7-000-de-metri-patrati-in-chitila-ard-mase-plastice-gunoi-menajer-si-vegetatie-uscata\/","url":"https:\/\/buletin.de\/bucuresti\/incendiu-puternic-pe-7-000-de-metri-patrati-in-chitila-ard-mase-plastice-gunoi-menajer-si-vegetatie-uscata\/","name":"VIDEO | Incendiu puternic pe 7.000 de metri p\u0103tra\u021bi \u00een Chitila: ard mase plastice, gunoi menajer \u0219i vegeta\u021bie uscat\u0103 - Buletin de Bucure\u0219ti","isPartOf":{"@id":"https:\/\/buletin.de\/bucuresti\/#website"},"primaryImageOfPage":{"@id":"https:\/\/buletin.de\/bucuresti\/incendiu-puternic-pe-7-000-de-metri-patrati-in-chitila-ard-mase-plastice-gunoi-menajer-si-vegetatie-uscata\/#primaryimage"},"image":{"@id":"https:\/\/buletin.de\/bucuresti\/incendiu-puternic-pe-7-000-de-metri-patrati-in-chitila-ard-mase-plastice-gunoi-menajer-si-vegetatie-uscata\/#primaryimage"},"thumbnailUrl":"https:\/\/buletin.de\/bucuresti\/wp-content\/uploads\/Untitled-1.jpg","datePublished":"2020-08-07T06:00:46+00:00","dateModified":"2020-08-07T06:03:56+00:00","breadcrumb":{"@id":"https:\/\/buletin.de\/bucuresti\/incendiu-puternic-pe-7-000-de-metri-patrati-in-chitila-ard-mase-plastice-gunoi-menajer-si-vegetatie-uscata\/#breadcrumb"},"inLanguage":"en-GB","potentialAction":[{"@type":"ReadAction","target":["https:\/\/buletin.de\/bucuresti\/incendiu-puternic-pe-7-000-de-metri-patrati-in-chitila-ard-mase-plastice-gunoi-menajer-si-vegetatie-uscata\/"]}]},{"@type":"ImageObject","inLanguage":"en-GB","@id":"https:\/\/buletin.de\/bucuresti\/incendiu-puternic-pe-7-000-de-metri-patrati-in-chitila-ard-mase-plastice-gunoi-menajer-si-vegetatie-uscata\/#primaryimage","url":"https:\/\/buletin.de\/bucuresti\/wp-content\/uploads\/Untitled-1.jpg","contentUrl":"https:\/\/buletin.de\/bucuresti\/wp-content\/uploads\/Untitled-1.jpg","width":2040,"height":960},{"@type":"BreadcrumbList","@id":"https:\/\/buletin.de\/bucuresti\/incendiu-puternic-pe-7-000-de-metri-patrati-in-chitila-ard-mase-plastice-gunoi-menajer-si-vegetatie-uscata\/#breadcrumb","itemListElement":[{"@type":"ListItem","position":1,"name":"Acas\u0103","item":"https:\/\/buletin.de\/bucuresti\/"},{"@type":"ListItem","position":2,"name":"VIDEO | Incendiu puternic pe 7.000 de metri p\u0103tra\u021bi \u00een Chitila: ard mase plastice, gunoi menajer \u0219i vegeta\u021bie uscat\u0103"}]},{"@type":"WebSite","@id":"https:\/\/buletin.de\/bucuresti\/#website","url":"https:\/\/buletin.de\/bucuresti\/","name":"Buletin de Bucure\u0219ti","description":"\u0218tiri \u0219i investiga\u021bii esen\u021biale din capital\u0103","publisher":{"@id":"https:\/\/buletin.de\/bucuresti\/#organization"},"potentialAction":[{"@type":"SearchAction","target":{"@type":"EntryPoint","urlTemplate":"https:\/\/buletin.de\/bucuresti\/?s={search_term_string}"},"query-input":{"@type":"PropertyValueSpecification","valueRequired":true,"valueName":"search_term_string"}}],"inLanguage":"en-GB"},{"@type":"Organization","@id":"https:\/\/buletin.de\/bucuresti\/#organization","name":"Buletin de Bucure\u0219ti","url":"https:\/\/buletin.de\/bucuresti\/","logo":{"@type":"ImageObject","inLanguage":"en-GB","@id":"https:\/\/buletin.de\/bucuresti\/#\/schema\/logo\/image\/","url":"https:\/\/buletin.de\/bucuresti\/wp-content\/uploads\/logo-bdb-full-wide-vernil-transparent.png","contentUrl":"https:\/\/buletin.de\/bucuresti\/wp-content\/uploads\/logo-bdb-full-wide-vernil-transparent.png","width":1782,"height":626,"caption":"Buletin de Bucure\u0219ti"},"image":{"@id":"https:\/\/buletin.de\/bucuresti\/#\/schema\/logo\/image\/"},"sameAs":["https:\/\/www.facebook.com\/buletin.de.buc","https:\/\/www.instagram.com\/buletinde.bucuresti\/"]},{"@type":"Person","@id":"https:\/\/buletin.de\/bucuresti\/#\/schema\/person\/31117187ed4d0bdb0a4c7d6acc79d0f8","name":"C\u0103t\u0103lin Dosca\u0219","image":{"@type":"ImageObject","inLanguage":"en-GB","@id":"https:\/\/buletin.de\/bucuresti\/wp-content\/uploads\/Catalin-Doscas-e1732731064764-96x96.jpga93e2943bb3b1c1f9ead823df6e6317a","url":"https:\/\/buletin.de\/bucuresti\/wp-content\/uploads\/Catalin-Doscas-e1732731064764-96x96.jpg","contentUrl":"https:\/\/buletin.de\/bucuresti\/wp-content\/uploads\/Catalin-Doscas-e1732731064764-96x96.jpg","caption":"C\u0103t\u0103lin Dosca\u0219"},"description":"Reporter \u0219i redactor-\u0219ef Buletin de Bucure\u0219ti. Lucreaz\u0103 \u00een mass-media de la v\u00e2rsta de 15 ani, c\u00e2nd a publicat primele articole \u00een presa local\u0103 din Tecuci. \u00cen Bucure\u0219ti a lucrat \u00een redac\u021bii radio ca reporter, redactor \u0219i prezentator (StudentFM, Na\u021bionalFM, Radio Total, Smart FM), unde a acoperit domeniile politic, economic, social \u0219i externe. Ulterior, a fost editor-coordonator al postului Realitatea FM. Experien\u021ba \u00een jurnalismul online a dob\u00e2ndit-o la portalul B365.ro, unde a fost editor. \u00cen 2012 s-a angajat \u00een televiziune. La Realitatea TV a fost, pe r\u00e2nd, reporter la sec\u021bia Social, reporter special la emisiunea de reportaje \u0219i anchete \u201eReporterii Realit\u0103\u021bii\u201d, dar \u0219i editor al jurnalelor de \u0219tiri. Ulterior, a f\u0103cut parte din sec\u021bia de Investiga\u021bii de la Digi24 \u0219i a lucrat la campania \u201eRom\u00e2nia furat\u0103\u201d. A revenit \u00een presa scris\u0103 \u00een 2017, ca reporter special, \u00een cadrul unui proiect de repozi\u021bionare a tabloidului Libertatea \u00een cotidian generalist. Este jurnalist Buletin de Bucure\u0219ti din 2019.","url":"https:\/\/buletin.de\/bucuresti\/author\/catalin\/"}]}},"authors":[{"term_id":22575,"user_id":10,"is_guest":0,"slug":"catalin","display_name":"C\u0103t\u0103lin Dosca\u0219","avatar_url":"https:\/\/buletin.de\/bucuresti\/wp-content\/uploads\/Catalin-Doscas-e1732731064764-96x96.jpg","0":null,"1":"","2":"","3":"","4":"","5":"","6":"","7":"","8":""}],"_links":{"self":[{"href":"https:\/\/buletin.de\/bucuresti\/wp-json\/wp\/v2\/posts\/10156","targetHints":{"allow":["GET"]}}],"collection":[{"href":"https:\/\/buletin.de\/bucuresti\/wp-json\/wp\/v2\/posts"}],"about":[{"href":"https:\/\/buletin.de\/bucuresti\/wp-json\/wp\/v2\/types\/post"}],"author":[{"embeddable":true,"href":"https:\/\/buletin.de\/bucuresti\/wp-json\/wp\/v2\/users\/10"}],"replies":[{"embeddable":true,"href":"https:\/\/buletin.de\/bucuresti\/wp-json\/wp\/v2\/comments?post=10156"}],"version-history":[{"count":4,"href":"https:\/\/buletin.de\/bucuresti\/wp-json\/wp\/v2\/posts\/10156\/revisions"}],"predecessor-version":[{"id":10161,"href":"https:\/\/buletin.de\/bucuresti\/wp-json\/wp\/v2\/posts\/10156\/revisions\/10161"}],"wp:featuredmedia":[{"embeddable":true,"href":"https:\/\/buletin.de\/bucuresti\/wp-json\/wp\/v2\/media\/10157"}],"wp:attachment":[{"href":"https:\/\/buletin.de\/bucuresti\/wp-json\/wp\/v2\/media?parent=10156"}],"wp:term":[{"taxonomy":"category","embeddable":true,"href":"https:\/\/buletin.de\/bucuresti\/wp-json\/wp\/v2\/categories?post=10156"},{"taxonomy":"post_tag","embeddable":true,"href":"https:\/\/buletin.de\/bucuresti\/wp-json\/wp\/v2\/tags?post=10156"},{"taxonomy":"author","embeddable":true,"href":"https:\/\/buletin.de\/bucuresti\/wp-json\/wp\/v2\/ppma_author?post=10156"}],"curies":[{"name":"wp","href":"https:\/\/api.w.org\/{rel}","templated":true}]}}