{"id":10149,"date":"2020-08-06T17:51:13","date_gmt":"2020-08-06T14:51:13","guid":{"rendered":"https:\/\/buletin.de\/bucuresti\/?p=10149"},"modified":"2020-08-06T17:53:07","modified_gmt":"2020-08-06T14:53:07","slug":"ludovic-orban-am-stopat-cresterea-numarului-de-cazuri-legea-carantinei-a-avut-efect","status":"publish","type":"post","link":"https:\/\/buletin.de\/bucuresti\/ludovic-orban-am-stopat-cresterea-numarului-de-cazuri-legea-carantinei-a-avut-efect\/","title":{"rendered":"Ludovic Orban: Am stopat cre\u0219terea num\u0103rului de cazuri, legea carantinei a avut efect"},"content":{"rendered":"\n<p>Premierul Rom\u00e2niei, Ludovic Orban a declarat ast\u0103zi c\u0103 ultimele date epidemiologice arat\u0103 o stopare a cre\u0219terii num\u0103rului de cazuri. Acest lucru s-ar datora m\u0103surilor luate prin noua legisla\u021bie.<\/p>\n\n\n\n<p><em>&#8221; Dup\u0103 cum arat\u0103 datele, p\u0103rem c\u0103 am oprit cre\u015fterea \u0219i riscul cel mai mare era ca, la un moment dat, cre\u015fterea s\u0103 nu mai fie cre\u015ftere liniar\u0103, ci s\u0103 aib\u0103 o tendin\u0163\u0103 de progresie geometric\u0103, din cauza faptului c\u0103, v\u0103 reamintesc, noi, o perioad\u0103 de trei s\u0103pt\u0103m\u00e2ni, nu am avut nicio p\u00e2rghie legal\u0103 s\u0103 lu\u0103m vreo m\u0103sur\u0103&#8221;<\/em>, a declarat Ludovic Orban.<\/p>\n\n\n\n<p>Ludovic Orban a sus\u021binut, din nou, c\u0103 actuala situa\u021bie este o consecin\u021b\u0103 direct\u0103 a vidului legislativ \u00een care Rom\u00e2nia a fost timp de 3 s\u0103pt\u0103m\u00e2ni.<\/p>\n\n\n\n<p><em>&#8220;G\u00e2ndi\u0163i-v\u0103, dac\u0103 nu s-ar fi adoptat legea, ace\u015fti 30.000 de oameni care sunt \u00een izolare sau \u00een carantinare ar fi circulat f\u0103r\u0103 niciun fel de restric\u0163ie \u00een societate \u015fi ar fi putut s\u0103 infecteze pe al\u0163ii. Lucrul \u0103sta s-a \u00eent\u00e2mplat 3 s\u0103pt\u0103m\u00e2ni&#8221;<\/em>, a mai spus Orban.<\/p>\n\n\n\n<p><\/p>\n\n\n\n<p>Ludovic Orban a participat azi la festivit\u0103\u021bile de Ziua Minerului, de la Petro\u0219ani unde a f\u0103cut \u0219i declara\u021bii \u0219i a r\u0103spuns \u0219i \u00eentreb\u0103rilor ziari\u0219tilor.<\/p>\n\n\n\n<p>Sursa FOTO Facebook<\/p>\n\n\n\n<p><\/p>\n","protected":false},"excerpt":{"rendered":"<p>Premierul Rom\u00e2niei, Ludovic Orban a declarat ast\u0103zi c\u0103 ultimele date epidemiologice arat\u0103 o stopare a cre\u0219terii num\u0103rului de cazuri. Acest lucru s-ar datora m\u0103surilor luate prin noua legisla\u021bie. &#8221; Dup\u0103 cum arat\u0103 datele, p\u0103rem c\u0103 am oprit cre\u015fterea \u0219i riscul cel mai mare era ca, la un moment dat, cre\u015fterea s\u0103 nu mai fie cre\u015ftere [&hellip;]<\/p>\n","protected":false},"author":18,"featured_media":10152,"comment_status":"closed","ping_status":"open","sticky":false,"template":"","format":"standard","meta":{"_acf_changed":false,"inline_featured_image":false,"ngg_post_thumbnail":0,"footnotes":""},"categories":[996],"tags":[],"ppma_author":[22579],"class_list":["post-10149","post","type-post","status-publish","format-standard","has-post-thumbnail","hentry","category-covid-19"],"acf":[],"yoast_head":"<!-- This site is optimized with the Yoast SEO Premium plugin v25.3 (Yoast SEO v27.5) - https:\/\/yoast.com\/product\/yoast-seo-premium-wordpress\/ -->\n<title>Ludovic Orban: Am stopat cre\u0219terea num\u0103rului de cazuri, legea carantinei a avut efect - Buletin de Bucure\u0219ti<\/title>\n<meta name=\"robots\" content=\"index, follow, max-snippet:-1, max-image-preview:large, max-video-preview:-1\" \/>\n<link rel=\"canonical\" href=\"https:\/\/buletin.de\/bucuresti\/ludovic-orban-am-stopat-cresterea-numarului-de-cazuri-legea-carantinei-a-avut-efect\/\" \/>\n<meta property=\"og:locale\" content=\"en_GB\" \/>\n<meta property=\"og:type\" content=\"article\" \/>\n<meta property=\"og:title\" content=\"Ludovic Orban: Am stopat cre\u0219terea num\u0103rului de cazuri, legea carantinei a avut efect\" \/>\n<meta property=\"og:description\" content=\"Premierul Rom\u00e2niei, Ludovic Orban a declarat ast\u0103zi c\u0103 ultimele date epidemiologice arat\u0103 o stopare a cre\u0219terii num\u0103rului de cazuri. Acest lucru s-ar datora m\u0103surilor luate prin noua legisla\u021bie. &#8221; Dup\u0103 cum arat\u0103 datele, p\u0103rem c\u0103 am oprit cre\u015fterea \u0219i riscul cel mai mare era ca, la un moment dat, cre\u015fterea s\u0103 nu mai fie cre\u015ftere [&hellip;]\" \/>\n<meta property=\"og:url\" content=\"https:\/\/buletin.de\/bucuresti\/ludovic-orban-am-stopat-cresterea-numarului-de-cazuri-legea-carantinei-a-avut-efect\/\" \/>\n<meta property=\"og:site_name\" content=\"Buletin de Bucure\u0219ti\" \/>\n<meta property=\"article:publisher\" content=\"https:\/\/www.facebook.com\/buletin.de.buc\" \/>\n<meta property=\"article:published_time\" content=\"2020-08-06T14:51:13+00:00\" \/>\n<meta property=\"article:modified_time\" content=\"2020-08-06T14:53:07+00:00\" \/>\n<meta property=\"og:image\" content=\"https:\/\/buletin.de\/bucuresti\/wp-content\/uploads\/orban.jpeg\" \/>\n\t<meta property=\"og:image:width\" content=\"1200\" \/>\n\t<meta property=\"og:image:height\" content=\"800\" \/>\n\t<meta property=\"og:image:type\" content=\"image\/jpeg\" \/>\n<meta name=\"author\" content=\"Teodora Stroe\" \/>\n<meta name=\"twitter:card\" content=\"summary_large_image\" \/>\n<meta name=\"twitter:label1\" content=\"Written by\" \/>\n\t<meta name=\"twitter:data1\" content=\"Teodora Stroe\" \/>\n\t<meta name=\"twitter:label2\" content=\"Estimated reading time\" \/>\n\t<meta name=\"twitter:data2\" content=\"1 minute\" \/>\n<script type=\"application\/ld+json\" class=\"yoast-schema-graph\">{\"@context\":\"https:\\\/\\\/schema.org\",\"@graph\":[{\"@type\":\"Article\",\"@id\":\"https:\\\/\\\/buletin.de\\\/bucuresti\\\/ludovic-orban-am-stopat-cresterea-numarului-de-cazuri-legea-carantinei-a-avut-efect\\\/#article\",\"isPartOf\":{\"@id\":\"https:\\\/\\\/buletin.de\\\/bucuresti\\\/ludovic-orban-am-stopat-cresterea-numarului-de-cazuri-legea-carantinei-a-avut-efect\\\/\"},\"author\":{\"name\":\"Teodora Stroe\",\"@id\":\"https:\\\/\\\/buletin.de\\\/bucuresti\\\/#\\\/schema\\\/person\\\/d369d7ddc775abece205795e0b804614\"},\"headline\":\"Ludovic Orban: Am stopat cre\u0219terea num\u0103rului de cazuri, legea carantinei a avut efect\",\"datePublished\":\"2020-08-06T14:51:13+00:00\",\"dateModified\":\"2020-08-06T14:53:07+00:00\",\"mainEntityOfPage\":{\"@id\":\"https:\\\/\\\/buletin.de\\\/bucuresti\\\/ludovic-orban-am-stopat-cresterea-numarului-de-cazuri-legea-carantinei-a-avut-efect\\\/\"},\"wordCount\":238,\"publisher\":{\"@id\":\"https:\\\/\\\/buletin.de\\\/bucuresti\\\/#organization\"},\"image\":{\"@id\":\"https:\\\/\\\/buletin.de\\\/bucuresti\\\/ludovic-orban-am-stopat-cresterea-numarului-de-cazuri-legea-carantinei-a-avut-efect\\\/#primaryimage\"},\"thumbnailUrl\":\"https:\\\/\\\/buletin.de\\\/bucuresti\\\/wp-content\\\/uploads\\\/orban.jpeg\",\"articleSection\":[\"Covid-19\"],\"inLanguage\":\"en-GB\",\"copyrightYear\":\"2020\",\"copyrightHolder\":{\"@id\":\"https:\\\/\\\/buletin.de\\\/bucuresti\\\/#organization\"}},{\"@type\":\"WebPage\",\"@id\":\"https:\\\/\\\/buletin.de\\\/bucuresti\\\/ludovic-orban-am-stopat-cresterea-numarului-de-cazuri-legea-carantinei-a-avut-efect\\\/\",\"url\":\"https:\\\/\\\/buletin.de\\\/bucuresti\\\/ludovic-orban-am-stopat-cresterea-numarului-de-cazuri-legea-carantinei-a-avut-efect\\\/\",\"name\":\"Ludovic Orban: Am stopat cre\u0219terea num\u0103rului de cazuri, legea carantinei a avut efect - Buletin de Bucure\u0219ti\",\"isPartOf\":{\"@id\":\"https:\\\/\\\/buletin.de\\\/bucuresti\\\/#website\"},\"primaryImageOfPage\":{\"@id\":\"https:\\\/\\\/buletin.de\\\/bucuresti\\\/ludovic-orban-am-stopat-cresterea-numarului-de-cazuri-legea-carantinei-a-avut-efect\\\/#primaryimage\"},\"image\":{\"@id\":\"https:\\\/\\\/buletin.de\\\/bucuresti\\\/ludovic-orban-am-stopat-cresterea-numarului-de-cazuri-legea-carantinei-a-avut-efect\\\/#primaryimage\"},\"thumbnailUrl\":\"https:\\\/\\\/buletin.de\\\/bucuresti\\\/wp-content\\\/uploads\\\/orban.jpeg\",\"datePublished\":\"2020-08-06T14:51:13+00:00\",\"dateModified\":\"2020-08-06T14:53:07+00:00\",\"breadcrumb\":{\"@id\":\"https:\\\/\\\/buletin.de\\\/bucuresti\\\/ludovic-orban-am-stopat-cresterea-numarului-de-cazuri-legea-carantinei-a-avut-efect\\\/#breadcrumb\"},\"inLanguage\":\"en-GB\",\"potentialAction\":[{\"@type\":\"ReadAction\",\"target\":[\"https:\\\/\\\/buletin.de\\\/bucuresti\\\/ludovic-orban-am-stopat-cresterea-numarului-de-cazuri-legea-carantinei-a-avut-efect\\\/\"]}]},{\"@type\":\"ImageObject\",\"inLanguage\":\"en-GB\",\"@id\":\"https:\\\/\\\/buletin.de\\\/bucuresti\\\/ludovic-orban-am-stopat-cresterea-numarului-de-cazuri-legea-carantinei-a-avut-efect\\\/#primaryimage\",\"url\":\"https:\\\/\\\/buletin.de\\\/bucuresti\\\/wp-content\\\/uploads\\\/orban.jpeg\",\"contentUrl\":\"https:\\\/\\\/buletin.de\\\/bucuresti\\\/wp-content\\\/uploads\\\/orban.jpeg\",\"width\":1200,\"height\":800},{\"@type\":\"BreadcrumbList\",\"@id\":\"https:\\\/\\\/buletin.de\\\/bucuresti\\\/ludovic-orban-am-stopat-cresterea-numarului-de-cazuri-legea-carantinei-a-avut-efect\\\/#breadcrumb\",\"itemListElement\":[{\"@type\":\"ListItem\",\"position\":1,\"name\":\"Acas\u0103\",\"item\":\"https:\\\/\\\/buletin.de\\\/bucuresti\\\/\"},{\"@type\":\"ListItem\",\"position\":2,\"name\":\"Ludovic Orban: Am stopat cre\u0219terea num\u0103rului de cazuri, legea carantinei a avut efect\"}]},{\"@type\":\"WebSite\",\"@id\":\"https:\\\/\\\/buletin.de\\\/bucuresti\\\/#website\",\"url\":\"https:\\\/\\\/buletin.de\\\/bucuresti\\\/\",\"name\":\"Buletin de Bucure\u0219ti\",\"description\":\"\u0218tiri \u0219i investiga\u021bii esen\u021biale din capital\u0103\",\"publisher\":{\"@id\":\"https:\\\/\\\/buletin.de\\\/bucuresti\\\/#organization\"},\"potentialAction\":[{\"@type\":\"SearchAction\",\"target\":{\"@type\":\"EntryPoint\",\"urlTemplate\":\"https:\\\/\\\/buletin.de\\\/bucuresti\\\/?s={search_term_string}\"},\"query-input\":{\"@type\":\"PropertyValueSpecification\",\"valueRequired\":true,\"valueName\":\"search_term_string\"}}],\"inLanguage\":\"en-GB\"},{\"@type\":\"Organization\",\"@id\":\"https:\\\/\\\/buletin.de\\\/bucuresti\\\/#organization\",\"name\":\"Buletin de Bucure\u0219ti\",\"url\":\"https:\\\/\\\/buletin.de\\\/bucuresti\\\/\",\"logo\":{\"@type\":\"ImageObject\",\"inLanguage\":\"en-GB\",\"@id\":\"https:\\\/\\\/buletin.de\\\/bucuresti\\\/#\\\/schema\\\/logo\\\/image\\\/\",\"url\":\"https:\\\/\\\/buletin.de\\\/bucuresti\\\/wp-content\\\/uploads\\\/logo-bdb-full-wide-vernil-transparent.png\",\"contentUrl\":\"https:\\\/\\\/buletin.de\\\/bucuresti\\\/wp-content\\\/uploads\\\/logo-bdb-full-wide-vernil-transparent.png\",\"width\":1782,\"height\":626,\"caption\":\"Buletin de Bucure\u0219ti\"},\"image\":{\"@id\":\"https:\\\/\\\/buletin.de\\\/bucuresti\\\/#\\\/schema\\\/logo\\\/image\\\/\"},\"sameAs\":[\"https:\\\/\\\/www.facebook.com\\\/buletin.de.buc\",\"https:\\\/\\\/www.instagram.com\\\/buletinde.bucuresti\\\/\"]},{\"@type\":\"Person\",\"@id\":\"https:\\\/\\\/buletin.de\\\/bucuresti\\\/#\\\/schema\\\/person\\\/d369d7ddc775abece205795e0b804614\",\"name\":\"Teodora Stroe\",\"image\":{\"@type\":\"ImageObject\",\"inLanguage\":\"en-GB\",\"@id\":\"https:\\\/\\\/secure.gravatar.com\\\/avatar\\\/2560b4cd9f5f1bc100b123158e657d75584bd1c3e1d9c69285720b9457c1b78d?s=96&d=monsterid&r=gc104800242ba5f2d78dd5d7dc4df08b6\",\"url\":\"https:\\\/\\\/secure.gravatar.com\\\/avatar\\\/2560b4cd9f5f1bc100b123158e657d75584bd1c3e1d9c69285720b9457c1b78d?s=96&d=monsterid&r=g\",\"contentUrl\":\"https:\\\/\\\/secure.gravatar.com\\\/avatar\\\/2560b4cd9f5f1bc100b123158e657d75584bd1c3e1d9c69285720b9457c1b78d?s=96&d=monsterid&r=g\",\"caption\":\"Teodora Stroe\"},\"url\":\"https:\\\/\\\/buletin.de\\\/bucuresti\\\/author\\\/simonacarlugea\\\/\"}]}<\/script>\n<!-- \/ Yoast SEO Premium plugin. -->","yoast_head_json":{"title":"Ludovic Orban: Am stopat cre\u0219terea num\u0103rului de cazuri, legea carantinei a avut efect - Buletin de Bucure\u0219ti","robots":{"index":"index","follow":"follow","max-snippet":"max-snippet:-1","max-image-preview":"max-image-preview:large","max-video-preview":"max-video-preview:-1"},"canonical":"https:\/\/buletin.de\/bucuresti\/ludovic-orban-am-stopat-cresterea-numarului-de-cazuri-legea-carantinei-a-avut-efect\/","og_locale":"en_GB","og_type":"article","og_title":"Ludovic Orban: Am stopat cre\u0219terea num\u0103rului de cazuri, legea carantinei a avut efect","og_description":"Premierul Rom\u00e2niei, Ludovic Orban a declarat ast\u0103zi c\u0103 ultimele date epidemiologice arat\u0103 o stopare a cre\u0219terii num\u0103rului de cazuri. Acest lucru s-ar datora m\u0103surilor luate prin noua legisla\u021bie. &#8221; Dup\u0103 cum arat\u0103 datele, p\u0103rem c\u0103 am oprit cre\u015fterea \u0219i riscul cel mai mare era ca, la un moment dat, cre\u015fterea s\u0103 nu mai fie cre\u015ftere [&hellip;]","og_url":"https:\/\/buletin.de\/bucuresti\/ludovic-orban-am-stopat-cresterea-numarului-de-cazuri-legea-carantinei-a-avut-efect\/","og_site_name":"Buletin de Bucure\u0219ti","article_publisher":"https:\/\/www.facebook.com\/buletin.de.buc","article_published_time":"2020-08-06T14:51:13+00:00","article_modified_time":"2020-08-06T14:53:07+00:00","og_image":[{"width":1200,"height":800,"url":"https:\/\/buletin.de\/bucuresti\/wp-content\/uploads\/orban.jpeg","type":"image\/jpeg"}],"author":"Teodora Stroe","twitter_card":"summary_large_image","twitter_misc":{"Written by":"Teodora Stroe","Estimated reading time":"1 minute"},"schema":{"@context":"https:\/\/schema.org","@graph":[{"@type":"Article","@id":"https:\/\/buletin.de\/bucuresti\/ludovic-orban-am-stopat-cresterea-numarului-de-cazuri-legea-carantinei-a-avut-efect\/#article","isPartOf":{"@id":"https:\/\/buletin.de\/bucuresti\/ludovic-orban-am-stopat-cresterea-numarului-de-cazuri-legea-carantinei-a-avut-efect\/"},"author":{"name":"Teodora Stroe","@id":"https:\/\/buletin.de\/bucuresti\/#\/schema\/person\/d369d7ddc775abece205795e0b804614"},"headline":"Ludovic Orban: Am stopat cre\u0219terea num\u0103rului de cazuri, legea carantinei a avut efect","datePublished":"2020-08-06T14:51:13+00:00","dateModified":"2020-08-06T14:53:07+00:00","mainEntityOfPage":{"@id":"https:\/\/buletin.de\/bucuresti\/ludovic-orban-am-stopat-cresterea-numarului-de-cazuri-legea-carantinei-a-avut-efect\/"},"wordCount":238,"publisher":{"@id":"https:\/\/buletin.de\/bucuresti\/#organization"},"image":{"@id":"https:\/\/buletin.de\/bucuresti\/ludovic-orban-am-stopat-cresterea-numarului-de-cazuri-legea-carantinei-a-avut-efect\/#primaryimage"},"thumbnailUrl":"https:\/\/buletin.de\/bucuresti\/wp-content\/uploads\/orban.jpeg","articleSection":["Covid-19"],"inLanguage":"en-GB","copyrightYear":"2020","copyrightHolder":{"@id":"https:\/\/buletin.de\/bucuresti\/#organization"}},{"@type":"WebPage","@id":"https:\/\/buletin.de\/bucuresti\/ludovic-orban-am-stopat-cresterea-numarului-de-cazuri-legea-carantinei-a-avut-efect\/","url":"https:\/\/buletin.de\/bucuresti\/ludovic-orban-am-stopat-cresterea-numarului-de-cazuri-legea-carantinei-a-avut-efect\/","name":"Ludovic Orban: Am stopat cre\u0219terea num\u0103rului de cazuri, legea carantinei a avut efect - Buletin de Bucure\u0219ti","isPartOf":{"@id":"https:\/\/buletin.de\/bucuresti\/#website"},"primaryImageOfPage":{"@id":"https:\/\/buletin.de\/bucuresti\/ludovic-orban-am-stopat-cresterea-numarului-de-cazuri-legea-carantinei-a-avut-efect\/#primaryimage"},"image":{"@id":"https:\/\/buletin.de\/bucuresti\/ludovic-orban-am-stopat-cresterea-numarului-de-cazuri-legea-carantinei-a-avut-efect\/#primaryimage"},"thumbnailUrl":"https:\/\/buletin.de\/bucuresti\/wp-content\/uploads\/orban.jpeg","datePublished":"2020-08-06T14:51:13+00:00","dateModified":"2020-08-06T14:53:07+00:00","breadcrumb":{"@id":"https:\/\/buletin.de\/bucuresti\/ludovic-orban-am-stopat-cresterea-numarului-de-cazuri-legea-carantinei-a-avut-efect\/#breadcrumb"},"inLanguage":"en-GB","potentialAction":[{"@type":"ReadAction","target":["https:\/\/buletin.de\/bucuresti\/ludovic-orban-am-stopat-cresterea-numarului-de-cazuri-legea-carantinei-a-avut-efect\/"]}]},{"@type":"ImageObject","inLanguage":"en-GB","@id":"https:\/\/buletin.de\/bucuresti\/ludovic-orban-am-stopat-cresterea-numarului-de-cazuri-legea-carantinei-a-avut-efect\/#primaryimage","url":"https:\/\/buletin.de\/bucuresti\/wp-content\/uploads\/orban.jpeg","contentUrl":"https:\/\/buletin.de\/bucuresti\/wp-content\/uploads\/orban.jpeg","width":1200,"height":800},{"@type":"BreadcrumbList","@id":"https:\/\/buletin.de\/bucuresti\/ludovic-orban-am-stopat-cresterea-numarului-de-cazuri-legea-carantinei-a-avut-efect\/#breadcrumb","itemListElement":[{"@type":"ListItem","position":1,"name":"Acas\u0103","item":"https:\/\/buletin.de\/bucuresti\/"},{"@type":"ListItem","position":2,"name":"Ludovic Orban: Am stopat cre\u0219terea num\u0103rului de cazuri, legea carantinei a avut efect"}]},{"@type":"WebSite","@id":"https:\/\/buletin.de\/bucuresti\/#website","url":"https:\/\/buletin.de\/bucuresti\/","name":"Buletin de Bucure\u0219ti","description":"\u0218tiri \u0219i investiga\u021bii esen\u021biale din capital\u0103","publisher":{"@id":"https:\/\/buletin.de\/bucuresti\/#organization"},"potentialAction":[{"@type":"SearchAction","target":{"@type":"EntryPoint","urlTemplate":"https:\/\/buletin.de\/bucuresti\/?s={search_term_string}"},"query-input":{"@type":"PropertyValueSpecification","valueRequired":true,"valueName":"search_term_string"}}],"inLanguage":"en-GB"},{"@type":"Organization","@id":"https:\/\/buletin.de\/bucuresti\/#organization","name":"Buletin de Bucure\u0219ti","url":"https:\/\/buletin.de\/bucuresti\/","logo":{"@type":"ImageObject","inLanguage":"en-GB","@id":"https:\/\/buletin.de\/bucuresti\/#\/schema\/logo\/image\/","url":"https:\/\/buletin.de\/bucuresti\/wp-content\/uploads\/logo-bdb-full-wide-vernil-transparent.png","contentUrl":"https:\/\/buletin.de\/bucuresti\/wp-content\/uploads\/logo-bdb-full-wide-vernil-transparent.png","width":1782,"height":626,"caption":"Buletin de Bucure\u0219ti"},"image":{"@id":"https:\/\/buletin.de\/bucuresti\/#\/schema\/logo\/image\/"},"sameAs":["https:\/\/www.facebook.com\/buletin.de.buc","https:\/\/www.instagram.com\/buletinde.bucuresti\/"]},{"@type":"Person","@id":"https:\/\/buletin.de\/bucuresti\/#\/schema\/person\/d369d7ddc775abece205795e0b804614","name":"Teodora Stroe","image":{"@type":"ImageObject","inLanguage":"en-GB","@id":"https:\/\/secure.gravatar.com\/avatar\/2560b4cd9f5f1bc100b123158e657d75584bd1c3e1d9c69285720b9457c1b78d?s=96&d=monsterid&r=gc104800242ba5f2d78dd5d7dc4df08b6","url":"https:\/\/secure.gravatar.com\/avatar\/2560b4cd9f5f1bc100b123158e657d75584bd1c3e1d9c69285720b9457c1b78d?s=96&d=monsterid&r=g","contentUrl":"https:\/\/secure.gravatar.com\/avatar\/2560b4cd9f5f1bc100b123158e657d75584bd1c3e1d9c69285720b9457c1b78d?s=96&d=monsterid&r=g","caption":"Teodora Stroe"},"url":"https:\/\/buletin.de\/bucuresti\/author\/simonacarlugea\/"}]}},"authors":[{"term_id":22579,"user_id":18,"is_guest":0,"slug":"simonacarlugea","display_name":"Teodora Stroe","avatar_url":"https:\/\/secure.gravatar.com\/avatar\/2560b4cd9f5f1bc100b123158e657d75584bd1c3e1d9c69285720b9457c1b78d?s=96&d=monsterid&r=g","0":null,"1":"","2":"","3":"","4":"","5":"","6":"","7":"","8":""}],"_links":{"self":[{"href":"https:\/\/buletin.de\/bucuresti\/wp-json\/wp\/v2\/posts\/10149","targetHints":{"allow":["GET"]}}],"collection":[{"href":"https:\/\/buletin.de\/bucuresti\/wp-json\/wp\/v2\/posts"}],"about":[{"href":"https:\/\/buletin.de\/bucuresti\/wp-json\/wp\/v2\/types\/post"}],"author":[{"embeddable":true,"href":"https:\/\/buletin.de\/bucuresti\/wp-json\/wp\/v2\/users\/18"}],"replies":[{"embeddable":true,"href":"https:\/\/buletin.de\/bucuresti\/wp-json\/wp\/v2\/comments?post=10149"}],"version-history":[{"count":5,"href":"https:\/\/buletin.de\/bucuresti\/wp-json\/wp\/v2\/posts\/10149\/revisions"}],"predecessor-version":[{"id":10155,"href":"https:\/\/buletin.de\/bucuresti\/wp-json\/wp\/v2\/posts\/10149\/revisions\/10155"}],"wp:featuredmedia":[{"embeddable":true,"href":"https:\/\/buletin.de\/bucuresti\/wp-json\/wp\/v2\/media\/10152"}],"wp:attachment":[{"href":"https:\/\/buletin.de\/bucuresti\/wp-json\/wp\/v2\/media?parent=10149"}],"wp:term":[{"taxonomy":"category","embeddable":true,"href":"https:\/\/buletin.de\/bucuresti\/wp-json\/wp\/v2\/categories?post=10149"},{"taxonomy":"post_tag","embeddable":true,"href":"https:\/\/buletin.de\/bucuresti\/wp-json\/wp\/v2\/tags?post=10149"},{"taxonomy":"author","embeddable":true,"href":"https:\/\/buletin.de\/bucuresti\/wp-json\/wp\/v2\/ppma_author?post=10149"}],"curies":[{"name":"wp","href":"https:\/\/api.w.org\/{rel}","templated":true}]}}