{"id":101316,"date":"2024-10-08T16:36:19","date_gmt":"2024-10-08T13:36:19","guid":{"rendered":"https:\/\/buletin.de\/bucuresti\/?p=101316"},"modified":"2024-10-09T08:41:25","modified_gmt":"2024-10-09T05:41:25","slug":"trei-oferte-de-la-consortii-care-vor-sa-construiasca-prelungirea-magistralei-m4","status":"publish","type":"post","link":"https:\/\/buletin.de\/bucuresti\/trei-oferte-de-la-consortii-care-vor-sa-construiasca-prelungirea-magistralei-m4\/","title":{"rendered":"Trei oferte de la consor\u0163ii care vor s\u0103 construiasc\u0103 prelungirea magistralei M4"},"content":{"rendered":"\n<p><strong>Trei asocieri, formate din 56 de companii na\u0163ionale \u015fi interna\u0163ionale au depus ofertele tehnice \u015fi financiare pentru prelungirea magistralei M4 de metrou. Mai precis tronsonul de la Gara de Nord, la Gara Progresul. <\/strong><\/p>\n\n\n\n<p>Primarul sectorului 4, Daniel B\u0103lu\u0163\u0103, care a f\u0103cut anun\u0163ul, spune c\u0103 termenul-limit\u0103 a fost 8 octombrie, ora 15:00, iar c\u00e2\u015ftig\u0103torii vor fi desemna\u0163i p\u00e2n\u0103 la sf\u00e2r\u015fitul acestui an.<\/p>\n\n\n\n<p>Lucr\u0103rile efective, \u00een valoare de aproximativ 2,5 miliarde de euro, bani europeni nerambursabili accesa\u021bi prin \u201eProgramul Transport\u201d al Uniunii Europene 2021-2027, sunt programate s\u0103 \u00eenceap\u0103 \u00een cursul anului 2025 \u0219i vor fi finalizate \u00een cel mult 5 ani, promite B\u0103lu\u0163\u0103.<\/p>\n\n\n\n<blockquote class=\"wp-block-quote is-layout-flow wp-block-quote-is-layout-flow\">\n<p class=\"has-medium-font-size\"><strong>Construc\u021bia celor 14 noi sta\u021bii de metrou, care vor asigura leg\u0103tura de la Gara de Nord p\u00e2n\u0103 \u00een sudul ora\u0219ului, la Gara Progresul, va \u00eensemna nu doar o reducere consistent\u0103 a indicilor de trafic rutier, ci va reprezenta \u0219i un imbold semnificativ pentru dezvoltarea economic\u0103 a zonei de sud a Bucure\u0219tiului.<\/strong><\/p>\n<cite>daniel b\u0103lu\u0163\u0103<\/cite><\/blockquote>\n\n\n\n<p>Licita\u0163ia fusese suspendat\u0103 \u00een august din cauza unei contesta\u0163ii a unei companii spaniole care reclama neclarit\u0103\u0163i \u015fi o procedur\u0103 \u201enelegal\u0103\u201d. Firma care a f\u0103cut contesta\u0163ia se nume\u015fte FCC Construccion \u015fi este din Spania. Erau aspecte care ar fi trebuit l\u0103murite \u00eenc\u0103 din etapa licita\u0163iei, spuneau avoca\u0163ii companiei, odat\u0103 cu depunerea contesta\u0163iei.<\/p>\n\n\n\n<p><strong>CITE\u015eTE \u015eI:<\/strong> <strong><a href=\"https:\/\/buletin.de\/bucuresti\/licitatia-pentru-prelungirea-magistralei-m4-a-fost-reluata-dupa-poticneli-repetate\/\">Licita\u0163ia pentru prelungirea magistralei M4 a fost reluat\u0103, dup\u0103 poticneli repetate<\/a><br><\/strong><\/p>\n\n\n\n<h2 class=\"wp-block-heading\" id=\"h-prelungirea-magistralei-m4-in-60-de-luni\">Prelungirea magistralei M4, \u00een 60 de luni<\/h2>\n\n\n\n<p><strong>Licita\u0163ia pentru prelungirea magistralei M4 a fost anun\u0163at\u0103 de Prim\u0103ria Sectorului 4 \u00eenc\u0103 din aprilie. Vorbim de o asociere condus\u0103 de <a href=\"https:\/\/ps4.ro\/\">PS4<\/a>, din care mai fac parte Ministerul Transporturilor, Prim\u0103ria Sectorului 5, Consiliul Jude\u0163ean Ilfov \u015fi Metrorex.<\/strong><\/p>\n\n\n\n<p>\u00cen urma semn\u0103rii contractului de executare a lucr\u0103rilor de proiectare \u0219i de execu\u021bie, constructorul va avea la dispozi\u021bie aproximativ 60 de luni pentru a finaliza lucr\u0103rile. Din acest interval, primele 10 luni vor fi destinate fazei de proiectare.<\/p>\n\n\n\n<p>Cele 14 sta\u021bii ale noului traseu ar urma s\u0103 fie:<\/p>\n\n\n\n<ul class=\"wp-block-list\">\n<li>Gara de Nord 2;<\/li>\n\n\n\n<li>\u0218tirbei Vod\u0103;<\/li>\n\n\n\n<li>Bogdan;<\/li>\n\n\n\n<li>Petriceicu Ha\u0219deu;<\/li>\n\n\n\n<li>Uranus;<\/li>\n\n\n\n<li>George Rozorea;<\/li>\n\n\n\n<li>Chirigiu;<\/li>\n\n\n\n<li>Filaret;<\/li>\n\n\n\n<li>Eroii Revolu\u021biei 2;<\/li>\n\n\n\n<li>George Bacovia;<\/li>\n\n\n\n<li>Topora\u0219i ;<\/li>\n\n\n\n<li>Nicolae Cajal;<\/li>\n\n\n\n<li>Luic\u0103;<\/li>\n\n\n\n<li>Giurgiului;<\/li>\n\n\n\n<li>Progresul.<\/li>\n<\/ul>\n\n\n\n<p>Traseul noii linii de metrou M4 va trece prin sectoarele 1, 4 \u0219i 5 ale Capitalei, precum \u0219i prin comuna Jilava, din jude\u021bul Ilfov.<\/p>\n\n\n\n<p><strong>CITE\u015eTE \u015eI:<\/strong> <a href=\"https:\/\/buletin.de\/bucuresti\/magistrala-m4-va-fi-modernizata-cu-160-de-milioane-de-lei-ce-schimbari-sunt-promise-de-guvern\/\"><strong>Magistrala M4 va fi modernizat\u0103 cu 160 de milioane de lei<\/strong><\/a><br><\/p>\n","protected":false},"excerpt":{"rendered":"<p>Trei asocieri, formate din 56 de companii na\u0163ionale \u015fi interna\u0163ionale au depus ofertele tehnice \u015fi financiare pentru prelungirea magistralei M4 de metrou. Mai precis tronsonul de la Gara de Nord, la Gara Progresul. Primarul sectorului 4, Daniel B\u0103lu\u0163\u0103, care a f\u0103cut anun\u0163ul, spune c\u0103 termenul-limit\u0103 a fost 8 octombrie, ora 15:00, iar c\u00e2\u015ftig\u0103torii vor fi [&hellip;]<\/p>\n","protected":false},"author":8,"featured_media":101319,"comment_status":"closed","ping_status":"open","sticky":false,"template":"","format":"standard","meta":{"_acf_changed":false,"inline_featured_image":false,"ngg_post_thumbnail":0,"footnotes":""},"categories":[6994,5762,24,650],"tags":[1204,15801,8644,15802,1377,15800,15803],"ppma_author":[22586],"class_list":["post-101316","post","type-post","status-publish","format-standard","has-post-thumbnail","hentry","category-stiri-2","category-main","category-primarie","category-transport","tag-daniel-baluta","tag-gara-de-nord-metrou","tag-gara-progresul","tag-licitatie-lucrari-metrou-m4","tag-m4","tag-prelungirea-magistralei-m4","tag-statii-magistrala-m4"],"acf":[],"yoast_head":"<!-- This site is optimized with the Yoast SEO Premium plugin v25.3 (Yoast SEO v27.4) - https:\/\/yoast.com\/product\/yoast-seo-premium-wordpress\/ -->\n<title>Trei oferte de la consor\u0163ii care vor s\u0103 construiasc\u0103 prelungirea magistralei M4 - Buletin de Bucure\u0219ti<\/title>\n<meta name=\"description\" content=\"Trei asocieri, formate din 56 de companii au depus ofertele tehnice \u015fi financiare pentru prelungirea magistralei de metrou M4\" \/>\n<meta name=\"robots\" content=\"index, follow, max-snippet:-1, max-image-preview:large, max-video-preview:-1\" \/>\n<link rel=\"canonical\" href=\"https:\/\/buletin.de\/bucuresti\/trei-oferte-de-la-consortii-care-vor-sa-construiasca-prelungirea-magistralei-m4\/\" \/>\n<meta property=\"og:locale\" content=\"en_GB\" \/>\n<meta property=\"og:type\" content=\"article\" \/>\n<meta property=\"og:title\" content=\"Trei oferte de la consor\u0163ii care vor s\u0103 construiasc\u0103 prelungirea magistralei M4\" \/>\n<meta property=\"og:description\" content=\"Trei asocieri, formate din 56 de companii au depus ofertele tehnice \u015fi financiare pentru prelungirea magistralei de metrou M4\" \/>\n<meta property=\"og:url\" content=\"https:\/\/buletin.de\/bucuresti\/trei-oferte-de-la-consortii-care-vor-sa-construiasca-prelungirea-magistralei-m4\/\" \/>\n<meta property=\"og:site_name\" content=\"Buletin de Bucure\u0219ti\" \/>\n<meta property=\"article:publisher\" content=\"https:\/\/www.facebook.com\/buletin.de.buc\" \/>\n<meta property=\"article:published_time\" content=\"2024-10-08T13:36:19+00:00\" \/>\n<meta property=\"article:modified_time\" content=\"2024-10-09T05:41:25+00:00\" \/>\n<meta property=\"og:image\" content=\"https:\/\/buletin.de\/bucuresti\/wp-content\/uploads\/macheta-m4-progresul-sursa-fb-daniel-baluta.jpg\" \/>\n\t<meta property=\"og:image:width\" content=\"1080\" \/>\n\t<meta property=\"og:image:height\" content=\"753\" \/>\n\t<meta property=\"og:image:type\" content=\"image\/jpeg\" \/>\n<meta name=\"author\" content=\"Ionu\u021b Lepa\" \/>\n<meta name=\"twitter:card\" content=\"summary_large_image\" \/>\n<meta name=\"twitter:label1\" content=\"Written by\" \/>\n\t<meta name=\"twitter:data1\" content=\"Ionu\u021b Lepa\" \/>\n\t<meta name=\"twitter:label2\" content=\"Estimated reading time\" \/>\n\t<meta name=\"twitter:data2\" content=\"2 minutes\" \/>\n<script type=\"application\/ld+json\" class=\"yoast-schema-graph\">{\"@context\":\"https:\\\/\\\/schema.org\",\"@graph\":[{\"@type\":\"Article\",\"@id\":\"https:\\\/\\\/buletin.de\\\/bucuresti\\\/trei-oferte-de-la-consortii-care-vor-sa-construiasca-prelungirea-magistralei-m4\\\/#article\",\"isPartOf\":{\"@id\":\"https:\\\/\\\/buletin.de\\\/bucuresti\\\/trei-oferte-de-la-consortii-care-vor-sa-construiasca-prelungirea-magistralei-m4\\\/\"},\"author\":{\"name\":\"Ionu\u021b Lepa\",\"@id\":\"https:\\\/\\\/buletin.de\\\/bucuresti\\\/#\\\/schema\\\/person\\\/5272b8a057b33890940b57b837fc4ce6\"},\"headline\":\"Trei oferte de la consor\u0163ii care vor s\u0103 construiasc\u0103 prelungirea magistralei M4\",\"datePublished\":\"2024-10-08T13:36:19+00:00\",\"dateModified\":\"2024-10-09T05:41:25+00:00\",\"mainEntityOfPage\":{\"@id\":\"https:\\\/\\\/buletin.de\\\/bucuresti\\\/trei-oferte-de-la-consortii-care-vor-sa-construiasca-prelungirea-magistralei-m4\\\/\"},\"wordCount\":414,\"publisher\":{\"@id\":\"https:\\\/\\\/buletin.de\\\/bucuresti\\\/#organization\"},\"image\":{\"@id\":\"https:\\\/\\\/buletin.de\\\/bucuresti\\\/trei-oferte-de-la-consortii-care-vor-sa-construiasca-prelungirea-magistralei-m4\\\/#primaryimage\"},\"thumbnailUrl\":\"https:\\\/\\\/buletin.de\\\/bucuresti\\\/wp-content\\\/uploads\\\/macheta-m4-progresul-sursa-fb-daniel-baluta.jpg\",\"keywords\":[\"daniel baluta\",\"gara de nord metrou\",\"Gara Progresul\",\"licitatie lucrari metrou m4\",\"M4\",\"prelungirea magistralei m4\",\"statii magistrala m4\"],\"articleSection\":[\"Articole\",\"Main\",\"Prim\u0103rie\",\"Transport\"],\"inLanguage\":\"en-GB\",\"copyrightYear\":\"2024\",\"copyrightHolder\":{\"@id\":\"https:\\\/\\\/buletin.de\\\/bucuresti\\\/#organization\"}},{\"@type\":\"WebPage\",\"@id\":\"https:\\\/\\\/buletin.de\\\/bucuresti\\\/trei-oferte-de-la-consortii-care-vor-sa-construiasca-prelungirea-magistralei-m4\\\/\",\"url\":\"https:\\\/\\\/buletin.de\\\/bucuresti\\\/trei-oferte-de-la-consortii-care-vor-sa-construiasca-prelungirea-magistralei-m4\\\/\",\"name\":\"Trei oferte de la consor\u0163ii care vor s\u0103 construiasc\u0103 prelungirea magistralei M4 - Buletin de Bucure\u0219ti\",\"isPartOf\":{\"@id\":\"https:\\\/\\\/buletin.de\\\/bucuresti\\\/#website\"},\"primaryImageOfPage\":{\"@id\":\"https:\\\/\\\/buletin.de\\\/bucuresti\\\/trei-oferte-de-la-consortii-care-vor-sa-construiasca-prelungirea-magistralei-m4\\\/#primaryimage\"},\"image\":{\"@id\":\"https:\\\/\\\/buletin.de\\\/bucuresti\\\/trei-oferte-de-la-consortii-care-vor-sa-construiasca-prelungirea-magistralei-m4\\\/#primaryimage\"},\"thumbnailUrl\":\"https:\\\/\\\/buletin.de\\\/bucuresti\\\/wp-content\\\/uploads\\\/macheta-m4-progresul-sursa-fb-daniel-baluta.jpg\",\"datePublished\":\"2024-10-08T13:36:19+00:00\",\"dateModified\":\"2024-10-09T05:41:25+00:00\",\"description\":\"Trei asocieri, formate din 56 de companii au depus ofertele tehnice \u015fi financiare pentru prelungirea magistralei de metrou M4\",\"breadcrumb\":{\"@id\":\"https:\\\/\\\/buletin.de\\\/bucuresti\\\/trei-oferte-de-la-consortii-care-vor-sa-construiasca-prelungirea-magistralei-m4\\\/#breadcrumb\"},\"inLanguage\":\"en-GB\",\"potentialAction\":[{\"@type\":\"ReadAction\",\"target\":[\"https:\\\/\\\/buletin.de\\\/bucuresti\\\/trei-oferte-de-la-consortii-care-vor-sa-construiasca-prelungirea-magistralei-m4\\\/\"]}]},{\"@type\":\"ImageObject\",\"inLanguage\":\"en-GB\",\"@id\":\"https:\\\/\\\/buletin.de\\\/bucuresti\\\/trei-oferte-de-la-consortii-care-vor-sa-construiasca-prelungirea-magistralei-m4\\\/#primaryimage\",\"url\":\"https:\\\/\\\/buletin.de\\\/bucuresti\\\/wp-content\\\/uploads\\\/macheta-m4-progresul-sursa-fb-daniel-baluta.jpg\",\"contentUrl\":\"https:\\\/\\\/buletin.de\\\/bucuresti\\\/wp-content\\\/uploads\\\/macheta-m4-progresul-sursa-fb-daniel-baluta.jpg\",\"width\":1080,\"height\":753,\"caption\":\"Prelungirea magistralei M4. FOTO: FB \\\/ Daniel Baluta\"},{\"@type\":\"BreadcrumbList\",\"@id\":\"https:\\\/\\\/buletin.de\\\/bucuresti\\\/trei-oferte-de-la-consortii-care-vor-sa-construiasca-prelungirea-magistralei-m4\\\/#breadcrumb\",\"itemListElement\":[{\"@type\":\"ListItem\",\"position\":1,\"name\":\"Acas\u0103\",\"item\":\"https:\\\/\\\/buletin.de\\\/bucuresti\\\/\"},{\"@type\":\"ListItem\",\"position\":2,\"name\":\"Trei oferte de la consor\u0163ii care vor s\u0103 construiasc\u0103 prelungirea magistralei M4\"}]},{\"@type\":\"WebSite\",\"@id\":\"https:\\\/\\\/buletin.de\\\/bucuresti\\\/#website\",\"url\":\"https:\\\/\\\/buletin.de\\\/bucuresti\\\/\",\"name\":\"Buletin de Bucure\u0219ti\",\"description\":\"\u0218tiri \u0219i investiga\u021bii esen\u021biale din capital\u0103\",\"publisher\":{\"@id\":\"https:\\\/\\\/buletin.de\\\/bucuresti\\\/#organization\"},\"potentialAction\":[{\"@type\":\"SearchAction\",\"target\":{\"@type\":\"EntryPoint\",\"urlTemplate\":\"https:\\\/\\\/buletin.de\\\/bucuresti\\\/?s={search_term_string}\"},\"query-input\":{\"@type\":\"PropertyValueSpecification\",\"valueRequired\":true,\"valueName\":\"search_term_string\"}}],\"inLanguage\":\"en-GB\"},{\"@type\":\"Organization\",\"@id\":\"https:\\\/\\\/buletin.de\\\/bucuresti\\\/#organization\",\"name\":\"Buletin de Bucure\u0219ti\",\"url\":\"https:\\\/\\\/buletin.de\\\/bucuresti\\\/\",\"logo\":{\"@type\":\"ImageObject\",\"inLanguage\":\"en-GB\",\"@id\":\"https:\\\/\\\/buletin.de\\\/bucuresti\\\/#\\\/schema\\\/logo\\\/image\\\/\",\"url\":\"https:\\\/\\\/buletin.de\\\/bucuresti\\\/wp-content\\\/uploads\\\/logo-bdb-full-wide-vernil-transparent.png\",\"contentUrl\":\"https:\\\/\\\/buletin.de\\\/bucuresti\\\/wp-content\\\/uploads\\\/logo-bdb-full-wide-vernil-transparent.png\",\"width\":1782,\"height\":626,\"caption\":\"Buletin de Bucure\u0219ti\"},\"image\":{\"@id\":\"https:\\\/\\\/buletin.de\\\/bucuresti\\\/#\\\/schema\\\/logo\\\/image\\\/\"},\"sameAs\":[\"https:\\\/\\\/www.facebook.com\\\/buletin.de.buc\",\"https:\\\/\\\/www.instagram.com\\\/buletinde.bucuresti\\\/\"]},{\"@type\":\"Person\",\"@id\":\"https:\\\/\\\/buletin.de\\\/bucuresti\\\/#\\\/schema\\\/person\\\/5272b8a057b33890940b57b837fc4ce6\",\"name\":\"Ionu\u021b Lepa\",\"image\":{\"@type\":\"ImageObject\",\"inLanguage\":\"en-GB\",\"@id\":\"https:\\\/\\\/buletin.de\\\/bucuresti\\\/wp-content\\\/uploads\\\/Ionut-Lepa-96x96.jpg5c4e4d9e049808799a8821652d2410a4\",\"url\":\"https:\\\/\\\/buletin.de\\\/bucuresti\\\/wp-content\\\/uploads\\\/Ionut-Lepa-96x96.jpg\",\"contentUrl\":\"https:\\\/\\\/buletin.de\\\/bucuresti\\\/wp-content\\\/uploads\\\/Ionut-Lepa-96x96.jpg\",\"caption\":\"Ionu\u021b Lepa\"},\"url\":\"https:\\\/\\\/buletin.de\\\/bucuresti\\\/author\\\/ionutlepa\\\/\"}]}<\/script>\n<!-- \/ Yoast SEO Premium plugin. -->","yoast_head_json":{"title":"Trei oferte de la consor\u0163ii care vor s\u0103 construiasc\u0103 prelungirea magistralei M4 - Buletin de Bucure\u0219ti","description":"Trei asocieri, formate din 56 de companii au depus ofertele tehnice \u015fi financiare pentru prelungirea magistralei de metrou M4","robots":{"index":"index","follow":"follow","max-snippet":"max-snippet:-1","max-image-preview":"max-image-preview:large","max-video-preview":"max-video-preview:-1"},"canonical":"https:\/\/buletin.de\/bucuresti\/trei-oferte-de-la-consortii-care-vor-sa-construiasca-prelungirea-magistralei-m4\/","og_locale":"en_GB","og_type":"article","og_title":"Trei oferte de la consor\u0163ii care vor s\u0103 construiasc\u0103 prelungirea magistralei M4","og_description":"Trei asocieri, formate din 56 de companii au depus ofertele tehnice \u015fi financiare pentru prelungirea magistralei de metrou M4","og_url":"https:\/\/buletin.de\/bucuresti\/trei-oferte-de-la-consortii-care-vor-sa-construiasca-prelungirea-magistralei-m4\/","og_site_name":"Buletin de Bucure\u0219ti","article_publisher":"https:\/\/www.facebook.com\/buletin.de.buc","article_published_time":"2024-10-08T13:36:19+00:00","article_modified_time":"2024-10-09T05:41:25+00:00","og_image":[{"width":1080,"height":753,"url":"https:\/\/buletin.de\/bucuresti\/wp-content\/uploads\/macheta-m4-progresul-sursa-fb-daniel-baluta.jpg","type":"image\/jpeg"}],"author":"Ionu\u021b Lepa","twitter_card":"summary_large_image","twitter_misc":{"Written by":"Ionu\u021b Lepa","Estimated reading time":"2 minutes"},"schema":{"@context":"https:\/\/schema.org","@graph":[{"@type":"Article","@id":"https:\/\/buletin.de\/bucuresti\/trei-oferte-de-la-consortii-care-vor-sa-construiasca-prelungirea-magistralei-m4\/#article","isPartOf":{"@id":"https:\/\/buletin.de\/bucuresti\/trei-oferte-de-la-consortii-care-vor-sa-construiasca-prelungirea-magistralei-m4\/"},"author":{"name":"Ionu\u021b Lepa","@id":"https:\/\/buletin.de\/bucuresti\/#\/schema\/person\/5272b8a057b33890940b57b837fc4ce6"},"headline":"Trei oferte de la consor\u0163ii care vor s\u0103 construiasc\u0103 prelungirea magistralei M4","datePublished":"2024-10-08T13:36:19+00:00","dateModified":"2024-10-09T05:41:25+00:00","mainEntityOfPage":{"@id":"https:\/\/buletin.de\/bucuresti\/trei-oferte-de-la-consortii-care-vor-sa-construiasca-prelungirea-magistralei-m4\/"},"wordCount":414,"publisher":{"@id":"https:\/\/buletin.de\/bucuresti\/#organization"},"image":{"@id":"https:\/\/buletin.de\/bucuresti\/trei-oferte-de-la-consortii-care-vor-sa-construiasca-prelungirea-magistralei-m4\/#primaryimage"},"thumbnailUrl":"https:\/\/buletin.de\/bucuresti\/wp-content\/uploads\/macheta-m4-progresul-sursa-fb-daniel-baluta.jpg","keywords":["daniel baluta","gara de nord metrou","Gara Progresul","licitatie lucrari metrou m4","M4","prelungirea magistralei m4","statii magistrala m4"],"articleSection":["Articole","Main","Prim\u0103rie","Transport"],"inLanguage":"en-GB","copyrightYear":"2024","copyrightHolder":{"@id":"https:\/\/buletin.de\/bucuresti\/#organization"}},{"@type":"WebPage","@id":"https:\/\/buletin.de\/bucuresti\/trei-oferte-de-la-consortii-care-vor-sa-construiasca-prelungirea-magistralei-m4\/","url":"https:\/\/buletin.de\/bucuresti\/trei-oferte-de-la-consortii-care-vor-sa-construiasca-prelungirea-magistralei-m4\/","name":"Trei oferte de la consor\u0163ii care vor s\u0103 construiasc\u0103 prelungirea magistralei M4 - Buletin de Bucure\u0219ti","isPartOf":{"@id":"https:\/\/buletin.de\/bucuresti\/#website"},"primaryImageOfPage":{"@id":"https:\/\/buletin.de\/bucuresti\/trei-oferte-de-la-consortii-care-vor-sa-construiasca-prelungirea-magistralei-m4\/#primaryimage"},"image":{"@id":"https:\/\/buletin.de\/bucuresti\/trei-oferte-de-la-consortii-care-vor-sa-construiasca-prelungirea-magistralei-m4\/#primaryimage"},"thumbnailUrl":"https:\/\/buletin.de\/bucuresti\/wp-content\/uploads\/macheta-m4-progresul-sursa-fb-daniel-baluta.jpg","datePublished":"2024-10-08T13:36:19+00:00","dateModified":"2024-10-09T05:41:25+00:00","description":"Trei asocieri, formate din 56 de companii au depus ofertele tehnice \u015fi financiare pentru prelungirea magistralei de metrou M4","breadcrumb":{"@id":"https:\/\/buletin.de\/bucuresti\/trei-oferte-de-la-consortii-care-vor-sa-construiasca-prelungirea-magistralei-m4\/#breadcrumb"},"inLanguage":"en-GB","potentialAction":[{"@type":"ReadAction","target":["https:\/\/buletin.de\/bucuresti\/trei-oferte-de-la-consortii-care-vor-sa-construiasca-prelungirea-magistralei-m4\/"]}]},{"@type":"ImageObject","inLanguage":"en-GB","@id":"https:\/\/buletin.de\/bucuresti\/trei-oferte-de-la-consortii-care-vor-sa-construiasca-prelungirea-magistralei-m4\/#primaryimage","url":"https:\/\/buletin.de\/bucuresti\/wp-content\/uploads\/macheta-m4-progresul-sursa-fb-daniel-baluta.jpg","contentUrl":"https:\/\/buletin.de\/bucuresti\/wp-content\/uploads\/macheta-m4-progresul-sursa-fb-daniel-baluta.jpg","width":1080,"height":753,"caption":"Prelungirea magistralei M4. FOTO: FB \/ Daniel Baluta"},{"@type":"BreadcrumbList","@id":"https:\/\/buletin.de\/bucuresti\/trei-oferte-de-la-consortii-care-vor-sa-construiasca-prelungirea-magistralei-m4\/#breadcrumb","itemListElement":[{"@type":"ListItem","position":1,"name":"Acas\u0103","item":"https:\/\/buletin.de\/bucuresti\/"},{"@type":"ListItem","position":2,"name":"Trei oferte de la consor\u0163ii care vor s\u0103 construiasc\u0103 prelungirea magistralei M4"}]},{"@type":"WebSite","@id":"https:\/\/buletin.de\/bucuresti\/#website","url":"https:\/\/buletin.de\/bucuresti\/","name":"Buletin de Bucure\u0219ti","description":"\u0218tiri \u0219i investiga\u021bii esen\u021biale din capital\u0103","publisher":{"@id":"https:\/\/buletin.de\/bucuresti\/#organization"},"potentialAction":[{"@type":"SearchAction","target":{"@type":"EntryPoint","urlTemplate":"https:\/\/buletin.de\/bucuresti\/?s={search_term_string}"},"query-input":{"@type":"PropertyValueSpecification","valueRequired":true,"valueName":"search_term_string"}}],"inLanguage":"en-GB"},{"@type":"Organization","@id":"https:\/\/buletin.de\/bucuresti\/#organization","name":"Buletin de Bucure\u0219ti","url":"https:\/\/buletin.de\/bucuresti\/","logo":{"@type":"ImageObject","inLanguage":"en-GB","@id":"https:\/\/buletin.de\/bucuresti\/#\/schema\/logo\/image\/","url":"https:\/\/buletin.de\/bucuresti\/wp-content\/uploads\/logo-bdb-full-wide-vernil-transparent.png","contentUrl":"https:\/\/buletin.de\/bucuresti\/wp-content\/uploads\/logo-bdb-full-wide-vernil-transparent.png","width":1782,"height":626,"caption":"Buletin de Bucure\u0219ti"},"image":{"@id":"https:\/\/buletin.de\/bucuresti\/#\/schema\/logo\/image\/"},"sameAs":["https:\/\/www.facebook.com\/buletin.de.buc","https:\/\/www.instagram.com\/buletinde.bucuresti\/"]},{"@type":"Person","@id":"https:\/\/buletin.de\/bucuresti\/#\/schema\/person\/5272b8a057b33890940b57b837fc4ce6","name":"Ionu\u021b Lepa","image":{"@type":"ImageObject","inLanguage":"en-GB","@id":"https:\/\/buletin.de\/bucuresti\/wp-content\/uploads\/Ionut-Lepa-96x96.jpg5c4e4d9e049808799a8821652d2410a4","url":"https:\/\/buletin.de\/bucuresti\/wp-content\/uploads\/Ionut-Lepa-96x96.jpg","contentUrl":"https:\/\/buletin.de\/bucuresti\/wp-content\/uploads\/Ionut-Lepa-96x96.jpg","caption":"Ionu\u021b Lepa"},"url":"https:\/\/buletin.de\/bucuresti\/author\/ionutlepa\/"}]}},"authors":[{"term_id":22586,"user_id":8,"is_guest":0,"slug":"ionutlepa","display_name":"Ionu\u021b Lepa","avatar_url":"https:\/\/buletin.de\/bucuresti\/wp-content\/uploads\/Ionut-Lepa-96x96.jpg","0":null,"1":"","2":"","3":"","4":"","5":"","6":"","7":"","8":""}],"_links":{"self":[{"href":"https:\/\/buletin.de\/bucuresti\/wp-json\/wp\/v2\/posts\/101316","targetHints":{"allow":["GET"]}}],"collection":[{"href":"https:\/\/buletin.de\/bucuresti\/wp-json\/wp\/v2\/posts"}],"about":[{"href":"https:\/\/buletin.de\/bucuresti\/wp-json\/wp\/v2\/types\/post"}],"author":[{"embeddable":true,"href":"https:\/\/buletin.de\/bucuresti\/wp-json\/wp\/v2\/users\/8"}],"replies":[{"embeddable":true,"href":"https:\/\/buletin.de\/bucuresti\/wp-json\/wp\/v2\/comments?post=101316"}],"version-history":[{"count":2,"href":"https:\/\/buletin.de\/bucuresti\/wp-json\/wp\/v2\/posts\/101316\/revisions"}],"predecessor-version":[{"id":101357,"href":"https:\/\/buletin.de\/bucuresti\/wp-json\/wp\/v2\/posts\/101316\/revisions\/101357"}],"wp:featuredmedia":[{"embeddable":true,"href":"https:\/\/buletin.de\/bucuresti\/wp-json\/wp\/v2\/media\/101319"}],"wp:attachment":[{"href":"https:\/\/buletin.de\/bucuresti\/wp-json\/wp\/v2\/media?parent=101316"}],"wp:term":[{"taxonomy":"category","embeddable":true,"href":"https:\/\/buletin.de\/bucuresti\/wp-json\/wp\/v2\/categories?post=101316"},{"taxonomy":"post_tag","embeddable":true,"href":"https:\/\/buletin.de\/bucuresti\/wp-json\/wp\/v2\/tags?post=101316"},{"taxonomy":"author","embeddable":true,"href":"https:\/\/buletin.de\/bucuresti\/wp-json\/wp\/v2\/ppma_author?post=101316"}],"curies":[{"name":"wp","href":"https:\/\/api.w.org\/{rel}","templated":true}]}}