{"id":10131,"date":"2020-08-06T16:44:25","date_gmt":"2020-08-06T13:44:25","guid":{"rendered":"https:\/\/buletin.de\/bucuresti\/?p=10131"},"modified":"2020-08-10T11:44:25","modified_gmt":"2020-08-10T08:44:25","slug":"infografic-care-e-numarul-de-cazuri-de-coronavirus-care-ar-inchide-scolile-in-marile-orase","status":"publish","type":"post","link":"https:\/\/buletin.de\/bucuresti\/infografic-care-e-numarul-de-cazuri-de-coronavirus-care-ar-inchide-scolile-in-marile-orase\/","title":{"rendered":"INFOGRAFIC | Care e num\u0103rul de cazuri de coronavirus care ar \u00eenchide \u0219colile \u00een marile ora\u0219e?"},"content":{"rendered":"\n<p><strong>\u00cen b\u0103ncile \u0219colii sau \u00een fa\u021ba calculatorului? Formula \u00een care se vor \u00eentoarce elevii la \u0219coal\u0103 pe 14 septembrie depinde de trei scenarii, care \u021bin cont de r\u0103sp\u00e2ndirea virusului \u00een fiecare localitate. Am calculat num\u0103rul de infect\u0103ri zilnice care ac\u021bioneaz\u0103 \u00eentrerup\u0103torul <em>\u0219coli deschise\/laptopuri \u00eenchise<\/em><\/strong> <strong>pentru cele mai mari ora\u0219e din Rom\u00e2nia<\/strong>.<\/p>\n\n\n\n<p>Decizia de deschide fizic \u0219colile a va fi luat\u0103 la nivel local \u00een baza a trei scenarii: verde, galben \u0219i ro\u0219u, a anun\u021bat ieri Pre\u0219edintele Klaus Iohannis. <\/p>\n\n\n\n<div class=\"infogram-embed\" data-id=\"4e8a0737-0345-4a18-b221-bf53eb7d417e\" data-type=\"interactive\" data-title=\"Redeschidere-scoli\"><\/div><script>!function(e,i,n,s){var t=\"InfogramEmbeds\",d=e.getElementsByTagName(\"script\")[0];if(window[t]&&window[t].initialized)window[t].process&&window[t].process();else if(!e.getElementById(n)){var o=e.createElement(\"script\");o.async=1,o.id=n,o.src=\"https:\/\/e.infogram.com\/js\/dist\/embed-loader-min.js\",d.parentNode.insertBefore(o,d)}}(document,0,\"infogram-async\");<\/script>\n\n\n\n<p><\/p>\n\n\n\n<p>Conform Pre\u0219edintelui Iohannis, cele trei scenarii pentru \u00eenceperea \u0219colii depind de <em>num\u0103rul de bolnavi la mia de locuitori, \u00een ultimele 14 zile, \u00een fiecare localitate<\/em>.<\/p>\n\n\n\n<p class=\"has-text-color has-background has-very-light-gray-color has-very-dark-gray-background-color\">Mi\u0219c\u0103 mouse-ul deasupra graficului pentru a descoperi, pentru fiecare ora\u0219, pragurile de infect\u0103ri zilnice corespunz\u0103toare celor trei scenarii de redeschidere a \u0219colii.<\/p>\n\n\n\n<div class=\"flourish-embed flourish-chart\" data-src=\"visualisation\/3396579\" data-url=\"https:\/\/flo.uri.sh\/visualisation\/3396579\/embed\"><script src=\"https:\/\/public.flourish.studio\/resources\/embed.js\"><\/script><\/div>\n\n\n\n<p>Astfel, \u00een Bucure\u0219ti, elevii s-ar putea \u00eentoarce la \u0219coal\u0103 dac\u0103, timp de dou\u0103 s\u0103pt\u0103m\u00e2ni \u00eenainte de 14 septembrie, num\u0103rul de \u00eemboln\u0103viri zilnice r\u0103m\u00e2ne, \u00een medie, sub 130. \u0218colile ar putea r\u0103m\u00e2ne \u00eenchise \u00een cazul \u00een care sunt peste 392 de cazuri zilnice, \u00een medie, timp de 14 zile. <\/p>\n\n\n\n<p>Pre\u0219edintele a men\u021bionat ieri c\u0103 Bucure\u0219tiul se \u00eencadreaz\u0103 momentan \u00een scenariul verde, la fel ca majoritatea ora\u0219elor din Rom\u00e2nia.<\/p>\n\n\n\n<p>\u00cen Ia\u0219i, al doilea cel mai mare ora\u0219 din \u021bar\u0103, un num\u0103r de cazuri zilnice \u00eentre 26 \u0219i 80 ar putea declan\u0219a scenariul galben, care presupune alternarea cursurilor \u00een persoan\u0103 cu cele online. \u0218colile s-ar \u00eenchide dac\u0103 se \u00eenregistreaz\u0103 peste 80 de cazuri zilnice, \u00een medie, timp de 14 zile.<\/p>\n\n\n\n<p>Pentru ora\u0219e mai mici, ca Br\u0103ila, un num\u0103r de infect\u0103ri zilnice mai mare de 43, timp de 2 s\u0103pt\u0103m\u00e2ni, ar putea \u00eensemna cursuri exclusiv online.<\/p>\n","protected":false},"excerpt":{"rendered":"<p>\u00cen b\u0103ncile \u0219colii sau \u00een fa\u021ba calculatorului? Formula \u00een care se vor \u00eentoarce elevii la \u0219coal\u0103 pe 14 septembrie depinde de trei scenarii, care \u021bin cont de r\u0103sp\u00e2ndirea virusului \u00een fiecare localitate. Am calculat num\u0103rul de infect\u0103ri zilnice care ac\u021bioneaz\u0103 \u00eentrerup\u0103torul \u0219coli deschise\/laptopuri \u00eenchise pentru cele mai mari ora\u0219e din Rom\u00e2nia. Decizia de deschide fizic [&hellip;]<\/p>\n","protected":false},"author":15,"featured_media":10138,"comment_status":"closed","ping_status":"open","sticky":false,"template":"","format":"standard","meta":{"_acf_changed":false,"inline_featured_image":false,"ngg_post_thumbnail":0,"footnotes":""},"categories":[1],"tags":[],"ppma_author":[22592],"class_list":["post-10131","post","type-post","status-publish","format-standard","has-post-thumbnail","hentry","category-diverse"],"acf":[],"yoast_head":"<!-- This site is optimized with the Yoast SEO Premium plugin v25.3 (Yoast SEO v27.5) - https:\/\/yoast.com\/product\/yoast-seo-premium-wordpress\/ -->\n<title>INFOGRAFIC | Care e num\u0103rul de cazuri de coronavirus care ar \u00eenchide \u0219colile \u00een marile ora\u0219e? - Buletin de Bucure\u0219ti<\/title>\n<meta name=\"robots\" content=\"index, follow, max-snippet:-1, max-image-preview:large, max-video-preview:-1\" \/>\n<link rel=\"canonical\" href=\"https:\/\/buletin.de\/bucuresti\/infografic-care-e-numarul-de-cazuri-de-coronavirus-care-ar-inchide-scolile-in-marile-orase\/\" \/>\n<meta property=\"og:locale\" content=\"en_GB\" \/>\n<meta property=\"og:type\" content=\"article\" \/>\n<meta property=\"og:title\" content=\"INFOGRAFIC | Care e num\u0103rul de cazuri de coronavirus care ar \u00eenchide \u0219colile \u00een marile ora\u0219e?\" \/>\n<meta property=\"og:description\" content=\"\u00cen b\u0103ncile \u0219colii sau \u00een fa\u021ba calculatorului? Formula \u00een care se vor \u00eentoarce elevii la \u0219coal\u0103 pe 14 septembrie depinde de trei scenarii, care \u021bin cont de r\u0103sp\u00e2ndirea virusului \u00een fiecare localitate. Am calculat num\u0103rul de infect\u0103ri zilnice care ac\u021bioneaz\u0103 \u00eentrerup\u0103torul \u0219coli deschise\/laptopuri \u00eenchise pentru cele mai mari ora\u0219e din Rom\u00e2nia. Decizia de deschide fizic [&hellip;]\" \/>\n<meta property=\"og:url\" content=\"https:\/\/buletin.de\/bucuresti\/infografic-care-e-numarul-de-cazuri-de-coronavirus-care-ar-inchide-scolile-in-marile-orase\/\" \/>\n<meta property=\"og:site_name\" content=\"Buletin de Bucure\u0219ti\" \/>\n<meta property=\"article:publisher\" content=\"https:\/\/www.facebook.com\/buletin.de.buc\" \/>\n<meta property=\"article:published_time\" content=\"2020-08-06T13:44:25+00:00\" \/>\n<meta property=\"article:modified_time\" content=\"2020-08-10T08:44:25+00:00\" \/>\n<meta property=\"og:image\" content=\"https:\/\/buletin.de\/bucuresti\/wp-content\/uploads\/Screen-Shot-2020-08-06-at-14.47.44.png\" \/>\n\t<meta property=\"og:image:width\" content=\"1776\" \/>\n\t<meta property=\"og:image:height\" content=\"792\" \/>\n\t<meta property=\"og:image:type\" content=\"image\/png\" \/>\n<meta name=\"author\" content=\"Irina Anghel\" \/>\n<meta name=\"twitter:card\" content=\"summary_large_image\" \/>\n<meta name=\"twitter:label1\" content=\"Written by\" \/>\n\t<meta name=\"twitter:data1\" content=\"Irina Anghel\" \/>\n\t<meta name=\"twitter:label2\" content=\"Estimated reading time\" \/>\n\t<meta name=\"twitter:data2\" content=\"1 minute\" \/>\n<script type=\"application\/ld+json\" class=\"yoast-schema-graph\">{\"@context\":\"https:\\\/\\\/schema.org\",\"@graph\":[{\"@type\":\"Article\",\"@id\":\"https:\\\/\\\/buletin.de\\\/bucuresti\\\/infografic-care-e-numarul-de-cazuri-de-coronavirus-care-ar-inchide-scolile-in-marile-orase\\\/#article\",\"isPartOf\":{\"@id\":\"https:\\\/\\\/buletin.de\\\/bucuresti\\\/infografic-care-e-numarul-de-cazuri-de-coronavirus-care-ar-inchide-scolile-in-marile-orase\\\/\"},\"author\":{\"name\":\"Irina Anghel\",\"@id\":\"https:\\\/\\\/buletin.de\\\/bucuresti\\\/#\\\/schema\\\/person\\\/7a01591ad05c4d2c7261fe7f0383d2af\"},\"headline\":\"INFOGRAFIC | Care e num\u0103rul de cazuri de coronavirus care ar \u00eenchide \u0219colile \u00een marile ora\u0219e?\",\"datePublished\":\"2020-08-06T13:44:25+00:00\",\"dateModified\":\"2020-08-10T08:44:25+00:00\",\"mainEntityOfPage\":{\"@id\":\"https:\\\/\\\/buletin.de\\\/bucuresti\\\/infografic-care-e-numarul-de-cazuri-de-coronavirus-care-ar-inchide-scolile-in-marile-orase\\\/\"},\"wordCount\":316,\"publisher\":{\"@id\":\"https:\\\/\\\/buletin.de\\\/bucuresti\\\/#organization\"},\"image\":{\"@id\":\"https:\\\/\\\/buletin.de\\\/bucuresti\\\/infografic-care-e-numarul-de-cazuri-de-coronavirus-care-ar-inchide-scolile-in-marile-orase\\\/#primaryimage\"},\"thumbnailUrl\":\"https:\\\/\\\/buletin.de\\\/bucuresti\\\/wp-content\\\/uploads\\\/Screen-Shot-2020-08-06-at-14.47.44.png\",\"articleSection\":[\"Diverse\"],\"inLanguage\":\"en-GB\",\"copyrightYear\":\"2020\",\"copyrightHolder\":{\"@id\":\"https:\\\/\\\/buletin.de\\\/bucuresti\\\/#organization\"}},{\"@type\":\"WebPage\",\"@id\":\"https:\\\/\\\/buletin.de\\\/bucuresti\\\/infografic-care-e-numarul-de-cazuri-de-coronavirus-care-ar-inchide-scolile-in-marile-orase\\\/\",\"url\":\"https:\\\/\\\/buletin.de\\\/bucuresti\\\/infografic-care-e-numarul-de-cazuri-de-coronavirus-care-ar-inchide-scolile-in-marile-orase\\\/\",\"name\":\"INFOGRAFIC | Care e num\u0103rul de cazuri de coronavirus care ar \u00eenchide \u0219colile \u00een marile ora\u0219e? - Buletin de Bucure\u0219ti\",\"isPartOf\":{\"@id\":\"https:\\\/\\\/buletin.de\\\/bucuresti\\\/#website\"},\"primaryImageOfPage\":{\"@id\":\"https:\\\/\\\/buletin.de\\\/bucuresti\\\/infografic-care-e-numarul-de-cazuri-de-coronavirus-care-ar-inchide-scolile-in-marile-orase\\\/#primaryimage\"},\"image\":{\"@id\":\"https:\\\/\\\/buletin.de\\\/bucuresti\\\/infografic-care-e-numarul-de-cazuri-de-coronavirus-care-ar-inchide-scolile-in-marile-orase\\\/#primaryimage\"},\"thumbnailUrl\":\"https:\\\/\\\/buletin.de\\\/bucuresti\\\/wp-content\\\/uploads\\\/Screen-Shot-2020-08-06-at-14.47.44.png\",\"datePublished\":\"2020-08-06T13:44:25+00:00\",\"dateModified\":\"2020-08-10T08:44:25+00:00\",\"breadcrumb\":{\"@id\":\"https:\\\/\\\/buletin.de\\\/bucuresti\\\/infografic-care-e-numarul-de-cazuri-de-coronavirus-care-ar-inchide-scolile-in-marile-orase\\\/#breadcrumb\"},\"inLanguage\":\"en-GB\",\"potentialAction\":[{\"@type\":\"ReadAction\",\"target\":[\"https:\\\/\\\/buletin.de\\\/bucuresti\\\/infografic-care-e-numarul-de-cazuri-de-coronavirus-care-ar-inchide-scolile-in-marile-orase\\\/\"]}]},{\"@type\":\"ImageObject\",\"inLanguage\":\"en-GB\",\"@id\":\"https:\\\/\\\/buletin.de\\\/bucuresti\\\/infografic-care-e-numarul-de-cazuri-de-coronavirus-care-ar-inchide-scolile-in-marile-orase\\\/#primaryimage\",\"url\":\"https:\\\/\\\/buletin.de\\\/bucuresti\\\/wp-content\\\/uploads\\\/Screen-Shot-2020-08-06-at-14.47.44.png\",\"contentUrl\":\"https:\\\/\\\/buletin.de\\\/bucuresti\\\/wp-content\\\/uploads\\\/Screen-Shot-2020-08-06-at-14.47.44.png\",\"width\":1776,\"height\":792},{\"@type\":\"BreadcrumbList\",\"@id\":\"https:\\\/\\\/buletin.de\\\/bucuresti\\\/infografic-care-e-numarul-de-cazuri-de-coronavirus-care-ar-inchide-scolile-in-marile-orase\\\/#breadcrumb\",\"itemListElement\":[{\"@type\":\"ListItem\",\"position\":1,\"name\":\"Acas\u0103\",\"item\":\"https:\\\/\\\/buletin.de\\\/bucuresti\\\/\"},{\"@type\":\"ListItem\",\"position\":2,\"name\":\"INFOGRAFIC | Care e num\u0103rul de cazuri de coronavirus care ar \u00eenchide \u0219colile \u00een marile ora\u0219e?\"}]},{\"@type\":\"WebSite\",\"@id\":\"https:\\\/\\\/buletin.de\\\/bucuresti\\\/#website\",\"url\":\"https:\\\/\\\/buletin.de\\\/bucuresti\\\/\",\"name\":\"Buletin de Bucure\u0219ti\",\"description\":\"\u0218tiri \u0219i investiga\u021bii esen\u021biale din capital\u0103\",\"publisher\":{\"@id\":\"https:\\\/\\\/buletin.de\\\/bucuresti\\\/#organization\"},\"potentialAction\":[{\"@type\":\"SearchAction\",\"target\":{\"@type\":\"EntryPoint\",\"urlTemplate\":\"https:\\\/\\\/buletin.de\\\/bucuresti\\\/?s={search_term_string}\"},\"query-input\":{\"@type\":\"PropertyValueSpecification\",\"valueRequired\":true,\"valueName\":\"search_term_string\"}}],\"inLanguage\":\"en-GB\"},{\"@type\":\"Organization\",\"@id\":\"https:\\\/\\\/buletin.de\\\/bucuresti\\\/#organization\",\"name\":\"Buletin de Bucure\u0219ti\",\"url\":\"https:\\\/\\\/buletin.de\\\/bucuresti\\\/\",\"logo\":{\"@type\":\"ImageObject\",\"inLanguage\":\"en-GB\",\"@id\":\"https:\\\/\\\/buletin.de\\\/bucuresti\\\/#\\\/schema\\\/logo\\\/image\\\/\",\"url\":\"https:\\\/\\\/buletin.de\\\/bucuresti\\\/wp-content\\\/uploads\\\/logo-bdb-full-wide-vernil-transparent.png\",\"contentUrl\":\"https:\\\/\\\/buletin.de\\\/bucuresti\\\/wp-content\\\/uploads\\\/logo-bdb-full-wide-vernil-transparent.png\",\"width\":1782,\"height\":626,\"caption\":\"Buletin de Bucure\u0219ti\"},\"image\":{\"@id\":\"https:\\\/\\\/buletin.de\\\/bucuresti\\\/#\\\/schema\\\/logo\\\/image\\\/\"},\"sameAs\":[\"https:\\\/\\\/www.facebook.com\\\/buletin.de.buc\",\"https:\\\/\\\/www.instagram.com\\\/buletinde.bucuresti\\\/\"]},{\"@type\":\"Person\",\"@id\":\"https:\\\/\\\/buletin.de\\\/bucuresti\\\/#\\\/schema\\\/person\\\/7a01591ad05c4d2c7261fe7f0383d2af\",\"name\":\"Irina Anghel\",\"image\":{\"@type\":\"ImageObject\",\"inLanguage\":\"en-GB\",\"@id\":\"https:\\\/\\\/secure.gravatar.com\\\/avatar\\\/e7d429cbd0c7fe915f817961c0ffb96b407bc87e15aa35cee85f77146f8cce7e?s=96&d=monsterid&r=g693374df2a66e3f4935d210ea15b95ff\",\"url\":\"https:\\\/\\\/secure.gravatar.com\\\/avatar\\\/e7d429cbd0c7fe915f817961c0ffb96b407bc87e15aa35cee85f77146f8cce7e?s=96&d=monsterid&r=g\",\"contentUrl\":\"https:\\\/\\\/secure.gravatar.com\\\/avatar\\\/e7d429cbd0c7fe915f817961c0ffb96b407bc87e15aa35cee85f77146f8cce7e?s=96&d=monsterid&r=g\",\"caption\":\"Irina Anghel\"},\"url\":\"https:\\\/\\\/buletin.de\\\/bucuresti\\\/author\\\/irina\\\/\"}]}<\/script>\n<!-- \/ Yoast SEO Premium plugin. -->","yoast_head_json":{"title":"INFOGRAFIC | Care e num\u0103rul de cazuri de coronavirus care ar \u00eenchide \u0219colile \u00een marile ora\u0219e? - Buletin de Bucure\u0219ti","robots":{"index":"index","follow":"follow","max-snippet":"max-snippet:-1","max-image-preview":"max-image-preview:large","max-video-preview":"max-video-preview:-1"},"canonical":"https:\/\/buletin.de\/bucuresti\/infografic-care-e-numarul-de-cazuri-de-coronavirus-care-ar-inchide-scolile-in-marile-orase\/","og_locale":"en_GB","og_type":"article","og_title":"INFOGRAFIC | Care e num\u0103rul de cazuri de coronavirus care ar \u00eenchide \u0219colile \u00een marile ora\u0219e?","og_description":"\u00cen b\u0103ncile \u0219colii sau \u00een fa\u021ba calculatorului? Formula \u00een care se vor \u00eentoarce elevii la \u0219coal\u0103 pe 14 septembrie depinde de trei scenarii, care \u021bin cont de r\u0103sp\u00e2ndirea virusului \u00een fiecare localitate. Am calculat num\u0103rul de infect\u0103ri zilnice care ac\u021bioneaz\u0103 \u00eentrerup\u0103torul \u0219coli deschise\/laptopuri \u00eenchise pentru cele mai mari ora\u0219e din Rom\u00e2nia. Decizia de deschide fizic [&hellip;]","og_url":"https:\/\/buletin.de\/bucuresti\/infografic-care-e-numarul-de-cazuri-de-coronavirus-care-ar-inchide-scolile-in-marile-orase\/","og_site_name":"Buletin de Bucure\u0219ti","article_publisher":"https:\/\/www.facebook.com\/buletin.de.buc","article_published_time":"2020-08-06T13:44:25+00:00","article_modified_time":"2020-08-10T08:44:25+00:00","og_image":[{"width":1776,"height":792,"url":"https:\/\/buletin.de\/bucuresti\/wp-content\/uploads\/Screen-Shot-2020-08-06-at-14.47.44.png","type":"image\/png"}],"author":"Irina Anghel","twitter_card":"summary_large_image","twitter_misc":{"Written by":"Irina Anghel","Estimated reading time":"1 minute"},"schema":{"@context":"https:\/\/schema.org","@graph":[{"@type":"Article","@id":"https:\/\/buletin.de\/bucuresti\/infografic-care-e-numarul-de-cazuri-de-coronavirus-care-ar-inchide-scolile-in-marile-orase\/#article","isPartOf":{"@id":"https:\/\/buletin.de\/bucuresti\/infografic-care-e-numarul-de-cazuri-de-coronavirus-care-ar-inchide-scolile-in-marile-orase\/"},"author":{"name":"Irina Anghel","@id":"https:\/\/buletin.de\/bucuresti\/#\/schema\/person\/7a01591ad05c4d2c7261fe7f0383d2af"},"headline":"INFOGRAFIC | Care e num\u0103rul de cazuri de coronavirus care ar \u00eenchide \u0219colile \u00een marile ora\u0219e?","datePublished":"2020-08-06T13:44:25+00:00","dateModified":"2020-08-10T08:44:25+00:00","mainEntityOfPage":{"@id":"https:\/\/buletin.de\/bucuresti\/infografic-care-e-numarul-de-cazuri-de-coronavirus-care-ar-inchide-scolile-in-marile-orase\/"},"wordCount":316,"publisher":{"@id":"https:\/\/buletin.de\/bucuresti\/#organization"},"image":{"@id":"https:\/\/buletin.de\/bucuresti\/infografic-care-e-numarul-de-cazuri-de-coronavirus-care-ar-inchide-scolile-in-marile-orase\/#primaryimage"},"thumbnailUrl":"https:\/\/buletin.de\/bucuresti\/wp-content\/uploads\/Screen-Shot-2020-08-06-at-14.47.44.png","articleSection":["Diverse"],"inLanguage":"en-GB","copyrightYear":"2020","copyrightHolder":{"@id":"https:\/\/buletin.de\/bucuresti\/#organization"}},{"@type":"WebPage","@id":"https:\/\/buletin.de\/bucuresti\/infografic-care-e-numarul-de-cazuri-de-coronavirus-care-ar-inchide-scolile-in-marile-orase\/","url":"https:\/\/buletin.de\/bucuresti\/infografic-care-e-numarul-de-cazuri-de-coronavirus-care-ar-inchide-scolile-in-marile-orase\/","name":"INFOGRAFIC | Care e num\u0103rul de cazuri de coronavirus care ar \u00eenchide \u0219colile \u00een marile ora\u0219e? - Buletin de Bucure\u0219ti","isPartOf":{"@id":"https:\/\/buletin.de\/bucuresti\/#website"},"primaryImageOfPage":{"@id":"https:\/\/buletin.de\/bucuresti\/infografic-care-e-numarul-de-cazuri-de-coronavirus-care-ar-inchide-scolile-in-marile-orase\/#primaryimage"},"image":{"@id":"https:\/\/buletin.de\/bucuresti\/infografic-care-e-numarul-de-cazuri-de-coronavirus-care-ar-inchide-scolile-in-marile-orase\/#primaryimage"},"thumbnailUrl":"https:\/\/buletin.de\/bucuresti\/wp-content\/uploads\/Screen-Shot-2020-08-06-at-14.47.44.png","datePublished":"2020-08-06T13:44:25+00:00","dateModified":"2020-08-10T08:44:25+00:00","breadcrumb":{"@id":"https:\/\/buletin.de\/bucuresti\/infografic-care-e-numarul-de-cazuri-de-coronavirus-care-ar-inchide-scolile-in-marile-orase\/#breadcrumb"},"inLanguage":"en-GB","potentialAction":[{"@type":"ReadAction","target":["https:\/\/buletin.de\/bucuresti\/infografic-care-e-numarul-de-cazuri-de-coronavirus-care-ar-inchide-scolile-in-marile-orase\/"]}]},{"@type":"ImageObject","inLanguage":"en-GB","@id":"https:\/\/buletin.de\/bucuresti\/infografic-care-e-numarul-de-cazuri-de-coronavirus-care-ar-inchide-scolile-in-marile-orase\/#primaryimage","url":"https:\/\/buletin.de\/bucuresti\/wp-content\/uploads\/Screen-Shot-2020-08-06-at-14.47.44.png","contentUrl":"https:\/\/buletin.de\/bucuresti\/wp-content\/uploads\/Screen-Shot-2020-08-06-at-14.47.44.png","width":1776,"height":792},{"@type":"BreadcrumbList","@id":"https:\/\/buletin.de\/bucuresti\/infografic-care-e-numarul-de-cazuri-de-coronavirus-care-ar-inchide-scolile-in-marile-orase\/#breadcrumb","itemListElement":[{"@type":"ListItem","position":1,"name":"Acas\u0103","item":"https:\/\/buletin.de\/bucuresti\/"},{"@type":"ListItem","position":2,"name":"INFOGRAFIC | Care e num\u0103rul de cazuri de coronavirus care ar \u00eenchide \u0219colile \u00een marile ora\u0219e?"}]},{"@type":"WebSite","@id":"https:\/\/buletin.de\/bucuresti\/#website","url":"https:\/\/buletin.de\/bucuresti\/","name":"Buletin de Bucure\u0219ti","description":"\u0218tiri \u0219i investiga\u021bii esen\u021biale din capital\u0103","publisher":{"@id":"https:\/\/buletin.de\/bucuresti\/#organization"},"potentialAction":[{"@type":"SearchAction","target":{"@type":"EntryPoint","urlTemplate":"https:\/\/buletin.de\/bucuresti\/?s={search_term_string}"},"query-input":{"@type":"PropertyValueSpecification","valueRequired":true,"valueName":"search_term_string"}}],"inLanguage":"en-GB"},{"@type":"Organization","@id":"https:\/\/buletin.de\/bucuresti\/#organization","name":"Buletin de Bucure\u0219ti","url":"https:\/\/buletin.de\/bucuresti\/","logo":{"@type":"ImageObject","inLanguage":"en-GB","@id":"https:\/\/buletin.de\/bucuresti\/#\/schema\/logo\/image\/","url":"https:\/\/buletin.de\/bucuresti\/wp-content\/uploads\/logo-bdb-full-wide-vernil-transparent.png","contentUrl":"https:\/\/buletin.de\/bucuresti\/wp-content\/uploads\/logo-bdb-full-wide-vernil-transparent.png","width":1782,"height":626,"caption":"Buletin de Bucure\u0219ti"},"image":{"@id":"https:\/\/buletin.de\/bucuresti\/#\/schema\/logo\/image\/"},"sameAs":["https:\/\/www.facebook.com\/buletin.de.buc","https:\/\/www.instagram.com\/buletinde.bucuresti\/"]},{"@type":"Person","@id":"https:\/\/buletin.de\/bucuresti\/#\/schema\/person\/7a01591ad05c4d2c7261fe7f0383d2af","name":"Irina Anghel","image":{"@type":"ImageObject","inLanguage":"en-GB","@id":"https:\/\/secure.gravatar.com\/avatar\/e7d429cbd0c7fe915f817961c0ffb96b407bc87e15aa35cee85f77146f8cce7e?s=96&d=monsterid&r=g693374df2a66e3f4935d210ea15b95ff","url":"https:\/\/secure.gravatar.com\/avatar\/e7d429cbd0c7fe915f817961c0ffb96b407bc87e15aa35cee85f77146f8cce7e?s=96&d=monsterid&r=g","contentUrl":"https:\/\/secure.gravatar.com\/avatar\/e7d429cbd0c7fe915f817961c0ffb96b407bc87e15aa35cee85f77146f8cce7e?s=96&d=monsterid&r=g","caption":"Irina Anghel"},"url":"https:\/\/buletin.de\/bucuresti\/author\/irina\/"}]}},"authors":[{"term_id":22592,"user_id":15,"is_guest":0,"slug":"irina","display_name":"Irina Anghel","avatar_url":"https:\/\/secure.gravatar.com\/avatar\/e7d429cbd0c7fe915f817961c0ffb96b407bc87e15aa35cee85f77146f8cce7e?s=96&d=monsterid&r=g","0":null,"1":"","2":"","3":"","4":"","5":"","6":"","7":"","8":""}],"_links":{"self":[{"href":"https:\/\/buletin.de\/bucuresti\/wp-json\/wp\/v2\/posts\/10131","targetHints":{"allow":["GET"]}}],"collection":[{"href":"https:\/\/buletin.de\/bucuresti\/wp-json\/wp\/v2\/posts"}],"about":[{"href":"https:\/\/buletin.de\/bucuresti\/wp-json\/wp\/v2\/types\/post"}],"author":[{"embeddable":true,"href":"https:\/\/buletin.de\/bucuresti\/wp-json\/wp\/v2\/users\/15"}],"replies":[{"embeddable":true,"href":"https:\/\/buletin.de\/bucuresti\/wp-json\/wp\/v2\/comments?post=10131"}],"version-history":[{"count":15,"href":"https:\/\/buletin.de\/bucuresti\/wp-json\/wp\/v2\/posts\/10131\/revisions"}],"predecessor-version":[{"id":10147,"href":"https:\/\/buletin.de\/bucuresti\/wp-json\/wp\/v2\/posts\/10131\/revisions\/10147"}],"wp:featuredmedia":[{"embeddable":true,"href":"https:\/\/buletin.de\/bucuresti\/wp-json\/wp\/v2\/media\/10138"}],"wp:attachment":[{"href":"https:\/\/buletin.de\/bucuresti\/wp-json\/wp\/v2\/media?parent=10131"}],"wp:term":[{"taxonomy":"category","embeddable":true,"href":"https:\/\/buletin.de\/bucuresti\/wp-json\/wp\/v2\/categories?post=10131"},{"taxonomy":"post_tag","embeddable":true,"href":"https:\/\/buletin.de\/bucuresti\/wp-json\/wp\/v2\/tags?post=10131"},{"taxonomy":"author","embeddable":true,"href":"https:\/\/buletin.de\/bucuresti\/wp-json\/wp\/v2\/ppma_author?post=10131"}],"curies":[{"name":"wp","href":"https:\/\/api.w.org\/{rel}","templated":true}]}}