{"id":101278,"date":"2024-10-08T14:32:50","date_gmt":"2024-10-08T11:32:50","guid":{"rendered":"https:\/\/buletin.de\/bucuresti\/?p=101278"},"modified":"2024-10-09T09:56:51","modified_gmt":"2024-10-09T06:56:51","slug":"proiectele-nordis-din-bucuresti-unde-se-afla-ansamblurile-de-lux-in-valoare-de-23-de-milioane-de-euro","status":"publish","type":"post","link":"https:\/\/buletin.de\/bucuresti\/proiectele-nordis-din-bucuresti-unde-se-afla-ansamblurile-de-lux-in-valoare-de-23-de-milioane-de-euro\/","title":{"rendered":"Proiectele Nordis din Bucure\u0219ti. Unde se afl\u0103 ansamblurile de lux \u00een valoare de 23 de milioane de euro"},"content":{"rendered":"\n<p><strong>O <\/strong><a href=\"https:\/\/recorder.ro\/schema-nordis-masinaria-de-facut-bani-a-celui-mai-puternic-clan-politico-imobiliar\/\"><strong>investiga\u021bie Recorder<\/strong><\/a><strong> a scos la iveal\u0103 posibile fraude de propor\u021bii \u00een afacerea imobiliar\u0103 Nordis. Dezvoltatorul, care a promis construc\u021bia unor ansambluri de lux \u00een Rom\u00e2nia, ar fi \u00eencasat sume uria\u0219e \u00een avans pentru proiecte care nu au fost livrate. Multe dintre acestea au r\u0103mas doar \u00een stadiul de schi\u021be \u0219i reclame, iar \u00een unele cazuri, apartamentele ar fi fost v\u00e2ndute de mai multe ori.<\/strong><\/p>\n\n\n\n<p>Proiectele Nordis din Bucure\u0219ti constau \u00een dou\u0103 ansambluri imobiliare de lux, \u00een cele mai scumpe zone: Nordis Prim\u0103verii Boutique \u0219i Nordis View.<\/p>\n\n\n\n<p><strong>CITE\u0218TE \u0218I: <\/strong><a href=\"https:\/\/buletin.de\/bucuresti\/investigatie-recorder-proiectul-nordis-o-teapa-imobiliara-a-unui-dezvoltator-cu-conexiuni-la-cel-mai-inalt-nivel\/\"><strong>Investiga\u021bie Recorder: Proiectul Nordis, o \u021beap\u0103 imobiliar\u0103 a unui dezvoltator cu conexiuni la cel mai \u00eenalt nivel<\/strong><\/a><\/p>\n\n\n\n<h2 class=\"wp-block-heading\" id=\"h-proiectele-nordis-din-bucure\u0219ti\"><strong>Proiectele Nordis din Bucure\u0219ti<\/strong><\/h2>\n\n\n\n<p><a href=\"https:\/\/www.profit.ro\/povesti-cu-profit\/real-estate-constructii\/nordis-group-inaugureaza-o-cladire-rezidentiala-in-bucuresti-investitie-de-8-milioane-de-euro-19966517\">Profit.ro<\/a> scria la \u00eenceputul anului 2021 c\u0103 Nordis Group a finalizat primul proiect \u00een Bucure\u0219ti, <strong>Nordis Prim\u0103verii Boutique<\/strong>.<\/p>\n\n\n\n<p>Cl\u0103direa reprezint\u0103 <strong>o investi\u021bie de 8 milioane de euro<\/strong> \u0219i include patru tipuri de locuin\u021be: trei apartamente de lux \u0219i un penthouse situat pe ultimele trei etaje. De asemenea, la demisol, cl\u0103direa are un spa\u021biu de birouri.<\/p>\n\n\n\n<p>Proiectul este situat pe Bulevardul Prim\u0103verii, una dintre cele mai scumpe zone din Capital\u0103.<\/p>\n\n\n\n<p>\u00cen acela\u0219i an, dezvoltatorul anun\u021ba demararea construc\u021biilor pentru un alt proiect imobiliar exclusivist, <strong>Nordis View<\/strong>, situat \u00een nordul Bucure\u0219tiului, pe \u0218oseaua Fabrica de Glucoz\u0103, aproape de intersec\u021bia cu Barbu V\u0103c\u0103rescu.<\/p>\n\n\n\n<p><strong>Evaluat la 15 milioane de euro<\/strong>, acesta include 51 de apartamente reziden\u021biale, pe o suprafa\u021b\u0103 de 9.000 de metri p\u0103tra\u021bi.<\/p>\n\n\n\n<p>Termenul de finalizare a fost stabilit pentru decembrie 2022, \u00eens\u0103 investiga\u021bia Recorder arat\u0103 c\u0103, <strong>\u00een acest moment, \u201eproiectul exclusivist\u201d const\u0103 doar \u00eentr-o structur\u0103 de beton \u00eenceput\u0103 \u0219i abandonat\u0103.<\/strong><\/p>\n\n\n\n<p>Cu toate astea, <strong>dezvoltatorul \u00eenc\u0103 ar vinde apartamente \u00een acest ansamblu imobiliar aflat \u00een stadiul de \u0219antier<\/strong>, conform investiga\u021biei.<br><br><strong>CITE\u0218TE \u0218I: <\/strong><a href=\"https:\/\/buletin.de\/bucuresti\/actiune-de-amploare-la-clanul-de-camatari-al-lui-zabar-perchezitii-in-34-de-locuri-din-bucuresti-ilfov-si-dambovita\/\"><strong>Perchezi\u021bii la un clan de c\u0103m\u0103tari din Nordul Capitalei. Dosarul, deschis de Poli\u021bia Otopeni<\/strong><\/a><\/p>\n\n\n\n<h2 class=\"wp-block-heading\" id=\"h-proiectul-nordis-o-\u021beapa-imobiliara-a-unui-dezvoltator-cu-conexiuni-la-cel-mai-inalt-nivel\"><strong>Proiectul Nordis, o \u021beap\u0103 imobiliar\u0103 a unui dezvoltator cu conexiuni la cel mai \u00eenalt nivel<\/strong><\/h2>\n\n\n\n<p><strong>Nordis ar fi \u00eencasat \u00een avans sume considerabile de bani de la oameni care n-au mai intrat niciodat\u0103 \u00een posesia apartamentelor promise, de\u0219i le-au pl\u0103tit integral, spun jurnali\u0219tii.<\/strong><\/p>\n\n\n\n<p>Recorder a descoperit indicii clare c\u0103 <strong>unele apartamente au fost v\u00e2ndute de mai multe ori, c\u0103tre persoane diferite.<\/strong><\/p>\n\n\n\n<p><a href=\"https:\/\/recorder.ro\/schema-nordis-masinaria-de-facut-bani-a-celui-mai-puternic-clan-politico-imobiliar\/\">Investiga\u021bia <\/a>eviden\u021biaz\u0103 \u0219i leg\u0103turile politice ale grupului. Vladimir Ciorb\u0103, principalul asociat al Nordis, este so\u021bul Laurei Vicol, deputat\u0103 PSD \u0219i \u0219efa Comisiei Juridice din Camera Deputa\u021bilor. Ca \u0219ef\u0103 a Comisiei Juridice, rolul ei \u00een reglementarea industriei imobiliare este unul discutabil, pentru c\u0103 a fost direct implicat\u0103 \u00een beneficiile care au permis func\u021bionarea schemei Nordis.<\/p>\n\n\n\n<p><strong>Ea a demisionat din func\u021bia de \u0219ef\u0103 a Comisiei Juridice la o zi de la investiga\u021bia Recorder.<\/strong><\/p>\n\n\n\n<p><em>\u201eAm luat decizia ca urmare a jocurilor nedrepte \u0219i de o gravitate f\u0103r\u0103 precedent \u00eendreptate \u00eempotriva mea. P\u00e2n\u0103 la l\u0103murirea lor, doresc s\u0103 demisionez\u201d<\/em>, a transmis Laura Vicol, citat\u0103 de <a href=\"https:\/\/hotnews.ro\/laura-vicol-demisioneaza-de-la-sefia-comisiei-juridice-din-camera-deputatilor-dupa-investigatia-recorder-despre-schema-nordis-1808602\">HotNews.ro<\/a>.<\/p>\n\n\n\n<p>De asemenea, <strong>un complet de judecat\u0103 a decis luni, 7 octombrie, \u00een ziua public\u0103rii investiga\u021biei Recorder, intrarea \u00een insolven\u021b\u0103 a firmei Nordis Management<\/strong>, una dintre cele mai importante entit\u0103\u021bi din grup, conform <a href=\"https:\/\/www.g4media.ro\/breaking-un-judecator-sindic-a-dispus-astazi-intrarea-in-insolventa-a-nordis-management-si-a-numit-un-administrator-judiciar-provizoriu.html?utm_source=rss&amp;utm_medium=rss&amp;utm_campaign=breaking-un-judecator-sindic-a-dispus-astazi-intrarea-in-insolventa-a-nordis-management-si-a-numit-un-administrator-judiciar-provizoriu\">G4Media<\/a>.<\/p>\n\n\n\n<p>Aproximativ 80 de creditori au solicitat aceast\u0103 m\u0103sur\u0103 din cauza nepl\u0103\u021bii datoriilor.<\/p>\n\n\n\n<p><strong>CITE\u0218TE \u0218I: <\/strong><a href=\"https:\/\/buletin.de\/bucuresti\/razboiul-n-dan-d-baluta-nu-s-a-stins-cei-doi-inca-se-lupta-pe-planseul-unirii-si-dau-vina-unul-pe-altul-pentru-situatia-creata\/\"><strong>R\u0103zboiul N. Dan \u2013 D. B\u0103lu\u0163\u0103 nu s-a stins. Cei doi \u00eenc\u0103 se lupt\u0103 pe plan\u015feul Unirii \u015fi dau vina unul pe altul pentru situa\u0163ia creat\u0103<\/strong><\/a><\/p>\n","protected":false},"excerpt":{"rendered":"<p>O investiga\u021bie Recorder a scos la iveal\u0103 posibile fraude de propor\u021bii \u00een afacerea imobiliar\u0103 Nordis. Dezvoltatorul, care a promis construc\u021bia unor ansambluri de lux \u00een Rom\u00e2nia, ar fi \u00eencasat sume uria\u0219e \u00een avans pentru proiecte care nu au fost livrate. Multe dintre acestea au r\u0103mas doar \u00een stadiul de schi\u021be \u0219i reclame, iar \u00een unele [&hellip;]<\/p>\n","protected":false},"author":1,"featured_media":101279,"comment_status":"closed","ping_status":"open","sticky":false,"template":"","format":"standard","meta":{"_acf_changed":false,"inline_featured_image":false,"ngg_post_thumbnail":0,"footnotes":""},"categories":[6994,5762],"tags":[2063,2054,8110,5395,12277,15771,15793,3979,3321],"ppma_author":[22583],"class_list":["post-101278","post","type-post","status-publish","format-standard","has-post-thumbnail","hentry","category-stiri-2","category-main","tag-bucuresti-2","tag-capitala","tag-frauda-2","tag-imobiliare","tag-investigatie-2","tag-nordis","tag-nordis-group","tag-proiecte","tag-recorder"],"acf":[],"yoast_head":"<!-- This site is optimized with the Yoast SEO Premium plugin v25.3 (Yoast SEO v27.4) - https:\/\/yoast.com\/product\/yoast-seo-premium-wordpress\/ -->\n<title>Proiectele Nordis din Bucure\u0219ti. Unde se afl\u0103 ansamblurile de lux \u00een valoare de 23 de milioane de euro - Buletin de Bucure\u0219ti<\/title>\n<meta name=\"description\" content=\"Proiectele Nordis din Bucure\u0219ti. Unde se afl\u0103 ansamblurile de lux \u00een valoare de 23 de milioane de euro, Nordis View \u0219i Nordis Prim\u0103verii.\" \/>\n<meta name=\"robots\" content=\"index, follow, max-snippet:-1, max-image-preview:large, max-video-preview:-1\" \/>\n<link rel=\"canonical\" href=\"https:\/\/buletin.de\/bucuresti\/proiectele-nordis-din-bucuresti-unde-se-afla-ansamblurile-de-lux-in-valoare-de-23-de-milioane-de-euro\/\" \/>\n<meta property=\"og:locale\" content=\"en_GB\" \/>\n<meta property=\"og:type\" content=\"article\" \/>\n<meta property=\"og:title\" content=\"Proiectele Nordis din Bucure\u0219ti. Unde se afl\u0103 ansamblurile de lux \u00een valoare de 23 de milioane de euro\" \/>\n<meta property=\"og:description\" content=\"Proiectele Nordis din Bucure\u0219ti. Unde se afl\u0103 ansamblurile de lux \u00een valoare de 23 de milioane de euro, Nordis View \u0219i Nordis Prim\u0103verii.\" \/>\n<meta property=\"og:url\" content=\"https:\/\/buletin.de\/bucuresti\/proiectele-nordis-din-bucuresti-unde-se-afla-ansamblurile-de-lux-in-valoare-de-23-de-milioane-de-euro\/\" \/>\n<meta property=\"og:site_name\" content=\"Buletin de Bucure\u0219ti\" \/>\n<meta property=\"article:publisher\" content=\"https:\/\/www.facebook.com\/buletin.de.buc\" \/>\n<meta property=\"article:published_time\" content=\"2024-10-08T11:32:50+00:00\" \/>\n<meta property=\"article:modified_time\" content=\"2024-10-09T06:56:51+00:00\" \/>\n<meta property=\"og:image\" content=\"https:\/\/buletin.de\/bucuresti\/wp-content\/uploads\/Investigatie-Recorder-2.jpeg\" \/>\n\t<meta property=\"og:image:width\" content=\"1068\" \/>\n\t<meta property=\"og:image:height\" content=\"591\" \/>\n\t<meta property=\"og:image:type\" content=\"image\/jpeg\" \/>\n<meta name=\"author\" content=\"Redac\u021bia Buletin de Bucure\u0219ti\" \/>\n<meta name=\"twitter:card\" content=\"summary_large_image\" \/>\n<meta name=\"twitter:label1\" content=\"Written by\" \/>\n\t<meta name=\"twitter:data1\" content=\"Redac\u021bia Buletin de Bucure\u0219ti\" \/>\n\t<meta name=\"twitter:label2\" content=\"Estimated reading time\" \/>\n\t<meta name=\"twitter:data2\" content=\"3 minutes\" \/>\n<script type=\"application\/ld+json\" class=\"yoast-schema-graph\">{\"@context\":\"https:\\\/\\\/schema.org\",\"@graph\":[{\"@type\":\"Article\",\"@id\":\"https:\\\/\\\/buletin.de\\\/bucuresti\\\/proiectele-nordis-din-bucuresti-unde-se-afla-ansamblurile-de-lux-in-valoare-de-23-de-milioane-de-euro\\\/#article\",\"isPartOf\":{\"@id\":\"https:\\\/\\\/buletin.de\\\/bucuresti\\\/proiectele-nordis-din-bucuresti-unde-se-afla-ansamblurile-de-lux-in-valoare-de-23-de-milioane-de-euro\\\/\"},\"author\":{\"name\":\"Redac\u021bia Buletin de Bucure\u0219ti\",\"@id\":\"https:\\\/\\\/buletin.de\\\/bucuresti\\\/#\\\/schema\\\/person\\\/2bbcf854e5f2419a13804af574d06ab1\"},\"headline\":\"Proiectele Nordis din Bucure\u0219ti. Unde se afl\u0103 ansamblurile de lux \u00een valoare de 23 de milioane de euro\",\"datePublished\":\"2024-10-08T11:32:50+00:00\",\"dateModified\":\"2024-10-09T06:56:51+00:00\",\"mainEntityOfPage\":{\"@id\":\"https:\\\/\\\/buletin.de\\\/bucuresti\\\/proiectele-nordis-din-bucuresti-unde-se-afla-ansamblurile-de-lux-in-valoare-de-23-de-milioane-de-euro\\\/\"},\"wordCount\":604,\"publisher\":{\"@id\":\"https:\\\/\\\/buletin.de\\\/bucuresti\\\/#organization\"},\"image\":{\"@id\":\"https:\\\/\\\/buletin.de\\\/bucuresti\\\/proiectele-nordis-din-bucuresti-unde-se-afla-ansamblurile-de-lux-in-valoare-de-23-de-milioane-de-euro\\\/#primaryimage\"},\"thumbnailUrl\":\"https:\\\/\\\/buletin.de\\\/bucuresti\\\/wp-content\\\/uploads\\\/Investigatie-Recorder-2.jpeg\",\"keywords\":[\"Bucure\u0219ti\",\"Capitala\",\"fraud\u0103\",\"imobiliare\",\"Investiga\u021bie\",\"nordis\",\"Nordis Group\",\"proiecte\",\"recorder\"],\"articleSection\":[\"Articole\",\"Main\"],\"inLanguage\":\"en-GB\",\"copyrightYear\":\"2024\",\"copyrightHolder\":{\"@id\":\"https:\\\/\\\/buletin.de\\\/bucuresti\\\/#organization\"}},{\"@type\":\"WebPage\",\"@id\":\"https:\\\/\\\/buletin.de\\\/bucuresti\\\/proiectele-nordis-din-bucuresti-unde-se-afla-ansamblurile-de-lux-in-valoare-de-23-de-milioane-de-euro\\\/\",\"url\":\"https:\\\/\\\/buletin.de\\\/bucuresti\\\/proiectele-nordis-din-bucuresti-unde-se-afla-ansamblurile-de-lux-in-valoare-de-23-de-milioane-de-euro\\\/\",\"name\":\"Proiectele Nordis din Bucure\u0219ti. Unde se afl\u0103 ansamblurile de lux \u00een valoare de 23 de milioane de euro - Buletin de Bucure\u0219ti\",\"isPartOf\":{\"@id\":\"https:\\\/\\\/buletin.de\\\/bucuresti\\\/#website\"},\"primaryImageOfPage\":{\"@id\":\"https:\\\/\\\/buletin.de\\\/bucuresti\\\/proiectele-nordis-din-bucuresti-unde-se-afla-ansamblurile-de-lux-in-valoare-de-23-de-milioane-de-euro\\\/#primaryimage\"},\"image\":{\"@id\":\"https:\\\/\\\/buletin.de\\\/bucuresti\\\/proiectele-nordis-din-bucuresti-unde-se-afla-ansamblurile-de-lux-in-valoare-de-23-de-milioane-de-euro\\\/#primaryimage\"},\"thumbnailUrl\":\"https:\\\/\\\/buletin.de\\\/bucuresti\\\/wp-content\\\/uploads\\\/Investigatie-Recorder-2.jpeg\",\"datePublished\":\"2024-10-08T11:32:50+00:00\",\"dateModified\":\"2024-10-09T06:56:51+00:00\",\"description\":\"Proiectele Nordis din Bucure\u0219ti. Unde se afl\u0103 ansamblurile de lux \u00een valoare de 23 de milioane de euro, Nordis View \u0219i Nordis Prim\u0103verii.\",\"breadcrumb\":{\"@id\":\"https:\\\/\\\/buletin.de\\\/bucuresti\\\/proiectele-nordis-din-bucuresti-unde-se-afla-ansamblurile-de-lux-in-valoare-de-23-de-milioane-de-euro\\\/#breadcrumb\"},\"inLanguage\":\"en-GB\",\"potentialAction\":[{\"@type\":\"ReadAction\",\"target\":[\"https:\\\/\\\/buletin.de\\\/bucuresti\\\/proiectele-nordis-din-bucuresti-unde-se-afla-ansamblurile-de-lux-in-valoare-de-23-de-milioane-de-euro\\\/\"]}]},{\"@type\":\"ImageObject\",\"inLanguage\":\"en-GB\",\"@id\":\"https:\\\/\\\/buletin.de\\\/bucuresti\\\/proiectele-nordis-din-bucuresti-unde-se-afla-ansamblurile-de-lux-in-valoare-de-23-de-milioane-de-euro\\\/#primaryimage\",\"url\":\"https:\\\/\\\/buletin.de\\\/bucuresti\\\/wp-content\\\/uploads\\\/Investigatie-Recorder-2.jpeg\",\"contentUrl\":\"https:\\\/\\\/buletin.de\\\/bucuresti\\\/wp-content\\\/uploads\\\/Investigatie-Recorder-2.jpeg\",\"width\":1068,\"height\":591,\"caption\":\"Proiectele Nordis din Bucure\u0219ti. Nordis View, \u0218oseaua Fabrica de Glucoz\u0103. FOTO: Captur\u0103 Recorder\"},{\"@type\":\"BreadcrumbList\",\"@id\":\"https:\\\/\\\/buletin.de\\\/bucuresti\\\/proiectele-nordis-din-bucuresti-unde-se-afla-ansamblurile-de-lux-in-valoare-de-23-de-milioane-de-euro\\\/#breadcrumb\",\"itemListElement\":[{\"@type\":\"ListItem\",\"position\":1,\"name\":\"Acas\u0103\",\"item\":\"https:\\\/\\\/buletin.de\\\/bucuresti\\\/\"},{\"@type\":\"ListItem\",\"position\":2,\"name\":\"Proiectele Nordis din Bucure\u0219ti. Unde se afl\u0103 ansamblurile de lux \u00een valoare de 23 de milioane de euro\"}]},{\"@type\":\"WebSite\",\"@id\":\"https:\\\/\\\/buletin.de\\\/bucuresti\\\/#website\",\"url\":\"https:\\\/\\\/buletin.de\\\/bucuresti\\\/\",\"name\":\"Buletin de Bucure\u0219ti\",\"description\":\"\u0218tiri \u0219i investiga\u021bii esen\u021biale din capital\u0103\",\"publisher\":{\"@id\":\"https:\\\/\\\/buletin.de\\\/bucuresti\\\/#organization\"},\"potentialAction\":[{\"@type\":\"SearchAction\",\"target\":{\"@type\":\"EntryPoint\",\"urlTemplate\":\"https:\\\/\\\/buletin.de\\\/bucuresti\\\/?s={search_term_string}\"},\"query-input\":{\"@type\":\"PropertyValueSpecification\",\"valueRequired\":true,\"valueName\":\"search_term_string\"}}],\"inLanguage\":\"en-GB\"},{\"@type\":\"Organization\",\"@id\":\"https:\\\/\\\/buletin.de\\\/bucuresti\\\/#organization\",\"name\":\"Buletin de Bucure\u0219ti\",\"url\":\"https:\\\/\\\/buletin.de\\\/bucuresti\\\/\",\"logo\":{\"@type\":\"ImageObject\",\"inLanguage\":\"en-GB\",\"@id\":\"https:\\\/\\\/buletin.de\\\/bucuresti\\\/#\\\/schema\\\/logo\\\/image\\\/\",\"url\":\"https:\\\/\\\/buletin.de\\\/bucuresti\\\/wp-content\\\/uploads\\\/logo-bdb-full-wide-vernil-transparent.png\",\"contentUrl\":\"https:\\\/\\\/buletin.de\\\/bucuresti\\\/wp-content\\\/uploads\\\/logo-bdb-full-wide-vernil-transparent.png\",\"width\":1782,\"height\":626,\"caption\":\"Buletin de Bucure\u0219ti\"},\"image\":{\"@id\":\"https:\\\/\\\/buletin.de\\\/bucuresti\\\/#\\\/schema\\\/logo\\\/image\\\/\"},\"sameAs\":[\"https:\\\/\\\/www.facebook.com\\\/buletin.de.buc\",\"https:\\\/\\\/www.instagram.com\\\/buletinde.bucuresti\\\/\"]},{\"@type\":\"Person\",\"@id\":\"https:\\\/\\\/buletin.de\\\/bucuresti\\\/#\\\/schema\\\/person\\\/2bbcf854e5f2419a13804af574d06ab1\",\"name\":\"Redac\u021bia Buletin de Bucure\u0219ti\",\"image\":{\"@type\":\"ImageObject\",\"inLanguage\":\"en-GB\",\"@id\":\"https:\\\/\\\/secure.gravatar.com\\\/avatar\\\/18c5342381ed1a08620e6280424e3e5efc958618f5d67c522c9e44c1bc6f9226?s=96&d=monsterid&r=g60c7cd0ad92c68c049fcd4bb3504d609\",\"url\":\"https:\\\/\\\/secure.gravatar.com\\\/avatar\\\/18c5342381ed1a08620e6280424e3e5efc958618f5d67c522c9e44c1bc6f9226?s=96&d=monsterid&r=g\",\"contentUrl\":\"https:\\\/\\\/secure.gravatar.com\\\/avatar\\\/18c5342381ed1a08620e6280424e3e5efc958618f5d67c522c9e44c1bc6f9226?s=96&d=monsterid&r=g\",\"caption\":\"Redac\u021bia Buletin de Bucure\u0219ti\"},\"description\":\"Buletin de Bucure\u0219ti exist\u0103 din vara anului 2019.\",\"url\":\"https:\\\/\\\/buletin.de\\\/bucuresti\\\/author\\\/adminbuletin\\\/\"}]}<\/script>\n<!-- \/ Yoast SEO Premium plugin. -->","yoast_head_json":{"title":"Proiectele Nordis din Bucure\u0219ti. Unde se afl\u0103 ansamblurile de lux \u00een valoare de 23 de milioane de euro - Buletin de Bucure\u0219ti","description":"Proiectele Nordis din Bucure\u0219ti. Unde se afl\u0103 ansamblurile de lux \u00een valoare de 23 de milioane de euro, Nordis View \u0219i Nordis Prim\u0103verii.","robots":{"index":"index","follow":"follow","max-snippet":"max-snippet:-1","max-image-preview":"max-image-preview:large","max-video-preview":"max-video-preview:-1"},"canonical":"https:\/\/buletin.de\/bucuresti\/proiectele-nordis-din-bucuresti-unde-se-afla-ansamblurile-de-lux-in-valoare-de-23-de-milioane-de-euro\/","og_locale":"en_GB","og_type":"article","og_title":"Proiectele Nordis din Bucure\u0219ti. Unde se afl\u0103 ansamblurile de lux \u00een valoare de 23 de milioane de euro","og_description":"Proiectele Nordis din Bucure\u0219ti. Unde se afl\u0103 ansamblurile de lux \u00een valoare de 23 de milioane de euro, Nordis View \u0219i Nordis Prim\u0103verii.","og_url":"https:\/\/buletin.de\/bucuresti\/proiectele-nordis-din-bucuresti-unde-se-afla-ansamblurile-de-lux-in-valoare-de-23-de-milioane-de-euro\/","og_site_name":"Buletin de Bucure\u0219ti","article_publisher":"https:\/\/www.facebook.com\/buletin.de.buc","article_published_time":"2024-10-08T11:32:50+00:00","article_modified_time":"2024-10-09T06:56:51+00:00","og_image":[{"width":1068,"height":591,"url":"https:\/\/buletin.de\/bucuresti\/wp-content\/uploads\/Investigatie-Recorder-2.jpeg","type":"image\/jpeg"}],"author":"Redac\u021bia Buletin de Bucure\u0219ti","twitter_card":"summary_large_image","twitter_misc":{"Written by":"Redac\u021bia Buletin de Bucure\u0219ti","Estimated reading time":"3 minutes"},"schema":{"@context":"https:\/\/schema.org","@graph":[{"@type":"Article","@id":"https:\/\/buletin.de\/bucuresti\/proiectele-nordis-din-bucuresti-unde-se-afla-ansamblurile-de-lux-in-valoare-de-23-de-milioane-de-euro\/#article","isPartOf":{"@id":"https:\/\/buletin.de\/bucuresti\/proiectele-nordis-din-bucuresti-unde-se-afla-ansamblurile-de-lux-in-valoare-de-23-de-milioane-de-euro\/"},"author":{"name":"Redac\u021bia Buletin de Bucure\u0219ti","@id":"https:\/\/buletin.de\/bucuresti\/#\/schema\/person\/2bbcf854e5f2419a13804af574d06ab1"},"headline":"Proiectele Nordis din Bucure\u0219ti. Unde se afl\u0103 ansamblurile de lux \u00een valoare de 23 de milioane de euro","datePublished":"2024-10-08T11:32:50+00:00","dateModified":"2024-10-09T06:56:51+00:00","mainEntityOfPage":{"@id":"https:\/\/buletin.de\/bucuresti\/proiectele-nordis-din-bucuresti-unde-se-afla-ansamblurile-de-lux-in-valoare-de-23-de-milioane-de-euro\/"},"wordCount":604,"publisher":{"@id":"https:\/\/buletin.de\/bucuresti\/#organization"},"image":{"@id":"https:\/\/buletin.de\/bucuresti\/proiectele-nordis-din-bucuresti-unde-se-afla-ansamblurile-de-lux-in-valoare-de-23-de-milioane-de-euro\/#primaryimage"},"thumbnailUrl":"https:\/\/buletin.de\/bucuresti\/wp-content\/uploads\/Investigatie-Recorder-2.jpeg","keywords":["Bucure\u0219ti","Capitala","fraud\u0103","imobiliare","Investiga\u021bie","nordis","Nordis Group","proiecte","recorder"],"articleSection":["Articole","Main"],"inLanguage":"en-GB","copyrightYear":"2024","copyrightHolder":{"@id":"https:\/\/buletin.de\/bucuresti\/#organization"}},{"@type":"WebPage","@id":"https:\/\/buletin.de\/bucuresti\/proiectele-nordis-din-bucuresti-unde-se-afla-ansamblurile-de-lux-in-valoare-de-23-de-milioane-de-euro\/","url":"https:\/\/buletin.de\/bucuresti\/proiectele-nordis-din-bucuresti-unde-se-afla-ansamblurile-de-lux-in-valoare-de-23-de-milioane-de-euro\/","name":"Proiectele Nordis din Bucure\u0219ti. Unde se afl\u0103 ansamblurile de lux \u00een valoare de 23 de milioane de euro - Buletin de Bucure\u0219ti","isPartOf":{"@id":"https:\/\/buletin.de\/bucuresti\/#website"},"primaryImageOfPage":{"@id":"https:\/\/buletin.de\/bucuresti\/proiectele-nordis-din-bucuresti-unde-se-afla-ansamblurile-de-lux-in-valoare-de-23-de-milioane-de-euro\/#primaryimage"},"image":{"@id":"https:\/\/buletin.de\/bucuresti\/proiectele-nordis-din-bucuresti-unde-se-afla-ansamblurile-de-lux-in-valoare-de-23-de-milioane-de-euro\/#primaryimage"},"thumbnailUrl":"https:\/\/buletin.de\/bucuresti\/wp-content\/uploads\/Investigatie-Recorder-2.jpeg","datePublished":"2024-10-08T11:32:50+00:00","dateModified":"2024-10-09T06:56:51+00:00","description":"Proiectele Nordis din Bucure\u0219ti. Unde se afl\u0103 ansamblurile de lux \u00een valoare de 23 de milioane de euro, Nordis View \u0219i Nordis Prim\u0103verii.","breadcrumb":{"@id":"https:\/\/buletin.de\/bucuresti\/proiectele-nordis-din-bucuresti-unde-se-afla-ansamblurile-de-lux-in-valoare-de-23-de-milioane-de-euro\/#breadcrumb"},"inLanguage":"en-GB","potentialAction":[{"@type":"ReadAction","target":["https:\/\/buletin.de\/bucuresti\/proiectele-nordis-din-bucuresti-unde-se-afla-ansamblurile-de-lux-in-valoare-de-23-de-milioane-de-euro\/"]}]},{"@type":"ImageObject","inLanguage":"en-GB","@id":"https:\/\/buletin.de\/bucuresti\/proiectele-nordis-din-bucuresti-unde-se-afla-ansamblurile-de-lux-in-valoare-de-23-de-milioane-de-euro\/#primaryimage","url":"https:\/\/buletin.de\/bucuresti\/wp-content\/uploads\/Investigatie-Recorder-2.jpeg","contentUrl":"https:\/\/buletin.de\/bucuresti\/wp-content\/uploads\/Investigatie-Recorder-2.jpeg","width":1068,"height":591,"caption":"Proiectele Nordis din Bucure\u0219ti. Nordis View, \u0218oseaua Fabrica de Glucoz\u0103. FOTO: Captur\u0103 Recorder"},{"@type":"BreadcrumbList","@id":"https:\/\/buletin.de\/bucuresti\/proiectele-nordis-din-bucuresti-unde-se-afla-ansamblurile-de-lux-in-valoare-de-23-de-milioane-de-euro\/#breadcrumb","itemListElement":[{"@type":"ListItem","position":1,"name":"Acas\u0103","item":"https:\/\/buletin.de\/bucuresti\/"},{"@type":"ListItem","position":2,"name":"Proiectele Nordis din Bucure\u0219ti. Unde se afl\u0103 ansamblurile de lux \u00een valoare de 23 de milioane de euro"}]},{"@type":"WebSite","@id":"https:\/\/buletin.de\/bucuresti\/#website","url":"https:\/\/buletin.de\/bucuresti\/","name":"Buletin de Bucure\u0219ti","description":"\u0218tiri \u0219i investiga\u021bii esen\u021biale din capital\u0103","publisher":{"@id":"https:\/\/buletin.de\/bucuresti\/#organization"},"potentialAction":[{"@type":"SearchAction","target":{"@type":"EntryPoint","urlTemplate":"https:\/\/buletin.de\/bucuresti\/?s={search_term_string}"},"query-input":{"@type":"PropertyValueSpecification","valueRequired":true,"valueName":"search_term_string"}}],"inLanguage":"en-GB"},{"@type":"Organization","@id":"https:\/\/buletin.de\/bucuresti\/#organization","name":"Buletin de Bucure\u0219ti","url":"https:\/\/buletin.de\/bucuresti\/","logo":{"@type":"ImageObject","inLanguage":"en-GB","@id":"https:\/\/buletin.de\/bucuresti\/#\/schema\/logo\/image\/","url":"https:\/\/buletin.de\/bucuresti\/wp-content\/uploads\/logo-bdb-full-wide-vernil-transparent.png","contentUrl":"https:\/\/buletin.de\/bucuresti\/wp-content\/uploads\/logo-bdb-full-wide-vernil-transparent.png","width":1782,"height":626,"caption":"Buletin de Bucure\u0219ti"},"image":{"@id":"https:\/\/buletin.de\/bucuresti\/#\/schema\/logo\/image\/"},"sameAs":["https:\/\/www.facebook.com\/buletin.de.buc","https:\/\/www.instagram.com\/buletinde.bucuresti\/"]},{"@type":"Person","@id":"https:\/\/buletin.de\/bucuresti\/#\/schema\/person\/2bbcf854e5f2419a13804af574d06ab1","name":"Redac\u021bia Buletin de Bucure\u0219ti","image":{"@type":"ImageObject","inLanguage":"en-GB","@id":"https:\/\/secure.gravatar.com\/avatar\/18c5342381ed1a08620e6280424e3e5efc958618f5d67c522c9e44c1bc6f9226?s=96&d=monsterid&r=g60c7cd0ad92c68c049fcd4bb3504d609","url":"https:\/\/secure.gravatar.com\/avatar\/18c5342381ed1a08620e6280424e3e5efc958618f5d67c522c9e44c1bc6f9226?s=96&d=monsterid&r=g","contentUrl":"https:\/\/secure.gravatar.com\/avatar\/18c5342381ed1a08620e6280424e3e5efc958618f5d67c522c9e44c1bc6f9226?s=96&d=monsterid&r=g","caption":"Redac\u021bia Buletin de Bucure\u0219ti"},"description":"Buletin de Bucure\u0219ti exist\u0103 din vara anului 2019.","url":"https:\/\/buletin.de\/bucuresti\/author\/adminbuletin\/"}]}},"authors":[{"term_id":22583,"user_id":1,"is_guest":0,"slug":"adminbuletin","display_name":"Redac\u021bia Buletin de Bucure\u0219ti","avatar_url":"https:\/\/secure.gravatar.com\/avatar\/18c5342381ed1a08620e6280424e3e5efc958618f5d67c522c9e44c1bc6f9226?s=96&d=monsterid&r=g","0":null,"1":"","2":"","3":"","4":"","5":"","6":"","7":"","8":""}],"_links":{"self":[{"href":"https:\/\/buletin.de\/bucuresti\/wp-json\/wp\/v2\/posts\/101278","targetHints":{"allow":["GET"]}}],"collection":[{"href":"https:\/\/buletin.de\/bucuresti\/wp-json\/wp\/v2\/posts"}],"about":[{"href":"https:\/\/buletin.de\/bucuresti\/wp-json\/wp\/v2\/types\/post"}],"author":[{"embeddable":true,"href":"https:\/\/buletin.de\/bucuresti\/wp-json\/wp\/v2\/users\/1"}],"replies":[{"embeddable":true,"href":"https:\/\/buletin.de\/bucuresti\/wp-json\/wp\/v2\/comments?post=101278"}],"version-history":[{"count":2,"href":"https:\/\/buletin.de\/bucuresti\/wp-json\/wp\/v2\/posts\/101278\/revisions"}],"predecessor-version":[{"id":101285,"href":"https:\/\/buletin.de\/bucuresti\/wp-json\/wp\/v2\/posts\/101278\/revisions\/101285"}],"wp:featuredmedia":[{"embeddable":true,"href":"https:\/\/buletin.de\/bucuresti\/wp-json\/wp\/v2\/media\/101279"}],"wp:attachment":[{"href":"https:\/\/buletin.de\/bucuresti\/wp-json\/wp\/v2\/media?parent=101278"}],"wp:term":[{"taxonomy":"category","embeddable":true,"href":"https:\/\/buletin.de\/bucuresti\/wp-json\/wp\/v2\/categories?post=101278"},{"taxonomy":"post_tag","embeddable":true,"href":"https:\/\/buletin.de\/bucuresti\/wp-json\/wp\/v2\/tags?post=101278"},{"taxonomy":"author","embeddable":true,"href":"https:\/\/buletin.de\/bucuresti\/wp-json\/wp\/v2\/ppma_author?post=101278"}],"curies":[{"name":"wp","href":"https:\/\/api.w.org\/{rel}","templated":true}]}}