{"id":101272,"date":"2024-10-08T14:53:16","date_gmt":"2024-10-08T11:53:16","guid":{"rendered":"https:\/\/buletin.de\/bucuresti\/?p=101272"},"modified":"2024-10-09T08:42:56","modified_gmt":"2024-10-09T05:42:56","slug":"ilfov-parc-fotovoltaic-in-chitila-primaria-anunta-lansarea-licitatiei","status":"publish","type":"post","link":"https:\/\/buletin.de\/bucuresti\/ilfov-parc-fotovoltaic-in-chitila-primaria-anunta-lansarea-licitatiei\/","title":{"rendered":"ILFOV |\u00a0Parc fotovoltaic \u00een Chitila. Prim\u0103ria anun\u021b\u0103 lansarea licita\u021biei"},"content":{"rendered":"\n<p><strong>Parc fotovoltaic \u00een Chitila. Prim\u0103ria ora\u0219ului Chitila anun\u021b\u0103 lansarea licita\u021biei, prin procedur\u0103 simplificat\u0103, pentru realizarea unui parc fotovoltaic cu peste 1.600 panouri, transmite <a href=\"https:\/\/www.agerpres.ro\/administratie\/2024\/10\/08\/primaria-chitila-anunta-licitatie-pentru-realizarea-unui-parc-fotovoltaic-cu-peste-1-600-de-panouri--1367259\">Agerpres<\/a>.<\/strong><\/p>\n\n\n\n<p>Mai precis, parcul ar urma s\u0103 aib\u0103 o putere instalat\u0103 de 892,71 KWp, prin intermediul a 1.638 de panouri fotovoltaice de 545 W. Conform estim\u0103rilor, va produce o cantitate de energie electric\u0103 de 1249,6 MWh\/an, energie ce va fi consumat\u0103 integral de c\u0103tre ora\u015ful Chitila.<\/p>\n\n\n\n<p>Licita\u021bia pentru serviciile de proiectare \u0219i execu\u021bie se va desf\u0103\u0219ura printr-o procedur\u0103 simplificat\u0103. Ofertele se pot depune p\u00e2n\u0103 pe 28 octombrie, potrivit <a href=\"https:\/\/www.agerpres.ro\/administratie\/2024\/10\/08\/primaria-chitila-anunta-licitatie-pentru-realizarea-unui-parc-fotovoltaic-cu-peste-1-600-de-panouri--1367259\">sursei citate<\/a>.<\/p>\n\n\n\n<p>Parcul fotovoltaic ar urma s\u0103 fie amplasat pe un teren de 9.088 de metri p\u0103tra\u0163i, de\u021binut de Prim\u0103ria Chitila.<\/p>\n\n\n\n<p>Valoarea total\u0103 a investi\u0163iei este estimat\u0103 la 4.881.370 lei.&nbsp;Durata contractului este de 10 luni, iar perioada de garan\u0163ie acordat\u0103 lucr\u0103rilor este de minim doi ani.<\/p>\n\n\n\n<p><strong>CITE\u015eTE \u015eI:<\/strong> <a href=\"https:\/\/buletin.de\/bucuresti\/porti-ca-la-metrou-in-gara-de-nord-fotovoltaice-si-toalete-moderne-ce-arata-proiectul-care-ar-schimba-fata-garii-ponosite\/\"><strong>Por\u0163i ca la metrou \u00een Gara de Nord, fotovoltaice \u015fi toalete moderne. Ce arat\u0103 proiectul care ar schimba fa\u0163a g\u0103rii ponosite<\/strong><\/a><\/p>\n\n\n\n<h2 class=\"wp-block-heading\" id=\"h-parc-fotovoltaic-in-chitila\">Parc fotovoltaic \u00een Chitila<\/h2>\n\n\n\n<p><strong>\u00cen vederea evalu\u0103rii ofertelor, componenta financiar\u0103 va avea o pondere de 40%, termenul de predare a proiectului tehnic va constitui 30%, iar perioada de garan\u0163ie suplimentar\u0103 acordat\u0103 lucr\u0103rilor va reprezenta 30%.<\/strong><\/p>\n\n\n\n<p>Ofertantul va prezenta lista lucr\u0103rilor similare realizate \u00een cursul ultimilor cinci ani, prin care s\u0103 demonstreze c\u0103 au fost executate lucr\u0103ri cu o valoare total\u0103, f\u0103r\u0103 TVA, mai mare sau cel pu\u0163in egal\u0103 cu 4.800.000 lei f\u0103r\u0103 TVA, la nivelul unui contract, maximum 3 contracte.<\/p>\n\n\n\n<p>Parc fotovoltaic \u00een Chitila. Indicatorii tehnico-economici ai investi\u021biei au fost aproba\u021bi la sf\u00e2r\u0219itul lunii noiembrie a anului trecut, printr-o hot\u0103r\u00e2re a Consiliului Local. Conform<a href=\"https:\/\/www.primariachitila.ro\/echitila\/sites\/default\/files\/2023-12\/HCL%20nr.162%20din%2023.11.2023%20privind%20aprobarea%20depunerii%20proiectului%20%E2%80%9EREALIZARE%20PARC%20FOTOVOLTAIC%20%C3%8EN%20ORA%C8%98UL%20CHITILA%E2%80%9D.pdf\"> documentului<\/a>, costurile pentru realizarea parcului fotovoltaic se ridic\u0103 la 6,5 milioane de lei (TVA inclus).<\/p>\n\n\n\n<p><strong>CITE\u0218TE \u0218I: <a href=\"https:\/\/buletin.de\/bucuresti\/investigatie-afacerile-secrete-din-chitila-primarul-emilian-oprea-ambasadorul-regiunii-bucuresti-ilfov-in-ue-partener-printr-un-offshore-ascuns-cu-patronul-unu\/\">INVESTIGA\u021aIE | Afacerile \u201esecrete\u201d din Chitila. Primarul Emilian Oprea, \u201eambasadorul\u201d regiunii Bucure\u0219ti-Ilfov \u00een UE, partener printr-un offshore ascuns cu patronul unui SRL abonat la banii prim\u0103riei<\/a><\/strong><\/p>\n\n\n\n<p><\/p>\n","protected":false},"excerpt":{"rendered":"<p>Parc fotovoltaic \u00een Chitila. Prim\u0103ria ora\u0219ului Chitila anun\u021b\u0103 lansarea licita\u021biei, prin procedur\u0103 simplificat\u0103, pentru realizarea unui parc fotovoltaic cu peste 1.600 panouri, transmite Agerpres. Mai precis, parcul ar urma s\u0103 aib\u0103 o putere instalat\u0103 de 892,71 KWp, prin intermediul a 1.638 de panouri fotovoltaice de 545 W. Conform estim\u0103rilor, va produce o cantitate de energie [&hellip;]<\/p>\n","protected":false},"author":1,"featured_media":101291,"comment_status":"closed","ping_status":"open","sticky":false,"template":"","format":"standard","meta":{"_acf_changed":false,"inline_featured_image":false,"ngg_post_thumbnail":0,"footnotes":""},"categories":[6994,1432,109,62],"tags":[1405,4533,15798,3934,15796,15797,233],"ppma_author":[22583],"class_list":["post-101272","post","type-post","status-publish","format-standard","has-post-thumbnail","hentry","category-stiri-2","category-buletin-de-ilfov","category-mediu","category-stiri","tag-chitila","tag-energie-electrica","tag-licitatie-simplificata","tag-panouri-fotovoltaice","tag-parc-fotovoltaic","tag-primaria-chitila-2","tag-seap"],"acf":[],"yoast_head":"<!-- This site is optimized with the Yoast SEO Premium plugin v25.3 (Yoast SEO v27.4) - https:\/\/yoast.com\/product\/yoast-seo-premium-wordpress\/ -->\n<title>ILFOV |\u00a0Parc fotovoltaic \u00een Chitila. Prim\u0103ria anun\u021b\u0103 lansarea licita\u021biei - Buletin de Bucure\u0219ti<\/title>\n<meta name=\"description\" content=\"Parc fotovoltaic \u00een Chitila. Prim\u0103ria ora\u0219ului Chitila anun\u021b\u0103 lansarea licita\u021biei, prin procedur\u0103 simplificat\u0103, transmite Agerpres.\" \/>\n<meta name=\"robots\" content=\"index, follow, max-snippet:-1, max-image-preview:large, max-video-preview:-1\" \/>\n<link rel=\"canonical\" href=\"https:\/\/buletin.de\/bucuresti\/ilfov-parc-fotovoltaic-in-chitila-primaria-anunta-lansarea-licitatiei\/\" \/>\n<meta property=\"og:locale\" content=\"en_GB\" \/>\n<meta property=\"og:type\" content=\"article\" \/>\n<meta property=\"og:title\" content=\"ILFOV |\u00a0Parc fotovoltaic \u00een Chitila. Prim\u0103ria anun\u021b\u0103 lansarea licita\u021biei\" \/>\n<meta property=\"og:description\" content=\"Parc fotovoltaic \u00een Chitila. Prim\u0103ria ora\u0219ului Chitila anun\u021b\u0103 lansarea licita\u021biei, prin procedur\u0103 simplificat\u0103, transmite Agerpres.\" \/>\n<meta property=\"og:url\" content=\"https:\/\/buletin.de\/bucuresti\/ilfov-parc-fotovoltaic-in-chitila-primaria-anunta-lansarea-licitatiei\/\" \/>\n<meta property=\"og:site_name\" content=\"Buletin de Bucure\u0219ti\" \/>\n<meta property=\"article:publisher\" content=\"https:\/\/www.facebook.com\/buletin.de.buc\" \/>\n<meta property=\"article:published_time\" content=\"2024-10-08T11:53:16+00:00\" \/>\n<meta property=\"article:modified_time\" content=\"2024-10-09T05:42:56+00:00\" \/>\n<meta property=\"og:image\" content=\"https:\/\/buletin.de\/bucuresti\/wp-content\/uploads\/fotovoltaice-1600x1200-1.jpeg\" \/>\n\t<meta property=\"og:image:width\" content=\"1600\" \/>\n\t<meta property=\"og:image:height\" content=\"1200\" \/>\n\t<meta property=\"og:image:type\" content=\"image\/jpeg\" \/>\n<meta name=\"author\" content=\"Redac\u021bia Buletin de Bucure\u0219ti\" \/>\n<meta name=\"twitter:card\" content=\"summary_large_image\" \/>\n<meta name=\"twitter:label1\" content=\"Written by\" \/>\n\t<meta name=\"twitter:data1\" content=\"Redac\u021bia Buletin de Bucure\u0219ti\" \/>\n\t<meta name=\"twitter:label2\" content=\"Estimated reading time\" \/>\n\t<meta name=\"twitter:data2\" content=\"2 minutes\" \/>\n<script type=\"application\/ld+json\" class=\"yoast-schema-graph\">{\"@context\":\"https:\\\/\\\/schema.org\",\"@graph\":[{\"@type\":\"Article\",\"@id\":\"https:\\\/\\\/buletin.de\\\/bucuresti\\\/ilfov-parc-fotovoltaic-in-chitila-primaria-anunta-lansarea-licitatiei\\\/#article\",\"isPartOf\":{\"@id\":\"https:\\\/\\\/buletin.de\\\/bucuresti\\\/ilfov-parc-fotovoltaic-in-chitila-primaria-anunta-lansarea-licitatiei\\\/\"},\"author\":{\"name\":\"Redac\u021bia Buletin de Bucure\u0219ti\",\"@id\":\"https:\\\/\\\/buletin.de\\\/bucuresti\\\/#\\\/schema\\\/person\\\/2bbcf854e5f2419a13804af574d06ab1\"},\"headline\":\"ILFOV |\u00a0Parc fotovoltaic \u00een Chitila. Prim\u0103ria anun\u021b\u0103 lansarea licita\u021biei\",\"datePublished\":\"2024-10-08T11:53:16+00:00\",\"dateModified\":\"2024-10-09T05:42:56+00:00\",\"mainEntityOfPage\":{\"@id\":\"https:\\\/\\\/buletin.de\\\/bucuresti\\\/ilfov-parc-fotovoltaic-in-chitila-primaria-anunta-lansarea-licitatiei\\\/\"},\"wordCount\":344,\"publisher\":{\"@id\":\"https:\\\/\\\/buletin.de\\\/bucuresti\\\/#organization\"},\"image\":{\"@id\":\"https:\\\/\\\/buletin.de\\\/bucuresti\\\/ilfov-parc-fotovoltaic-in-chitila-primaria-anunta-lansarea-licitatiei\\\/#primaryimage\"},\"thumbnailUrl\":\"https:\\\/\\\/buletin.de\\\/bucuresti\\\/wp-content\\\/uploads\\\/fotovoltaice-1600x1200-1.jpeg\",\"keywords\":[\"chitila\",\"energie electrica\",\"licitatie simplificata\",\"panouri fotovoltaice\",\"parc fotovoltaic\",\"primaria chitila\",\"seap\"],\"articleSection\":[\"Articole\",\"Buletin de Ilfov\",\"Mediu\",\"\u0218tiri\"],\"inLanguage\":\"en-GB\",\"copyrightYear\":\"2024\",\"copyrightHolder\":{\"@id\":\"https:\\\/\\\/buletin.de\\\/bucuresti\\\/#organization\"}},{\"@type\":\"WebPage\",\"@id\":\"https:\\\/\\\/buletin.de\\\/bucuresti\\\/ilfov-parc-fotovoltaic-in-chitila-primaria-anunta-lansarea-licitatiei\\\/\",\"url\":\"https:\\\/\\\/buletin.de\\\/bucuresti\\\/ilfov-parc-fotovoltaic-in-chitila-primaria-anunta-lansarea-licitatiei\\\/\",\"name\":\"ILFOV |\u00a0Parc fotovoltaic \u00een Chitila. Prim\u0103ria anun\u021b\u0103 lansarea licita\u021biei - Buletin de Bucure\u0219ti\",\"isPartOf\":{\"@id\":\"https:\\\/\\\/buletin.de\\\/bucuresti\\\/#website\"},\"primaryImageOfPage\":{\"@id\":\"https:\\\/\\\/buletin.de\\\/bucuresti\\\/ilfov-parc-fotovoltaic-in-chitila-primaria-anunta-lansarea-licitatiei\\\/#primaryimage\"},\"image\":{\"@id\":\"https:\\\/\\\/buletin.de\\\/bucuresti\\\/ilfov-parc-fotovoltaic-in-chitila-primaria-anunta-lansarea-licitatiei\\\/#primaryimage\"},\"thumbnailUrl\":\"https:\\\/\\\/buletin.de\\\/bucuresti\\\/wp-content\\\/uploads\\\/fotovoltaice-1600x1200-1.jpeg\",\"datePublished\":\"2024-10-08T11:53:16+00:00\",\"dateModified\":\"2024-10-09T05:42:56+00:00\",\"description\":\"Parc fotovoltaic \u00een Chitila. Prim\u0103ria ora\u0219ului Chitila anun\u021b\u0103 lansarea licita\u021biei, prin procedur\u0103 simplificat\u0103, transmite Agerpres.\",\"breadcrumb\":{\"@id\":\"https:\\\/\\\/buletin.de\\\/bucuresti\\\/ilfov-parc-fotovoltaic-in-chitila-primaria-anunta-lansarea-licitatiei\\\/#breadcrumb\"},\"inLanguage\":\"en-GB\",\"potentialAction\":[{\"@type\":\"ReadAction\",\"target\":[\"https:\\\/\\\/buletin.de\\\/bucuresti\\\/ilfov-parc-fotovoltaic-in-chitila-primaria-anunta-lansarea-licitatiei\\\/\"]}]},{\"@type\":\"ImageObject\",\"inLanguage\":\"en-GB\",\"@id\":\"https:\\\/\\\/buletin.de\\\/bucuresti\\\/ilfov-parc-fotovoltaic-in-chitila-primaria-anunta-lansarea-licitatiei\\\/#primaryimage\",\"url\":\"https:\\\/\\\/buletin.de\\\/bucuresti\\\/wp-content\\\/uploads\\\/fotovoltaice-1600x1200-1.jpeg\",\"contentUrl\":\"https:\\\/\\\/buletin.de\\\/bucuresti\\\/wp-content\\\/uploads\\\/fotovoltaice-1600x1200-1.jpeg\",\"width\":1600,\"height\":1200,\"caption\":\"Sector 5 | 34 de unit\u0103\u021bi de \u00eenv\u0103\u021b\u0103m\u00e2nt vor avea panouri fotovoltaice. Proiectul cost\u0103 peste 1,8 milioane de euro. Foto: Arhiva\"},{\"@type\":\"BreadcrumbList\",\"@id\":\"https:\\\/\\\/buletin.de\\\/bucuresti\\\/ilfov-parc-fotovoltaic-in-chitila-primaria-anunta-lansarea-licitatiei\\\/#breadcrumb\",\"itemListElement\":[{\"@type\":\"ListItem\",\"position\":1,\"name\":\"Acas\u0103\",\"item\":\"https:\\\/\\\/buletin.de\\\/bucuresti\\\/\"},{\"@type\":\"ListItem\",\"position\":2,\"name\":\"ILFOV |\u00a0Parc fotovoltaic \u00een Chitila. Prim\u0103ria anun\u021b\u0103 lansarea licita\u021biei\"}]},{\"@type\":\"WebSite\",\"@id\":\"https:\\\/\\\/buletin.de\\\/bucuresti\\\/#website\",\"url\":\"https:\\\/\\\/buletin.de\\\/bucuresti\\\/\",\"name\":\"Buletin de Bucure\u0219ti\",\"description\":\"\u0218tiri \u0219i investiga\u021bii esen\u021biale din capital\u0103\",\"publisher\":{\"@id\":\"https:\\\/\\\/buletin.de\\\/bucuresti\\\/#organization\"},\"potentialAction\":[{\"@type\":\"SearchAction\",\"target\":{\"@type\":\"EntryPoint\",\"urlTemplate\":\"https:\\\/\\\/buletin.de\\\/bucuresti\\\/?s={search_term_string}\"},\"query-input\":{\"@type\":\"PropertyValueSpecification\",\"valueRequired\":true,\"valueName\":\"search_term_string\"}}],\"inLanguage\":\"en-GB\"},{\"@type\":\"Organization\",\"@id\":\"https:\\\/\\\/buletin.de\\\/bucuresti\\\/#organization\",\"name\":\"Buletin de Bucure\u0219ti\",\"url\":\"https:\\\/\\\/buletin.de\\\/bucuresti\\\/\",\"logo\":{\"@type\":\"ImageObject\",\"inLanguage\":\"en-GB\",\"@id\":\"https:\\\/\\\/buletin.de\\\/bucuresti\\\/#\\\/schema\\\/logo\\\/image\\\/\",\"url\":\"https:\\\/\\\/buletin.de\\\/bucuresti\\\/wp-content\\\/uploads\\\/logo-bdb-full-wide-vernil-transparent.png\",\"contentUrl\":\"https:\\\/\\\/buletin.de\\\/bucuresti\\\/wp-content\\\/uploads\\\/logo-bdb-full-wide-vernil-transparent.png\",\"width\":1782,\"height\":626,\"caption\":\"Buletin de Bucure\u0219ti\"},\"image\":{\"@id\":\"https:\\\/\\\/buletin.de\\\/bucuresti\\\/#\\\/schema\\\/logo\\\/image\\\/\"},\"sameAs\":[\"https:\\\/\\\/www.facebook.com\\\/buletin.de.buc\",\"https:\\\/\\\/www.instagram.com\\\/buletinde.bucuresti\\\/\"]},{\"@type\":\"Person\",\"@id\":\"https:\\\/\\\/buletin.de\\\/bucuresti\\\/#\\\/schema\\\/person\\\/2bbcf854e5f2419a13804af574d06ab1\",\"name\":\"Redac\u021bia Buletin de Bucure\u0219ti\",\"image\":{\"@type\":\"ImageObject\",\"inLanguage\":\"en-GB\",\"@id\":\"https:\\\/\\\/secure.gravatar.com\\\/avatar\\\/18c5342381ed1a08620e6280424e3e5efc958618f5d67c522c9e44c1bc6f9226?s=96&d=monsterid&r=g60c7cd0ad92c68c049fcd4bb3504d609\",\"url\":\"https:\\\/\\\/secure.gravatar.com\\\/avatar\\\/18c5342381ed1a08620e6280424e3e5efc958618f5d67c522c9e44c1bc6f9226?s=96&d=monsterid&r=g\",\"contentUrl\":\"https:\\\/\\\/secure.gravatar.com\\\/avatar\\\/18c5342381ed1a08620e6280424e3e5efc958618f5d67c522c9e44c1bc6f9226?s=96&d=monsterid&r=g\",\"caption\":\"Redac\u021bia Buletin de Bucure\u0219ti\"},\"description\":\"Buletin de Bucure\u0219ti exist\u0103 din vara anului 2019.\",\"url\":\"https:\\\/\\\/buletin.de\\\/bucuresti\\\/author\\\/adminbuletin\\\/\"}]}<\/script>\n<!-- \/ Yoast SEO Premium plugin. -->","yoast_head_json":{"title":"ILFOV |\u00a0Parc fotovoltaic \u00een Chitila. Prim\u0103ria anun\u021b\u0103 lansarea licita\u021biei - Buletin de Bucure\u0219ti","description":"Parc fotovoltaic \u00een Chitila. Prim\u0103ria ora\u0219ului Chitila anun\u021b\u0103 lansarea licita\u021biei, prin procedur\u0103 simplificat\u0103, transmite Agerpres.","robots":{"index":"index","follow":"follow","max-snippet":"max-snippet:-1","max-image-preview":"max-image-preview:large","max-video-preview":"max-video-preview:-1"},"canonical":"https:\/\/buletin.de\/bucuresti\/ilfov-parc-fotovoltaic-in-chitila-primaria-anunta-lansarea-licitatiei\/","og_locale":"en_GB","og_type":"article","og_title":"ILFOV |\u00a0Parc fotovoltaic \u00een Chitila. Prim\u0103ria anun\u021b\u0103 lansarea licita\u021biei","og_description":"Parc fotovoltaic \u00een Chitila. Prim\u0103ria ora\u0219ului Chitila anun\u021b\u0103 lansarea licita\u021biei, prin procedur\u0103 simplificat\u0103, transmite Agerpres.","og_url":"https:\/\/buletin.de\/bucuresti\/ilfov-parc-fotovoltaic-in-chitila-primaria-anunta-lansarea-licitatiei\/","og_site_name":"Buletin de Bucure\u0219ti","article_publisher":"https:\/\/www.facebook.com\/buletin.de.buc","article_published_time":"2024-10-08T11:53:16+00:00","article_modified_time":"2024-10-09T05:42:56+00:00","og_image":[{"width":1600,"height":1200,"url":"https:\/\/buletin.de\/bucuresti\/wp-content\/uploads\/fotovoltaice-1600x1200-1.jpeg","type":"image\/jpeg"}],"author":"Redac\u021bia Buletin de Bucure\u0219ti","twitter_card":"summary_large_image","twitter_misc":{"Written by":"Redac\u021bia Buletin de Bucure\u0219ti","Estimated reading time":"2 minutes"},"schema":{"@context":"https:\/\/schema.org","@graph":[{"@type":"Article","@id":"https:\/\/buletin.de\/bucuresti\/ilfov-parc-fotovoltaic-in-chitila-primaria-anunta-lansarea-licitatiei\/#article","isPartOf":{"@id":"https:\/\/buletin.de\/bucuresti\/ilfov-parc-fotovoltaic-in-chitila-primaria-anunta-lansarea-licitatiei\/"},"author":{"name":"Redac\u021bia Buletin de Bucure\u0219ti","@id":"https:\/\/buletin.de\/bucuresti\/#\/schema\/person\/2bbcf854e5f2419a13804af574d06ab1"},"headline":"ILFOV |\u00a0Parc fotovoltaic \u00een Chitila. Prim\u0103ria anun\u021b\u0103 lansarea licita\u021biei","datePublished":"2024-10-08T11:53:16+00:00","dateModified":"2024-10-09T05:42:56+00:00","mainEntityOfPage":{"@id":"https:\/\/buletin.de\/bucuresti\/ilfov-parc-fotovoltaic-in-chitila-primaria-anunta-lansarea-licitatiei\/"},"wordCount":344,"publisher":{"@id":"https:\/\/buletin.de\/bucuresti\/#organization"},"image":{"@id":"https:\/\/buletin.de\/bucuresti\/ilfov-parc-fotovoltaic-in-chitila-primaria-anunta-lansarea-licitatiei\/#primaryimage"},"thumbnailUrl":"https:\/\/buletin.de\/bucuresti\/wp-content\/uploads\/fotovoltaice-1600x1200-1.jpeg","keywords":["chitila","energie electrica","licitatie simplificata","panouri fotovoltaice","parc fotovoltaic","primaria chitila","seap"],"articleSection":["Articole","Buletin de Ilfov","Mediu","\u0218tiri"],"inLanguage":"en-GB","copyrightYear":"2024","copyrightHolder":{"@id":"https:\/\/buletin.de\/bucuresti\/#organization"}},{"@type":"WebPage","@id":"https:\/\/buletin.de\/bucuresti\/ilfov-parc-fotovoltaic-in-chitila-primaria-anunta-lansarea-licitatiei\/","url":"https:\/\/buletin.de\/bucuresti\/ilfov-parc-fotovoltaic-in-chitila-primaria-anunta-lansarea-licitatiei\/","name":"ILFOV |\u00a0Parc fotovoltaic \u00een Chitila. Prim\u0103ria anun\u021b\u0103 lansarea licita\u021biei - Buletin de Bucure\u0219ti","isPartOf":{"@id":"https:\/\/buletin.de\/bucuresti\/#website"},"primaryImageOfPage":{"@id":"https:\/\/buletin.de\/bucuresti\/ilfov-parc-fotovoltaic-in-chitila-primaria-anunta-lansarea-licitatiei\/#primaryimage"},"image":{"@id":"https:\/\/buletin.de\/bucuresti\/ilfov-parc-fotovoltaic-in-chitila-primaria-anunta-lansarea-licitatiei\/#primaryimage"},"thumbnailUrl":"https:\/\/buletin.de\/bucuresti\/wp-content\/uploads\/fotovoltaice-1600x1200-1.jpeg","datePublished":"2024-10-08T11:53:16+00:00","dateModified":"2024-10-09T05:42:56+00:00","description":"Parc fotovoltaic \u00een Chitila. Prim\u0103ria ora\u0219ului Chitila anun\u021b\u0103 lansarea licita\u021biei, prin procedur\u0103 simplificat\u0103, transmite Agerpres.","breadcrumb":{"@id":"https:\/\/buletin.de\/bucuresti\/ilfov-parc-fotovoltaic-in-chitila-primaria-anunta-lansarea-licitatiei\/#breadcrumb"},"inLanguage":"en-GB","potentialAction":[{"@type":"ReadAction","target":["https:\/\/buletin.de\/bucuresti\/ilfov-parc-fotovoltaic-in-chitila-primaria-anunta-lansarea-licitatiei\/"]}]},{"@type":"ImageObject","inLanguage":"en-GB","@id":"https:\/\/buletin.de\/bucuresti\/ilfov-parc-fotovoltaic-in-chitila-primaria-anunta-lansarea-licitatiei\/#primaryimage","url":"https:\/\/buletin.de\/bucuresti\/wp-content\/uploads\/fotovoltaice-1600x1200-1.jpeg","contentUrl":"https:\/\/buletin.de\/bucuresti\/wp-content\/uploads\/fotovoltaice-1600x1200-1.jpeg","width":1600,"height":1200,"caption":"Sector 5 | 34 de unit\u0103\u021bi de \u00eenv\u0103\u021b\u0103m\u00e2nt vor avea panouri fotovoltaice. Proiectul cost\u0103 peste 1,8 milioane de euro. Foto: Arhiva"},{"@type":"BreadcrumbList","@id":"https:\/\/buletin.de\/bucuresti\/ilfov-parc-fotovoltaic-in-chitila-primaria-anunta-lansarea-licitatiei\/#breadcrumb","itemListElement":[{"@type":"ListItem","position":1,"name":"Acas\u0103","item":"https:\/\/buletin.de\/bucuresti\/"},{"@type":"ListItem","position":2,"name":"ILFOV |\u00a0Parc fotovoltaic \u00een Chitila. Prim\u0103ria anun\u021b\u0103 lansarea licita\u021biei"}]},{"@type":"WebSite","@id":"https:\/\/buletin.de\/bucuresti\/#website","url":"https:\/\/buletin.de\/bucuresti\/","name":"Buletin de Bucure\u0219ti","description":"\u0218tiri \u0219i investiga\u021bii esen\u021biale din capital\u0103","publisher":{"@id":"https:\/\/buletin.de\/bucuresti\/#organization"},"potentialAction":[{"@type":"SearchAction","target":{"@type":"EntryPoint","urlTemplate":"https:\/\/buletin.de\/bucuresti\/?s={search_term_string}"},"query-input":{"@type":"PropertyValueSpecification","valueRequired":true,"valueName":"search_term_string"}}],"inLanguage":"en-GB"},{"@type":"Organization","@id":"https:\/\/buletin.de\/bucuresti\/#organization","name":"Buletin de Bucure\u0219ti","url":"https:\/\/buletin.de\/bucuresti\/","logo":{"@type":"ImageObject","inLanguage":"en-GB","@id":"https:\/\/buletin.de\/bucuresti\/#\/schema\/logo\/image\/","url":"https:\/\/buletin.de\/bucuresti\/wp-content\/uploads\/logo-bdb-full-wide-vernil-transparent.png","contentUrl":"https:\/\/buletin.de\/bucuresti\/wp-content\/uploads\/logo-bdb-full-wide-vernil-transparent.png","width":1782,"height":626,"caption":"Buletin de Bucure\u0219ti"},"image":{"@id":"https:\/\/buletin.de\/bucuresti\/#\/schema\/logo\/image\/"},"sameAs":["https:\/\/www.facebook.com\/buletin.de.buc","https:\/\/www.instagram.com\/buletinde.bucuresti\/"]},{"@type":"Person","@id":"https:\/\/buletin.de\/bucuresti\/#\/schema\/person\/2bbcf854e5f2419a13804af574d06ab1","name":"Redac\u021bia Buletin de Bucure\u0219ti","image":{"@type":"ImageObject","inLanguage":"en-GB","@id":"https:\/\/secure.gravatar.com\/avatar\/18c5342381ed1a08620e6280424e3e5efc958618f5d67c522c9e44c1bc6f9226?s=96&d=monsterid&r=g60c7cd0ad92c68c049fcd4bb3504d609","url":"https:\/\/secure.gravatar.com\/avatar\/18c5342381ed1a08620e6280424e3e5efc958618f5d67c522c9e44c1bc6f9226?s=96&d=monsterid&r=g","contentUrl":"https:\/\/secure.gravatar.com\/avatar\/18c5342381ed1a08620e6280424e3e5efc958618f5d67c522c9e44c1bc6f9226?s=96&d=monsterid&r=g","caption":"Redac\u021bia Buletin de Bucure\u0219ti"},"description":"Buletin de Bucure\u0219ti exist\u0103 din vara anului 2019.","url":"https:\/\/buletin.de\/bucuresti\/author\/adminbuletin\/"}]}},"authors":[{"term_id":22583,"user_id":1,"is_guest":0,"slug":"adminbuletin","display_name":"Redac\u021bia Buletin de Bucure\u0219ti","avatar_url":"https:\/\/secure.gravatar.com\/avatar\/18c5342381ed1a08620e6280424e3e5efc958618f5d67c522c9e44c1bc6f9226?s=96&d=monsterid&r=g","0":null,"1":"","2":"","3":"","4":"","5":"","6":"","7":"","8":""}],"_links":{"self":[{"href":"https:\/\/buletin.de\/bucuresti\/wp-json\/wp\/v2\/posts\/101272","targetHints":{"allow":["GET"]}}],"collection":[{"href":"https:\/\/buletin.de\/bucuresti\/wp-json\/wp\/v2\/posts"}],"about":[{"href":"https:\/\/buletin.de\/bucuresti\/wp-json\/wp\/v2\/types\/post"}],"author":[{"embeddable":true,"href":"https:\/\/buletin.de\/bucuresti\/wp-json\/wp\/v2\/users\/1"}],"replies":[{"embeddable":true,"href":"https:\/\/buletin.de\/bucuresti\/wp-json\/wp\/v2\/comments?post=101272"}],"version-history":[{"count":3,"href":"https:\/\/buletin.de\/bucuresti\/wp-json\/wp\/v2\/posts\/101272\/revisions"}],"predecessor-version":[{"id":101358,"href":"https:\/\/buletin.de\/bucuresti\/wp-json\/wp\/v2\/posts\/101272\/revisions\/101358"}],"wp:featuredmedia":[{"embeddable":true,"href":"https:\/\/buletin.de\/bucuresti\/wp-json\/wp\/v2\/media\/101291"}],"wp:attachment":[{"href":"https:\/\/buletin.de\/bucuresti\/wp-json\/wp\/v2\/media?parent=101272"}],"wp:term":[{"taxonomy":"category","embeddable":true,"href":"https:\/\/buletin.de\/bucuresti\/wp-json\/wp\/v2\/categories?post=101272"},{"taxonomy":"post_tag","embeddable":true,"href":"https:\/\/buletin.de\/bucuresti\/wp-json\/wp\/v2\/tags?post=101272"},{"taxonomy":"author","embeddable":true,"href":"https:\/\/buletin.de\/bucuresti\/wp-json\/wp\/v2\/ppma_author?post=101272"}],"curies":[{"name":"wp","href":"https:\/\/api.w.org\/{rel}","templated":true}]}}