{"id":101232,"date":"2024-10-08T08:56:25","date_gmt":"2024-10-08T05:56:25","guid":{"rendered":"https:\/\/buletin.de\/bucuresti\/?p=101232"},"modified":"2024-10-08T13:12:59","modified_gmt":"2024-10-08T10:12:59","slug":"cererile-pentru-subventiile-la-caldura-si-energie","status":"publish","type":"post","link":"https:\/\/buletin.de\/bucuresti\/cererile-pentru-subventiile-la-caldura-si-energie\/","title":{"rendered":"Sector 1 | Cererile pentru subven\u021biile la c\u0103ldur\u0103 \u0219i energie, \u00een a\u0219teptare. Care este venitul minim"},"content":{"rendered":"\n<p><strong>Prim\u0103ria Sectorului 1 \u00eencepe s\u0103 primeasc\u0103, din data de 21 octombrie, cererile pentru subven\u021biile la c\u0103ldur\u0103 \u0219i a suplimentului pentru energie. Este vorba despre locuitorii cu venituri mici.<\/strong><\/p>\n\n\n\n<p>Autorit\u0103\u021bile precizeaz\u0103 c\u0103 aceste ajutoare se acord\u0103 persoanelor cu venituri de p\u00e2n\u0103 la 1.386 lei de persoan\u0103, \u00een cazul familiilor \u0219i de p\u00e2n\u0103 la 2.053 lei \u00een cazul persoanei singure.<\/p>\n\n\n\n<p>Locuitorii cu venituri mici pot depune documentele la sediul Direc\u021biei Generale de Asisten\u021b\u0103 Social\u0103 \u0219i Protec\u021bia Copilului, Sector 1, din Bld. Mare\u0219al Averescu nr.17, \u00een cl\u0103direa E, de luni p\u00e2n\u0103 vineri, \u00eentre orele 8:30 \u0219i 16:00. De asemenea, actele se pot depune \u0219i electronic, la adresa de e-mail:&nbsp;<a href=\"mailto:registratura@dgaspc-sectorul1.ro\">registratura@dgaspc-sectorul1.ro<\/a>.<\/p>\n\n\n\n<p><strong>CITE\u0218TE \u0218I:<\/strong> <a href=\"https:\/\/buletin.de\/bucuresti\/actiune-de-amploare-la-clanul-de-camatari-al-lui-zabar-perchezitii-in-34-de-locuri-din-bucuresti-ilfov-si-dambovita\/\"><strong>Ac\u0163iune de amploare la clanul de c\u0103m\u0103tari al lui Zabar. Perchezi\u0163ii \u00een 34 de locuri din Bucure\u015fti, Ilfov \u015fi D\u00e2mbovi\u0163a<\/strong><\/a><\/p>\n\n\n\n<h2 class=\"wp-block-heading\" id=\"h-cererile-pentru-subven\u021biile-la-caldura-ce-valoarea-au\">Cererile pentru subven\u021biile la c\u0103ldur\u0103. Ce valoarea au<\/h2>\n\n\n\n<p><strong>Cheltuielile cu \u00eenc\u0103lzirea locuin\u021bei se compenseaz\u0103, \u00een func\u021bie de venitul solicitan\u021bilor, \u00een propor\u021bii de 10% p\u00e2n\u0103 la 100%. Valoarea compens\u0103rii nu poate fi mai mic\u0103 de:<\/strong><\/p>\n\n\n\n<ul class=\"wp-block-list\">\n<li>250 lei\/lun\u0103 pentru gaze naturale;<\/li>\n\n\n\n<li>500 lei\/lun\u0103 pentru energie electric\u0103;<\/li>\n\n\n\n<li>320 lei\/lun\u0103 pentru combustibilii solizi sau petrolieri.<\/li>\n<\/ul>\n\n\n\n<p><strong>Suplimentul de energie, al doilea tip de ajutor, se acord\u0103 tot anul, dupa cum urmeaz\u0103:<\/strong><\/p>\n\n\n\n<ul class=\"wp-block-list\">\n<li>30 lei\/lun\u0103 pentru energie electric\u0103;<\/li>\n\n\n\n<li>10 lei\/lun\u0103 pentru gaze naturale;<\/li>\n\n\n\n<li>10 lei\/lun\u0103 pentru energie termic\u0103;<\/li>\n\n\n\n<li>20 lei\/lun\u0103 pentru combustibilii solizi sau petrolieri;<\/li>\n\n\n\n<li>70 lei\/lun\u0103 dac\u0103 energia electric\u0103 este singura surs\u0103 de energie utilizat\u0103.<\/li>\n<\/ul>\n\n\n\n<p>Ajutoarele pentru \u00eenc\u0103lzirea locuin\u021bei pot fi solicitate pentru perioada noiembrie 2024- martie 2025, iar suplimentele pentru energie pentru perioada noiembrie 2024-octombrie 2025.<\/p>\n\n\n\n<p>Documentele \u0219i toate criteriile de acordare pot fi consultate \u0219i desc\u0103rcate de aici: https:&nbsp;<a href=\"https:\/\/www.dgaspc-sectorul1.ro\/informatii-ajutoare-pentru-incalzirea-locuintei-si-suplimente-pentru-energie-sezonul-rece-2024-2025\/\" target=\"_blank\" rel=\"noreferrer noopener\">https:\/\/www.dgaspc-sectorul1.ro\/informatii-ajutoare-pentru-incalzirea-locuintei-si-suplimente-pentru-energie-sezonul-rece-2024-2025\/<\/a>. Cet\u0103\u021benii au la dispozi\u021bie \u0219i un num\u0103r de telefon:<strong> 021.223.41.90 \/94, interior 148 sau 280.<\/strong><\/p>\n\n\n\n<p><strong>CITE\u0218TE \u0218I: <\/strong><a href=\"https:\/\/buletin.de\/bucuresti\/peste-200-de-mii-de-lei\/\"><strong>ILFOV | Peste 250 de mii de lei pentru reabilitarea bisericii Adormirea Maicii Domnului, din Mic\u0219une\u0219tii Mari. Proiectul a fost adoptat de consilierii locali<\/strong><\/a><\/p>\n\n\n\n<p><\/p>\n","protected":false},"excerpt":{"rendered":"<p>Prim\u0103ria Sectorului 1 \u00eencepe s\u0103 primeasc\u0103, din data de 21 octombrie, cererile pentru subven\u021biile la c\u0103ldur\u0103 \u0219i a suplimentului pentru energie. Este vorba despre locuitorii cu venituri mici. Autorit\u0103\u021bile precizeaz\u0103 c\u0103 aceste ajutoare se acord\u0103 persoanelor cu venituri de p\u00e2n\u0103 la 1.386 lei de persoan\u0103, \u00een cazul familiilor \u0219i de p\u00e2n\u0103 la 2.053 lei \u00een [&hellip;]<\/p>\n","protected":false},"author":49,"featured_media":62622,"comment_status":"closed","ping_status":"open","sticky":false,"template":"","format":"standard","meta":{"_acf_changed":false,"inline_featured_image":false,"ngg_post_thumbnail":0,"footnotes":""},"categories":[6994,24,62],"tags":[15782,15781,2149,308],"ppma_author":[22574],"class_list":["post-101232","post","type-post","status-publish","format-standard","has-post-thumbnail","hentry","category-stiri-2","category-primarie","category-stiri","tag-ajutoare-energie","tag-ajutoare-incalzire","tag-dgaspc-s1","tag-sector-1"],"acf":[],"yoast_head":"<!-- This site is optimized with the Yoast SEO Premium plugin v25.3 (Yoast SEO v27.5) - https:\/\/yoast.com\/product\/yoast-seo-premium-wordpress\/ -->\n<title>Sector 1 | Cererile pentru subven\u021biile la c\u0103ldur\u0103 \u0219i energie, \u00een a\u0219teptare. Care este venitul minim - Buletin de Bucure\u0219ti<\/title>\n<meta name=\"description\" content=\"Prim\u0103ria Sectorului 1 \u00eencepe s\u0103 primeasc\u0103, din data de 21 octombrie, cererile pentru subven\u021biile la c\u0103ldur\u0103 \u0219i a suplimentului pentru energie.\" \/>\n<meta name=\"robots\" content=\"index, follow, max-snippet:-1, max-image-preview:large, max-video-preview:-1\" \/>\n<link rel=\"canonical\" href=\"https:\/\/buletin.de\/bucuresti\/cererile-pentru-subventiile-la-caldura-si-energie\/\" \/>\n<meta property=\"og:locale\" content=\"en_GB\" \/>\n<meta property=\"og:type\" content=\"article\" \/>\n<meta property=\"og:title\" content=\"Sector 1 | Cererile pentru subven\u021biile la c\u0103ldur\u0103 \u0219i energie, \u00een a\u0219teptare. Care este venitul minim\" \/>\n<meta property=\"og:description\" content=\"Prim\u0103ria Sectorului 1 \u00eencepe s\u0103 primeasc\u0103, din data de 21 octombrie, cererile pentru subven\u021biile la c\u0103ldur\u0103 \u0219i a suplimentului pentru energie.\" \/>\n<meta property=\"og:url\" content=\"https:\/\/buletin.de\/bucuresti\/cererile-pentru-subventiile-la-caldura-si-energie\/\" \/>\n<meta property=\"og:site_name\" content=\"Buletin de Bucure\u0219ti\" \/>\n<meta property=\"article:publisher\" content=\"https:\/\/www.facebook.com\/buletin.de.buc\" \/>\n<meta property=\"article:published_time\" content=\"2024-10-08T05:56:25+00:00\" \/>\n<meta property=\"article:modified_time\" content=\"2024-10-08T10:12:59+00:00\" \/>\n<meta property=\"og:image\" content=\"https:\/\/buletin.de\/bucuresti\/wp-content\/uploads\/calorifer.jpeg\" \/>\n\t<meta property=\"og:image:width\" content=\"1600\" \/>\n\t<meta property=\"og:image:height\" content=\"1102\" \/>\n\t<meta property=\"og:image:type\" content=\"image\/jpeg\" \/>\n<meta name=\"author\" content=\"Diana Matei\" \/>\n<meta name=\"twitter:card\" content=\"summary_large_image\" \/>\n<meta name=\"twitter:label1\" content=\"Written by\" \/>\n\t<meta name=\"twitter:data1\" content=\"Diana Matei\" \/>\n\t<meta name=\"twitter:label2\" content=\"Estimated reading time\" \/>\n\t<meta name=\"twitter:data2\" content=\"2 minutes\" \/>\n<script type=\"application\/ld+json\" class=\"yoast-schema-graph\">{\"@context\":\"https:\\\/\\\/schema.org\",\"@graph\":[{\"@type\":\"Article\",\"@id\":\"https:\\\/\\\/buletin.de\\\/bucuresti\\\/cererile-pentru-subventiile-la-caldura-si-energie\\\/#article\",\"isPartOf\":{\"@id\":\"https:\\\/\\\/buletin.de\\\/bucuresti\\\/cererile-pentru-subventiile-la-caldura-si-energie\\\/\"},\"author\":{\"name\":\"Diana Matei\",\"@id\":\"https:\\\/\\\/buletin.de\\\/bucuresti\\\/#\\\/schema\\\/person\\\/7e46040573290777280a0835d81ea4ea\"},\"headline\":\"Sector 1 | Cererile pentru subven\u021biile la c\u0103ldur\u0103 \u0219i energie, \u00een a\u0219teptare. Care este venitul minim\",\"datePublished\":\"2024-10-08T05:56:25+00:00\",\"dateModified\":\"2024-10-08T10:12:59+00:00\",\"mainEntityOfPage\":{\"@id\":\"https:\\\/\\\/buletin.de\\\/bucuresti\\\/cererile-pentru-subventiile-la-caldura-si-energie\\\/\"},\"wordCount\":351,\"publisher\":{\"@id\":\"https:\\\/\\\/buletin.de\\\/bucuresti\\\/#organization\"},\"image\":{\"@id\":\"https:\\\/\\\/buletin.de\\\/bucuresti\\\/cererile-pentru-subventiile-la-caldura-si-energie\\\/#primaryimage\"},\"thumbnailUrl\":\"https:\\\/\\\/buletin.de\\\/bucuresti\\\/wp-content\\\/uploads\\\/calorifer.jpeg\",\"keywords\":[\"ajutoare energie\",\"ajutoare incalzire\",\"dgaspc s1\",\"Sector 1\"],\"articleSection\":[\"Articole\",\"Prim\u0103rie\",\"\u0218tiri\"],\"inLanguage\":\"en-GB\",\"copyrightYear\":\"2024\",\"copyrightHolder\":{\"@id\":\"https:\\\/\\\/buletin.de\\\/bucuresti\\\/#organization\"}},{\"@type\":\"WebPage\",\"@id\":\"https:\\\/\\\/buletin.de\\\/bucuresti\\\/cererile-pentru-subventiile-la-caldura-si-energie\\\/\",\"url\":\"https:\\\/\\\/buletin.de\\\/bucuresti\\\/cererile-pentru-subventiile-la-caldura-si-energie\\\/\",\"name\":\"Sector 1 | Cererile pentru subven\u021biile la c\u0103ldur\u0103 \u0219i energie, \u00een a\u0219teptare. Care este venitul minim - Buletin de Bucure\u0219ti\",\"isPartOf\":{\"@id\":\"https:\\\/\\\/buletin.de\\\/bucuresti\\\/#website\"},\"primaryImageOfPage\":{\"@id\":\"https:\\\/\\\/buletin.de\\\/bucuresti\\\/cererile-pentru-subventiile-la-caldura-si-energie\\\/#primaryimage\"},\"image\":{\"@id\":\"https:\\\/\\\/buletin.de\\\/bucuresti\\\/cererile-pentru-subventiile-la-caldura-si-energie\\\/#primaryimage\"},\"thumbnailUrl\":\"https:\\\/\\\/buletin.de\\\/bucuresti\\\/wp-content\\\/uploads\\\/calorifer.jpeg\",\"datePublished\":\"2024-10-08T05:56:25+00:00\",\"dateModified\":\"2024-10-08T10:12:59+00:00\",\"description\":\"Prim\u0103ria Sectorului 1 \u00eencepe s\u0103 primeasc\u0103, din data de 21 octombrie, cererile pentru subven\u021biile la c\u0103ldur\u0103 \u0219i a suplimentului pentru energie.\",\"breadcrumb\":{\"@id\":\"https:\\\/\\\/buletin.de\\\/bucuresti\\\/cererile-pentru-subventiile-la-caldura-si-energie\\\/#breadcrumb\"},\"inLanguage\":\"en-GB\",\"potentialAction\":[{\"@type\":\"ReadAction\",\"target\":[\"https:\\\/\\\/buletin.de\\\/bucuresti\\\/cererile-pentru-subventiile-la-caldura-si-energie\\\/\"]}]},{\"@type\":\"ImageObject\",\"inLanguage\":\"en-GB\",\"@id\":\"https:\\\/\\\/buletin.de\\\/bucuresti\\\/cererile-pentru-subventiile-la-caldura-si-energie\\\/#primaryimage\",\"url\":\"https:\\\/\\\/buletin.de\\\/bucuresti\\\/wp-content\\\/uploads\\\/calorifer.jpeg\",\"contentUrl\":\"https:\\\/\\\/buletin.de\\\/bucuresti\\\/wp-content\\\/uploads\\\/calorifer.jpeg\",\"width\":1600,\"height\":1102,\"caption\":\"C\u00e2nd vom primi c\u0103ldur\u0103. Termoenergetica a \u00eenceput probele, la cald. FOTO: Arhiva\"},{\"@type\":\"BreadcrumbList\",\"@id\":\"https:\\\/\\\/buletin.de\\\/bucuresti\\\/cererile-pentru-subventiile-la-caldura-si-energie\\\/#breadcrumb\",\"itemListElement\":[{\"@type\":\"ListItem\",\"position\":1,\"name\":\"Acas\u0103\",\"item\":\"https:\\\/\\\/buletin.de\\\/bucuresti\\\/\"},{\"@type\":\"ListItem\",\"position\":2,\"name\":\"Sector 1 | Cererile pentru subven\u021biile la c\u0103ldur\u0103 \u0219i energie, \u00een a\u0219teptare. Care este venitul minim\"}]},{\"@type\":\"WebSite\",\"@id\":\"https:\\\/\\\/buletin.de\\\/bucuresti\\\/#website\",\"url\":\"https:\\\/\\\/buletin.de\\\/bucuresti\\\/\",\"name\":\"Buletin de Bucure\u0219ti\",\"description\":\"\u0218tiri \u0219i investiga\u021bii esen\u021biale din capital\u0103\",\"publisher\":{\"@id\":\"https:\\\/\\\/buletin.de\\\/bucuresti\\\/#organization\"},\"potentialAction\":[{\"@type\":\"SearchAction\",\"target\":{\"@type\":\"EntryPoint\",\"urlTemplate\":\"https:\\\/\\\/buletin.de\\\/bucuresti\\\/?s={search_term_string}\"},\"query-input\":{\"@type\":\"PropertyValueSpecification\",\"valueRequired\":true,\"valueName\":\"search_term_string\"}}],\"inLanguage\":\"en-GB\"},{\"@type\":\"Organization\",\"@id\":\"https:\\\/\\\/buletin.de\\\/bucuresti\\\/#organization\",\"name\":\"Buletin de Bucure\u0219ti\",\"url\":\"https:\\\/\\\/buletin.de\\\/bucuresti\\\/\",\"logo\":{\"@type\":\"ImageObject\",\"inLanguage\":\"en-GB\",\"@id\":\"https:\\\/\\\/buletin.de\\\/bucuresti\\\/#\\\/schema\\\/logo\\\/image\\\/\",\"url\":\"https:\\\/\\\/buletin.de\\\/bucuresti\\\/wp-content\\\/uploads\\\/logo-bdb-full-wide-vernil-transparent.png\",\"contentUrl\":\"https:\\\/\\\/buletin.de\\\/bucuresti\\\/wp-content\\\/uploads\\\/logo-bdb-full-wide-vernil-transparent.png\",\"width\":1782,\"height\":626,\"caption\":\"Buletin de Bucure\u0219ti\"},\"image\":{\"@id\":\"https:\\\/\\\/buletin.de\\\/bucuresti\\\/#\\\/schema\\\/logo\\\/image\\\/\"},\"sameAs\":[\"https:\\\/\\\/www.facebook.com\\\/buletin.de.buc\",\"https:\\\/\\\/www.instagram.com\\\/buletinde.bucuresti\\\/\"]},{\"@type\":\"Person\",\"@id\":\"https:\\\/\\\/buletin.de\\\/bucuresti\\\/#\\\/schema\\\/person\\\/7e46040573290777280a0835d81ea4ea\",\"name\":\"Diana Matei\",\"image\":{\"@type\":\"ImageObject\",\"inLanguage\":\"en-GB\",\"@id\":\"https:\\\/\\\/buletin.de\\\/bucuresti\\\/wp-content\\\/uploads\\\/9-2-96x96.jpg1e8590b30871d70e62ebcdaf2eff570c\",\"url\":\"https:\\\/\\\/buletin.de\\\/bucuresti\\\/wp-content\\\/uploads\\\/9-2-96x96.jpg\",\"contentUrl\":\"https:\\\/\\\/buletin.de\\\/bucuresti\\\/wp-content\\\/uploads\\\/9-2-96x96.jpg\",\"caption\":\"Diana Matei\"},\"url\":\"https:\\\/\\\/buletin.de\\\/bucuresti\\\/author\\\/dianamatei\\\/\"}]}<\/script>\n<!-- \/ Yoast SEO Premium plugin. -->","yoast_head_json":{"title":"Sector 1 | Cererile pentru subven\u021biile la c\u0103ldur\u0103 \u0219i energie, \u00een a\u0219teptare. Care este venitul minim - Buletin de Bucure\u0219ti","description":"Prim\u0103ria Sectorului 1 \u00eencepe s\u0103 primeasc\u0103, din data de 21 octombrie, cererile pentru subven\u021biile la c\u0103ldur\u0103 \u0219i a suplimentului pentru energie.","robots":{"index":"index","follow":"follow","max-snippet":"max-snippet:-1","max-image-preview":"max-image-preview:large","max-video-preview":"max-video-preview:-1"},"canonical":"https:\/\/buletin.de\/bucuresti\/cererile-pentru-subventiile-la-caldura-si-energie\/","og_locale":"en_GB","og_type":"article","og_title":"Sector 1 | Cererile pentru subven\u021biile la c\u0103ldur\u0103 \u0219i energie, \u00een a\u0219teptare. Care este venitul minim","og_description":"Prim\u0103ria Sectorului 1 \u00eencepe s\u0103 primeasc\u0103, din data de 21 octombrie, cererile pentru subven\u021biile la c\u0103ldur\u0103 \u0219i a suplimentului pentru energie.","og_url":"https:\/\/buletin.de\/bucuresti\/cererile-pentru-subventiile-la-caldura-si-energie\/","og_site_name":"Buletin de Bucure\u0219ti","article_publisher":"https:\/\/www.facebook.com\/buletin.de.buc","article_published_time":"2024-10-08T05:56:25+00:00","article_modified_time":"2024-10-08T10:12:59+00:00","og_image":[{"width":1600,"height":1102,"url":"https:\/\/buletin.de\/bucuresti\/wp-content\/uploads\/calorifer.jpeg","type":"image\/jpeg"}],"author":"Diana Matei","twitter_card":"summary_large_image","twitter_misc":{"Written by":"Diana Matei","Estimated reading time":"2 minutes"},"schema":{"@context":"https:\/\/schema.org","@graph":[{"@type":"Article","@id":"https:\/\/buletin.de\/bucuresti\/cererile-pentru-subventiile-la-caldura-si-energie\/#article","isPartOf":{"@id":"https:\/\/buletin.de\/bucuresti\/cererile-pentru-subventiile-la-caldura-si-energie\/"},"author":{"name":"Diana Matei","@id":"https:\/\/buletin.de\/bucuresti\/#\/schema\/person\/7e46040573290777280a0835d81ea4ea"},"headline":"Sector 1 | Cererile pentru subven\u021biile la c\u0103ldur\u0103 \u0219i energie, \u00een a\u0219teptare. Care este venitul minim","datePublished":"2024-10-08T05:56:25+00:00","dateModified":"2024-10-08T10:12:59+00:00","mainEntityOfPage":{"@id":"https:\/\/buletin.de\/bucuresti\/cererile-pentru-subventiile-la-caldura-si-energie\/"},"wordCount":351,"publisher":{"@id":"https:\/\/buletin.de\/bucuresti\/#organization"},"image":{"@id":"https:\/\/buletin.de\/bucuresti\/cererile-pentru-subventiile-la-caldura-si-energie\/#primaryimage"},"thumbnailUrl":"https:\/\/buletin.de\/bucuresti\/wp-content\/uploads\/calorifer.jpeg","keywords":["ajutoare energie","ajutoare incalzire","dgaspc s1","Sector 1"],"articleSection":["Articole","Prim\u0103rie","\u0218tiri"],"inLanguage":"en-GB","copyrightYear":"2024","copyrightHolder":{"@id":"https:\/\/buletin.de\/bucuresti\/#organization"}},{"@type":"WebPage","@id":"https:\/\/buletin.de\/bucuresti\/cererile-pentru-subventiile-la-caldura-si-energie\/","url":"https:\/\/buletin.de\/bucuresti\/cererile-pentru-subventiile-la-caldura-si-energie\/","name":"Sector 1 | Cererile pentru subven\u021biile la c\u0103ldur\u0103 \u0219i energie, \u00een a\u0219teptare. Care este venitul minim - Buletin de Bucure\u0219ti","isPartOf":{"@id":"https:\/\/buletin.de\/bucuresti\/#website"},"primaryImageOfPage":{"@id":"https:\/\/buletin.de\/bucuresti\/cererile-pentru-subventiile-la-caldura-si-energie\/#primaryimage"},"image":{"@id":"https:\/\/buletin.de\/bucuresti\/cererile-pentru-subventiile-la-caldura-si-energie\/#primaryimage"},"thumbnailUrl":"https:\/\/buletin.de\/bucuresti\/wp-content\/uploads\/calorifer.jpeg","datePublished":"2024-10-08T05:56:25+00:00","dateModified":"2024-10-08T10:12:59+00:00","description":"Prim\u0103ria Sectorului 1 \u00eencepe s\u0103 primeasc\u0103, din data de 21 octombrie, cererile pentru subven\u021biile la c\u0103ldur\u0103 \u0219i a suplimentului pentru energie.","breadcrumb":{"@id":"https:\/\/buletin.de\/bucuresti\/cererile-pentru-subventiile-la-caldura-si-energie\/#breadcrumb"},"inLanguage":"en-GB","potentialAction":[{"@type":"ReadAction","target":["https:\/\/buletin.de\/bucuresti\/cererile-pentru-subventiile-la-caldura-si-energie\/"]}]},{"@type":"ImageObject","inLanguage":"en-GB","@id":"https:\/\/buletin.de\/bucuresti\/cererile-pentru-subventiile-la-caldura-si-energie\/#primaryimage","url":"https:\/\/buletin.de\/bucuresti\/wp-content\/uploads\/calorifer.jpeg","contentUrl":"https:\/\/buletin.de\/bucuresti\/wp-content\/uploads\/calorifer.jpeg","width":1600,"height":1102,"caption":"C\u00e2nd vom primi c\u0103ldur\u0103. Termoenergetica a \u00eenceput probele, la cald. FOTO: Arhiva"},{"@type":"BreadcrumbList","@id":"https:\/\/buletin.de\/bucuresti\/cererile-pentru-subventiile-la-caldura-si-energie\/#breadcrumb","itemListElement":[{"@type":"ListItem","position":1,"name":"Acas\u0103","item":"https:\/\/buletin.de\/bucuresti\/"},{"@type":"ListItem","position":2,"name":"Sector 1 | Cererile pentru subven\u021biile la c\u0103ldur\u0103 \u0219i energie, \u00een a\u0219teptare. Care este venitul minim"}]},{"@type":"WebSite","@id":"https:\/\/buletin.de\/bucuresti\/#website","url":"https:\/\/buletin.de\/bucuresti\/","name":"Buletin de Bucure\u0219ti","description":"\u0218tiri \u0219i investiga\u021bii esen\u021biale din capital\u0103","publisher":{"@id":"https:\/\/buletin.de\/bucuresti\/#organization"},"potentialAction":[{"@type":"SearchAction","target":{"@type":"EntryPoint","urlTemplate":"https:\/\/buletin.de\/bucuresti\/?s={search_term_string}"},"query-input":{"@type":"PropertyValueSpecification","valueRequired":true,"valueName":"search_term_string"}}],"inLanguage":"en-GB"},{"@type":"Organization","@id":"https:\/\/buletin.de\/bucuresti\/#organization","name":"Buletin de Bucure\u0219ti","url":"https:\/\/buletin.de\/bucuresti\/","logo":{"@type":"ImageObject","inLanguage":"en-GB","@id":"https:\/\/buletin.de\/bucuresti\/#\/schema\/logo\/image\/","url":"https:\/\/buletin.de\/bucuresti\/wp-content\/uploads\/logo-bdb-full-wide-vernil-transparent.png","contentUrl":"https:\/\/buletin.de\/bucuresti\/wp-content\/uploads\/logo-bdb-full-wide-vernil-transparent.png","width":1782,"height":626,"caption":"Buletin de Bucure\u0219ti"},"image":{"@id":"https:\/\/buletin.de\/bucuresti\/#\/schema\/logo\/image\/"},"sameAs":["https:\/\/www.facebook.com\/buletin.de.buc","https:\/\/www.instagram.com\/buletinde.bucuresti\/"]},{"@type":"Person","@id":"https:\/\/buletin.de\/bucuresti\/#\/schema\/person\/7e46040573290777280a0835d81ea4ea","name":"Diana Matei","image":{"@type":"ImageObject","inLanguage":"en-GB","@id":"https:\/\/buletin.de\/bucuresti\/wp-content\/uploads\/9-2-96x96.jpg1e8590b30871d70e62ebcdaf2eff570c","url":"https:\/\/buletin.de\/bucuresti\/wp-content\/uploads\/9-2-96x96.jpg","contentUrl":"https:\/\/buletin.de\/bucuresti\/wp-content\/uploads\/9-2-96x96.jpg","caption":"Diana Matei"},"url":"https:\/\/buletin.de\/bucuresti\/author\/dianamatei\/"}]}},"authors":[{"term_id":22574,"user_id":49,"is_guest":0,"slug":"dianamatei","display_name":"Diana Matei","avatar_url":"https:\/\/buletin.de\/bucuresti\/wp-content\/uploads\/9-2-96x96.jpg","0":null,"1":"","2":"","3":"","4":"","5":"","6":"","7":"","8":""}],"_links":{"self":[{"href":"https:\/\/buletin.de\/bucuresti\/wp-json\/wp\/v2\/posts\/101232","targetHints":{"allow":["GET"]}}],"collection":[{"href":"https:\/\/buletin.de\/bucuresti\/wp-json\/wp\/v2\/posts"}],"about":[{"href":"https:\/\/buletin.de\/bucuresti\/wp-json\/wp\/v2\/types\/post"}],"author":[{"embeddable":true,"href":"https:\/\/buletin.de\/bucuresti\/wp-json\/wp\/v2\/users\/49"}],"replies":[{"embeddable":true,"href":"https:\/\/buletin.de\/bucuresti\/wp-json\/wp\/v2\/comments?post=101232"}],"version-history":[{"count":4,"href":"https:\/\/buletin.de\/bucuresti\/wp-json\/wp\/v2\/posts\/101232\/revisions"}],"predecessor-version":[{"id":101269,"href":"https:\/\/buletin.de\/bucuresti\/wp-json\/wp\/v2\/posts\/101232\/revisions\/101269"}],"wp:featuredmedia":[{"embeddable":true,"href":"https:\/\/buletin.de\/bucuresti\/wp-json\/wp\/v2\/media\/62622"}],"wp:attachment":[{"href":"https:\/\/buletin.de\/bucuresti\/wp-json\/wp\/v2\/media?parent=101232"}],"wp:term":[{"taxonomy":"category","embeddable":true,"href":"https:\/\/buletin.de\/bucuresti\/wp-json\/wp\/v2\/categories?post=101232"},{"taxonomy":"post_tag","embeddable":true,"href":"https:\/\/buletin.de\/bucuresti\/wp-json\/wp\/v2\/tags?post=101232"},{"taxonomy":"author","embeddable":true,"href":"https:\/\/buletin.de\/bucuresti\/wp-json\/wp\/v2\/ppma_author?post=101232"}],"curies":[{"name":"wp","href":"https:\/\/api.w.org\/{rel}","templated":true}]}}