{"id":10116,"date":"2020-08-06T12:40:20","date_gmt":"2020-08-06T09:40:20","guid":{"rendered":"https:\/\/buletin.de\/bucuresti\/?p=10116"},"modified":"2020-08-06T12:40:20","modified_gmt":"2020-08-06T09:40:20","slug":"calin-popescu-tariceanu-candidat-alde-la-primaria-bucuresti","status":"publish","type":"post","link":"https:\/\/buletin.de\/bucuresti\/calin-popescu-tariceanu-candidat-alde-la-primaria-bucuresti\/","title":{"rendered":"C\u0103lin Popescu T\u0103riceanu, candidat ALDE la Prim\u0103ria Bucure\u0219ti"},"content":{"rendered":"\n<p><strong>Pre\u0219edintele ALDE, C\u0103lin Popescu T\u0103riceanu a f\u0103cut ast\u0103zi un anun\u021b surpriz\u0103. Va intra \u00een cursa pentru fotoliul de edil-general al Capitalei. Partidul condus de fostul premier va avea candida\u021bi pentru toate prim\u0103riile de sector \u0219i liste separate de candida\u021bi pentru consilii.<\/strong><\/p>\n\n\n\n<p>Decizia lui T\u0103riceanu este suprinz\u0103toare av\u00e2nd \u00een vedere declara\u021biile comune ale liderilor PSD \u0219i ALDE privind o alin\u021b\u0103 pentru alegerile locale. Negocierile dintre cele 2 partide s-au blocat \u00eens\u0103 la sf\u0103r\u0219itul lunii trecute, a\u0219a c\u0103 ALDE a mers mai departe. Are acum candida\u021bi proprii.<\/p>\n\n\n\n<p><em>&#8220;Am o responsabilitate fa\u021b\u0103 de electoratul liberal din toat\u0103 \u021bara, nu doar fa\u021b\u0103 de cel din Bucure\u0219ti. Nu este permis, ca \u00eentr-o b\u0103t\u0103lie, generalul s\u0103 stea numai la birou.&#8221;,<\/em> a declarat T\u0103riceanu \u00een conferin\u021ba de pres\u0103 \u00een care \u0219i-a anun\u021bat candidatura.<\/p>\n\n\n\n<p>C\u0103lin Popescu a mai adus \u0219i alte argumente \u00een favoarea candidaturii sale. Experien\u021ba sa de premier, nevoia unor oameni capabili \u00een aceste timpuri excep\u021bionale dar \u0219i lipsa unui adev\u0103rat candidat liberal la Prim\u0103ria Capitalei.<\/p>\n\n\n\n<p>&#8220;<em>Am constatat c\u0103, \u00een Bucure\u0219ti, nu exist\u0103 niciun candidat liberal, Nicu\u0219or Dan<\/em> <em>nu are un profil liberal, chiar dac\u0103 e sus\u021binut de PNL, ca s\u0103 nu mai vorbesc c\u0103 planeaz\u0103 semne serioase de \u00eentrebare asupra profilului liberal al PNL. <\/em>&#8220;, a mai spus C\u0103lin Popescu T\u0103riceanu.<\/p>\n\n\n\n<p>C\u0103lin Popescu T\u0103riceanu a mai candidat la Prim\u0103ria Bucure\u0219ti, \u00een 1992, din partea PNL-AT. A fost premierul Rom\u00e2niei \u00eentre 2004 \u0219i 2008, iar, \u00een prezent, este parlamentar.<\/p>\n\n\n\n<p>Sursa FOTO Facebook<\/p>\n\n\n\n<p><\/p>\n","protected":false},"excerpt":{"rendered":"<p>Pre\u0219edintele ALDE, C\u0103lin Popescu T\u0103riceanu a f\u0103cut ast\u0103zi un anun\u021b surpriz\u0103. Va intra \u00een cursa pentru fotoliul de edil-general al Capitalei. Partidul condus de fostul premier va avea candida\u021bi pentru toate prim\u0103riile de sector \u0219i liste separate de candida\u021bi pentru consilii. Decizia lui T\u0103riceanu este suprinz\u0103toare av\u00e2nd \u00een vedere declara\u021biile comune ale liderilor PSD \u0219i [&hellip;]<\/p>\n","protected":false},"author":18,"featured_media":10122,"comment_status":"closed","ping_status":"open","sticky":false,"template":"","format":"standard","meta":{"_acf_changed":false,"inline_featured_image":false,"ngg_post_thumbnail":0,"footnotes":""},"categories":[1],"tags":[],"ppma_author":[22579],"class_list":["post-10116","post","type-post","status-publish","format-standard","has-post-thumbnail","hentry","category-diverse"],"acf":[],"yoast_head":"<!-- This site is optimized with the Yoast SEO Premium plugin v25.3 (Yoast SEO v27.5) - https:\/\/yoast.com\/product\/yoast-seo-premium-wordpress\/ -->\n<title>C\u0103lin Popescu T\u0103riceanu, candidat ALDE la Prim\u0103ria Bucure\u0219ti - Buletin de Bucure\u0219ti<\/title>\n<meta name=\"robots\" content=\"index, follow, max-snippet:-1, max-image-preview:large, max-video-preview:-1\" \/>\n<link rel=\"canonical\" href=\"https:\/\/buletin.de\/bucuresti\/calin-popescu-tariceanu-candidat-alde-la-primaria-bucuresti\/\" \/>\n<meta property=\"og:locale\" content=\"en_GB\" \/>\n<meta property=\"og:type\" content=\"article\" \/>\n<meta property=\"og:title\" content=\"C\u0103lin Popescu T\u0103riceanu, candidat ALDE la Prim\u0103ria Bucure\u0219ti\" \/>\n<meta property=\"og:description\" content=\"Pre\u0219edintele ALDE, C\u0103lin Popescu T\u0103riceanu a f\u0103cut ast\u0103zi un anun\u021b surpriz\u0103. Va intra \u00een cursa pentru fotoliul de edil-general al Capitalei. Partidul condus de fostul premier va avea candida\u021bi pentru toate prim\u0103riile de sector \u0219i liste separate de candida\u021bi pentru consilii. Decizia lui T\u0103riceanu este suprinz\u0103toare av\u00e2nd \u00een vedere declara\u021biile comune ale liderilor PSD \u0219i [&hellip;]\" \/>\n<meta property=\"og:url\" content=\"https:\/\/buletin.de\/bucuresti\/calin-popescu-tariceanu-candidat-alde-la-primaria-bucuresti\/\" \/>\n<meta property=\"og:site_name\" content=\"Buletin de Bucure\u0219ti\" \/>\n<meta property=\"article:publisher\" content=\"https:\/\/www.facebook.com\/buletin.de.buc\" \/>\n<meta property=\"article:published_time\" content=\"2020-08-06T09:40:20+00:00\" \/>\n<meta property=\"og:image\" content=\"https:\/\/buletin.de\/bucuresti\/wp-content\/uploads\/tariceanu.jpeg\" \/>\n\t<meta property=\"og:image:width\" content=\"1600\" \/>\n\t<meta property=\"og:image:height\" content=\"900\" \/>\n\t<meta property=\"og:image:type\" content=\"image\/jpeg\" \/>\n<meta name=\"author\" content=\"Teodora Stroe\" \/>\n<meta name=\"twitter:card\" content=\"summary_large_image\" \/>\n<meta name=\"twitter:label1\" content=\"Written by\" \/>\n\t<meta name=\"twitter:data1\" content=\"Teodora Stroe\" \/>\n\t<meta name=\"twitter:label2\" content=\"Estimated reading time\" \/>\n\t<meta name=\"twitter:data2\" content=\"1 minute\" \/>\n<script type=\"application\/ld+json\" class=\"yoast-schema-graph\">{\"@context\":\"https:\\\/\\\/schema.org\",\"@graph\":[{\"@type\":\"Article\",\"@id\":\"https:\\\/\\\/buletin.de\\\/bucuresti\\\/calin-popescu-tariceanu-candidat-alde-la-primaria-bucuresti\\\/#article\",\"isPartOf\":{\"@id\":\"https:\\\/\\\/buletin.de\\\/bucuresti\\\/calin-popescu-tariceanu-candidat-alde-la-primaria-bucuresti\\\/\"},\"author\":{\"name\":\"Teodora Stroe\",\"@id\":\"https:\\\/\\\/buletin.de\\\/bucuresti\\\/#\\\/schema\\\/person\\\/d369d7ddc775abece205795e0b804614\"},\"headline\":\"C\u0103lin Popescu T\u0103riceanu, candidat ALDE la Prim\u0103ria Bucure\u0219ti\",\"datePublished\":\"2020-08-06T09:40:20+00:00\",\"mainEntityOfPage\":{\"@id\":\"https:\\\/\\\/buletin.de\\\/bucuresti\\\/calin-popescu-tariceanu-candidat-alde-la-primaria-bucuresti\\\/\"},\"wordCount\":280,\"publisher\":{\"@id\":\"https:\\\/\\\/buletin.de\\\/bucuresti\\\/#organization\"},\"image\":{\"@id\":\"https:\\\/\\\/buletin.de\\\/bucuresti\\\/calin-popescu-tariceanu-candidat-alde-la-primaria-bucuresti\\\/#primaryimage\"},\"thumbnailUrl\":\"https:\\\/\\\/buletin.de\\\/bucuresti\\\/wp-content\\\/uploads\\\/tariceanu.jpeg\",\"articleSection\":[\"Diverse\"],\"inLanguage\":\"en-GB\",\"copyrightYear\":\"2020\",\"copyrightHolder\":{\"@id\":\"https:\\\/\\\/buletin.de\\\/bucuresti\\\/#organization\"}},{\"@type\":\"WebPage\",\"@id\":\"https:\\\/\\\/buletin.de\\\/bucuresti\\\/calin-popescu-tariceanu-candidat-alde-la-primaria-bucuresti\\\/\",\"url\":\"https:\\\/\\\/buletin.de\\\/bucuresti\\\/calin-popescu-tariceanu-candidat-alde-la-primaria-bucuresti\\\/\",\"name\":\"C\u0103lin Popescu T\u0103riceanu, candidat ALDE la Prim\u0103ria Bucure\u0219ti - Buletin de Bucure\u0219ti\",\"isPartOf\":{\"@id\":\"https:\\\/\\\/buletin.de\\\/bucuresti\\\/#website\"},\"primaryImageOfPage\":{\"@id\":\"https:\\\/\\\/buletin.de\\\/bucuresti\\\/calin-popescu-tariceanu-candidat-alde-la-primaria-bucuresti\\\/#primaryimage\"},\"image\":{\"@id\":\"https:\\\/\\\/buletin.de\\\/bucuresti\\\/calin-popescu-tariceanu-candidat-alde-la-primaria-bucuresti\\\/#primaryimage\"},\"thumbnailUrl\":\"https:\\\/\\\/buletin.de\\\/bucuresti\\\/wp-content\\\/uploads\\\/tariceanu.jpeg\",\"datePublished\":\"2020-08-06T09:40:20+00:00\",\"breadcrumb\":{\"@id\":\"https:\\\/\\\/buletin.de\\\/bucuresti\\\/calin-popescu-tariceanu-candidat-alde-la-primaria-bucuresti\\\/#breadcrumb\"},\"inLanguage\":\"en-GB\",\"potentialAction\":[{\"@type\":\"ReadAction\",\"target\":[\"https:\\\/\\\/buletin.de\\\/bucuresti\\\/calin-popescu-tariceanu-candidat-alde-la-primaria-bucuresti\\\/\"]}]},{\"@type\":\"ImageObject\",\"inLanguage\":\"en-GB\",\"@id\":\"https:\\\/\\\/buletin.de\\\/bucuresti\\\/calin-popescu-tariceanu-candidat-alde-la-primaria-bucuresti\\\/#primaryimage\",\"url\":\"https:\\\/\\\/buletin.de\\\/bucuresti\\\/wp-content\\\/uploads\\\/tariceanu.jpeg\",\"contentUrl\":\"https:\\\/\\\/buletin.de\\\/bucuresti\\\/wp-content\\\/uploads\\\/tariceanu.jpeg\",\"width\":1600,\"height\":900},{\"@type\":\"BreadcrumbList\",\"@id\":\"https:\\\/\\\/buletin.de\\\/bucuresti\\\/calin-popescu-tariceanu-candidat-alde-la-primaria-bucuresti\\\/#breadcrumb\",\"itemListElement\":[{\"@type\":\"ListItem\",\"position\":1,\"name\":\"Acas\u0103\",\"item\":\"https:\\\/\\\/buletin.de\\\/bucuresti\\\/\"},{\"@type\":\"ListItem\",\"position\":2,\"name\":\"C\u0103lin Popescu T\u0103riceanu, candidat ALDE la Prim\u0103ria Bucure\u0219ti\"}]},{\"@type\":\"WebSite\",\"@id\":\"https:\\\/\\\/buletin.de\\\/bucuresti\\\/#website\",\"url\":\"https:\\\/\\\/buletin.de\\\/bucuresti\\\/\",\"name\":\"Buletin de Bucure\u0219ti\",\"description\":\"\u0218tiri \u0219i investiga\u021bii esen\u021biale din capital\u0103\",\"publisher\":{\"@id\":\"https:\\\/\\\/buletin.de\\\/bucuresti\\\/#organization\"},\"potentialAction\":[{\"@type\":\"SearchAction\",\"target\":{\"@type\":\"EntryPoint\",\"urlTemplate\":\"https:\\\/\\\/buletin.de\\\/bucuresti\\\/?s={search_term_string}\"},\"query-input\":{\"@type\":\"PropertyValueSpecification\",\"valueRequired\":true,\"valueName\":\"search_term_string\"}}],\"inLanguage\":\"en-GB\"},{\"@type\":\"Organization\",\"@id\":\"https:\\\/\\\/buletin.de\\\/bucuresti\\\/#organization\",\"name\":\"Buletin de Bucure\u0219ti\",\"url\":\"https:\\\/\\\/buletin.de\\\/bucuresti\\\/\",\"logo\":{\"@type\":\"ImageObject\",\"inLanguage\":\"en-GB\",\"@id\":\"https:\\\/\\\/buletin.de\\\/bucuresti\\\/#\\\/schema\\\/logo\\\/image\\\/\",\"url\":\"https:\\\/\\\/buletin.de\\\/bucuresti\\\/wp-content\\\/uploads\\\/logo-bdb-full-wide-vernil-transparent.png\",\"contentUrl\":\"https:\\\/\\\/buletin.de\\\/bucuresti\\\/wp-content\\\/uploads\\\/logo-bdb-full-wide-vernil-transparent.png\",\"width\":1782,\"height\":626,\"caption\":\"Buletin de Bucure\u0219ti\"},\"image\":{\"@id\":\"https:\\\/\\\/buletin.de\\\/bucuresti\\\/#\\\/schema\\\/logo\\\/image\\\/\"},\"sameAs\":[\"https:\\\/\\\/www.facebook.com\\\/buletin.de.buc\",\"https:\\\/\\\/www.instagram.com\\\/buletinde.bucuresti\\\/\"]},{\"@type\":\"Person\",\"@id\":\"https:\\\/\\\/buletin.de\\\/bucuresti\\\/#\\\/schema\\\/person\\\/d369d7ddc775abece205795e0b804614\",\"name\":\"Teodora Stroe\",\"image\":{\"@type\":\"ImageObject\",\"inLanguage\":\"en-GB\",\"@id\":\"https:\\\/\\\/secure.gravatar.com\\\/avatar\\\/2560b4cd9f5f1bc100b123158e657d75584bd1c3e1d9c69285720b9457c1b78d?s=96&d=monsterid&r=gc104800242ba5f2d78dd5d7dc4df08b6\",\"url\":\"https:\\\/\\\/secure.gravatar.com\\\/avatar\\\/2560b4cd9f5f1bc100b123158e657d75584bd1c3e1d9c69285720b9457c1b78d?s=96&d=monsterid&r=g\",\"contentUrl\":\"https:\\\/\\\/secure.gravatar.com\\\/avatar\\\/2560b4cd9f5f1bc100b123158e657d75584bd1c3e1d9c69285720b9457c1b78d?s=96&d=monsterid&r=g\",\"caption\":\"Teodora Stroe\"},\"url\":\"https:\\\/\\\/buletin.de\\\/bucuresti\\\/author\\\/simonacarlugea\\\/\"}]}<\/script>\n<!-- \/ Yoast SEO Premium plugin. -->","yoast_head_json":{"title":"C\u0103lin Popescu T\u0103riceanu, candidat ALDE la Prim\u0103ria Bucure\u0219ti - Buletin de Bucure\u0219ti","robots":{"index":"index","follow":"follow","max-snippet":"max-snippet:-1","max-image-preview":"max-image-preview:large","max-video-preview":"max-video-preview:-1"},"canonical":"https:\/\/buletin.de\/bucuresti\/calin-popescu-tariceanu-candidat-alde-la-primaria-bucuresti\/","og_locale":"en_GB","og_type":"article","og_title":"C\u0103lin Popescu T\u0103riceanu, candidat ALDE la Prim\u0103ria Bucure\u0219ti","og_description":"Pre\u0219edintele ALDE, C\u0103lin Popescu T\u0103riceanu a f\u0103cut ast\u0103zi un anun\u021b surpriz\u0103. Va intra \u00een cursa pentru fotoliul de edil-general al Capitalei. Partidul condus de fostul premier va avea candida\u021bi pentru toate prim\u0103riile de sector \u0219i liste separate de candida\u021bi pentru consilii. Decizia lui T\u0103riceanu este suprinz\u0103toare av\u00e2nd \u00een vedere declara\u021biile comune ale liderilor PSD \u0219i [&hellip;]","og_url":"https:\/\/buletin.de\/bucuresti\/calin-popescu-tariceanu-candidat-alde-la-primaria-bucuresti\/","og_site_name":"Buletin de Bucure\u0219ti","article_publisher":"https:\/\/www.facebook.com\/buletin.de.buc","article_published_time":"2020-08-06T09:40:20+00:00","og_image":[{"width":1600,"height":900,"url":"https:\/\/buletin.de\/bucuresti\/wp-content\/uploads\/tariceanu.jpeg","type":"image\/jpeg"}],"author":"Teodora Stroe","twitter_card":"summary_large_image","twitter_misc":{"Written by":"Teodora Stroe","Estimated reading time":"1 minute"},"schema":{"@context":"https:\/\/schema.org","@graph":[{"@type":"Article","@id":"https:\/\/buletin.de\/bucuresti\/calin-popescu-tariceanu-candidat-alde-la-primaria-bucuresti\/#article","isPartOf":{"@id":"https:\/\/buletin.de\/bucuresti\/calin-popescu-tariceanu-candidat-alde-la-primaria-bucuresti\/"},"author":{"name":"Teodora Stroe","@id":"https:\/\/buletin.de\/bucuresti\/#\/schema\/person\/d369d7ddc775abece205795e0b804614"},"headline":"C\u0103lin Popescu T\u0103riceanu, candidat ALDE la Prim\u0103ria Bucure\u0219ti","datePublished":"2020-08-06T09:40:20+00:00","mainEntityOfPage":{"@id":"https:\/\/buletin.de\/bucuresti\/calin-popescu-tariceanu-candidat-alde-la-primaria-bucuresti\/"},"wordCount":280,"publisher":{"@id":"https:\/\/buletin.de\/bucuresti\/#organization"},"image":{"@id":"https:\/\/buletin.de\/bucuresti\/calin-popescu-tariceanu-candidat-alde-la-primaria-bucuresti\/#primaryimage"},"thumbnailUrl":"https:\/\/buletin.de\/bucuresti\/wp-content\/uploads\/tariceanu.jpeg","articleSection":["Diverse"],"inLanguage":"en-GB","copyrightYear":"2020","copyrightHolder":{"@id":"https:\/\/buletin.de\/bucuresti\/#organization"}},{"@type":"WebPage","@id":"https:\/\/buletin.de\/bucuresti\/calin-popescu-tariceanu-candidat-alde-la-primaria-bucuresti\/","url":"https:\/\/buletin.de\/bucuresti\/calin-popescu-tariceanu-candidat-alde-la-primaria-bucuresti\/","name":"C\u0103lin Popescu T\u0103riceanu, candidat ALDE la Prim\u0103ria Bucure\u0219ti - Buletin de Bucure\u0219ti","isPartOf":{"@id":"https:\/\/buletin.de\/bucuresti\/#website"},"primaryImageOfPage":{"@id":"https:\/\/buletin.de\/bucuresti\/calin-popescu-tariceanu-candidat-alde-la-primaria-bucuresti\/#primaryimage"},"image":{"@id":"https:\/\/buletin.de\/bucuresti\/calin-popescu-tariceanu-candidat-alde-la-primaria-bucuresti\/#primaryimage"},"thumbnailUrl":"https:\/\/buletin.de\/bucuresti\/wp-content\/uploads\/tariceanu.jpeg","datePublished":"2020-08-06T09:40:20+00:00","breadcrumb":{"@id":"https:\/\/buletin.de\/bucuresti\/calin-popescu-tariceanu-candidat-alde-la-primaria-bucuresti\/#breadcrumb"},"inLanguage":"en-GB","potentialAction":[{"@type":"ReadAction","target":["https:\/\/buletin.de\/bucuresti\/calin-popescu-tariceanu-candidat-alde-la-primaria-bucuresti\/"]}]},{"@type":"ImageObject","inLanguage":"en-GB","@id":"https:\/\/buletin.de\/bucuresti\/calin-popescu-tariceanu-candidat-alde-la-primaria-bucuresti\/#primaryimage","url":"https:\/\/buletin.de\/bucuresti\/wp-content\/uploads\/tariceanu.jpeg","contentUrl":"https:\/\/buletin.de\/bucuresti\/wp-content\/uploads\/tariceanu.jpeg","width":1600,"height":900},{"@type":"BreadcrumbList","@id":"https:\/\/buletin.de\/bucuresti\/calin-popescu-tariceanu-candidat-alde-la-primaria-bucuresti\/#breadcrumb","itemListElement":[{"@type":"ListItem","position":1,"name":"Acas\u0103","item":"https:\/\/buletin.de\/bucuresti\/"},{"@type":"ListItem","position":2,"name":"C\u0103lin Popescu T\u0103riceanu, candidat ALDE la Prim\u0103ria Bucure\u0219ti"}]},{"@type":"WebSite","@id":"https:\/\/buletin.de\/bucuresti\/#website","url":"https:\/\/buletin.de\/bucuresti\/","name":"Buletin de Bucure\u0219ti","description":"\u0218tiri \u0219i investiga\u021bii esen\u021biale din capital\u0103","publisher":{"@id":"https:\/\/buletin.de\/bucuresti\/#organization"},"potentialAction":[{"@type":"SearchAction","target":{"@type":"EntryPoint","urlTemplate":"https:\/\/buletin.de\/bucuresti\/?s={search_term_string}"},"query-input":{"@type":"PropertyValueSpecification","valueRequired":true,"valueName":"search_term_string"}}],"inLanguage":"en-GB"},{"@type":"Organization","@id":"https:\/\/buletin.de\/bucuresti\/#organization","name":"Buletin de Bucure\u0219ti","url":"https:\/\/buletin.de\/bucuresti\/","logo":{"@type":"ImageObject","inLanguage":"en-GB","@id":"https:\/\/buletin.de\/bucuresti\/#\/schema\/logo\/image\/","url":"https:\/\/buletin.de\/bucuresti\/wp-content\/uploads\/logo-bdb-full-wide-vernil-transparent.png","contentUrl":"https:\/\/buletin.de\/bucuresti\/wp-content\/uploads\/logo-bdb-full-wide-vernil-transparent.png","width":1782,"height":626,"caption":"Buletin de Bucure\u0219ti"},"image":{"@id":"https:\/\/buletin.de\/bucuresti\/#\/schema\/logo\/image\/"},"sameAs":["https:\/\/www.facebook.com\/buletin.de.buc","https:\/\/www.instagram.com\/buletinde.bucuresti\/"]},{"@type":"Person","@id":"https:\/\/buletin.de\/bucuresti\/#\/schema\/person\/d369d7ddc775abece205795e0b804614","name":"Teodora Stroe","image":{"@type":"ImageObject","inLanguage":"en-GB","@id":"https:\/\/secure.gravatar.com\/avatar\/2560b4cd9f5f1bc100b123158e657d75584bd1c3e1d9c69285720b9457c1b78d?s=96&d=monsterid&r=gc104800242ba5f2d78dd5d7dc4df08b6","url":"https:\/\/secure.gravatar.com\/avatar\/2560b4cd9f5f1bc100b123158e657d75584bd1c3e1d9c69285720b9457c1b78d?s=96&d=monsterid&r=g","contentUrl":"https:\/\/secure.gravatar.com\/avatar\/2560b4cd9f5f1bc100b123158e657d75584bd1c3e1d9c69285720b9457c1b78d?s=96&d=monsterid&r=g","caption":"Teodora Stroe"},"url":"https:\/\/buletin.de\/bucuresti\/author\/simonacarlugea\/"}]}},"authors":[{"term_id":22579,"user_id":18,"is_guest":0,"slug":"simonacarlugea","display_name":"Teodora Stroe","avatar_url":"https:\/\/secure.gravatar.com\/avatar\/2560b4cd9f5f1bc100b123158e657d75584bd1c3e1d9c69285720b9457c1b78d?s=96&d=monsterid&r=g","0":null,"1":"","2":"","3":"","4":"","5":"","6":"","7":"","8":""}],"_links":{"self":[{"href":"https:\/\/buletin.de\/bucuresti\/wp-json\/wp\/v2\/posts\/10116","targetHints":{"allow":["GET"]}}],"collection":[{"href":"https:\/\/buletin.de\/bucuresti\/wp-json\/wp\/v2\/posts"}],"about":[{"href":"https:\/\/buletin.de\/bucuresti\/wp-json\/wp\/v2\/types\/post"}],"author":[{"embeddable":true,"href":"https:\/\/buletin.de\/bucuresti\/wp-json\/wp\/v2\/users\/18"}],"replies":[{"embeddable":true,"href":"https:\/\/buletin.de\/bucuresti\/wp-json\/wp\/v2\/comments?post=10116"}],"version-history":[{"count":5,"href":"https:\/\/buletin.de\/bucuresti\/wp-json\/wp\/v2\/posts\/10116\/revisions"}],"predecessor-version":[{"id":10124,"href":"https:\/\/buletin.de\/bucuresti\/wp-json\/wp\/v2\/posts\/10116\/revisions\/10124"}],"wp:featuredmedia":[{"embeddable":true,"href":"https:\/\/buletin.de\/bucuresti\/wp-json\/wp\/v2\/media\/10122"}],"wp:attachment":[{"href":"https:\/\/buletin.de\/bucuresti\/wp-json\/wp\/v2\/media?parent=10116"}],"wp:term":[{"taxonomy":"category","embeddable":true,"href":"https:\/\/buletin.de\/bucuresti\/wp-json\/wp\/v2\/categories?post=10116"},{"taxonomy":"post_tag","embeddable":true,"href":"https:\/\/buletin.de\/bucuresti\/wp-json\/wp\/v2\/tags?post=10116"},{"taxonomy":"author","embeddable":true,"href":"https:\/\/buletin.de\/bucuresti\/wp-json\/wp\/v2\/ppma_author?post=10116"}],"curies":[{"name":"wp","href":"https:\/\/api.w.org\/{rel}","templated":true}]}}