{"id":101153,"date":"2024-10-07T13:20:02","date_gmt":"2024-10-07T10:20:02","guid":{"rendered":"https:\/\/buletin.de\/bucuresti\/?p=101153"},"modified":"2024-10-07T13:20:03","modified_gmt":"2024-10-07T10:20:03","slug":"autostrada-bucuresti-nou-nod-rutier-spre-cernica","status":"publish","type":"post","link":"https:\/\/buletin.de\/bucuresti\/autostrada-bucuresti-nou-nod-rutier-spre-cernica\/","title":{"rendered":"Autostrada Bucure\u0219ti | Nou nod rutier spre Cernica"},"content":{"rendered":"\n<p><strong>Ministerul Transporturilor a avizat realizarea studiului de fezabilitate pentru un nou nod rutier pe Autostrada Bucure\u0219tiului (A0). Nodul rutier Pantelimon, situat pe sectorul de nord al autostr\u0103zii A0, la km 48, va face leg\u0103tura dintre A3 \u0219i DN3, relateaz\u0103 <\/strong><a href=\"https:\/\/www.profit.ro\/povesti-cu-profit\/auto-transporturi\/foto-un-nou-nod-rutier-pe-autostrada-bucurestiului-21757422?utm_source=Rss&amp;utm_medium=Referral&amp;utm_campaign=Cross\"><strong>Profit.ro<\/strong><\/a><strong>.&nbsp;<\/strong><\/p>\n\n\n\n<p>Lotul 4 din sec\u021biunea Nord a Autostr\u0103zii Bucure\u0219ti ar trebui s\u0103 preia traficul rutier de pe cel mai aglomerat segment din DNCB. R\u0103mas\u0103 la o band\u0103 pe sens, bucata de 4 kilometri, dintre DN3 Pantelimon \u0219i Autostrada Soarelui din Centura Capitalei, \u00eenregistreaz\u0103 la orele de v\u00e2rf o vitez\u0103 medie de deplasare de aproximativ opt kilometri pe or\u0103.<\/p>\n\n\n\n<p>Proiectul presupune:<\/p>\n\n\n\n<ul class=\"wp-block-list\">\n<li>26 ha suprafa\u021b\u0103 total\u0103 ocupat\u0103 a terenului;<\/li>\n\n\n\n<li>5,8 km lungime bretele \u0219i benzi de accelerare\/decelerare;<\/li>\n\n\n\n<li>5,7 km drumuri de \u00eentre\u021binere;<\/li>\n\n\n\n<li>2,7 km drumuri exploatare relocate;<\/li>\n\n\n\n<li>2 structuri: 1) pod pe bretea 2 peste canal ANIF \u0219i peste strada Gara Pas\u0103rea \u0219i 2) pod pe bretea 0 peste canalul ANIF.<\/li>\n<\/ul>\n\n\n\n<p>Secretarul de stat <a href=\"https:\/\/www.facebook.com\/photo\/?fbid=1056098955901960&amp;set=a.420190879492774\">Ionel Scrio\u0219teanu a transmis pe Facebook<\/a> urm\u0103torii pa\u0219i care vor fi parcur\u0219i \u00een desf\u0103\u0219urarea proiectului:<\/p>\n\n\n\n<ul class=\"wp-block-list\">\n<li>\u00eenaintarea documenta\u021biei c\u0103tre Ministerul Dezvolt\u0103rii, Lucr\u0103rilor Publice \u0219i Administra\u021biei pentru a fi avizat\u0103 \u00een Consiliul Interministerial;<\/li>\n\n\n\n<li>aprobarea proiectului de Hot\u0103r\u00e2re de Guvern \u00een \u0219edin\u021ba Guvernului Rom\u00e2niei;<\/li>\n\n\n\n<li>lansarea licita\u021biei pentru proiectare \u0219i execu\u021bie lucr\u0103ri p\u00e2n\u0103 la sf\u00e2r\u0219itul anului.<\/li>\n<\/ul>\n\n\n\n<p><strong>CITE\u0218TE \u0218I:<\/strong> <strong><a href=\"https:\/\/buletin.de\/bucuresti\/video-grinzile-autostrazii-bucuresti-de-peste-a1-au-fost-montate-se-lucreaza-cu-intarzieri-la-fluturele-de-acces\/\">VIDEO | Grinzile Autostr\u0103zii Bucure\u0219ti, de peste A1, au fost montate. Se lucreaz\u0103 cu mari \u00eent\u00e2rzieri \u0219i la \u201efluturele\u201d de acces<\/a><\/strong><\/p>\n\n\n\n<h2 class=\"wp-block-heading\" id=\"h-un-alt-nod-rutier-pe-autostrada-bucurestiului-spectaculosul-fluture-gigant-dintre-a0-si-a2\">Un alt nod rutier pe Autostrada Bucure\u015ftiului: Spectaculosul \u201efluture-gigant\u201d dintre A0 \u015fi A2<\/h2>\n\n\n\n<p>Inaugurat la finalul lunii iulie, nodul rutier despre care Buletin de Bucure\u015fti a scris \u00een repetate r\u00e2nduri face parte dintr-un tronson de 10 kilometri ai Autostr\u0103zii Bucure\u015ftiului, din lotul 1 Glina &#8211; Vidra, construi\u0163i de compania din Turcia Alsim Alarko.<\/p>\n\n\n\n<p><strong>CITE\u015eTE \u015eI:<\/strong> <a href=\"https:\/\/buletin.de\/bucuresti\/video-cum-arata-nodul-a0-a2-pe-timp-de-noapte-fluturele-iluminat-filmat-cu-drona\/\">VIDEO | Cum arat\u0103 nodul A0-A2, pe timp de noapte. \u201eFluturele\u201d iluminat, filmat cu drona<\/a><\/p>\n\n\n\n<p>Ordinul de \u00eencepere pentru lucr\u0103rile de la Lotul 1 A0 Sud Glina \u2013 Vidra a fost emis la 1 martie 2021. La Sud de \u201efluturele-gigant\u201d (nodul A0-A2), \u0219antierul autostr\u0103zii a \u00eent\u00e2mpinat dificult\u0103\u021bi din cauza reloc\u0103rii unei conducte Transgaz care, din pricina documenta\u021biilor \u00eentocmite gre\u0219it, s-a suprapus peste lucr\u0103rile de la Pasajul Berceni.<\/p>\n\n\n\n<p>\u00cen urma revizuirii celor dou\u0103 proiecte identice s-a ajuns la concluzia c\u0103 e necesar\u0103 \u00eentocmirea unei noi documenta\u021bii \u00een vederea realiz\u0103rii unei proceduri de expropriere.<\/p>\n\n\n\n<p>\u00cen acest moment, 33 km de autostrad\u0103 sunt da\u021bi \u00een trafic pe semi-inelul sudic al Autostr\u0103zii Bucure\u0219tiului&nbsp;<a href=\"https:\/\/www.facebook.com\/hashtag\/a0?__eep__=6&amp;__cft__[0]=AZVhLI7XayRqFxPHLKw59kBT5GPO9doBWl7Yzj9SKll8KIubU2OMJla2Bl7-Z54haM76A3fslEm9Re55xqjU2jgO34_ilEndbDjvB-GgdLz5RIvKFhJ54vzFgAXLgNXf83CptYnCyUT57eSAu8aY1juj79z-dkerEQ4PxJ4CoTEIOT2wUYwpygGb-5vY3KvbPl9L6wholSu7qYoi23gjtCiRQFmqxDh0Hbaly7MswaKboA&amp;__tn__=*NK-R\">#A0<\/a>&nbsp;\u0219i \u00eenc\u0103 aproximativ 20 km pe semi-inelul nordic (jum\u0103tate da\u021bi \u00een trafic, jum\u0103tate finaliza\u021bi).<\/p>\n\n\n\n<p><strong>CITE\u0218TE \u0218I:<\/strong> <strong><a href=\"https:\/\/buletin.de\/bucuresti\/restrictii-nocturne-pe-autostrada-soarelui-pentru-finalizarea-lucrarilor-la-fluturele-gigant-dintre-a0-si-a2\/\">Restric\u021bii pe Autostrada Soarelui, pentru finalizarea lucr\u0103rilor la \u201efluturele-gigant\u201d dintre A0 \u0219i A2<\/a><\/strong><\/p>\n","protected":false},"excerpt":{"rendered":"<p>Ministerul Transporturilor a avizat realizarea studiului de fezabilitate pentru un nou nod rutier pe Autostrada Bucure\u0219tiului (A0). Nodul rutier Pantelimon, situat pe sectorul de nord al autostr\u0103zii A0, la km 48, va face leg\u0103tura dintre A3 \u0219i DN3, relateaz\u0103 Profit.ro.&nbsp; Lotul 4 din sec\u021biunea Nord a Autostr\u0103zii Bucure\u0219ti ar trebui s\u0103 preia traficul rutier de [&hellip;]<\/p>\n","protected":false},"author":1,"featured_media":101157,"comment_status":"closed","ping_status":"open","sticky":false,"template":"","format":"standard","meta":{"_acf_changed":false,"inline_featured_image":false,"ngg_post_thumbnail":0,"footnotes":""},"categories":[6994,5762,650],"tags":[2620,15752,2063,2515,5977,15753],"ppma_author":[22583],"class_list":["post-101153","post","type-post","status-publish","format-standard","has-post-thumbnail","hentry","category-stiri-2","category-main","category-transport","tag-autostrada-a0","tag-autostrada-bucuresti-2","tag-bucuresti-2","tag-cernica","tag-dn3","tag-nod-rutier-pantelimon"],"acf":[],"yoast_head":"<!-- This site is optimized with the Yoast SEO Premium plugin v25.3 (Yoast SEO v27.4) - https:\/\/yoast.com\/product\/yoast-seo-premium-wordpress\/ -->\n<title>Autostrada Bucure\u0219ti | Nou nod rutier spre Cernica - Buletin de Bucure\u0219ti<\/title>\n<meta name=\"description\" content=\"Ministerul Transporturilor a avizat realizarea studiului de fezabilitate pentru un nou nod rutier pe Autostrada Bucure\u0219tiului (A0).\" \/>\n<meta name=\"robots\" content=\"index, follow, max-snippet:-1, max-image-preview:large, max-video-preview:-1\" \/>\n<link rel=\"canonical\" href=\"https:\/\/buletin.de\/bucuresti\/autostrada-bucuresti-nou-nod-rutier-spre-cernica\/\" \/>\n<meta property=\"og:locale\" content=\"en_GB\" \/>\n<meta property=\"og:type\" content=\"article\" \/>\n<meta property=\"og:title\" content=\"Autostrada Bucure\u0219ti | Nou nod rutier spre Cernica\" \/>\n<meta property=\"og:description\" content=\"Ministerul Transporturilor a avizat realizarea studiului de fezabilitate pentru un nou nod rutier pe Autostrada Bucure\u0219tiului (A0).\" \/>\n<meta property=\"og:url\" content=\"https:\/\/buletin.de\/bucuresti\/autostrada-bucuresti-nou-nod-rutier-spre-cernica\/\" \/>\n<meta property=\"og:site_name\" content=\"Buletin de Bucure\u0219ti\" \/>\n<meta property=\"article:publisher\" content=\"https:\/\/www.facebook.com\/buletin.de.buc\" \/>\n<meta property=\"article:published_time\" content=\"2024-10-07T10:20:02+00:00\" \/>\n<meta property=\"article:modified_time\" content=\"2024-10-07T10:20:03+00:00\" \/>\n<meta property=\"og:image\" content=\"https:\/\/buletin.de\/bucuresti\/wp-content\/uploads\/Nou-nod-rutier-pe-Autostrada-Bucuresti.jpg\" \/>\n\t<meta property=\"og:image:width\" content=\"1028\" \/>\n\t<meta property=\"og:image:height\" content=\"1097\" \/>\n\t<meta property=\"og:image:type\" content=\"image\/jpeg\" \/>\n<meta name=\"author\" content=\"Redac\u021bia Buletin de Bucure\u0219ti\" \/>\n<meta name=\"twitter:card\" content=\"summary_large_image\" \/>\n<meta name=\"twitter:label1\" content=\"Written by\" \/>\n\t<meta name=\"twitter:data1\" content=\"Redac\u021bia Buletin de Bucure\u0219ti\" \/>\n\t<meta name=\"twitter:label2\" content=\"Estimated reading time\" \/>\n\t<meta name=\"twitter:data2\" content=\"3 minutes\" \/>\n<script type=\"application\/ld+json\" class=\"yoast-schema-graph\">{\"@context\":\"https:\\\/\\\/schema.org\",\"@graph\":[{\"@type\":\"Article\",\"@id\":\"https:\\\/\\\/buletin.de\\\/bucuresti\\\/autostrada-bucuresti-nou-nod-rutier-spre-cernica\\\/#article\",\"isPartOf\":{\"@id\":\"https:\\\/\\\/buletin.de\\\/bucuresti\\\/autostrada-bucuresti-nou-nod-rutier-spre-cernica\\\/\"},\"author\":{\"name\":\"Redac\u021bia Buletin de Bucure\u0219ti\",\"@id\":\"https:\\\/\\\/buletin.de\\\/bucuresti\\\/#\\\/schema\\\/person\\\/2bbcf854e5f2419a13804af574d06ab1\"},\"headline\":\"Autostrada Bucure\u0219ti | Nou nod rutier spre Cernica\",\"datePublished\":\"2024-10-07T10:20:02+00:00\",\"dateModified\":\"2024-10-07T10:20:03+00:00\",\"mainEntityOfPage\":{\"@id\":\"https:\\\/\\\/buletin.de\\\/bucuresti\\\/autostrada-bucuresti-nou-nod-rutier-spre-cernica\\\/\"},\"wordCount\":474,\"publisher\":{\"@id\":\"https:\\\/\\\/buletin.de\\\/bucuresti\\\/#organization\"},\"image\":{\"@id\":\"https:\\\/\\\/buletin.de\\\/bucuresti\\\/autostrada-bucuresti-nou-nod-rutier-spre-cernica\\\/#primaryimage\"},\"thumbnailUrl\":\"https:\\\/\\\/buletin.de\\\/bucuresti\\\/wp-content\\\/uploads\\\/Nou-nod-rutier-pe-Autostrada-Bucuresti.jpg\",\"keywords\":[\"autostrada a0\",\"Autostrada Bucure\u0219ti\",\"Bucure\u0219ti\",\"cernica\",\"dn3\",\"Nod rutier Pantelimon\"],\"articleSection\":[\"Articole\",\"Main\",\"Transport\"],\"inLanguage\":\"en-GB\",\"copyrightYear\":\"2024\",\"copyrightHolder\":{\"@id\":\"https:\\\/\\\/buletin.de\\\/bucuresti\\\/#organization\"}},{\"@type\":\"WebPage\",\"@id\":\"https:\\\/\\\/buletin.de\\\/bucuresti\\\/autostrada-bucuresti-nou-nod-rutier-spre-cernica\\\/\",\"url\":\"https:\\\/\\\/buletin.de\\\/bucuresti\\\/autostrada-bucuresti-nou-nod-rutier-spre-cernica\\\/\",\"name\":\"Autostrada Bucure\u0219ti | Nou nod rutier spre Cernica - Buletin de Bucure\u0219ti\",\"isPartOf\":{\"@id\":\"https:\\\/\\\/buletin.de\\\/bucuresti\\\/#website\"},\"primaryImageOfPage\":{\"@id\":\"https:\\\/\\\/buletin.de\\\/bucuresti\\\/autostrada-bucuresti-nou-nod-rutier-spre-cernica\\\/#primaryimage\"},\"image\":{\"@id\":\"https:\\\/\\\/buletin.de\\\/bucuresti\\\/autostrada-bucuresti-nou-nod-rutier-spre-cernica\\\/#primaryimage\"},\"thumbnailUrl\":\"https:\\\/\\\/buletin.de\\\/bucuresti\\\/wp-content\\\/uploads\\\/Nou-nod-rutier-pe-Autostrada-Bucuresti.jpg\",\"datePublished\":\"2024-10-07T10:20:02+00:00\",\"dateModified\":\"2024-10-07T10:20:03+00:00\",\"description\":\"Ministerul Transporturilor a avizat realizarea studiului de fezabilitate pentru un nou nod rutier pe Autostrada Bucure\u0219tiului (A0).\",\"breadcrumb\":{\"@id\":\"https:\\\/\\\/buletin.de\\\/bucuresti\\\/autostrada-bucuresti-nou-nod-rutier-spre-cernica\\\/#breadcrumb\"},\"inLanguage\":\"en-GB\",\"potentialAction\":[{\"@type\":\"ReadAction\",\"target\":[\"https:\\\/\\\/buletin.de\\\/bucuresti\\\/autostrada-bucuresti-nou-nod-rutier-spre-cernica\\\/\"]}]},{\"@type\":\"ImageObject\",\"inLanguage\":\"en-GB\",\"@id\":\"https:\\\/\\\/buletin.de\\\/bucuresti\\\/autostrada-bucuresti-nou-nod-rutier-spre-cernica\\\/#primaryimage\",\"url\":\"https:\\\/\\\/buletin.de\\\/bucuresti\\\/wp-content\\\/uploads\\\/Nou-nod-rutier-pe-Autostrada-Bucuresti.jpg\",\"contentUrl\":\"https:\\\/\\\/buletin.de\\\/bucuresti\\\/wp-content\\\/uploads\\\/Nou-nod-rutier-pe-Autostrada-Bucuresti.jpg\",\"width\":1028,\"height\":1097,\"caption\":\"Nou nod rutier pe Autostrada Bucure\u0219ti. Foto: Facebook \\\/ Ionel Scrio\u0219teanu\"},{\"@type\":\"BreadcrumbList\",\"@id\":\"https:\\\/\\\/buletin.de\\\/bucuresti\\\/autostrada-bucuresti-nou-nod-rutier-spre-cernica\\\/#breadcrumb\",\"itemListElement\":[{\"@type\":\"ListItem\",\"position\":1,\"name\":\"Acas\u0103\",\"item\":\"https:\\\/\\\/buletin.de\\\/bucuresti\\\/\"},{\"@type\":\"ListItem\",\"position\":2,\"name\":\"Autostrada Bucure\u0219ti | Nou nod rutier spre Cernica\"}]},{\"@type\":\"WebSite\",\"@id\":\"https:\\\/\\\/buletin.de\\\/bucuresti\\\/#website\",\"url\":\"https:\\\/\\\/buletin.de\\\/bucuresti\\\/\",\"name\":\"Buletin de Bucure\u0219ti\",\"description\":\"\u0218tiri \u0219i investiga\u021bii esen\u021biale din capital\u0103\",\"publisher\":{\"@id\":\"https:\\\/\\\/buletin.de\\\/bucuresti\\\/#organization\"},\"potentialAction\":[{\"@type\":\"SearchAction\",\"target\":{\"@type\":\"EntryPoint\",\"urlTemplate\":\"https:\\\/\\\/buletin.de\\\/bucuresti\\\/?s={search_term_string}\"},\"query-input\":{\"@type\":\"PropertyValueSpecification\",\"valueRequired\":true,\"valueName\":\"search_term_string\"}}],\"inLanguage\":\"en-GB\"},{\"@type\":\"Organization\",\"@id\":\"https:\\\/\\\/buletin.de\\\/bucuresti\\\/#organization\",\"name\":\"Buletin de Bucure\u0219ti\",\"url\":\"https:\\\/\\\/buletin.de\\\/bucuresti\\\/\",\"logo\":{\"@type\":\"ImageObject\",\"inLanguage\":\"en-GB\",\"@id\":\"https:\\\/\\\/buletin.de\\\/bucuresti\\\/#\\\/schema\\\/logo\\\/image\\\/\",\"url\":\"https:\\\/\\\/buletin.de\\\/bucuresti\\\/wp-content\\\/uploads\\\/logo-bdb-full-wide-vernil-transparent.png\",\"contentUrl\":\"https:\\\/\\\/buletin.de\\\/bucuresti\\\/wp-content\\\/uploads\\\/logo-bdb-full-wide-vernil-transparent.png\",\"width\":1782,\"height\":626,\"caption\":\"Buletin de Bucure\u0219ti\"},\"image\":{\"@id\":\"https:\\\/\\\/buletin.de\\\/bucuresti\\\/#\\\/schema\\\/logo\\\/image\\\/\"},\"sameAs\":[\"https:\\\/\\\/www.facebook.com\\\/buletin.de.buc\",\"https:\\\/\\\/www.instagram.com\\\/buletinde.bucuresti\\\/\"]},{\"@type\":\"Person\",\"@id\":\"https:\\\/\\\/buletin.de\\\/bucuresti\\\/#\\\/schema\\\/person\\\/2bbcf854e5f2419a13804af574d06ab1\",\"name\":\"Redac\u021bia Buletin de Bucure\u0219ti\",\"image\":{\"@type\":\"ImageObject\",\"inLanguage\":\"en-GB\",\"@id\":\"https:\\\/\\\/secure.gravatar.com\\\/avatar\\\/18c5342381ed1a08620e6280424e3e5efc958618f5d67c522c9e44c1bc6f9226?s=96&d=monsterid&r=g60c7cd0ad92c68c049fcd4bb3504d609\",\"url\":\"https:\\\/\\\/secure.gravatar.com\\\/avatar\\\/18c5342381ed1a08620e6280424e3e5efc958618f5d67c522c9e44c1bc6f9226?s=96&d=monsterid&r=g\",\"contentUrl\":\"https:\\\/\\\/secure.gravatar.com\\\/avatar\\\/18c5342381ed1a08620e6280424e3e5efc958618f5d67c522c9e44c1bc6f9226?s=96&d=monsterid&r=g\",\"caption\":\"Redac\u021bia Buletin de Bucure\u0219ti\"},\"description\":\"Buletin de Bucure\u0219ti exist\u0103 din vara anului 2019.\",\"url\":\"https:\\\/\\\/buletin.de\\\/bucuresti\\\/author\\\/adminbuletin\\\/\"}]}<\/script>\n<!-- \/ Yoast SEO Premium plugin. -->","yoast_head_json":{"title":"Autostrada Bucure\u0219ti | Nou nod rutier spre Cernica - Buletin de Bucure\u0219ti","description":"Ministerul Transporturilor a avizat realizarea studiului de fezabilitate pentru un nou nod rutier pe Autostrada Bucure\u0219tiului (A0).","robots":{"index":"index","follow":"follow","max-snippet":"max-snippet:-1","max-image-preview":"max-image-preview:large","max-video-preview":"max-video-preview:-1"},"canonical":"https:\/\/buletin.de\/bucuresti\/autostrada-bucuresti-nou-nod-rutier-spre-cernica\/","og_locale":"en_GB","og_type":"article","og_title":"Autostrada Bucure\u0219ti | Nou nod rutier spre Cernica","og_description":"Ministerul Transporturilor a avizat realizarea studiului de fezabilitate pentru un nou nod rutier pe Autostrada Bucure\u0219tiului (A0).","og_url":"https:\/\/buletin.de\/bucuresti\/autostrada-bucuresti-nou-nod-rutier-spre-cernica\/","og_site_name":"Buletin de Bucure\u0219ti","article_publisher":"https:\/\/www.facebook.com\/buletin.de.buc","article_published_time":"2024-10-07T10:20:02+00:00","article_modified_time":"2024-10-07T10:20:03+00:00","og_image":[{"width":1028,"height":1097,"url":"https:\/\/buletin.de\/bucuresti\/wp-content\/uploads\/Nou-nod-rutier-pe-Autostrada-Bucuresti.jpg","type":"image\/jpeg"}],"author":"Redac\u021bia Buletin de Bucure\u0219ti","twitter_card":"summary_large_image","twitter_misc":{"Written by":"Redac\u021bia Buletin de Bucure\u0219ti","Estimated reading time":"3 minutes"},"schema":{"@context":"https:\/\/schema.org","@graph":[{"@type":"Article","@id":"https:\/\/buletin.de\/bucuresti\/autostrada-bucuresti-nou-nod-rutier-spre-cernica\/#article","isPartOf":{"@id":"https:\/\/buletin.de\/bucuresti\/autostrada-bucuresti-nou-nod-rutier-spre-cernica\/"},"author":{"name":"Redac\u021bia Buletin de Bucure\u0219ti","@id":"https:\/\/buletin.de\/bucuresti\/#\/schema\/person\/2bbcf854e5f2419a13804af574d06ab1"},"headline":"Autostrada Bucure\u0219ti | Nou nod rutier spre Cernica","datePublished":"2024-10-07T10:20:02+00:00","dateModified":"2024-10-07T10:20:03+00:00","mainEntityOfPage":{"@id":"https:\/\/buletin.de\/bucuresti\/autostrada-bucuresti-nou-nod-rutier-spre-cernica\/"},"wordCount":474,"publisher":{"@id":"https:\/\/buletin.de\/bucuresti\/#organization"},"image":{"@id":"https:\/\/buletin.de\/bucuresti\/autostrada-bucuresti-nou-nod-rutier-spre-cernica\/#primaryimage"},"thumbnailUrl":"https:\/\/buletin.de\/bucuresti\/wp-content\/uploads\/Nou-nod-rutier-pe-Autostrada-Bucuresti.jpg","keywords":["autostrada a0","Autostrada Bucure\u0219ti","Bucure\u0219ti","cernica","dn3","Nod rutier Pantelimon"],"articleSection":["Articole","Main","Transport"],"inLanguage":"en-GB","copyrightYear":"2024","copyrightHolder":{"@id":"https:\/\/buletin.de\/bucuresti\/#organization"}},{"@type":"WebPage","@id":"https:\/\/buletin.de\/bucuresti\/autostrada-bucuresti-nou-nod-rutier-spre-cernica\/","url":"https:\/\/buletin.de\/bucuresti\/autostrada-bucuresti-nou-nod-rutier-spre-cernica\/","name":"Autostrada Bucure\u0219ti | Nou nod rutier spre Cernica - Buletin de Bucure\u0219ti","isPartOf":{"@id":"https:\/\/buletin.de\/bucuresti\/#website"},"primaryImageOfPage":{"@id":"https:\/\/buletin.de\/bucuresti\/autostrada-bucuresti-nou-nod-rutier-spre-cernica\/#primaryimage"},"image":{"@id":"https:\/\/buletin.de\/bucuresti\/autostrada-bucuresti-nou-nod-rutier-spre-cernica\/#primaryimage"},"thumbnailUrl":"https:\/\/buletin.de\/bucuresti\/wp-content\/uploads\/Nou-nod-rutier-pe-Autostrada-Bucuresti.jpg","datePublished":"2024-10-07T10:20:02+00:00","dateModified":"2024-10-07T10:20:03+00:00","description":"Ministerul Transporturilor a avizat realizarea studiului de fezabilitate pentru un nou nod rutier pe Autostrada Bucure\u0219tiului (A0).","breadcrumb":{"@id":"https:\/\/buletin.de\/bucuresti\/autostrada-bucuresti-nou-nod-rutier-spre-cernica\/#breadcrumb"},"inLanguage":"en-GB","potentialAction":[{"@type":"ReadAction","target":["https:\/\/buletin.de\/bucuresti\/autostrada-bucuresti-nou-nod-rutier-spre-cernica\/"]}]},{"@type":"ImageObject","inLanguage":"en-GB","@id":"https:\/\/buletin.de\/bucuresti\/autostrada-bucuresti-nou-nod-rutier-spre-cernica\/#primaryimage","url":"https:\/\/buletin.de\/bucuresti\/wp-content\/uploads\/Nou-nod-rutier-pe-Autostrada-Bucuresti.jpg","contentUrl":"https:\/\/buletin.de\/bucuresti\/wp-content\/uploads\/Nou-nod-rutier-pe-Autostrada-Bucuresti.jpg","width":1028,"height":1097,"caption":"Nou nod rutier pe Autostrada Bucure\u0219ti. Foto: Facebook \/ Ionel Scrio\u0219teanu"},{"@type":"BreadcrumbList","@id":"https:\/\/buletin.de\/bucuresti\/autostrada-bucuresti-nou-nod-rutier-spre-cernica\/#breadcrumb","itemListElement":[{"@type":"ListItem","position":1,"name":"Acas\u0103","item":"https:\/\/buletin.de\/bucuresti\/"},{"@type":"ListItem","position":2,"name":"Autostrada Bucure\u0219ti | Nou nod rutier spre Cernica"}]},{"@type":"WebSite","@id":"https:\/\/buletin.de\/bucuresti\/#website","url":"https:\/\/buletin.de\/bucuresti\/","name":"Buletin de Bucure\u0219ti","description":"\u0218tiri \u0219i investiga\u021bii esen\u021biale din capital\u0103","publisher":{"@id":"https:\/\/buletin.de\/bucuresti\/#organization"},"potentialAction":[{"@type":"SearchAction","target":{"@type":"EntryPoint","urlTemplate":"https:\/\/buletin.de\/bucuresti\/?s={search_term_string}"},"query-input":{"@type":"PropertyValueSpecification","valueRequired":true,"valueName":"search_term_string"}}],"inLanguage":"en-GB"},{"@type":"Organization","@id":"https:\/\/buletin.de\/bucuresti\/#organization","name":"Buletin de Bucure\u0219ti","url":"https:\/\/buletin.de\/bucuresti\/","logo":{"@type":"ImageObject","inLanguage":"en-GB","@id":"https:\/\/buletin.de\/bucuresti\/#\/schema\/logo\/image\/","url":"https:\/\/buletin.de\/bucuresti\/wp-content\/uploads\/logo-bdb-full-wide-vernil-transparent.png","contentUrl":"https:\/\/buletin.de\/bucuresti\/wp-content\/uploads\/logo-bdb-full-wide-vernil-transparent.png","width":1782,"height":626,"caption":"Buletin de Bucure\u0219ti"},"image":{"@id":"https:\/\/buletin.de\/bucuresti\/#\/schema\/logo\/image\/"},"sameAs":["https:\/\/www.facebook.com\/buletin.de.buc","https:\/\/www.instagram.com\/buletinde.bucuresti\/"]},{"@type":"Person","@id":"https:\/\/buletin.de\/bucuresti\/#\/schema\/person\/2bbcf854e5f2419a13804af574d06ab1","name":"Redac\u021bia Buletin de Bucure\u0219ti","image":{"@type":"ImageObject","inLanguage":"en-GB","@id":"https:\/\/secure.gravatar.com\/avatar\/18c5342381ed1a08620e6280424e3e5efc958618f5d67c522c9e44c1bc6f9226?s=96&d=monsterid&r=g60c7cd0ad92c68c049fcd4bb3504d609","url":"https:\/\/secure.gravatar.com\/avatar\/18c5342381ed1a08620e6280424e3e5efc958618f5d67c522c9e44c1bc6f9226?s=96&d=monsterid&r=g","contentUrl":"https:\/\/secure.gravatar.com\/avatar\/18c5342381ed1a08620e6280424e3e5efc958618f5d67c522c9e44c1bc6f9226?s=96&d=monsterid&r=g","caption":"Redac\u021bia Buletin de Bucure\u0219ti"},"description":"Buletin de Bucure\u0219ti exist\u0103 din vara anului 2019.","url":"https:\/\/buletin.de\/bucuresti\/author\/adminbuletin\/"}]}},"authors":[{"term_id":22583,"user_id":1,"is_guest":0,"slug":"adminbuletin","display_name":"Redac\u021bia Buletin de Bucure\u0219ti","avatar_url":"https:\/\/secure.gravatar.com\/avatar\/18c5342381ed1a08620e6280424e3e5efc958618f5d67c522c9e44c1bc6f9226?s=96&d=monsterid&r=g","0":null,"1":"","2":"","3":"","4":"","5":"","6":"","7":"","8":""}],"_links":{"self":[{"href":"https:\/\/buletin.de\/bucuresti\/wp-json\/wp\/v2\/posts\/101153","targetHints":{"allow":["GET"]}}],"collection":[{"href":"https:\/\/buletin.de\/bucuresti\/wp-json\/wp\/v2\/posts"}],"about":[{"href":"https:\/\/buletin.de\/bucuresti\/wp-json\/wp\/v2\/types\/post"}],"author":[{"embeddable":true,"href":"https:\/\/buletin.de\/bucuresti\/wp-json\/wp\/v2\/users\/1"}],"replies":[{"embeddable":true,"href":"https:\/\/buletin.de\/bucuresti\/wp-json\/wp\/v2\/comments?post=101153"}],"version-history":[{"count":3,"href":"https:\/\/buletin.de\/bucuresti\/wp-json\/wp\/v2\/posts\/101153\/revisions"}],"predecessor-version":[{"id":101169,"href":"https:\/\/buletin.de\/bucuresti\/wp-json\/wp\/v2\/posts\/101153\/revisions\/101169"}],"wp:featuredmedia":[{"embeddable":true,"href":"https:\/\/buletin.de\/bucuresti\/wp-json\/wp\/v2\/media\/101157"}],"wp:attachment":[{"href":"https:\/\/buletin.de\/bucuresti\/wp-json\/wp\/v2\/media?parent=101153"}],"wp:term":[{"taxonomy":"category","embeddable":true,"href":"https:\/\/buletin.de\/bucuresti\/wp-json\/wp\/v2\/categories?post=101153"},{"taxonomy":"post_tag","embeddable":true,"href":"https:\/\/buletin.de\/bucuresti\/wp-json\/wp\/v2\/tags?post=101153"},{"taxonomy":"author","embeddable":true,"href":"https:\/\/buletin.de\/bucuresti\/wp-json\/wp\/v2\/ppma_author?post=101153"}],"curies":[{"name":"wp","href":"https:\/\/api.w.org\/{rel}","templated":true}]}}