{"id":10109,"date":"2020-08-05T18:59:25","date_gmt":"2020-08-05T15:59:25","guid":{"rendered":"https:\/\/buletin.de\/bucuresti\/?p=10109"},"modified":"2020-08-05T18:59:25","modified_gmt":"2020-08-05T15:59:25","slug":"klaus-iohannis-scoala-incepe-pe-14-septembrie-revenirea-in-salile-de-clasa-depinde-de-raspandirea-virusului-in-fiecare-localitate","status":"publish","type":"post","link":"https:\/\/buletin.de\/bucuresti\/klaus-iohannis-scoala-incepe-pe-14-septembrie-revenirea-in-salile-de-clasa-depinde-de-raspandirea-virusului-in-fiecare-localitate\/","title":{"rendered":"Klaus Iohannis: \u0218coala \u00eencepe pe 14 septembrie. Revenirea \u00een s\u0103lile de clas\u0103 depinde de r\u0103sp\u00e2ndirea virusului \u00een fiecare localitate"},"content":{"rendered":"\n<p><strong>Presedintele Klaus Iohannis a anun\u021bat c\u0103 \u0219coala va \u00eencepe pe 14 septembrie, iar decizia privind \u00eentoarcerea elevilor \u00een s\u0103lile de clas\u0103 va fi luat\u0103 la nivel local, \u00een func\u021bie de situa\u021bia epidemiologic\u0103 din fiecare localitate<\/strong>.<\/p>\n\n\n\n<p>Klaus Iohannis a explicat trei scenarii pentru \u00eenceperea \u0219colii, \u00een func\u021bie de r\u0103sp\u00e2ndirea virusului \u00een fiecare localitate: verde, galben sau ro\u0219u. <\/p>\n\n\n\n<p>Astfel, \u0219coala se va desf\u0103\u0219ura normal \u00een localit\u0103\u021bile verzi, unde a a fost depistat mai pu\u021bin de un caz la mia de locuitori \u00een ultimele 14 zile.<\/p>\n\n\n\n<p>\u00cen localit\u0103\u021bile galbene, unde au fost \u00eentre 1 \u0219i 3 cazuri la mia de locuitori \u00een ultimele 14 zile, cursurile online vor fi alternate cu cele clasice.  Acest scenariu asigur\u0103 prezen\u021ba \u00een clase pentru elevii din clasele I-IV, a VIII-a \u0219i a XII-a. <\/p>\n\n\n\n<p>\u00cen localit\u0103\u021bie ro\u0219ii, care au \u00eenregistrat peste 3 cazuri la mia de locuitori \u00een ultimele 14 zile, \u0219colile vor r\u0103m\u00e2ne \u00eenchise \u0219i dup\u0103 14 septembrie, iar cursurile se vor desf\u0103\u0219ura exclusiv online.<\/p>\n\n\n\n<p>Decizia \u00eenscrierii \u00eentr-un scenariu sau altul e luat\u0103 de Comitetele Jude\u021bene pentru Situa\u021bii de Urgen\u021b\u0103.<\/p>\n\n\n\n<p>Bucure\u0219tiul se \u00eencadreaz\u0103 \u00een scenariul verde, la fel ca majoritatea localit\u0103\u021bilor din Rom\u00e2nia, a precizat Pre\u0219edintele.<\/p>\n\n\n\n<p>Pre\u0219edintele a mai anun\u021bat c\u0103 \u00een acest moment Guvernul caut\u0103 solu\u021bii pentru ca, \u00een cazul \u00eenchiderii \u0219colilor sau a \u00eenva\u021b\u0103m\u00e2ntului online, parin\u00e2ii s\u0103 poat\u0103 primi compensa\u021bii. De asemenea, guvernan\u021bii vor trebui s\u0103 asigure infrastructura pentru inva\u021b\u0103m\u00e2ntul online, acolo ea unde nu exista, a mai spui Iohannis.<\/p>\n\n\n\n<p>Surs\u0103 foto: Unsplash<\/p>\n","protected":false},"excerpt":{"rendered":"<p>Presedintele Klaus Iohannis a anun\u021bat c\u0103 \u0219coala va \u00eencepe pe 14 septembrie, iar decizia privind \u00eentoarcerea elevilor \u00een s\u0103lile de clas\u0103 va fi luat\u0103 la nivel local, \u00een func\u021bie de situa\u021bia epidemiologic\u0103 din fiecare localitate. Klaus Iohannis a explicat trei scenarii pentru \u00eenceperea \u0219colii, \u00een func\u021bie de r\u0103sp\u00e2ndirea virusului \u00een fiecare localitate: verde, galben sau [&hellip;]<\/p>\n","protected":false},"author":15,"featured_media":10113,"comment_status":"closed","ping_status":"open","sticky":false,"template":"","format":"standard","meta":{"_acf_changed":false,"inline_featured_image":false,"ngg_post_thumbnail":0,"footnotes":""},"categories":[996,62],"tags":[640,906,910,482],"ppma_author":[22592],"class_list":["post-10109","post","type-post","status-publish","format-standard","has-post-thumbnail","hentry","category-covid-19","category-stiri","tag-covid","tag-iohannis","tag-redeschiderea-scolilor","tag-scoala"],"acf":[],"yoast_head":"<!-- This site is optimized with the Yoast SEO Premium plugin v25.3 (Yoast SEO v27.5) - https:\/\/yoast.com\/product\/yoast-seo-premium-wordpress\/ -->\n<title>Klaus Iohannis: \u0218coala \u00eencepe pe 14 septembrie. Revenirea \u00een s\u0103lile de clas\u0103 depinde de r\u0103sp\u00e2ndirea virusului \u00een fiecare localitate - Buletin de Bucure\u0219ti<\/title>\n<meta name=\"robots\" content=\"index, follow, max-snippet:-1, max-image-preview:large, max-video-preview:-1\" \/>\n<link rel=\"canonical\" href=\"https:\/\/buletin.de\/bucuresti\/klaus-iohannis-scoala-incepe-pe-14-septembrie-revenirea-in-salile-de-clasa-depinde-de-raspandirea-virusului-in-fiecare-localitate\/\" \/>\n<meta property=\"og:locale\" content=\"en_GB\" \/>\n<meta property=\"og:type\" content=\"article\" \/>\n<meta property=\"og:title\" content=\"Klaus Iohannis: \u0218coala \u00eencepe pe 14 septembrie. Revenirea \u00een s\u0103lile de clas\u0103 depinde de r\u0103sp\u00e2ndirea virusului \u00een fiecare localitate\" \/>\n<meta property=\"og:description\" content=\"Presedintele Klaus Iohannis a anun\u021bat c\u0103 \u0219coala va \u00eencepe pe 14 septembrie, iar decizia privind \u00eentoarcerea elevilor \u00een s\u0103lile de clas\u0103 va fi luat\u0103 la nivel local, \u00een func\u021bie de situa\u021bia epidemiologic\u0103 din fiecare localitate. Klaus Iohannis a explicat trei scenarii pentru \u00eenceperea \u0219colii, \u00een func\u021bie de r\u0103sp\u00e2ndirea virusului \u00een fiecare localitate: verde, galben sau [&hellip;]\" \/>\n<meta property=\"og:url\" content=\"https:\/\/buletin.de\/bucuresti\/klaus-iohannis-scoala-incepe-pe-14-septembrie-revenirea-in-salile-de-clasa-depinde-de-raspandirea-virusului-in-fiecare-localitate\/\" \/>\n<meta property=\"og:site_name\" content=\"Buletin de Bucure\u0219ti\" \/>\n<meta property=\"article:publisher\" content=\"https:\/\/www.facebook.com\/buletin.de.buc\" \/>\n<meta property=\"article:published_time\" content=\"2020-08-05T15:59:25+00:00\" \/>\n<meta property=\"og:image\" content=\"https:\/\/buletin.de\/bucuresti\/wp-content\/uploads\/ivan-aleksic-PDRFeeDniCk-unsplash-scaled.jpg\" \/>\n\t<meta property=\"og:image:width\" content=\"2560\" \/>\n\t<meta property=\"og:image:height\" content=\"1440\" \/>\n\t<meta property=\"og:image:type\" content=\"image\/jpeg\" \/>\n<meta name=\"author\" content=\"Irina Anghel\" \/>\n<meta name=\"twitter:card\" content=\"summary_large_image\" \/>\n<meta name=\"twitter:label1\" content=\"Written by\" \/>\n\t<meta name=\"twitter:data1\" content=\"Irina Anghel\" \/>\n\t<meta name=\"twitter:label2\" content=\"Estimated reading time\" \/>\n\t<meta name=\"twitter:data2\" content=\"1 minute\" \/>\n<script type=\"application\/ld+json\" class=\"yoast-schema-graph\">{\"@context\":\"https:\\\/\\\/schema.org\",\"@graph\":[{\"@type\":\"Article\",\"@id\":\"https:\\\/\\\/buletin.de\\\/bucuresti\\\/klaus-iohannis-scoala-incepe-pe-14-septembrie-revenirea-in-salile-de-clasa-depinde-de-raspandirea-virusului-in-fiecare-localitate\\\/#article\",\"isPartOf\":{\"@id\":\"https:\\\/\\\/buletin.de\\\/bucuresti\\\/klaus-iohannis-scoala-incepe-pe-14-septembrie-revenirea-in-salile-de-clasa-depinde-de-raspandirea-virusului-in-fiecare-localitate\\\/\"},\"author\":{\"name\":\"Irina Anghel\",\"@id\":\"https:\\\/\\\/buletin.de\\\/bucuresti\\\/#\\\/schema\\\/person\\\/7a01591ad05c4d2c7261fe7f0383d2af\"},\"headline\":\"Klaus Iohannis: \u0218coala \u00eencepe pe 14 septembrie. Revenirea \u00een s\u0103lile de clas\u0103 depinde de r\u0103sp\u00e2ndirea virusului \u00een fiecare localitate\",\"datePublished\":\"2020-08-05T15:59:25+00:00\",\"mainEntityOfPage\":{\"@id\":\"https:\\\/\\\/buletin.de\\\/bucuresti\\\/klaus-iohannis-scoala-incepe-pe-14-septembrie-revenirea-in-salile-de-clasa-depinde-de-raspandirea-virusului-in-fiecare-localitate\\\/\"},\"wordCount\":285,\"publisher\":{\"@id\":\"https:\\\/\\\/buletin.de\\\/bucuresti\\\/#organization\"},\"image\":{\"@id\":\"https:\\\/\\\/buletin.de\\\/bucuresti\\\/klaus-iohannis-scoala-incepe-pe-14-septembrie-revenirea-in-salile-de-clasa-depinde-de-raspandirea-virusului-in-fiecare-localitate\\\/#primaryimage\"},\"thumbnailUrl\":\"https:\\\/\\\/buletin.de\\\/bucuresti\\\/wp-content\\\/uploads\\\/ivan-aleksic-PDRFeeDniCk-unsplash-scaled.jpg\",\"keywords\":[\"covid\",\"iohannis\",\"redeschiderea scolilor\",\"scoala\"],\"articleSection\":[\"Covid-19\",\"\u0218tiri\"],\"inLanguage\":\"en-GB\",\"copyrightYear\":\"2020\",\"copyrightHolder\":{\"@id\":\"https:\\\/\\\/buletin.de\\\/bucuresti\\\/#organization\"}},{\"@type\":\"WebPage\",\"@id\":\"https:\\\/\\\/buletin.de\\\/bucuresti\\\/klaus-iohannis-scoala-incepe-pe-14-septembrie-revenirea-in-salile-de-clasa-depinde-de-raspandirea-virusului-in-fiecare-localitate\\\/\",\"url\":\"https:\\\/\\\/buletin.de\\\/bucuresti\\\/klaus-iohannis-scoala-incepe-pe-14-septembrie-revenirea-in-salile-de-clasa-depinde-de-raspandirea-virusului-in-fiecare-localitate\\\/\",\"name\":\"Klaus Iohannis: \u0218coala \u00eencepe pe 14 septembrie. Revenirea \u00een s\u0103lile de clas\u0103 depinde de r\u0103sp\u00e2ndirea virusului \u00een fiecare localitate - Buletin de Bucure\u0219ti\",\"isPartOf\":{\"@id\":\"https:\\\/\\\/buletin.de\\\/bucuresti\\\/#website\"},\"primaryImageOfPage\":{\"@id\":\"https:\\\/\\\/buletin.de\\\/bucuresti\\\/klaus-iohannis-scoala-incepe-pe-14-septembrie-revenirea-in-salile-de-clasa-depinde-de-raspandirea-virusului-in-fiecare-localitate\\\/#primaryimage\"},\"image\":{\"@id\":\"https:\\\/\\\/buletin.de\\\/bucuresti\\\/klaus-iohannis-scoala-incepe-pe-14-septembrie-revenirea-in-salile-de-clasa-depinde-de-raspandirea-virusului-in-fiecare-localitate\\\/#primaryimage\"},\"thumbnailUrl\":\"https:\\\/\\\/buletin.de\\\/bucuresti\\\/wp-content\\\/uploads\\\/ivan-aleksic-PDRFeeDniCk-unsplash-scaled.jpg\",\"datePublished\":\"2020-08-05T15:59:25+00:00\",\"breadcrumb\":{\"@id\":\"https:\\\/\\\/buletin.de\\\/bucuresti\\\/klaus-iohannis-scoala-incepe-pe-14-septembrie-revenirea-in-salile-de-clasa-depinde-de-raspandirea-virusului-in-fiecare-localitate\\\/#breadcrumb\"},\"inLanguage\":\"en-GB\",\"potentialAction\":[{\"@type\":\"ReadAction\",\"target\":[\"https:\\\/\\\/buletin.de\\\/bucuresti\\\/klaus-iohannis-scoala-incepe-pe-14-septembrie-revenirea-in-salile-de-clasa-depinde-de-raspandirea-virusului-in-fiecare-localitate\\\/\"]}]},{\"@type\":\"ImageObject\",\"inLanguage\":\"en-GB\",\"@id\":\"https:\\\/\\\/buletin.de\\\/bucuresti\\\/klaus-iohannis-scoala-incepe-pe-14-septembrie-revenirea-in-salile-de-clasa-depinde-de-raspandirea-virusului-in-fiecare-localitate\\\/#primaryimage\",\"url\":\"https:\\\/\\\/buletin.de\\\/bucuresti\\\/wp-content\\\/uploads\\\/ivan-aleksic-PDRFeeDniCk-unsplash-scaled.jpg\",\"contentUrl\":\"https:\\\/\\\/buletin.de\\\/bucuresti\\\/wp-content\\\/uploads\\\/ivan-aleksic-PDRFeeDniCk-unsplash-scaled.jpg\",\"width\":2560,\"height\":1440},{\"@type\":\"BreadcrumbList\",\"@id\":\"https:\\\/\\\/buletin.de\\\/bucuresti\\\/klaus-iohannis-scoala-incepe-pe-14-septembrie-revenirea-in-salile-de-clasa-depinde-de-raspandirea-virusului-in-fiecare-localitate\\\/#breadcrumb\",\"itemListElement\":[{\"@type\":\"ListItem\",\"position\":1,\"name\":\"Acas\u0103\",\"item\":\"https:\\\/\\\/buletin.de\\\/bucuresti\\\/\"},{\"@type\":\"ListItem\",\"position\":2,\"name\":\"Klaus Iohannis: \u0218coala \u00eencepe pe 14 septembrie. Revenirea \u00een s\u0103lile de clas\u0103 depinde de r\u0103sp\u00e2ndirea virusului \u00een fiecare localitate\"}]},{\"@type\":\"WebSite\",\"@id\":\"https:\\\/\\\/buletin.de\\\/bucuresti\\\/#website\",\"url\":\"https:\\\/\\\/buletin.de\\\/bucuresti\\\/\",\"name\":\"Buletin de Bucure\u0219ti\",\"description\":\"\u0218tiri \u0219i investiga\u021bii esen\u021biale din capital\u0103\",\"publisher\":{\"@id\":\"https:\\\/\\\/buletin.de\\\/bucuresti\\\/#organization\"},\"potentialAction\":[{\"@type\":\"SearchAction\",\"target\":{\"@type\":\"EntryPoint\",\"urlTemplate\":\"https:\\\/\\\/buletin.de\\\/bucuresti\\\/?s={search_term_string}\"},\"query-input\":{\"@type\":\"PropertyValueSpecification\",\"valueRequired\":true,\"valueName\":\"search_term_string\"}}],\"inLanguage\":\"en-GB\"},{\"@type\":\"Organization\",\"@id\":\"https:\\\/\\\/buletin.de\\\/bucuresti\\\/#organization\",\"name\":\"Buletin de Bucure\u0219ti\",\"url\":\"https:\\\/\\\/buletin.de\\\/bucuresti\\\/\",\"logo\":{\"@type\":\"ImageObject\",\"inLanguage\":\"en-GB\",\"@id\":\"https:\\\/\\\/buletin.de\\\/bucuresti\\\/#\\\/schema\\\/logo\\\/image\\\/\",\"url\":\"https:\\\/\\\/buletin.de\\\/bucuresti\\\/wp-content\\\/uploads\\\/logo-bdb-full-wide-vernil-transparent.png\",\"contentUrl\":\"https:\\\/\\\/buletin.de\\\/bucuresti\\\/wp-content\\\/uploads\\\/logo-bdb-full-wide-vernil-transparent.png\",\"width\":1782,\"height\":626,\"caption\":\"Buletin de Bucure\u0219ti\"},\"image\":{\"@id\":\"https:\\\/\\\/buletin.de\\\/bucuresti\\\/#\\\/schema\\\/logo\\\/image\\\/\"},\"sameAs\":[\"https:\\\/\\\/www.facebook.com\\\/buletin.de.buc\",\"https:\\\/\\\/www.instagram.com\\\/buletinde.bucuresti\\\/\"]},{\"@type\":\"Person\",\"@id\":\"https:\\\/\\\/buletin.de\\\/bucuresti\\\/#\\\/schema\\\/person\\\/7a01591ad05c4d2c7261fe7f0383d2af\",\"name\":\"Irina Anghel\",\"image\":{\"@type\":\"ImageObject\",\"inLanguage\":\"en-GB\",\"@id\":\"https:\\\/\\\/secure.gravatar.com\\\/avatar\\\/e7d429cbd0c7fe915f817961c0ffb96b407bc87e15aa35cee85f77146f8cce7e?s=96&d=monsterid&r=g693374df2a66e3f4935d210ea15b95ff\",\"url\":\"https:\\\/\\\/secure.gravatar.com\\\/avatar\\\/e7d429cbd0c7fe915f817961c0ffb96b407bc87e15aa35cee85f77146f8cce7e?s=96&d=monsterid&r=g\",\"contentUrl\":\"https:\\\/\\\/secure.gravatar.com\\\/avatar\\\/e7d429cbd0c7fe915f817961c0ffb96b407bc87e15aa35cee85f77146f8cce7e?s=96&d=monsterid&r=g\",\"caption\":\"Irina Anghel\"},\"url\":\"https:\\\/\\\/buletin.de\\\/bucuresti\\\/author\\\/irina\\\/\"}]}<\/script>\n<!-- \/ Yoast SEO Premium plugin. -->","yoast_head_json":{"title":"Klaus Iohannis: \u0218coala \u00eencepe pe 14 septembrie. Revenirea \u00een s\u0103lile de clas\u0103 depinde de r\u0103sp\u00e2ndirea virusului \u00een fiecare localitate - Buletin de Bucure\u0219ti","robots":{"index":"index","follow":"follow","max-snippet":"max-snippet:-1","max-image-preview":"max-image-preview:large","max-video-preview":"max-video-preview:-1"},"canonical":"https:\/\/buletin.de\/bucuresti\/klaus-iohannis-scoala-incepe-pe-14-septembrie-revenirea-in-salile-de-clasa-depinde-de-raspandirea-virusului-in-fiecare-localitate\/","og_locale":"en_GB","og_type":"article","og_title":"Klaus Iohannis: \u0218coala \u00eencepe pe 14 septembrie. Revenirea \u00een s\u0103lile de clas\u0103 depinde de r\u0103sp\u00e2ndirea virusului \u00een fiecare localitate","og_description":"Presedintele Klaus Iohannis a anun\u021bat c\u0103 \u0219coala va \u00eencepe pe 14 septembrie, iar decizia privind \u00eentoarcerea elevilor \u00een s\u0103lile de clas\u0103 va fi luat\u0103 la nivel local, \u00een func\u021bie de situa\u021bia epidemiologic\u0103 din fiecare localitate. Klaus Iohannis a explicat trei scenarii pentru \u00eenceperea \u0219colii, \u00een func\u021bie de r\u0103sp\u00e2ndirea virusului \u00een fiecare localitate: verde, galben sau [&hellip;]","og_url":"https:\/\/buletin.de\/bucuresti\/klaus-iohannis-scoala-incepe-pe-14-septembrie-revenirea-in-salile-de-clasa-depinde-de-raspandirea-virusului-in-fiecare-localitate\/","og_site_name":"Buletin de Bucure\u0219ti","article_publisher":"https:\/\/www.facebook.com\/buletin.de.buc","article_published_time":"2020-08-05T15:59:25+00:00","og_image":[{"width":2560,"height":1440,"url":"https:\/\/buletin.de\/bucuresti\/wp-content\/uploads\/ivan-aleksic-PDRFeeDniCk-unsplash-scaled.jpg","type":"image\/jpeg"}],"author":"Irina Anghel","twitter_card":"summary_large_image","twitter_misc":{"Written by":"Irina Anghel","Estimated reading time":"1 minute"},"schema":{"@context":"https:\/\/schema.org","@graph":[{"@type":"Article","@id":"https:\/\/buletin.de\/bucuresti\/klaus-iohannis-scoala-incepe-pe-14-septembrie-revenirea-in-salile-de-clasa-depinde-de-raspandirea-virusului-in-fiecare-localitate\/#article","isPartOf":{"@id":"https:\/\/buletin.de\/bucuresti\/klaus-iohannis-scoala-incepe-pe-14-septembrie-revenirea-in-salile-de-clasa-depinde-de-raspandirea-virusului-in-fiecare-localitate\/"},"author":{"name":"Irina Anghel","@id":"https:\/\/buletin.de\/bucuresti\/#\/schema\/person\/7a01591ad05c4d2c7261fe7f0383d2af"},"headline":"Klaus Iohannis: \u0218coala \u00eencepe pe 14 septembrie. Revenirea \u00een s\u0103lile de clas\u0103 depinde de r\u0103sp\u00e2ndirea virusului \u00een fiecare localitate","datePublished":"2020-08-05T15:59:25+00:00","mainEntityOfPage":{"@id":"https:\/\/buletin.de\/bucuresti\/klaus-iohannis-scoala-incepe-pe-14-septembrie-revenirea-in-salile-de-clasa-depinde-de-raspandirea-virusului-in-fiecare-localitate\/"},"wordCount":285,"publisher":{"@id":"https:\/\/buletin.de\/bucuresti\/#organization"},"image":{"@id":"https:\/\/buletin.de\/bucuresti\/klaus-iohannis-scoala-incepe-pe-14-septembrie-revenirea-in-salile-de-clasa-depinde-de-raspandirea-virusului-in-fiecare-localitate\/#primaryimage"},"thumbnailUrl":"https:\/\/buletin.de\/bucuresti\/wp-content\/uploads\/ivan-aleksic-PDRFeeDniCk-unsplash-scaled.jpg","keywords":["covid","iohannis","redeschiderea scolilor","scoala"],"articleSection":["Covid-19","\u0218tiri"],"inLanguage":"en-GB","copyrightYear":"2020","copyrightHolder":{"@id":"https:\/\/buletin.de\/bucuresti\/#organization"}},{"@type":"WebPage","@id":"https:\/\/buletin.de\/bucuresti\/klaus-iohannis-scoala-incepe-pe-14-septembrie-revenirea-in-salile-de-clasa-depinde-de-raspandirea-virusului-in-fiecare-localitate\/","url":"https:\/\/buletin.de\/bucuresti\/klaus-iohannis-scoala-incepe-pe-14-septembrie-revenirea-in-salile-de-clasa-depinde-de-raspandirea-virusului-in-fiecare-localitate\/","name":"Klaus Iohannis: \u0218coala \u00eencepe pe 14 septembrie. Revenirea \u00een s\u0103lile de clas\u0103 depinde de r\u0103sp\u00e2ndirea virusului \u00een fiecare localitate - Buletin de Bucure\u0219ti","isPartOf":{"@id":"https:\/\/buletin.de\/bucuresti\/#website"},"primaryImageOfPage":{"@id":"https:\/\/buletin.de\/bucuresti\/klaus-iohannis-scoala-incepe-pe-14-septembrie-revenirea-in-salile-de-clasa-depinde-de-raspandirea-virusului-in-fiecare-localitate\/#primaryimage"},"image":{"@id":"https:\/\/buletin.de\/bucuresti\/klaus-iohannis-scoala-incepe-pe-14-septembrie-revenirea-in-salile-de-clasa-depinde-de-raspandirea-virusului-in-fiecare-localitate\/#primaryimage"},"thumbnailUrl":"https:\/\/buletin.de\/bucuresti\/wp-content\/uploads\/ivan-aleksic-PDRFeeDniCk-unsplash-scaled.jpg","datePublished":"2020-08-05T15:59:25+00:00","breadcrumb":{"@id":"https:\/\/buletin.de\/bucuresti\/klaus-iohannis-scoala-incepe-pe-14-septembrie-revenirea-in-salile-de-clasa-depinde-de-raspandirea-virusului-in-fiecare-localitate\/#breadcrumb"},"inLanguage":"en-GB","potentialAction":[{"@type":"ReadAction","target":["https:\/\/buletin.de\/bucuresti\/klaus-iohannis-scoala-incepe-pe-14-septembrie-revenirea-in-salile-de-clasa-depinde-de-raspandirea-virusului-in-fiecare-localitate\/"]}]},{"@type":"ImageObject","inLanguage":"en-GB","@id":"https:\/\/buletin.de\/bucuresti\/klaus-iohannis-scoala-incepe-pe-14-septembrie-revenirea-in-salile-de-clasa-depinde-de-raspandirea-virusului-in-fiecare-localitate\/#primaryimage","url":"https:\/\/buletin.de\/bucuresti\/wp-content\/uploads\/ivan-aleksic-PDRFeeDniCk-unsplash-scaled.jpg","contentUrl":"https:\/\/buletin.de\/bucuresti\/wp-content\/uploads\/ivan-aleksic-PDRFeeDniCk-unsplash-scaled.jpg","width":2560,"height":1440},{"@type":"BreadcrumbList","@id":"https:\/\/buletin.de\/bucuresti\/klaus-iohannis-scoala-incepe-pe-14-septembrie-revenirea-in-salile-de-clasa-depinde-de-raspandirea-virusului-in-fiecare-localitate\/#breadcrumb","itemListElement":[{"@type":"ListItem","position":1,"name":"Acas\u0103","item":"https:\/\/buletin.de\/bucuresti\/"},{"@type":"ListItem","position":2,"name":"Klaus Iohannis: \u0218coala \u00eencepe pe 14 septembrie. Revenirea \u00een s\u0103lile de clas\u0103 depinde de r\u0103sp\u00e2ndirea virusului \u00een fiecare localitate"}]},{"@type":"WebSite","@id":"https:\/\/buletin.de\/bucuresti\/#website","url":"https:\/\/buletin.de\/bucuresti\/","name":"Buletin de Bucure\u0219ti","description":"\u0218tiri \u0219i investiga\u021bii esen\u021biale din capital\u0103","publisher":{"@id":"https:\/\/buletin.de\/bucuresti\/#organization"},"potentialAction":[{"@type":"SearchAction","target":{"@type":"EntryPoint","urlTemplate":"https:\/\/buletin.de\/bucuresti\/?s={search_term_string}"},"query-input":{"@type":"PropertyValueSpecification","valueRequired":true,"valueName":"search_term_string"}}],"inLanguage":"en-GB"},{"@type":"Organization","@id":"https:\/\/buletin.de\/bucuresti\/#organization","name":"Buletin de Bucure\u0219ti","url":"https:\/\/buletin.de\/bucuresti\/","logo":{"@type":"ImageObject","inLanguage":"en-GB","@id":"https:\/\/buletin.de\/bucuresti\/#\/schema\/logo\/image\/","url":"https:\/\/buletin.de\/bucuresti\/wp-content\/uploads\/logo-bdb-full-wide-vernil-transparent.png","contentUrl":"https:\/\/buletin.de\/bucuresti\/wp-content\/uploads\/logo-bdb-full-wide-vernil-transparent.png","width":1782,"height":626,"caption":"Buletin de Bucure\u0219ti"},"image":{"@id":"https:\/\/buletin.de\/bucuresti\/#\/schema\/logo\/image\/"},"sameAs":["https:\/\/www.facebook.com\/buletin.de.buc","https:\/\/www.instagram.com\/buletinde.bucuresti\/"]},{"@type":"Person","@id":"https:\/\/buletin.de\/bucuresti\/#\/schema\/person\/7a01591ad05c4d2c7261fe7f0383d2af","name":"Irina Anghel","image":{"@type":"ImageObject","inLanguage":"en-GB","@id":"https:\/\/secure.gravatar.com\/avatar\/e7d429cbd0c7fe915f817961c0ffb96b407bc87e15aa35cee85f77146f8cce7e?s=96&d=monsterid&r=g693374df2a66e3f4935d210ea15b95ff","url":"https:\/\/secure.gravatar.com\/avatar\/e7d429cbd0c7fe915f817961c0ffb96b407bc87e15aa35cee85f77146f8cce7e?s=96&d=monsterid&r=g","contentUrl":"https:\/\/secure.gravatar.com\/avatar\/e7d429cbd0c7fe915f817961c0ffb96b407bc87e15aa35cee85f77146f8cce7e?s=96&d=monsterid&r=g","caption":"Irina Anghel"},"url":"https:\/\/buletin.de\/bucuresti\/author\/irina\/"}]}},"authors":[{"term_id":22592,"user_id":15,"is_guest":0,"slug":"irina","display_name":"Irina Anghel","avatar_url":"https:\/\/secure.gravatar.com\/avatar\/e7d429cbd0c7fe915f817961c0ffb96b407bc87e15aa35cee85f77146f8cce7e?s=96&d=monsterid&r=g","0":null,"1":"","2":"","3":"","4":"","5":"","6":"","7":"","8":""}],"_links":{"self":[{"href":"https:\/\/buletin.de\/bucuresti\/wp-json\/wp\/v2\/posts\/10109","targetHints":{"allow":["GET"]}}],"collection":[{"href":"https:\/\/buletin.de\/bucuresti\/wp-json\/wp\/v2\/posts"}],"about":[{"href":"https:\/\/buletin.de\/bucuresti\/wp-json\/wp\/v2\/types\/post"}],"author":[{"embeddable":true,"href":"https:\/\/buletin.de\/bucuresti\/wp-json\/wp\/v2\/users\/15"}],"replies":[{"embeddable":true,"href":"https:\/\/buletin.de\/bucuresti\/wp-json\/wp\/v2\/comments?post=10109"}],"version-history":[{"count":2,"href":"https:\/\/buletin.de\/bucuresti\/wp-json\/wp\/v2\/posts\/10109\/revisions"}],"predecessor-version":[{"id":10115,"href":"https:\/\/buletin.de\/bucuresti\/wp-json\/wp\/v2\/posts\/10109\/revisions\/10115"}],"wp:featuredmedia":[{"embeddable":true,"href":"https:\/\/buletin.de\/bucuresti\/wp-json\/wp\/v2\/media\/10113"}],"wp:attachment":[{"href":"https:\/\/buletin.de\/bucuresti\/wp-json\/wp\/v2\/media?parent=10109"}],"wp:term":[{"taxonomy":"category","embeddable":true,"href":"https:\/\/buletin.de\/bucuresti\/wp-json\/wp\/v2\/categories?post=10109"},{"taxonomy":"post_tag","embeddable":true,"href":"https:\/\/buletin.de\/bucuresti\/wp-json\/wp\/v2\/tags?post=10109"},{"taxonomy":"author","embeddable":true,"href":"https:\/\/buletin.de\/bucuresti\/wp-json\/wp\/v2\/ppma_author?post=10109"}],"curies":[{"name":"wp","href":"https:\/\/api.w.org\/{rel}","templated":true}]}}