{"id":101055,"date":"2024-10-06T16:07:39","date_gmt":"2024-10-06T13:07:39","guid":{"rendered":"https:\/\/buletin.de\/bucuresti\/?p=101055"},"modified":"2024-10-06T16:07:39","modified_gmt":"2024-10-06T13:07:39","slug":"31-000-de-euro-mita-pentru-muncitorii-asiatici-aprobati-cum-au-fost-prinsi-politistii-de-la-emigrari","status":"publish","type":"post","link":"https:\/\/buletin.de\/bucuresti\/31-000-de-euro-mita-pentru-muncitorii-asiatici-aprobati-cum-au-fost-prinsi-politistii-de-la-emigrari\/","title":{"rendered":"31.000 de euro mit\u0103 pentru muncitorii asiatici aproba\u021bi. Cum au fost prin\u0219i poli\u021bi\u0219tii de la emigr\u0103ri"},"content":{"rendered":"\n<p><strong>Doi poli\u021bi\u0219ti, un agent din cadrul Inspectoratului General pentru Imigr\u0103ri \u2013 Direc\u021bia pentru Imigr\u0103ri a Municipiului Bucure\u0219ti \u0219i un comisar \u0219ef de poli\u021bie, \u00eemputernicit \u0219ef al Biroului pentru Imigr\u0103ri al Jude\u021bului Ialomi\u021ba, au fost prin\u0219i de DNA \u00een timp ce primeau mit\u0103 pentru muncitorii asiatici pe care-l aprobau.<\/strong><\/p>\n\n\n\n<p>Mita era destinat\u0103 s\u0103 urgenteze avizele de munc\u0103 \u00een Rom\u00e2nia, potrivit unui comunicat al DNA.<\/p>\n\n\n\n<h2 class=\"wp-block-heading\" id=\"h-31-400-de-euro-mita-pentru-muncitorii-asiatici-care-ajungeau-mai-repede-in-romania\">31.400 de euro mit\u0103 pentru muncitorii asiatici care ajungeau mai repede \u00een Rom\u00e2nia<\/h2>\n\n\n\n<p>\u201e\u00cen perioada 2022 \u2013 2023, inculpatul Bulimej Rare\u0219-Gabriel \u00een calitate de \u00eemputernicit \u0219ef al Biroului pentru Imigr\u0103ri al Jude\u021bului Ialomi\u021ba, ar fi acceptat de la suspectul Ni\u021b\u0103 Bogdan, agent de poli\u021bie \u00een cadrul Inspectoratului General pentru Imigr\u0103ri \u2013 Direc\u021bia pentru Imigr\u0103ri a Municipiului Bucure\u0219ti, promisiunea primirii unor sume de bani \u00een schimbul urgent\u0103rii unor acte ce intr\u0103 \u00een \u00eendatoririle sale de serviciu, pentru urgentarea mai multor program\u0103ri ale cererilor de depunere a avizelor de munc\u0103 \/ angajare pentru cet\u0103\u021benii str\u0103ini din \u021b\u0103rile extra europene \u0219i, implicit, pentru urgentarea solu\u021bion\u0103rii acestor cereri \u0219i pentru eliberarea, \u00een mod preferen\u021bial a acestor avize, pe numele \u0219i pe seama mai multor societ\u0103\u021bi comerciale.<\/p>\n\n\n\n<p>Astfel, la data de 3 octombrie 2024, inculpatul Bulimej Rare\u0219-Gabriel ar fi acceptat cu titlul de mit\u0103, suma de 12.000 de euro de la suspectul Ni\u021b\u0103 Bogdan, pentru a urgenta solu\u021bionarea a 25 de cereri de angajare pentru cet\u0103\u021benii str\u0103ini din \u021b\u0103rile extra europene depuse de mai multe societ\u0103\u021bi comerciale, ocazie cu care s-a procedat la constatarea infrac\u021biunii flagrante.<\/p>\n\n\n\n<p>Anterior, la data de 2 octombrie 2024, agentul de poli\u021bie Ni\u021b\u0103 Bogdan, printr-un intermediar, ar fi primit de la o persoan\u0103 (martor \u00een cauz\u0103), suma de 31.400 de euro \u00een parcarea unui centru comercial din Bucure\u0219ti ocazie cu care s-a procedat la constatarea infrac\u021biunii flagrante. <\/p>\n\n\n\n<p>Suma respectiv\u0103 ar fi fost solicitat\u0103 de suspectul Ni\u021b\u0103 Bogdan pentru ob\u021binerea permiselor de munc\u0103 pentru 38 de cet\u0103\u021beni str\u0103ini din Asia\u201d, se arat\u0103 \u00een <a href=\"https:\/\/www.pna.ro\/comunicat.xhtml?id=12696\" target=\"_blank\" rel=\"noreferrer noopener\">comunicatul DNA<\/a>.<\/p>\n\n\n\n<p>CITE\u0218TE \u0218I: <a href=\"https:\/\/buletin.de\/bucuresti\/de-ce-sunt-preferati-muncitorii-din-nepal-de-firmele-romanesti\/\" target=\"_blank\" rel=\"noreferrer noopener\">B<\/a><a href=\"https:\/\/buletin.de\/bucuresti\/de-ce-sunt-preferati-muncitorii-din-nepal-de-firmele-romanesti\/\">ucure\u015fti Migrant | De ce sunt prefera\u021bi muncitorii din Nepal \u015fi cum a \u00eenceput migra\u021bia<\/a><\/p>\n\n\n\n<h2 class=\"wp-block-heading\" id=\"h-stenograme-ne-baga-astia-la-parnaie-dracu\">Stenograme: Ne bag\u0103 \u0103\u015ftia la p\u00e2rnaie, dracu\u2019<\/h2>\n\n\n\n<p><strong>Procurorii DNA au organizat trei flagranturi, discu\u021biile fiind \u00eenregistrate cu ajutorul unui martor colaborator. \u00cen plus, comisarul \u0219ef din Ialomi\u021ba a fost \u00eenregistrat chiar de c\u0103tre complicele s\u0103u din Bucure\u0219ti, potrivit DNA, citat\u0103 de <a href=\"https:\/\/www.g4media.ro\/stenograme-tradari-si-flagranturi-in-serie-cum-au-fost-prinsi-politistii-de-la-imigrari-taxa-de-300-de-euro-pentru-fiecare-asiatic-adus-in-romania-se-fac-bani-acum-ne.html\" target=\"_blank\" rel=\"noreferrer noopener\">G4Media<\/a>.<\/strong><\/p>\n\n\n\n<p>\u201eFaptul c\u0103 suspectul BULIMEJ RARE\u0218-GABRIEL este implicat \u00een s\u0103v\u00e2r\u0219irea de activit\u0103\u021bi infrac\u021bionale, generatoare de un venit ilicit, rezult\u0103 din cuprinsul discu\u021biei pe care acesta a purtat-o la data de 03.10.2024, cu suspectul NI\u021a\u0102 BOGDAN, \u0219i \u00eenregistrat\u0103 \u00een mediul ambiental, dup\u0103 cum urmeaz\u0103:<\/p>\n\n\n\n<p>BULIMEJ RARE\u0218-GABRIEL: Hai, te pup! Ai grij\u0103! Vezi ce faci! Sper s-o\u2026 \u0219i<strong>&nbsp;vezi pe Whatsapp! Vezi, nu-mi mai scrii p-\u0103sta, vorbim ca mili\u021bieni de datorii, de\u2026<\/strong><\/p>\n\n\n\n<p>NI\u021a\u0102 BOGDAN: \u0218i pe Signal?<\/p>\n\n\n\n<p>BULIMEJ RARE\u0218-GABRIEL:&nbsp;<strong>Pe Signal, scrie-mi, da\u2019\u2026 \u00eencerc\u0103m\u2026!<\/strong><\/p>\n\n\n\n<p>NI\u021a\u0102 BOGDAN: Crezi c\u0103 e O.K.?<\/p>\n\n\n\n<p>BULIMEJ RARE\u0218-GABRIEL: B\u0103, \u2026[neinteligibil]\u2026 Ce s\u0103 zic? Cic\u0103 asta n-ar fi\u2026 Ce dracu\u2019, da\u2019 ne vedem pe jos! Zi-i \u0219i tu c\u00e2nd mai ne trimite: \u201eB\u0103, hai, s\u0103 vorbim \u0219i o\u2026\u201d \u0218i vin \u0219i eu p\u00e2n\u0103 la Bucure\u0219ti, beau o cafea, c\u0103 n-am ce face oricum aicea. C\u0103 nu-i problem\u0103 s\u0103 vin la Bucure\u0219ti, la o cafea. C\u00e2nd e c\u00e2te o chestie d-asta urgent\u0103.&nbsp;<strong>Ca s\u0103 nu ne\u2026 expunem.<\/strong><br>\u2026\u2026\u2026\u2026\u2026\u2026\u2026\u2026.<br>BULIMEJ RARE\u0218-GABRIEL: \u2026 face \u0219i noi intermediari, da\u2019 nu vezi c\u00e2te probleme sunt cu I.G.I.? Nu po\u021bi s\u0103 \u0219tii c\u00e2t merg astea! Se schimb\u0103 legisla\u021bia, se schimb\u0103\u2026 adic\u0103&nbsp;<strong>se fac bani acum, dar po\u021bi s\u0103 \u0219tii peste 2-3 ani, se mai fac bani? \u00cen\u021belegi?<\/strong><\/p>\n\n\n\n<p>NI\u021a\u0102 BOGDAN: Depinde ce\u2026 depinde ce faci! Dac\u0103\u2026<\/p>\n\n\n\n<p>BULIMEJ RARE\u0218-GABRIEL: Adic\u0103 n-a\u0219 avea tupeu s\u0103-mi dau demisia acuma \u0219i\u2026&nbsp;<strong>Uneori, mai stau \u0219i cu morcovu\u2019 \u0219i cu \u0103stea c\u0103\u2026 odat\u0103 ce te bagi \u00eentr-o hor\u0103 de asta\u2026<\/strong><\/p>\n\n\n\n<p>NI\u021a\u0102 BOGDAN: Demisia!<\/p>\n\n\n\n<p>BULIMEJ RARE\u0218-GABRIEL: \u2026[cuv\u00e2nt obscen]\u2026, deci,&nbsp;<strong>c\u00e2nd v\u0103d pe comunic\u0103ri D.G.A.,<\/strong>&nbsp;c\u0103 \u00eemi apar \u0103lea acolo \u0219i v\u0103d, \u2026[cuv\u00e2nt obscen]\u2026,&nbsp;<strong>c\u0103 le dau la \u0103\u0219tia re\u021bineri \u0219i arest preventiv c-a luat,&nbsp;<\/strong>\u00een \u2026[cuv\u00e2nt obscen]\u2026 mea<strong>, \u0219pag\u0103 300 de lei, 500 de lei, \u2026<\/strong>[neinteligibil]\u2026<\/p>\n\n\n\n<p>NI\u021a\u0102 BOGDAN: 300 de lei?<\/p>\n\n\n\n<p>BULIMEJ RARE\u0218-GABRIEL: Deci,\u00a0<strong>ne bag\u0103 \u0103\u015ftia la p\u00e2rnaie, dracu\u2019. Eu a\u0219 muri dac\u0103 fac<\/strong>.\u201d<\/p>\n\n\n\n<p>CITE\u0218TE \u0218I:\u00a0<strong>VIDEO | Bucure\u0219ti Migrant. Dezbatere BdB despre via\u021ba angaja\u021bilor str\u0103ini din Capital\u0103, la Street Delivery 2024<\/strong><\/p>\n","protected":false},"excerpt":{"rendered":"<p>Doi poli\u021bi\u0219ti, un agent din cadrul Inspectoratului General pentru Imigr\u0103ri \u2013 Direc\u021bia pentru Imigr\u0103ri a Municipiului Bucure\u0219ti \u0219i un comisar \u0219ef de poli\u021bie, \u00eemputernicit \u0219ef al Biroului pentru Imigr\u0103ri al Jude\u021bului Ialomi\u021ba, au fost prin\u0219i de DNA \u00een timp ce primeau mit\u0103 pentru muncitorii asiatici pe care-l aprobau. Mita era destinat\u0103 s\u0103 urgenteze avizele de [&hellip;]<\/p>\n","protected":false},"author":60,"featured_media":101058,"comment_status":"closed","ping_status":"open","sticky":false,"template":"","format":"standard","meta":{"_acf_changed":false,"inline_featured_image":false,"ngg_post_thumbnail":0,"footnotes":""},"categories":[6994,9026,5762],"tags":[875,15731,217,15730,15729],"ppma_author":[22582],"class_list":["post-101055","post","type-post","status-publish","format-standard","has-post-thumbnail","hentry","category-stiri-2","category-eveniment","category-main","tag-dna","tag-imigrari","tag-mita","tag-mita-muncitori","tag-muncitori-asiatici"],"acf":[],"yoast_head":"<!-- This site is optimized with the Yoast SEO Premium plugin v25.3 (Yoast SEO v27.4) - https:\/\/yoast.com\/product\/yoast-seo-premium-wordpress\/ -->\n<title>31.000 de euro mit\u0103 pentru muncitorii asiatici aproba\u021bi. Cum au fost prin\u0219i poli\u021bi\u0219tii de la emigr\u0103ri - Buletin de Bucure\u0219ti<\/title>\n<meta name=\"description\" content=\"31.000 de euro mit\u0103 pentru muncitorii asiatici aproba\u021bi. Cum au fost prin\u0219i poli\u021bi\u0219tii de la emigr\u0103ri din Bucure\u0219ti \u0219i Ialomi\u021ba.\" \/>\n<meta name=\"robots\" content=\"index, follow, max-snippet:-1, max-image-preview:large, max-video-preview:-1\" \/>\n<link rel=\"canonical\" href=\"https:\/\/buletin.de\/bucuresti\/31-000-de-euro-mita-pentru-muncitorii-asiatici-aprobati-cum-au-fost-prinsi-politistii-de-la-emigrari\/\" \/>\n<meta property=\"og:locale\" content=\"en_GB\" \/>\n<meta property=\"og:type\" content=\"article\" \/>\n<meta property=\"og:title\" content=\"31.000 de euro mit\u0103 pentru muncitorii asiatici aproba\u021bi. Cum au fost prin\u0219i poli\u021bi\u0219tii de la emigr\u0103ri\" \/>\n<meta property=\"og:description\" content=\"31.000 de euro mit\u0103 pentru muncitorii asiatici aproba\u021bi. Cum au fost prin\u0219i poli\u021bi\u0219tii de la emigr\u0103ri din Bucure\u0219ti \u0219i Ialomi\u021ba.\" \/>\n<meta property=\"og:url\" content=\"https:\/\/buletin.de\/bucuresti\/31-000-de-euro-mita-pentru-muncitorii-asiatici-aprobati-cum-au-fost-prinsi-politistii-de-la-emigrari\/\" \/>\n<meta property=\"og:site_name\" content=\"Buletin de Bucure\u0219ti\" \/>\n<meta property=\"article:publisher\" content=\"https:\/\/www.facebook.com\/buletin.de.buc\" \/>\n<meta property=\"article:published_time\" content=\"2024-10-06T13:07:39+00:00\" \/>\n<meta property=\"og:image\" content=\"https:\/\/buletin.de\/bucuresti\/wp-content\/uploads\/imigrari.jpg\" \/>\n\t<meta property=\"og:image:width\" content=\"823\" \/>\n\t<meta property=\"og:image:height\" content=\"576\" \/>\n\t<meta property=\"og:image:type\" content=\"image\/jpeg\" \/>\n<meta name=\"author\" content=\"R\u0103zvan Chiru\u021b\u0103\" \/>\n<meta name=\"twitter:card\" content=\"summary_large_image\" \/>\n<meta name=\"twitter:label1\" content=\"Written by\" \/>\n\t<meta name=\"twitter:data1\" content=\"R\u0103zvan Chiru\u021b\u0103\" \/>\n\t<meta name=\"twitter:label2\" content=\"Estimated reading time\" \/>\n\t<meta name=\"twitter:data2\" content=\"4 minutes\" \/>\n<script type=\"application\/ld+json\" class=\"yoast-schema-graph\">{\"@context\":\"https:\\\/\\\/schema.org\",\"@graph\":[{\"@type\":\"Article\",\"@id\":\"https:\\\/\\\/buletin.de\\\/bucuresti\\\/31-000-de-euro-mita-pentru-muncitorii-asiatici-aprobati-cum-au-fost-prinsi-politistii-de-la-emigrari\\\/#article\",\"isPartOf\":{\"@id\":\"https:\\\/\\\/buletin.de\\\/bucuresti\\\/31-000-de-euro-mita-pentru-muncitorii-asiatici-aprobati-cum-au-fost-prinsi-politistii-de-la-emigrari\\\/\"},\"author\":{\"name\":\"R\u0103zvan Chiru\u021b\u0103\",\"@id\":\"https:\\\/\\\/buletin.de\\\/bucuresti\\\/#\\\/schema\\\/person\\\/a76df728dfc913795a9d90e346b253bb\"},\"headline\":\"31.000 de euro mit\u0103 pentru muncitorii asiatici aproba\u021bi. Cum au fost prin\u0219i poli\u021bi\u0219tii de la emigr\u0103ri\",\"datePublished\":\"2024-10-06T13:07:39+00:00\",\"mainEntityOfPage\":{\"@id\":\"https:\\\/\\\/buletin.de\\\/bucuresti\\\/31-000-de-euro-mita-pentru-muncitorii-asiatici-aprobati-cum-au-fost-prinsi-politistii-de-la-emigrari\\\/\"},\"wordCount\":803,\"publisher\":{\"@id\":\"https:\\\/\\\/buletin.de\\\/bucuresti\\\/#organization\"},\"image\":{\"@id\":\"https:\\\/\\\/buletin.de\\\/bucuresti\\\/31-000-de-euro-mita-pentru-muncitorii-asiatici-aprobati-cum-au-fost-prinsi-politistii-de-la-emigrari\\\/#primaryimage\"},\"thumbnailUrl\":\"https:\\\/\\\/buletin.de\\\/bucuresti\\\/wp-content\\\/uploads\\\/imigrari.jpg\",\"keywords\":[\"dna\",\"imigrari\",\"mita\",\"mita muncitori\",\"muncitori asiatici\"],\"articleSection\":[\"Articole\",\"Eveniment\",\"Main\"],\"inLanguage\":\"en-GB\",\"copyrightYear\":\"2024\",\"copyrightHolder\":{\"@id\":\"https:\\\/\\\/buletin.de\\\/bucuresti\\\/#organization\"}},{\"@type\":\"WebPage\",\"@id\":\"https:\\\/\\\/buletin.de\\\/bucuresti\\\/31-000-de-euro-mita-pentru-muncitorii-asiatici-aprobati-cum-au-fost-prinsi-politistii-de-la-emigrari\\\/\",\"url\":\"https:\\\/\\\/buletin.de\\\/bucuresti\\\/31-000-de-euro-mita-pentru-muncitorii-asiatici-aprobati-cum-au-fost-prinsi-politistii-de-la-emigrari\\\/\",\"name\":\"31.000 de euro mit\u0103 pentru muncitorii asiatici aproba\u021bi. Cum au fost prin\u0219i poli\u021bi\u0219tii de la emigr\u0103ri - Buletin de Bucure\u0219ti\",\"isPartOf\":{\"@id\":\"https:\\\/\\\/buletin.de\\\/bucuresti\\\/#website\"},\"primaryImageOfPage\":{\"@id\":\"https:\\\/\\\/buletin.de\\\/bucuresti\\\/31-000-de-euro-mita-pentru-muncitorii-asiatici-aprobati-cum-au-fost-prinsi-politistii-de-la-emigrari\\\/#primaryimage\"},\"image\":{\"@id\":\"https:\\\/\\\/buletin.de\\\/bucuresti\\\/31-000-de-euro-mita-pentru-muncitorii-asiatici-aprobati-cum-au-fost-prinsi-politistii-de-la-emigrari\\\/#primaryimage\"},\"thumbnailUrl\":\"https:\\\/\\\/buletin.de\\\/bucuresti\\\/wp-content\\\/uploads\\\/imigrari.jpg\",\"datePublished\":\"2024-10-06T13:07:39+00:00\",\"description\":\"31.000 de euro mit\u0103 pentru muncitorii asiatici aproba\u021bi. Cum au fost prin\u0219i poli\u021bi\u0219tii de la emigr\u0103ri din Bucure\u0219ti \u0219i Ialomi\u021ba.\",\"breadcrumb\":{\"@id\":\"https:\\\/\\\/buletin.de\\\/bucuresti\\\/31-000-de-euro-mita-pentru-muncitorii-asiatici-aprobati-cum-au-fost-prinsi-politistii-de-la-emigrari\\\/#breadcrumb\"},\"inLanguage\":\"en-GB\",\"potentialAction\":[{\"@type\":\"ReadAction\",\"target\":[\"https:\\\/\\\/buletin.de\\\/bucuresti\\\/31-000-de-euro-mita-pentru-muncitorii-asiatici-aprobati-cum-au-fost-prinsi-politistii-de-la-emigrari\\\/\"]}]},{\"@type\":\"ImageObject\",\"inLanguage\":\"en-GB\",\"@id\":\"https:\\\/\\\/buletin.de\\\/bucuresti\\\/31-000-de-euro-mita-pentru-muncitorii-asiatici-aprobati-cum-au-fost-prinsi-politistii-de-la-emigrari\\\/#primaryimage\",\"url\":\"https:\\\/\\\/buletin.de\\\/bucuresti\\\/wp-content\\\/uploads\\\/imigrari.jpg\",\"contentUrl\":\"https:\\\/\\\/buletin.de\\\/bucuresti\\\/wp-content\\\/uploads\\\/imigrari.jpg\",\"width\":823,\"height\":576,\"caption\":\"31.000 de euro mit\u0103 pentru muncitorii asiatici aproba\u021bi. Foto IGI\"},{\"@type\":\"BreadcrumbList\",\"@id\":\"https:\\\/\\\/buletin.de\\\/bucuresti\\\/31-000-de-euro-mita-pentru-muncitorii-asiatici-aprobati-cum-au-fost-prinsi-politistii-de-la-emigrari\\\/#breadcrumb\",\"itemListElement\":[{\"@type\":\"ListItem\",\"position\":1,\"name\":\"Acas\u0103\",\"item\":\"https:\\\/\\\/buletin.de\\\/bucuresti\\\/\"},{\"@type\":\"ListItem\",\"position\":2,\"name\":\"31.000 de euro mit\u0103 pentru muncitorii asiatici aproba\u021bi. Cum au fost prin\u0219i poli\u021bi\u0219tii de la emigr\u0103ri\"}]},{\"@type\":\"WebSite\",\"@id\":\"https:\\\/\\\/buletin.de\\\/bucuresti\\\/#website\",\"url\":\"https:\\\/\\\/buletin.de\\\/bucuresti\\\/\",\"name\":\"Buletin de Bucure\u0219ti\",\"description\":\"\u0218tiri \u0219i investiga\u021bii esen\u021biale din capital\u0103\",\"publisher\":{\"@id\":\"https:\\\/\\\/buletin.de\\\/bucuresti\\\/#organization\"},\"potentialAction\":[{\"@type\":\"SearchAction\",\"target\":{\"@type\":\"EntryPoint\",\"urlTemplate\":\"https:\\\/\\\/buletin.de\\\/bucuresti\\\/?s={search_term_string}\"},\"query-input\":{\"@type\":\"PropertyValueSpecification\",\"valueRequired\":true,\"valueName\":\"search_term_string\"}}],\"inLanguage\":\"en-GB\"},{\"@type\":\"Organization\",\"@id\":\"https:\\\/\\\/buletin.de\\\/bucuresti\\\/#organization\",\"name\":\"Buletin de Bucure\u0219ti\",\"url\":\"https:\\\/\\\/buletin.de\\\/bucuresti\\\/\",\"logo\":{\"@type\":\"ImageObject\",\"inLanguage\":\"en-GB\",\"@id\":\"https:\\\/\\\/buletin.de\\\/bucuresti\\\/#\\\/schema\\\/logo\\\/image\\\/\",\"url\":\"https:\\\/\\\/buletin.de\\\/bucuresti\\\/wp-content\\\/uploads\\\/logo-bdb-full-wide-vernil-transparent.png\",\"contentUrl\":\"https:\\\/\\\/buletin.de\\\/bucuresti\\\/wp-content\\\/uploads\\\/logo-bdb-full-wide-vernil-transparent.png\",\"width\":1782,\"height\":626,\"caption\":\"Buletin de Bucure\u0219ti\"},\"image\":{\"@id\":\"https:\\\/\\\/buletin.de\\\/bucuresti\\\/#\\\/schema\\\/logo\\\/image\\\/\"},\"sameAs\":[\"https:\\\/\\\/www.facebook.com\\\/buletin.de.buc\",\"https:\\\/\\\/www.instagram.com\\\/buletinde.bucuresti\\\/\"]},{\"@type\":\"Person\",\"@id\":\"https:\\\/\\\/buletin.de\\\/bucuresti\\\/#\\\/schema\\\/person\\\/a76df728dfc913795a9d90e346b253bb\",\"name\":\"R\u0103zvan Chiru\u021b\u0103\",\"image\":{\"@type\":\"ImageObject\",\"inLanguage\":\"en-GB\",\"@id\":\"https:\\\/\\\/buletin.de\\\/bucuresti\\\/wp-content\\\/uploads\\\/Razvan-Chiruta-96x96.jpge7143b996fd4241fbd6ee1f6b6b7b267\",\"url\":\"https:\\\/\\\/buletin.de\\\/bucuresti\\\/wp-content\\\/uploads\\\/Razvan-Chiruta-96x96.jpg\",\"contentUrl\":\"https:\\\/\\\/buletin.de\\\/bucuresti\\\/wp-content\\\/uploads\\\/Razvan-Chiruta-96x96.jpg\",\"caption\":\"R\u0103zvan Chiru\u021b\u0103\"},\"description\":\"R\u0103zvan Chiru\u021b\u0103 este redactor-\u0219ef adjunct din iulie 2024. A fost redactor-\u0219ef al PRESShub \u00eentre 2022 \u0219i iunie 2024. Anterior, a fost redactor-\u0219ef al Newsweek Rom\u00e2nia, din 2018 p\u00e2n\u0103 \u00een 2021, \u0219i al cotidianului Rom\u00e2nia liber\u0103, \u00eentre 2015 \u0219i 2017. Este absolvent de Jurnalism, \u00een cadrul Universit\u0103\u021bii \u201eAl.I.Cuza\u201d din Ia\u0219i, \u0219i a urmat un master \u00een Managementul institu\u021biilor mass-media (f\u0103r\u0103 diserta\u021bie) la Facultatea de Jurnalism \u0219i \u0218tiin\u021bele Comunic\u0103rii din cadrul Universit\u0103\u021bii din Bucure\u0219ti. \u0218i-a \u00eenceput cariera la Opinia studen\u021beasc\u0103, cunoscuta \u0219coal\u0103 de pres\u0103 din Ia\u0219i. A lucrat \u00een presa local\u0103, apoi a devenit corespondent pentru Ia\u0219i al cotidianului Evenimentul Zilei. Din 2004, a coordonat pentru \u0219ase luni sec\u021bia de coresponden\u021bi a Evenimentului Zilei. A mai lucrat la s\u0103pt\u0103m\u00e2nalul Prezent \u0219i a colaborat cu revistele Dilema Veche \u0219i Suplimentul de Cultur\u0103. Este co-autor \u00een volumele \u201eMass-media \u0219i democra\u021bia \u00een Rom\u00e2nia post-comunist\u0103\u201d (ed. a II-a), Ed. Institutul European, Ia\u0219i, 2013, \u0219i \u201eCOVID - 19. Dimensiuni ale gestionarii pandemiei\u201d, Editura Junimea, Ia\u0219i, 2020.\",\"url\":\"https:\\\/\\\/buletin.de\\\/bucuresti\\\/author\\\/razvan-chiruta\\\/\"}]}<\/script>\n<!-- \/ Yoast SEO Premium plugin. -->","yoast_head_json":{"title":"31.000 de euro mit\u0103 pentru muncitorii asiatici aproba\u021bi. Cum au fost prin\u0219i poli\u021bi\u0219tii de la emigr\u0103ri - Buletin de Bucure\u0219ti","description":"31.000 de euro mit\u0103 pentru muncitorii asiatici aproba\u021bi. Cum au fost prin\u0219i poli\u021bi\u0219tii de la emigr\u0103ri din Bucure\u0219ti \u0219i Ialomi\u021ba.","robots":{"index":"index","follow":"follow","max-snippet":"max-snippet:-1","max-image-preview":"max-image-preview:large","max-video-preview":"max-video-preview:-1"},"canonical":"https:\/\/buletin.de\/bucuresti\/31-000-de-euro-mita-pentru-muncitorii-asiatici-aprobati-cum-au-fost-prinsi-politistii-de-la-emigrari\/","og_locale":"en_GB","og_type":"article","og_title":"31.000 de euro mit\u0103 pentru muncitorii asiatici aproba\u021bi. Cum au fost prin\u0219i poli\u021bi\u0219tii de la emigr\u0103ri","og_description":"31.000 de euro mit\u0103 pentru muncitorii asiatici aproba\u021bi. Cum au fost prin\u0219i poli\u021bi\u0219tii de la emigr\u0103ri din Bucure\u0219ti \u0219i Ialomi\u021ba.","og_url":"https:\/\/buletin.de\/bucuresti\/31-000-de-euro-mita-pentru-muncitorii-asiatici-aprobati-cum-au-fost-prinsi-politistii-de-la-emigrari\/","og_site_name":"Buletin de Bucure\u0219ti","article_publisher":"https:\/\/www.facebook.com\/buletin.de.buc","article_published_time":"2024-10-06T13:07:39+00:00","og_image":[{"width":823,"height":576,"url":"https:\/\/buletin.de\/bucuresti\/wp-content\/uploads\/imigrari.jpg","type":"image\/jpeg"}],"author":"R\u0103zvan Chiru\u021b\u0103","twitter_card":"summary_large_image","twitter_misc":{"Written by":"R\u0103zvan Chiru\u021b\u0103","Estimated reading time":"4 minutes"},"schema":{"@context":"https:\/\/schema.org","@graph":[{"@type":"Article","@id":"https:\/\/buletin.de\/bucuresti\/31-000-de-euro-mita-pentru-muncitorii-asiatici-aprobati-cum-au-fost-prinsi-politistii-de-la-emigrari\/#article","isPartOf":{"@id":"https:\/\/buletin.de\/bucuresti\/31-000-de-euro-mita-pentru-muncitorii-asiatici-aprobati-cum-au-fost-prinsi-politistii-de-la-emigrari\/"},"author":{"name":"R\u0103zvan Chiru\u021b\u0103","@id":"https:\/\/buletin.de\/bucuresti\/#\/schema\/person\/a76df728dfc913795a9d90e346b253bb"},"headline":"31.000 de euro mit\u0103 pentru muncitorii asiatici aproba\u021bi. Cum au fost prin\u0219i poli\u021bi\u0219tii de la emigr\u0103ri","datePublished":"2024-10-06T13:07:39+00:00","mainEntityOfPage":{"@id":"https:\/\/buletin.de\/bucuresti\/31-000-de-euro-mita-pentru-muncitorii-asiatici-aprobati-cum-au-fost-prinsi-politistii-de-la-emigrari\/"},"wordCount":803,"publisher":{"@id":"https:\/\/buletin.de\/bucuresti\/#organization"},"image":{"@id":"https:\/\/buletin.de\/bucuresti\/31-000-de-euro-mita-pentru-muncitorii-asiatici-aprobati-cum-au-fost-prinsi-politistii-de-la-emigrari\/#primaryimage"},"thumbnailUrl":"https:\/\/buletin.de\/bucuresti\/wp-content\/uploads\/imigrari.jpg","keywords":["dna","imigrari","mita","mita muncitori","muncitori asiatici"],"articleSection":["Articole","Eveniment","Main"],"inLanguage":"en-GB","copyrightYear":"2024","copyrightHolder":{"@id":"https:\/\/buletin.de\/bucuresti\/#organization"}},{"@type":"WebPage","@id":"https:\/\/buletin.de\/bucuresti\/31-000-de-euro-mita-pentru-muncitorii-asiatici-aprobati-cum-au-fost-prinsi-politistii-de-la-emigrari\/","url":"https:\/\/buletin.de\/bucuresti\/31-000-de-euro-mita-pentru-muncitorii-asiatici-aprobati-cum-au-fost-prinsi-politistii-de-la-emigrari\/","name":"31.000 de euro mit\u0103 pentru muncitorii asiatici aproba\u021bi. Cum au fost prin\u0219i poli\u021bi\u0219tii de la emigr\u0103ri - Buletin de Bucure\u0219ti","isPartOf":{"@id":"https:\/\/buletin.de\/bucuresti\/#website"},"primaryImageOfPage":{"@id":"https:\/\/buletin.de\/bucuresti\/31-000-de-euro-mita-pentru-muncitorii-asiatici-aprobati-cum-au-fost-prinsi-politistii-de-la-emigrari\/#primaryimage"},"image":{"@id":"https:\/\/buletin.de\/bucuresti\/31-000-de-euro-mita-pentru-muncitorii-asiatici-aprobati-cum-au-fost-prinsi-politistii-de-la-emigrari\/#primaryimage"},"thumbnailUrl":"https:\/\/buletin.de\/bucuresti\/wp-content\/uploads\/imigrari.jpg","datePublished":"2024-10-06T13:07:39+00:00","description":"31.000 de euro mit\u0103 pentru muncitorii asiatici aproba\u021bi. Cum au fost prin\u0219i poli\u021bi\u0219tii de la emigr\u0103ri din Bucure\u0219ti \u0219i Ialomi\u021ba.","breadcrumb":{"@id":"https:\/\/buletin.de\/bucuresti\/31-000-de-euro-mita-pentru-muncitorii-asiatici-aprobati-cum-au-fost-prinsi-politistii-de-la-emigrari\/#breadcrumb"},"inLanguage":"en-GB","potentialAction":[{"@type":"ReadAction","target":["https:\/\/buletin.de\/bucuresti\/31-000-de-euro-mita-pentru-muncitorii-asiatici-aprobati-cum-au-fost-prinsi-politistii-de-la-emigrari\/"]}]},{"@type":"ImageObject","inLanguage":"en-GB","@id":"https:\/\/buletin.de\/bucuresti\/31-000-de-euro-mita-pentru-muncitorii-asiatici-aprobati-cum-au-fost-prinsi-politistii-de-la-emigrari\/#primaryimage","url":"https:\/\/buletin.de\/bucuresti\/wp-content\/uploads\/imigrari.jpg","contentUrl":"https:\/\/buletin.de\/bucuresti\/wp-content\/uploads\/imigrari.jpg","width":823,"height":576,"caption":"31.000 de euro mit\u0103 pentru muncitorii asiatici aproba\u021bi. Foto IGI"},{"@type":"BreadcrumbList","@id":"https:\/\/buletin.de\/bucuresti\/31-000-de-euro-mita-pentru-muncitorii-asiatici-aprobati-cum-au-fost-prinsi-politistii-de-la-emigrari\/#breadcrumb","itemListElement":[{"@type":"ListItem","position":1,"name":"Acas\u0103","item":"https:\/\/buletin.de\/bucuresti\/"},{"@type":"ListItem","position":2,"name":"31.000 de euro mit\u0103 pentru muncitorii asiatici aproba\u021bi. Cum au fost prin\u0219i poli\u021bi\u0219tii de la emigr\u0103ri"}]},{"@type":"WebSite","@id":"https:\/\/buletin.de\/bucuresti\/#website","url":"https:\/\/buletin.de\/bucuresti\/","name":"Buletin de Bucure\u0219ti","description":"\u0218tiri \u0219i investiga\u021bii esen\u021biale din capital\u0103","publisher":{"@id":"https:\/\/buletin.de\/bucuresti\/#organization"},"potentialAction":[{"@type":"SearchAction","target":{"@type":"EntryPoint","urlTemplate":"https:\/\/buletin.de\/bucuresti\/?s={search_term_string}"},"query-input":{"@type":"PropertyValueSpecification","valueRequired":true,"valueName":"search_term_string"}}],"inLanguage":"en-GB"},{"@type":"Organization","@id":"https:\/\/buletin.de\/bucuresti\/#organization","name":"Buletin de Bucure\u0219ti","url":"https:\/\/buletin.de\/bucuresti\/","logo":{"@type":"ImageObject","inLanguage":"en-GB","@id":"https:\/\/buletin.de\/bucuresti\/#\/schema\/logo\/image\/","url":"https:\/\/buletin.de\/bucuresti\/wp-content\/uploads\/logo-bdb-full-wide-vernil-transparent.png","contentUrl":"https:\/\/buletin.de\/bucuresti\/wp-content\/uploads\/logo-bdb-full-wide-vernil-transparent.png","width":1782,"height":626,"caption":"Buletin de Bucure\u0219ti"},"image":{"@id":"https:\/\/buletin.de\/bucuresti\/#\/schema\/logo\/image\/"},"sameAs":["https:\/\/www.facebook.com\/buletin.de.buc","https:\/\/www.instagram.com\/buletinde.bucuresti\/"]},{"@type":"Person","@id":"https:\/\/buletin.de\/bucuresti\/#\/schema\/person\/a76df728dfc913795a9d90e346b253bb","name":"R\u0103zvan Chiru\u021b\u0103","image":{"@type":"ImageObject","inLanguage":"en-GB","@id":"https:\/\/buletin.de\/bucuresti\/wp-content\/uploads\/Razvan-Chiruta-96x96.jpge7143b996fd4241fbd6ee1f6b6b7b267","url":"https:\/\/buletin.de\/bucuresti\/wp-content\/uploads\/Razvan-Chiruta-96x96.jpg","contentUrl":"https:\/\/buletin.de\/bucuresti\/wp-content\/uploads\/Razvan-Chiruta-96x96.jpg","caption":"R\u0103zvan Chiru\u021b\u0103"},"description":"R\u0103zvan Chiru\u021b\u0103 este redactor-\u0219ef adjunct din iulie 2024. A fost redactor-\u0219ef al PRESShub \u00eentre 2022 \u0219i iunie 2024. Anterior, a fost redactor-\u0219ef al Newsweek Rom\u00e2nia, din 2018 p\u00e2n\u0103 \u00een 2021, \u0219i al cotidianului Rom\u00e2nia liber\u0103, \u00eentre 2015 \u0219i 2017. Este absolvent de Jurnalism, \u00een cadrul Universit\u0103\u021bii \u201eAl.I.Cuza\u201d din Ia\u0219i, \u0219i a urmat un master \u00een Managementul institu\u021biilor mass-media (f\u0103r\u0103 diserta\u021bie) la Facultatea de Jurnalism \u0219i \u0218tiin\u021bele Comunic\u0103rii din cadrul Universit\u0103\u021bii din Bucure\u0219ti. \u0218i-a \u00eenceput cariera la Opinia studen\u021beasc\u0103, cunoscuta \u0219coal\u0103 de pres\u0103 din Ia\u0219i. A lucrat \u00een presa local\u0103, apoi a devenit corespondent pentru Ia\u0219i al cotidianului Evenimentul Zilei. Din 2004, a coordonat pentru \u0219ase luni sec\u021bia de coresponden\u021bi a Evenimentului Zilei. A mai lucrat la s\u0103pt\u0103m\u00e2nalul Prezent \u0219i a colaborat cu revistele Dilema Veche \u0219i Suplimentul de Cultur\u0103. Este co-autor \u00een volumele \u201eMass-media \u0219i democra\u021bia \u00een Rom\u00e2nia post-comunist\u0103\u201d (ed. a II-a), Ed. Institutul European, Ia\u0219i, 2013, \u0219i \u201eCOVID - 19. Dimensiuni ale gestionarii pandemiei\u201d, Editura Junimea, Ia\u0219i, 2020.","url":"https:\/\/buletin.de\/bucuresti\/author\/razvan-chiruta\/"}]}},"authors":[{"term_id":22582,"user_id":60,"is_guest":0,"slug":"razvan-chiruta","display_name":"R\u0103zvan Chiru\u021b\u0103","avatar_url":"https:\/\/buletin.de\/bucuresti\/wp-content\/uploads\/Razvan-Chiruta-96x96.jpg","0":null,"1":"","2":"","3":"","4":"","5":"","6":"","7":"","8":""}],"_links":{"self":[{"href":"https:\/\/buletin.de\/bucuresti\/wp-json\/wp\/v2\/posts\/101055","targetHints":{"allow":["GET"]}}],"collection":[{"href":"https:\/\/buletin.de\/bucuresti\/wp-json\/wp\/v2\/posts"}],"about":[{"href":"https:\/\/buletin.de\/bucuresti\/wp-json\/wp\/v2\/types\/post"}],"author":[{"embeddable":true,"href":"https:\/\/buletin.de\/bucuresti\/wp-json\/wp\/v2\/users\/60"}],"replies":[{"embeddable":true,"href":"https:\/\/buletin.de\/bucuresti\/wp-json\/wp\/v2\/comments?post=101055"}],"version-history":[{"count":3,"href":"https:\/\/buletin.de\/bucuresti\/wp-json\/wp\/v2\/posts\/101055\/revisions"}],"predecessor-version":[{"id":101059,"href":"https:\/\/buletin.de\/bucuresti\/wp-json\/wp\/v2\/posts\/101055\/revisions\/101059"}],"wp:featuredmedia":[{"embeddable":true,"href":"https:\/\/buletin.de\/bucuresti\/wp-json\/wp\/v2\/media\/101058"}],"wp:attachment":[{"href":"https:\/\/buletin.de\/bucuresti\/wp-json\/wp\/v2\/media?parent=101055"}],"wp:term":[{"taxonomy":"category","embeddable":true,"href":"https:\/\/buletin.de\/bucuresti\/wp-json\/wp\/v2\/categories?post=101055"},{"taxonomy":"post_tag","embeddable":true,"href":"https:\/\/buletin.de\/bucuresti\/wp-json\/wp\/v2\/tags?post=101055"},{"taxonomy":"author","embeddable":true,"href":"https:\/\/buletin.de\/bucuresti\/wp-json\/wp\/v2\/ppma_author?post=101055"}],"curies":[{"name":"wp","href":"https:\/\/api.w.org\/{rel}","templated":true}]}}