{"id":101047,"date":"2024-10-06T15:08:20","date_gmt":"2024-10-06T12:08:20","guid":{"rendered":"https:\/\/buletin.de\/bucuresti\/?p=101047"},"modified":"2024-10-07T09:17:21","modified_gmt":"2024-10-07T06:17:21","slug":"video-s-a-aruncat-de-la-etajul-4-dar-a-fost-salvat-de-politisti-prins-in-ultimul-moment","status":"publish","type":"post","link":"https:\/\/buletin.de\/bucuresti\/video-s-a-aruncat-de-la-etajul-4-dar-a-fost-salvat-de-politisti-prins-in-ultimul-moment\/","title":{"rendered":"VIDEO S-a aruncat de la etajul 4, dar a fost salvat de poli\u021bi\u0219ti. Prins \u00een ultimul moment"},"content":{"rendered":"\n<p><strong>Un b\u0103rbat din Sectorul 4 s-a aruncat de la etajul 4, dup\u0103 ce anterior a ie\u0219it pe balcon \u0219i a amenin\u021bat c\u0103 va face acest gest. Poli\u021bi\u0219tii \u0219i pompierii SMURD au avut timp s\u0103 ajung\u0103 la blocul acestuia, a\u0219a c\u0103 l-au prins chiar c\u00e2nd s-a lovit de asfalt.<\/strong><\/p>\n\n\n\n<h2 class=\"wp-block-heading\" id=\"h-s-a-aruncat-de-la-etajul-4-la-65-de-ani\">S-a aruncat de la etajul 4, la 65 de ani<\/h2>\n\n\n\n<p>Evenimentul a avut loc s\u00e2mb\u0103t\u0103, dar a fost f\u0103cut public duminic\u0103 de Poli\u021bia Capitalei. <\/p>\n\n\n\n<p>\u201eLa data de 5 octombrie 2024, poli\u0163i\u015ftii Direc\u021biei Generale de Poli\u0163ie a Municipiului Bucure\u0219ti \u2013 Sec\u021bia 26 Poli\u021bie au fost sesiza\u021bi, prin sistem 112, \u00een jurul orei 11.00, cu privire la faptul c\u0103, un b\u0103rbat, \u00een v\u00e2rst\u0103 de 65 de ani, amenin\u021b\u0103 c\u0103 se va precipita de la etajul 2, din incinta locuin\u021bei, situat\u0103 la o adres\u0103 din Sectorul 4.<\/p>\n\n\n\n<p>Echipajele de poli\u021bie care s-au deplasat cu operativitate la fa\u021ba locului au constatat faptul c\u0103 aspectele sesizate se confirm\u0103 \u0219i au \u00eencercat rela\u021bionarea cu persoana \u00een cauz\u0103.<\/p>\n\n\n\n<p>Poli\u021bi\u0219tii au p\u0103truns \u00een incinta apartamentului \u00een cauz\u0103, a c\u0103rui u\u0219\u0103 era descuiat\u0103 \u0219i \u00eentredeschis\u0103. \u00cen momentul \u00een care au intrat poli\u021bi\u0219tii, b\u0103rbatul se afla \u00een afara balconului, moment \u00een care poli\u0163i\u015ftii l-au prins bra\u021b. <\/p>\n\n\n\n<p>Ace\u0219tia au atenuat c\u0103derea persoanei \u00een cauz\u0103, iar poli\u021bi\u0219tii care se aflau \u00een balconul apartamentului inferior, cu acordul proprietarilor, au reu\u0219it prinderea \u00een siguran\u021b\u0103 a b\u0103rbatului\u201d, se arat\u0103 \u00een comunicatul <a href=\"https:\/\/b.politiaromana.ro\/\" target=\"_blank\" rel=\"noreferrer noopener\">Poli\u021biei Capitalei<\/a>.<\/p>\n\n\n\n<figure class=\"wp-block-embed is-type-video is-provider-youtube wp-block-embed-youtube wp-embed-aspect-4-3 wp-has-aspect-ratio\"><div class=\"wp-block-embed__wrapper\">\n<div class=\"jlvid_container\"><iframe title=\"VIDEO S-a aruncat de la etajul 4, dar a fost salvat de poli\u021bi\u0219ti. Prins \u00een ultimul moment\" width=\"1200\" height=\"900\" src=\"https:\/\/www.youtube.com\/embed\/9c48HZTJVQU?feature=oembed\" frameborder=\"0\" allow=\"accelerometer; autoplay; clipboard-write; encrypted-media; gyroscope; picture-in-picture; web-share\" referrerpolicy=\"strict-origin-when-cross-origin\" allowfullscreen><\/iframe><\/div>\n<\/div><\/figure>\n\n\n\n<p>CITE\u0218TE \u0218I: <strong><a href=\"https:\/\/buletin.de\/bucuresti\/de-ce-sunt-preferati-muncitorii-din-nepal-de-firmele-romanesti\/\" target=\"_blank\" rel=\"noreferrer noopener\">Bucure\u015fti Migrant | De ce sunt prefera\u021bi muncitorii din Nepal \u015fi cum a \u00eenceput migra\u021bia<\/a><\/strong><\/p>\n\n\n\n<h2 class=\"wp-block-heading\" id=\"h-agitat-\u0219i-necooperant\">Agitat \u0219i necooperant<\/h2>\n\n\n\n<p>Poli\u021bi\u0219tii au comunicat c\u0103 b\u0103rbatul avea un comportament agitat \u0219i necooperant. Din fericire, dup\u0103 ce s-a aruncat de la balcon, a fost prins la sol de ceilal\u021bi poli\u021bi\u0219ti \u0219i pompieri, afla\u021bi la fa\u021ba locului.<\/p>\n\n\n\n<p>\u201eLa locul faptei a fost prezent \u0219i un echipaj de prim ajutor, care nu a constatat leziuni \u00een urma precipit\u0103rii.<\/p>\n\n\n\n<p>Ulterior, b\u0103rbatul a fost transportat de c\u0103tre echipajul medical la o unitate medical\u0103, pentru \u00eengrijiri de specialitate.<\/p>\n\n\n\n<p>Cercet\u0103rile sunt continuate de c\u0103tre Sec\u021bia 26 Poli\u021bie, \u00een vederea stabilirii situa\u021biei de fapt \u0219i a \u00eemprejur\u0103rilor \u00een care s-a produs evenimentul\u201d, mai arat\u0103 Poli\u021bia Capitalei.<\/p>\n\n\n\n<p>CITE\u0218TE \u0218I:&nbsp;<strong><a href=\"https:\/\/buletin.de\/bucuresti\/bucuresti-migrant-dezbatere-despre-viata-angajatilor-straini\/\">VIDEO | Bucure\u0219ti Migrant. Dezbatere BdB despre via\u021ba angaja\u021bilor str\u0103ini din Capital\u0103, la Street Delivery 2024<\/a><\/strong><\/p>\n","protected":false},"excerpt":{"rendered":"<p>Un b\u0103rbat din Sectorul 4 s-a aruncat de la etajul 4, dup\u0103 ce anterior a ie\u0219it pe balcon \u0219i a amenin\u021bat c\u0103 va face acest gest. Poli\u021bi\u0219tii \u0219i pompierii SMURD au avut timp s\u0103 ajung\u0103 la blocul acestuia, a\u0219a c\u0103 l-au prins chiar c\u00e2nd s-a lovit de asfalt. S-a aruncat de la etajul 4, la [&hellip;]<\/p>\n","protected":false},"author":1,"featured_media":101048,"comment_status":"closed","ping_status":"open","sticky":false,"template":"","format":"standard","meta":{"_acf_changed":false,"inline_featured_image":false,"ngg_post_thumbnail":0,"footnotes":""},"categories":[6994,9026,62],"tags":[15726,15727,765,15728],"ppma_author":[22583],"class_list":["post-101047","post","type-post","status-publish","format-standard","has-post-thumbnail","hentry","category-stiri-2","category-eveniment","category-stiri","tag-etajul-4","tag-s-a-aruncat","tag-sector-4","tag-sinucigas"],"acf":[],"yoast_head":"<!-- This site is optimized with the Yoast SEO Premium plugin v25.3 (Yoast SEO v27.4) - https:\/\/yoast.com\/product\/yoast-seo-premium-wordpress\/ -->\n<title>VIDEO S-a aruncat de la etajul 4, dar a fost salvat de poli\u021bi\u0219ti. Prins \u00een ultimul moment - Buletin de Bucure\u0219ti<\/title>\n<meta name=\"description\" content=\"Un b\u0103rbat din Sectorul 4 s-a aruncat de la etajul 4, dup\u0103 ce anterior a ie\u0219it pe balcon \u0219i a amenin\u021bat c\u0103 va face acest gest.\" \/>\n<meta name=\"robots\" content=\"index, follow, max-snippet:-1, max-image-preview:large, max-video-preview:-1\" \/>\n<link rel=\"canonical\" href=\"https:\/\/buletin.de\/bucuresti\/video-s-a-aruncat-de-la-etajul-4-dar-a-fost-salvat-de-politisti-prins-in-ultimul-moment\/\" \/>\n<meta property=\"og:locale\" content=\"en_GB\" \/>\n<meta property=\"og:type\" content=\"article\" \/>\n<meta property=\"og:title\" content=\"VIDEO S-a aruncat de la etajul 4, dar a fost salvat de poli\u021bi\u0219ti. Prins \u00een ultimul moment\" \/>\n<meta property=\"og:description\" content=\"Un b\u0103rbat din Sectorul 4 s-a aruncat de la etajul 4, dup\u0103 ce anterior a ie\u0219it pe balcon \u0219i a amenin\u021bat c\u0103 va face acest gest.\" \/>\n<meta property=\"og:url\" content=\"https:\/\/buletin.de\/bucuresti\/video-s-a-aruncat-de-la-etajul-4-dar-a-fost-salvat-de-politisti-prins-in-ultimul-moment\/\" \/>\n<meta property=\"og:site_name\" content=\"Buletin de Bucure\u0219ti\" \/>\n<meta property=\"article:publisher\" content=\"https:\/\/www.facebook.com\/buletin.de.buc\" \/>\n<meta property=\"article:published_time\" content=\"2024-10-06T12:08:20+00:00\" \/>\n<meta property=\"article:modified_time\" content=\"2024-10-07T06:17:21+00:00\" \/>\n<meta property=\"og:image\" content=\"https:\/\/buletin.de\/bucuresti\/wp-content\/uploads\/aruncatdelaetaj.png\" \/>\n\t<meta property=\"og:image:width\" content=\"1200\" \/>\n\t<meta property=\"og:image:height\" content=\"628\" \/>\n\t<meta property=\"og:image:type\" content=\"image\/png\" \/>\n<meta name=\"author\" content=\"Redac\u021bia Buletin de Bucure\u0219ti\" \/>\n<meta name=\"twitter:card\" content=\"summary_large_image\" \/>\n<meta name=\"twitter:label1\" content=\"Written by\" \/>\n\t<meta name=\"twitter:data1\" content=\"Redac\u021bia Buletin de Bucure\u0219ti\" \/>\n\t<meta name=\"twitter:label2\" content=\"Estimated reading time\" \/>\n\t<meta name=\"twitter:data2\" content=\"2 minutes\" \/>\n<script type=\"application\/ld+json\" class=\"yoast-schema-graph\">{\"@context\":\"https:\\\/\\\/schema.org\",\"@graph\":[{\"@type\":\"Article\",\"@id\":\"https:\\\/\\\/buletin.de\\\/bucuresti\\\/video-s-a-aruncat-de-la-etajul-4-dar-a-fost-salvat-de-politisti-prins-in-ultimul-moment\\\/#article\",\"isPartOf\":{\"@id\":\"https:\\\/\\\/buletin.de\\\/bucuresti\\\/video-s-a-aruncat-de-la-etajul-4-dar-a-fost-salvat-de-politisti-prins-in-ultimul-moment\\\/\"},\"author\":{\"name\":\"Redac\u021bia Buletin de Bucure\u0219ti\",\"@id\":\"https:\\\/\\\/buletin.de\\\/bucuresti\\\/#\\\/schema\\\/person\\\/2bbcf854e5f2419a13804af574d06ab1\"},\"headline\":\"VIDEO S-a aruncat de la etajul 4, dar a fost salvat de poli\u021bi\u0219ti. Prins \u00een ultimul moment\",\"datePublished\":\"2024-10-06T12:08:20+00:00\",\"dateModified\":\"2024-10-07T06:17:21+00:00\",\"mainEntityOfPage\":{\"@id\":\"https:\\\/\\\/buletin.de\\\/bucuresti\\\/video-s-a-aruncat-de-la-etajul-4-dar-a-fost-salvat-de-politisti-prins-in-ultimul-moment\\\/\"},\"wordCount\":437,\"publisher\":{\"@id\":\"https:\\\/\\\/buletin.de\\\/bucuresti\\\/#organization\"},\"image\":{\"@id\":\"https:\\\/\\\/buletin.de\\\/bucuresti\\\/video-s-a-aruncat-de-la-etajul-4-dar-a-fost-salvat-de-politisti-prins-in-ultimul-moment\\\/#primaryimage\"},\"thumbnailUrl\":\"https:\\\/\\\/buletin.de\\\/bucuresti\\\/wp-content\\\/uploads\\\/aruncatdelaetaj.png\",\"keywords\":[\"etajul 4\",\"s-a aruncat\",\"Sector 4\",\"sinucigas\"],\"articleSection\":[\"Articole\",\"Eveniment\",\"\u0218tiri\"],\"inLanguage\":\"en-GB\",\"copyrightYear\":\"2024\",\"copyrightHolder\":{\"@id\":\"https:\\\/\\\/buletin.de\\\/bucuresti\\\/#organization\"}},{\"@type\":\"WebPage\",\"@id\":\"https:\\\/\\\/buletin.de\\\/bucuresti\\\/video-s-a-aruncat-de-la-etajul-4-dar-a-fost-salvat-de-politisti-prins-in-ultimul-moment\\\/\",\"url\":\"https:\\\/\\\/buletin.de\\\/bucuresti\\\/video-s-a-aruncat-de-la-etajul-4-dar-a-fost-salvat-de-politisti-prins-in-ultimul-moment\\\/\",\"name\":\"VIDEO S-a aruncat de la etajul 4, dar a fost salvat de poli\u021bi\u0219ti. Prins \u00een ultimul moment - Buletin de Bucure\u0219ti\",\"isPartOf\":{\"@id\":\"https:\\\/\\\/buletin.de\\\/bucuresti\\\/#website\"},\"primaryImageOfPage\":{\"@id\":\"https:\\\/\\\/buletin.de\\\/bucuresti\\\/video-s-a-aruncat-de-la-etajul-4-dar-a-fost-salvat-de-politisti-prins-in-ultimul-moment\\\/#primaryimage\"},\"image\":{\"@id\":\"https:\\\/\\\/buletin.de\\\/bucuresti\\\/video-s-a-aruncat-de-la-etajul-4-dar-a-fost-salvat-de-politisti-prins-in-ultimul-moment\\\/#primaryimage\"},\"thumbnailUrl\":\"https:\\\/\\\/buletin.de\\\/bucuresti\\\/wp-content\\\/uploads\\\/aruncatdelaetaj.png\",\"datePublished\":\"2024-10-06T12:08:20+00:00\",\"dateModified\":\"2024-10-07T06:17:21+00:00\",\"description\":\"Un b\u0103rbat din Sectorul 4 s-a aruncat de la etajul 4, dup\u0103 ce anterior a ie\u0219it pe balcon \u0219i a amenin\u021bat c\u0103 va face acest gest.\",\"breadcrumb\":{\"@id\":\"https:\\\/\\\/buletin.de\\\/bucuresti\\\/video-s-a-aruncat-de-la-etajul-4-dar-a-fost-salvat-de-politisti-prins-in-ultimul-moment\\\/#breadcrumb\"},\"inLanguage\":\"en-GB\",\"potentialAction\":[{\"@type\":\"ReadAction\",\"target\":[\"https:\\\/\\\/buletin.de\\\/bucuresti\\\/video-s-a-aruncat-de-la-etajul-4-dar-a-fost-salvat-de-politisti-prins-in-ultimul-moment\\\/\"]}]},{\"@type\":\"ImageObject\",\"inLanguage\":\"en-GB\",\"@id\":\"https:\\\/\\\/buletin.de\\\/bucuresti\\\/video-s-a-aruncat-de-la-etajul-4-dar-a-fost-salvat-de-politisti-prins-in-ultimul-moment\\\/#primaryimage\",\"url\":\"https:\\\/\\\/buletin.de\\\/bucuresti\\\/wp-content\\\/uploads\\\/aruncatdelaetaj.png\",\"contentUrl\":\"https:\\\/\\\/buletin.de\\\/bucuresti\\\/wp-content\\\/uploads\\\/aruncatdelaetaj.png\",\"width\":1200,\"height\":628,\"caption\":\"S-a aruncat de la etajul 4, dar a fost salvat de poli\u021bi\u0219ti. Captur\u0103 video\"},{\"@type\":\"BreadcrumbList\",\"@id\":\"https:\\\/\\\/buletin.de\\\/bucuresti\\\/video-s-a-aruncat-de-la-etajul-4-dar-a-fost-salvat-de-politisti-prins-in-ultimul-moment\\\/#breadcrumb\",\"itemListElement\":[{\"@type\":\"ListItem\",\"position\":1,\"name\":\"Acas\u0103\",\"item\":\"https:\\\/\\\/buletin.de\\\/bucuresti\\\/\"},{\"@type\":\"ListItem\",\"position\":2,\"name\":\"VIDEO S-a aruncat de la etajul 4, dar a fost salvat de poli\u021bi\u0219ti. Prins \u00een ultimul moment\"}]},{\"@type\":\"WebSite\",\"@id\":\"https:\\\/\\\/buletin.de\\\/bucuresti\\\/#website\",\"url\":\"https:\\\/\\\/buletin.de\\\/bucuresti\\\/\",\"name\":\"Buletin de Bucure\u0219ti\",\"description\":\"\u0218tiri \u0219i investiga\u021bii esen\u021biale din capital\u0103\",\"publisher\":{\"@id\":\"https:\\\/\\\/buletin.de\\\/bucuresti\\\/#organization\"},\"potentialAction\":[{\"@type\":\"SearchAction\",\"target\":{\"@type\":\"EntryPoint\",\"urlTemplate\":\"https:\\\/\\\/buletin.de\\\/bucuresti\\\/?s={search_term_string}\"},\"query-input\":{\"@type\":\"PropertyValueSpecification\",\"valueRequired\":true,\"valueName\":\"search_term_string\"}}],\"inLanguage\":\"en-GB\"},{\"@type\":\"Organization\",\"@id\":\"https:\\\/\\\/buletin.de\\\/bucuresti\\\/#organization\",\"name\":\"Buletin de Bucure\u0219ti\",\"url\":\"https:\\\/\\\/buletin.de\\\/bucuresti\\\/\",\"logo\":{\"@type\":\"ImageObject\",\"inLanguage\":\"en-GB\",\"@id\":\"https:\\\/\\\/buletin.de\\\/bucuresti\\\/#\\\/schema\\\/logo\\\/image\\\/\",\"url\":\"https:\\\/\\\/buletin.de\\\/bucuresti\\\/wp-content\\\/uploads\\\/logo-bdb-full-wide-vernil-transparent.png\",\"contentUrl\":\"https:\\\/\\\/buletin.de\\\/bucuresti\\\/wp-content\\\/uploads\\\/logo-bdb-full-wide-vernil-transparent.png\",\"width\":1782,\"height\":626,\"caption\":\"Buletin de Bucure\u0219ti\"},\"image\":{\"@id\":\"https:\\\/\\\/buletin.de\\\/bucuresti\\\/#\\\/schema\\\/logo\\\/image\\\/\"},\"sameAs\":[\"https:\\\/\\\/www.facebook.com\\\/buletin.de.buc\",\"https:\\\/\\\/www.instagram.com\\\/buletinde.bucuresti\\\/\"]},{\"@type\":\"Person\",\"@id\":\"https:\\\/\\\/buletin.de\\\/bucuresti\\\/#\\\/schema\\\/person\\\/2bbcf854e5f2419a13804af574d06ab1\",\"name\":\"Redac\u021bia Buletin de Bucure\u0219ti\",\"image\":{\"@type\":\"ImageObject\",\"inLanguage\":\"en-GB\",\"@id\":\"https:\\\/\\\/secure.gravatar.com\\\/avatar\\\/18c5342381ed1a08620e6280424e3e5efc958618f5d67c522c9e44c1bc6f9226?s=96&d=monsterid&r=g60c7cd0ad92c68c049fcd4bb3504d609\",\"url\":\"https:\\\/\\\/secure.gravatar.com\\\/avatar\\\/18c5342381ed1a08620e6280424e3e5efc958618f5d67c522c9e44c1bc6f9226?s=96&d=monsterid&r=g\",\"contentUrl\":\"https:\\\/\\\/secure.gravatar.com\\\/avatar\\\/18c5342381ed1a08620e6280424e3e5efc958618f5d67c522c9e44c1bc6f9226?s=96&d=monsterid&r=g\",\"caption\":\"Redac\u021bia Buletin de Bucure\u0219ti\"},\"description\":\"Buletin de Bucure\u0219ti exist\u0103 din vara anului 2019.\",\"url\":\"https:\\\/\\\/buletin.de\\\/bucuresti\\\/author\\\/adminbuletin\\\/\"}]}<\/script>\n<!-- \/ Yoast SEO Premium plugin. -->","yoast_head_json":{"title":"VIDEO S-a aruncat de la etajul 4, dar a fost salvat de poli\u021bi\u0219ti. Prins \u00een ultimul moment - Buletin de Bucure\u0219ti","description":"Un b\u0103rbat din Sectorul 4 s-a aruncat de la etajul 4, dup\u0103 ce anterior a ie\u0219it pe balcon \u0219i a amenin\u021bat c\u0103 va face acest gest.","robots":{"index":"index","follow":"follow","max-snippet":"max-snippet:-1","max-image-preview":"max-image-preview:large","max-video-preview":"max-video-preview:-1"},"canonical":"https:\/\/buletin.de\/bucuresti\/video-s-a-aruncat-de-la-etajul-4-dar-a-fost-salvat-de-politisti-prins-in-ultimul-moment\/","og_locale":"en_GB","og_type":"article","og_title":"VIDEO S-a aruncat de la etajul 4, dar a fost salvat de poli\u021bi\u0219ti. Prins \u00een ultimul moment","og_description":"Un b\u0103rbat din Sectorul 4 s-a aruncat de la etajul 4, dup\u0103 ce anterior a ie\u0219it pe balcon \u0219i a amenin\u021bat c\u0103 va face acest gest.","og_url":"https:\/\/buletin.de\/bucuresti\/video-s-a-aruncat-de-la-etajul-4-dar-a-fost-salvat-de-politisti-prins-in-ultimul-moment\/","og_site_name":"Buletin de Bucure\u0219ti","article_publisher":"https:\/\/www.facebook.com\/buletin.de.buc","article_published_time":"2024-10-06T12:08:20+00:00","article_modified_time":"2024-10-07T06:17:21+00:00","og_image":[{"width":1200,"height":628,"url":"https:\/\/buletin.de\/bucuresti\/wp-content\/uploads\/aruncatdelaetaj.png","type":"image\/png"}],"author":"Redac\u021bia Buletin de Bucure\u0219ti","twitter_card":"summary_large_image","twitter_misc":{"Written by":"Redac\u021bia Buletin de Bucure\u0219ti","Estimated reading time":"2 minutes"},"schema":{"@context":"https:\/\/schema.org","@graph":[{"@type":"Article","@id":"https:\/\/buletin.de\/bucuresti\/video-s-a-aruncat-de-la-etajul-4-dar-a-fost-salvat-de-politisti-prins-in-ultimul-moment\/#article","isPartOf":{"@id":"https:\/\/buletin.de\/bucuresti\/video-s-a-aruncat-de-la-etajul-4-dar-a-fost-salvat-de-politisti-prins-in-ultimul-moment\/"},"author":{"name":"Redac\u021bia Buletin de Bucure\u0219ti","@id":"https:\/\/buletin.de\/bucuresti\/#\/schema\/person\/2bbcf854e5f2419a13804af574d06ab1"},"headline":"VIDEO S-a aruncat de la etajul 4, dar a fost salvat de poli\u021bi\u0219ti. Prins \u00een ultimul moment","datePublished":"2024-10-06T12:08:20+00:00","dateModified":"2024-10-07T06:17:21+00:00","mainEntityOfPage":{"@id":"https:\/\/buletin.de\/bucuresti\/video-s-a-aruncat-de-la-etajul-4-dar-a-fost-salvat-de-politisti-prins-in-ultimul-moment\/"},"wordCount":437,"publisher":{"@id":"https:\/\/buletin.de\/bucuresti\/#organization"},"image":{"@id":"https:\/\/buletin.de\/bucuresti\/video-s-a-aruncat-de-la-etajul-4-dar-a-fost-salvat-de-politisti-prins-in-ultimul-moment\/#primaryimage"},"thumbnailUrl":"https:\/\/buletin.de\/bucuresti\/wp-content\/uploads\/aruncatdelaetaj.png","keywords":["etajul 4","s-a aruncat","Sector 4","sinucigas"],"articleSection":["Articole","Eveniment","\u0218tiri"],"inLanguage":"en-GB","copyrightYear":"2024","copyrightHolder":{"@id":"https:\/\/buletin.de\/bucuresti\/#organization"}},{"@type":"WebPage","@id":"https:\/\/buletin.de\/bucuresti\/video-s-a-aruncat-de-la-etajul-4-dar-a-fost-salvat-de-politisti-prins-in-ultimul-moment\/","url":"https:\/\/buletin.de\/bucuresti\/video-s-a-aruncat-de-la-etajul-4-dar-a-fost-salvat-de-politisti-prins-in-ultimul-moment\/","name":"VIDEO S-a aruncat de la etajul 4, dar a fost salvat de poli\u021bi\u0219ti. Prins \u00een ultimul moment - Buletin de Bucure\u0219ti","isPartOf":{"@id":"https:\/\/buletin.de\/bucuresti\/#website"},"primaryImageOfPage":{"@id":"https:\/\/buletin.de\/bucuresti\/video-s-a-aruncat-de-la-etajul-4-dar-a-fost-salvat-de-politisti-prins-in-ultimul-moment\/#primaryimage"},"image":{"@id":"https:\/\/buletin.de\/bucuresti\/video-s-a-aruncat-de-la-etajul-4-dar-a-fost-salvat-de-politisti-prins-in-ultimul-moment\/#primaryimage"},"thumbnailUrl":"https:\/\/buletin.de\/bucuresti\/wp-content\/uploads\/aruncatdelaetaj.png","datePublished":"2024-10-06T12:08:20+00:00","dateModified":"2024-10-07T06:17:21+00:00","description":"Un b\u0103rbat din Sectorul 4 s-a aruncat de la etajul 4, dup\u0103 ce anterior a ie\u0219it pe balcon \u0219i a amenin\u021bat c\u0103 va face acest gest.","breadcrumb":{"@id":"https:\/\/buletin.de\/bucuresti\/video-s-a-aruncat-de-la-etajul-4-dar-a-fost-salvat-de-politisti-prins-in-ultimul-moment\/#breadcrumb"},"inLanguage":"en-GB","potentialAction":[{"@type":"ReadAction","target":["https:\/\/buletin.de\/bucuresti\/video-s-a-aruncat-de-la-etajul-4-dar-a-fost-salvat-de-politisti-prins-in-ultimul-moment\/"]}]},{"@type":"ImageObject","inLanguage":"en-GB","@id":"https:\/\/buletin.de\/bucuresti\/video-s-a-aruncat-de-la-etajul-4-dar-a-fost-salvat-de-politisti-prins-in-ultimul-moment\/#primaryimage","url":"https:\/\/buletin.de\/bucuresti\/wp-content\/uploads\/aruncatdelaetaj.png","contentUrl":"https:\/\/buletin.de\/bucuresti\/wp-content\/uploads\/aruncatdelaetaj.png","width":1200,"height":628,"caption":"S-a aruncat de la etajul 4, dar a fost salvat de poli\u021bi\u0219ti. Captur\u0103 video"},{"@type":"BreadcrumbList","@id":"https:\/\/buletin.de\/bucuresti\/video-s-a-aruncat-de-la-etajul-4-dar-a-fost-salvat-de-politisti-prins-in-ultimul-moment\/#breadcrumb","itemListElement":[{"@type":"ListItem","position":1,"name":"Acas\u0103","item":"https:\/\/buletin.de\/bucuresti\/"},{"@type":"ListItem","position":2,"name":"VIDEO S-a aruncat de la etajul 4, dar a fost salvat de poli\u021bi\u0219ti. Prins \u00een ultimul moment"}]},{"@type":"WebSite","@id":"https:\/\/buletin.de\/bucuresti\/#website","url":"https:\/\/buletin.de\/bucuresti\/","name":"Buletin de Bucure\u0219ti","description":"\u0218tiri \u0219i investiga\u021bii esen\u021biale din capital\u0103","publisher":{"@id":"https:\/\/buletin.de\/bucuresti\/#organization"},"potentialAction":[{"@type":"SearchAction","target":{"@type":"EntryPoint","urlTemplate":"https:\/\/buletin.de\/bucuresti\/?s={search_term_string}"},"query-input":{"@type":"PropertyValueSpecification","valueRequired":true,"valueName":"search_term_string"}}],"inLanguage":"en-GB"},{"@type":"Organization","@id":"https:\/\/buletin.de\/bucuresti\/#organization","name":"Buletin de Bucure\u0219ti","url":"https:\/\/buletin.de\/bucuresti\/","logo":{"@type":"ImageObject","inLanguage":"en-GB","@id":"https:\/\/buletin.de\/bucuresti\/#\/schema\/logo\/image\/","url":"https:\/\/buletin.de\/bucuresti\/wp-content\/uploads\/logo-bdb-full-wide-vernil-transparent.png","contentUrl":"https:\/\/buletin.de\/bucuresti\/wp-content\/uploads\/logo-bdb-full-wide-vernil-transparent.png","width":1782,"height":626,"caption":"Buletin de Bucure\u0219ti"},"image":{"@id":"https:\/\/buletin.de\/bucuresti\/#\/schema\/logo\/image\/"},"sameAs":["https:\/\/www.facebook.com\/buletin.de.buc","https:\/\/www.instagram.com\/buletinde.bucuresti\/"]},{"@type":"Person","@id":"https:\/\/buletin.de\/bucuresti\/#\/schema\/person\/2bbcf854e5f2419a13804af574d06ab1","name":"Redac\u021bia Buletin de Bucure\u0219ti","image":{"@type":"ImageObject","inLanguage":"en-GB","@id":"https:\/\/secure.gravatar.com\/avatar\/18c5342381ed1a08620e6280424e3e5efc958618f5d67c522c9e44c1bc6f9226?s=96&d=monsterid&r=g60c7cd0ad92c68c049fcd4bb3504d609","url":"https:\/\/secure.gravatar.com\/avatar\/18c5342381ed1a08620e6280424e3e5efc958618f5d67c522c9e44c1bc6f9226?s=96&d=monsterid&r=g","contentUrl":"https:\/\/secure.gravatar.com\/avatar\/18c5342381ed1a08620e6280424e3e5efc958618f5d67c522c9e44c1bc6f9226?s=96&d=monsterid&r=g","caption":"Redac\u021bia Buletin de Bucure\u0219ti"},"description":"Buletin de Bucure\u0219ti exist\u0103 din vara anului 2019.","url":"https:\/\/buletin.de\/bucuresti\/author\/adminbuletin\/"}]}},"authors":[{"term_id":22583,"user_id":1,"is_guest":0,"slug":"adminbuletin","display_name":"Redac\u021bia Buletin de Bucure\u0219ti","avatar_url":"https:\/\/secure.gravatar.com\/avatar\/18c5342381ed1a08620e6280424e3e5efc958618f5d67c522c9e44c1bc6f9226?s=96&d=monsterid&r=g","0":null,"1":"","2":"","3":"","4":"","5":"","6":"","7":"","8":""}],"_links":{"self":[{"href":"https:\/\/buletin.de\/bucuresti\/wp-json\/wp\/v2\/posts\/101047","targetHints":{"allow":["GET"]}}],"collection":[{"href":"https:\/\/buletin.de\/bucuresti\/wp-json\/wp\/v2\/posts"}],"about":[{"href":"https:\/\/buletin.de\/bucuresti\/wp-json\/wp\/v2\/types\/post"}],"author":[{"embeddable":true,"href":"https:\/\/buletin.de\/bucuresti\/wp-json\/wp\/v2\/users\/1"}],"replies":[{"embeddable":true,"href":"https:\/\/buletin.de\/bucuresti\/wp-json\/wp\/v2\/comments?post=101047"}],"version-history":[{"count":4,"href":"https:\/\/buletin.de\/bucuresti\/wp-json\/wp\/v2\/posts\/101047\/revisions"}],"predecessor-version":[{"id":101103,"href":"https:\/\/buletin.de\/bucuresti\/wp-json\/wp\/v2\/posts\/101047\/revisions\/101103"}],"wp:featuredmedia":[{"embeddable":true,"href":"https:\/\/buletin.de\/bucuresti\/wp-json\/wp\/v2\/media\/101048"}],"wp:attachment":[{"href":"https:\/\/buletin.de\/bucuresti\/wp-json\/wp\/v2\/media?parent=101047"}],"wp:term":[{"taxonomy":"category","embeddable":true,"href":"https:\/\/buletin.de\/bucuresti\/wp-json\/wp\/v2\/categories?post=101047"},{"taxonomy":"post_tag","embeddable":true,"href":"https:\/\/buletin.de\/bucuresti\/wp-json\/wp\/v2\/tags?post=101047"},{"taxonomy":"author","embeddable":true,"href":"https:\/\/buletin.de\/bucuresti\/wp-json\/wp\/v2\/ppma_author?post=101047"}],"curies":[{"name":"wp","href":"https:\/\/api.w.org\/{rel}","templated":true}]}}