{"id":100825,"date":"2024-10-04T16:55:41","date_gmt":"2024-10-04T13:55:41","guid":{"rendered":"https:\/\/buletin.de\/bucuresti\/?p=100825"},"modified":"2024-10-04T16:58:09","modified_gmt":"2024-10-04T13:58:09","slug":"barbara-cassin-un-nume-de-prima-marime-al-filosofiei-europene-vine-la-noaptea-filosofiei-la-bucuresti-2024","status":"publish","type":"post","link":"https:\/\/buletin.de\/bucuresti\/barbara-cassin-un-nume-de-prima-marime-al-filosofiei-europene-vine-la-noaptea-filosofiei-la-bucuresti-2024\/","title":{"rendered":"Barbara Cassin, un nume de prim\u0103 m\u0103rime al filosofiei europene, vine la Noaptea filosofiei la Bucure\u0219ti 2024"},"content":{"rendered":"\n<p><strong>Barbara Cassin, un nume de prim\u0103 m\u0103rime al filosofiei europene, vine la Noaptea filosofiei la Bucure\u0219ti 2024. Evenimentul are loc joi, 10 octombrie, de la ora 18.00 \u0219i p\u00e2n\u0103 spre miezul nop\u021bii.<\/strong><\/p>\n\n\n\n<p>Programul reune\u0219te <strong>10 evenimente<\/strong>, dezbateri publice, \u00een tradi\u021bia g\u00e2nditorilor greci ai Agorei, la care iau parte <strong>17 nume importante ale filosofiei <\/strong>de ast\u0103zi, din Fran\u021ba \u0219i Rom\u00e2nia. <\/p>\n\n\n\n<p>Gazdele evenimentelor sunt dou\u0103 spa\u021bii cunoscute din centrul capitalei: <strong>Reziden\u021ba9 <\/strong>(str. Ion Luca Caragiale 32) \u0219i <strong>Londohome <\/strong>(str. Strada General David Praporgescu 31), publicul av\u00e2nd <strong>acces liber<\/strong>, \u00een limita locurilor disponibile. Dialogurile vor avea loc \u00een limbile francez\u0103, rom\u00e2n\u0103 \u0219i englez\u0103.<\/p>\n\n\n\n<p>CITE\u0218TE \u0218I: <a href=\"https:\/\/buletin.de\/bucuresti\/editie-speciala-buletin-de-bucuresti-dedicata-generatiei-z-descarca-varianta-electronica\/\" target=\"_blank\" rel=\"noreferrer noopener\"><strong>Edi\u021bie special\u0103 Buletin de Bucure\u015fti dedicat\u0103 Genera\u0163iei Z. Descarc\u0103 varianta electronic\u0103<\/strong><\/a><\/p>\n\n\n\n<h2 class=\"wp-block-heading\" id=\"h-noaptea-filosofiei-la-bucure\u0219ti-2024-un-eveniment-al-institutului-francez\">Noaptea filosofiei la Bucure\u0219ti 2024, un eveniment al Institutului Francez<\/h2>\n\n\n\n<p><strong><a href=\"https:\/\/institutfrancais.ro\/bucuresti\/evenimente\/noaptea-filosofiei-la-bucuresti\/#\/\" target=\"_blank\" rel=\"noreferrer noopener\">Noaptea Filosofiei la Bucure\u0219ti<\/a><\/strong> este un eveniment ini\u021biat \u00een \u021bara noastr\u0103 de Institutul Francez din Rom\u00e2nia, cu sprijinul Cit\u00e9philo, M\u00e9tropole de Lille \u0219i Institut fran\u00e7ais, care are loc anual la Timi\u0219oara \u0219i la Bucure\u0219ti.<\/p>\n\n\n\n<p>\u201e\u00centr-o lun\u0103 \u00een care festivalurile literare domin\u0103 scena cultural\u0103 rom\u00e2neasc\u0103, ne bucur\u0103m s\u0103 oferim un contrapunct, a\u0219ez\u00e2nd reflectoarele pe sfera nonfic\u021biunii, celebr\u00e2nd arta dialogului filosofic, pe teme la zi, de interes pentru societatea actual\u0103.<\/p>\n\n\n\n<p>Dincolo de spectacolul dezbaterilor publice, Noaptea Filosofiei reprezint\u0103 \u0219i o excelent\u0103 ocazie de a-i pune \u00een leg\u0103tur\u0103 pe g\u00e2nditorii francezi \u0219i pe cei rom\u00e2ni din domeniul filosofiei, conexiuni care sper\u0103m c\u0103 vor da na\u0219tere unor noi viitoare colabor\u0103ri\u201d, a declarat <strong>Julien Chiappone-Lucchesi<\/strong>, directorul Institutului Francez din Rom\u00e2nia.<\/p>\n\n\n\n<figure class=\"wp-block-image size-large\"><img fetchpriority=\"high\" decoding=\"async\" width=\"587\" height=\"900\" src=\"data:image\/gif;base64,R0lGODlhAQABAAAAACH5BAEKAAEALAAAAAABAAEAAAICTAEAOw==\" data-src=\"https:\/\/buletin.de\/bucuresti\/wp-content\/uploads\/noapteafilosofiei-587x900.jpeg\" alt=\"Noaptea filosofiei la Bucure\u0219ti 2024\" class=\"wp-image-100826 lazyload\" data-sizes=\"auto\" data-srcset=\"https:\/\/buletin.de\/bucuresti\/wp-content\/uploads\/noapteafilosofiei-587x900.jpeg 587w, https:\/\/buletin.de\/bucuresti\/wp-content\/uploads\/noapteafilosofiei-196x300.jpeg 196w, https:\/\/buletin.de\/bucuresti\/wp-content\/uploads\/noapteafilosofiei-768x1177.jpeg 768w, https:\/\/buletin.de\/bucuresti\/wp-content\/uploads\/noapteafilosofiei-1002x1536.jpeg 1002w, https:\/\/buletin.de\/bucuresti\/wp-content\/uploads\/noapteafilosofiei-600x920.jpeg 600w, https:\/\/buletin.de\/bucuresti\/wp-content\/uploads\/noapteafilosofiei-20x31.jpeg 20w, https:\/\/buletin.de\/bucuresti\/wp-content\/uploads\/noapteafilosofiei.jpeg 1044w\" sizes=\"(max-width: 587px) 100vw, 587px\" \/><figcaption class=\"wp-element-caption\">Noaptea filosofiei la Bucure\u0219ti 2024<\/figcaption><\/figure>\n\n\n\n<h2 class=\"wp-block-heading\" id=\"h-traducerea-tema-majora-a-evenimentului\">Traducerea, tema major\u0103 a evenimentului<\/h2>\n\n\n\n<p><strong>L\u00e9on Wisznia<\/strong>, curatorul francez al proiectului, a oferit am\u0103nunte despre tema edi\u021biei din acest an: \u201eUna dintre temele majore ale acestei edi\u021bii ale proiectului \u00abNoaptea Filosofiei\u00bb va fi traducerea. <\/p>\n\n\n\n<p>Cea a conceptelor exprimate \u00eentr-o limb\u0103 \u0219i traduse \u00een alta, cu riscul de a ne confrunta cu intraductibilul. Acesta este un risc pe care trebuie s\u0103 \u00eel accept\u0103m, dac\u0103 dorim s\u0103 contribuim la evolu\u021bia domeniului \u0219i, prin extensie, la progresul Europei.<\/p>\n\n\n\n<p><em>Fie ca aceast\u0103 \u00abNoapte a filosofiei\u00bb de la Bucure\u0219ti s\u0103 deschid\u0103 noi c\u0103i de \u00een\u021belegere reciproc\u0103, prietenie \u0219i \u00een\u021belepciune \u00eemp\u0103rt\u0103\u0219it\u0103\u201d.<\/em><\/p>\n\n\n\n<h2 class=\"wp-block-heading\" id=\"h-10-teme-de-dezbatere-disputate-de-17-filosofi-de-prima-clasa-din-fran\u021ba-\u0219i-romania\">10 teme de dezbatere, disputate de 17 filosofi de prim\u0103 clas\u0103 din Fran\u021ba \u0219i Rom\u00e2nia<\/h2>\n\n\n\n<p><strong>Anul acesta, evenimentul cuprind 10 dezbateri relevante pentru lumea \u00een care tr\u0103im, \u00een dou\u0103 spa\u021bii neconven\u021bionale pentru filosofie. <\/strong><\/p>\n\n\n\n<p>\u201eProvocarea principal\u0103 a acestei edi\u021bii a fost aceea de a alege cele mai captivante subiecte de discu\u021bie, at\u00e2t pentru comunitatea filosofic\u0103, c\u00e2t \u0219i pentru publicul larg, care s\u0103 acopere un orizont variat de domenii, de la etic\u0103 la filosofia artei, de la filosofia culturii pop la filosofie politic\u0103.<\/p>\n\n\n\n<p>Dac\u0103 v\u0103 intereseaz\u0103 cum putem g\u00e2ndi \u00een cheie filosofic\u0103 arta contemporan\u0103, ce relevan\u021b\u0103 are muzica de club pentru evolu\u021bia culturii contemporane, cum ne \u00abb\u00e2ntuie\u00bb g\u00e2ndurile filosofice \u00een via\u021ba de zi cu zi sau de ce este filosofia politic\u0103 naiv\u0103, atunci v\u0103 a\u0219tept\u0103m pe data de 10 octombrie, cu 10 teme de dezbatere, disputate de 17 filosofi de prim\u0103 clas\u0103 din Fran\u021ba \u0219i Rom\u00e2nia. <\/p>\n\n\n\n<p>Din aceast\u0103 perspectiv\u0103, Noaptea Filosofiei este un adev\u0103rat spectacol de idei\u201d, a precizat <strong>Cornel Moraru<\/strong>, curatorul proiectului.<\/p>\n\n\n\n<p>CITE\u0218TE \u0218I:\u00a0<strong><a href=\"https:\/\/buletin.de\/bucuresti\/bucuresti-migrant-dezbatere-despre-viata-angajatilor-straini\/\" target=\"_blank\" rel=\"noreferrer noopener\">Bucure\u0219ti Migrant. Dezbatere despre via\u021ba angaja\u021bilor str\u0103ini \u00een Capital\u0103, \u00een cadrul Street Delivery 2024<\/a><\/strong><\/p>\n\n\n\n<h2 class=\"wp-block-heading\" id=\"h-personalita\u021bi-de-marca-la-noaptea-filosofiei-la-bucure\u0219ti-2024\">Personalit\u0103\u021bi de marc\u0103 la Noaptea filosofiei la Bucure\u0219ti 2024<\/h2>\n\n\n\n<p>Seria evenimentelor este deschis\u0103 de unul dintre cele mai importante nume ale filosofiei europene, <strong>Barbara Cassin<\/strong>, filolog \u0219i filosof specializat \u00een Grecia antic\u0103, doctor \u00een filosofie \u0219i director de cercetare la CNRS-Paris IV Sorbona, membr\u0103 a Academiei Franceze.<\/p>\n\n\n\n<p>Lista invita\u021bilor din Fran\u021ba este completat\u0103 de alte nume importante ale scenei academice, intelectuale \u0219i civice, precum <strong>Clotilde Leguil<\/strong>, cunoscut\u0103 pentru reflec\u021biile sale filosofice care \u00eembin\u0103 psihanaliza, sau <strong>Arnaud Orain<\/strong>, istoric \u0219i economist, director al Centre des Recherches Historiques din cadrul \u00c9cole des Hautes \u00c9tudes en Sciences Sociales, Paris, preocupat de discursul dialogic asupra comer\u021bului, fic\u021biuni economice sau \u201eoeconomie\u201d.<\/p>\n\n\n\n<p><strong>Barbara Stiegler<\/strong>, filozof francez specialist \u00een g\u00e2ndirea lui Nietzsche \u0219i \u00een filosofia politic\u0103, lector la Universitatea Bordeaux-Montaigne, \u0219i partenerul s\u0103u de dialog de la <strong>NOPTEA FILOSOFIEI <\/strong>la Bucure\u0219ti, <strong>Christophe P\u00e9barthe<\/strong>, lector la Institutul Ausonius al Universit\u0103\u021bii Bordeaux Montaigne, specialist \u00een istoria Greciei antice \u0219i director al&nbsp;<em>Revue des \u00c9tudes Anciennes<\/em>, se afl\u0103 de asemenea pe lista oaspe\u021bilor care vor sosi la Bucure\u0219ti pentru a lua parte la eveniment.<\/p>\n\n\n\n<p>Filozoful francez <strong>Jacob Rogozinski<\/strong>, un apropiat al lui Jacques Derrida \u00een anii 1980, ast\u0103zi, profesor la Facultatea de Filosofie a Universit\u0103\u021bii din Strasbourg, va fi de asemenea prezent la Bucure\u0219ti \u00een seara zilei de 10 octombrie.<\/p>\n\n\n\n<p>Pe lista invita\u021bilor din Hexagon se afl\u0103 \u0219i <strong>Agn\u00e8s Gayraud<\/strong>, filosof \u0219i muzician (cunoscut\u0103 sub numele de La F\u00e9line), o colaboratoare constant\u0103 a cotidianului <em>Lib\u00e9ration<\/em>.<\/p>\n\n\n\n<p><strong>Invita\u021bii din Rom\u00e2nia<\/strong> sunt nume cunoscute ale sferei intelectuale, culturale \u0219i publicistice autohtone, dar \u0219i cercet\u0103tori la cele mai importante universit\u0103\u021bi rom\u00e2ne\u0219ti: Bogdan Ghiu, Drago\u0219 Rusu, Daniel Nica, Oana \u0218erban, Drago\u0219 Grusea, Luigi Bambulea, Sebastian Grama, Remus Breazu, Radu Uszkai \u0219i Mihai Cernea.<\/p>\n\n\n\n<h2 class=\"wp-block-heading\" id=\"h-programul-noaptea-filosofiei-la-bucure\u0219ti-2024\"><strong>PROGRAMUL<\/strong> Noaptea filosofiei la Bucure\u0219ti 2024<\/h2>\n\n\n\n<h4 class=\"wp-block-heading\" id=\"h-reziden\u021ba9\">Reziden\u021ba9<\/h4>\n\n\n\n<p><strong>Ora 18.00 <\/strong>| Deschiderea evenimentului: Julien Chiappone-Lucchesi, directorul Institutului Francez din Rom\u00e2nia &amp; Tilla Rudel, directoarea Institutului Francez din Rom\u00e2nia la Timi\u0219oara<\/p>\n\n\n\n<p><strong>Ora 18.30<\/strong> | \u201eElogiul traducerii\u201d: Barbara Cassin \u00een dialog cu Bogdan Ghiu<\/p>\n\n\n\n<p><strong>Ora 19.30<\/strong> | \u201eSemnifica\u021biile demnit\u0103\u021bii \u0219i aporiile respectului\u201d\u2013 Daniel Nica<\/p>\n\n\n\n<p><strong>Ora 20.30<\/strong> | \u201eCuno\u0219tin\u021bele pierdute ale economiei\u201d: Arnaud Orain \u00een dialog cu Charles Berville<\/p>\n\n\n\n<p><strong>Ora 21.30<\/strong> | \u201eViziuni artistice asupra naturii \u2013 Cazul Paul Klee\u201d: Drago\u0219 Grusea \u00een dialog cu Luigi Bambulea<\/p>\n\n\n\n<p><strong>Ora 22.30<\/strong> | \u201eInospitalitate\u201d: Jakob Rogozinski<\/p>\n\n\n\n<h4 class=\"wp-block-heading\" id=\"h-londohome\">Londohome<\/h4>\n\n\n\n<p><strong>Ora 18.30<\/strong> | \u201eDialectica pop-ului\u201d: Agn\u00e8s Gayraud \u00een dialog cu Drago\u0219 Rusu<\/p>\n\n\n\n<p><strong>Ora 19.30<\/strong> | \u201eEra toxicului\u201d: Clotilde Leguil \u00een dialog cu Oana \u0218erban<\/p>\n\n\n\n<p><strong>Ora 20.30<\/strong> | \u201eDemocra\u021bie! Manifest\u201d: Barbara Stiegler \u00een dialog cu Christophe P\u00e9barthe<\/p>\n\n\n\n<p><strong>Ora 21.30<\/strong> | \u201eB\u00e2ntuirile \u00een\u021belepciunii\u201d \u2013 Sebastian Grama<\/p>\n\n\n\n<p><strong>Ora 22.30<\/strong> | \u201eEste filosofia politic\u0103 naiv\u0103?\u201d: Radu Uszkai \u00een dialog cu Mihai Cernea.<\/p>\n","protected":false},"excerpt":{"rendered":"<p>Barbara Cassin, un nume de prim\u0103 m\u0103rime al filosofiei europene, vine la Noaptea filosofiei la Bucure\u0219ti 2024. Evenimentul are loc joi, 10 octombrie, de la ora 18.00 \u0219i p\u00e2n\u0103 spre miezul nop\u021bii. Programul reune\u0219te 10 evenimente, dezbateri publice, \u00een tradi\u021bia g\u00e2nditorilor greci ai Agorei, la care iau parte 17 nume importante ale filosofiei de ast\u0103zi, [&hellip;]<\/p>\n","protected":false},"author":1,"featured_media":100831,"comment_status":"closed","ping_status":"open","sticky":false,"template":"","format":"standard","meta":{"_acf_changed":false,"inline_featured_image":false,"ngg_post_thumbnail":0,"footnotes":""},"categories":[6994,81,62],"tags":[15685,15684,15687,15686,15688,15683],"ppma_author":[22583],"class_list":["post-100825","post","type-post","status-publish","format-standard","has-post-thumbnail","hentry","category-stiri-2","category-cultura","category-stiri","tag-arnaud-orain","tag-barbara-cassin","tag-barbara-stiegler","tag-clotilde-leguil","tag-jacob-rogozinski","tag-noaptea-filosofiei"],"acf":[],"yoast_head":"<!-- This site is optimized with the Yoast SEO Premium plugin v25.3 (Yoast SEO v27.4) - https:\/\/yoast.com\/product\/yoast-seo-premium-wordpress\/ -->\n<title>Barbara Cassin, un nume de prim\u0103 m\u0103rime al filosofiei europene, vine la Noaptea filosofiei la Bucure\u0219ti 2024 - Buletin de Bucure\u0219ti<\/title>\n<meta name=\"description\" content=\"Barbara Cassin, un nume de prim\u0103 m\u0103rime al filosofiei europene, vine la Noaptea filosofiei la Bucure\u0219ti 2024.\" \/>\n<meta name=\"robots\" content=\"index, follow, max-snippet:-1, max-image-preview:large, max-video-preview:-1\" \/>\n<link rel=\"canonical\" href=\"https:\/\/buletin.de\/bucuresti\/barbara-cassin-un-nume-de-prima-marime-al-filosofiei-europene-vine-la-noaptea-filosofiei-la-bucuresti-2024\/\" \/>\n<meta property=\"og:locale\" content=\"en_GB\" \/>\n<meta property=\"og:type\" content=\"article\" \/>\n<meta property=\"og:title\" content=\"Barbara Cassin, un nume de prim\u0103 m\u0103rime al filosofiei europene, vine la Noaptea filosofiei la Bucure\u0219ti 2024\" \/>\n<meta property=\"og:description\" content=\"Barbara Cassin, un nume de prim\u0103 m\u0103rime al filosofiei europene, vine la Noaptea filosofiei la Bucure\u0219ti 2024.\" \/>\n<meta property=\"og:url\" content=\"https:\/\/buletin.de\/bucuresti\/barbara-cassin-un-nume-de-prima-marime-al-filosofiei-europene-vine-la-noaptea-filosofiei-la-bucuresti-2024\/\" \/>\n<meta property=\"og:site_name\" content=\"Buletin de Bucure\u0219ti\" \/>\n<meta property=\"article:publisher\" content=\"https:\/\/www.facebook.com\/buletin.de.buc\" \/>\n<meta property=\"article:published_time\" content=\"2024-10-04T13:55:41+00:00\" \/>\n<meta property=\"article:modified_time\" content=\"2024-10-04T13:58:09+00:00\" \/>\n<meta property=\"og:image\" content=\"https:\/\/buletin.de\/bucuresti\/wp-content\/uploads\/Noaptea-filosofiei-la-Bucuresti-2024.png\" \/>\n\t<meta property=\"og:image:width\" content=\"996\" \/>\n\t<meta property=\"og:image:height\" content=\"516\" \/>\n\t<meta property=\"og:image:type\" content=\"image\/png\" \/>\n<meta name=\"author\" content=\"Redac\u021bia Buletin de Bucure\u0219ti\" \/>\n<meta name=\"twitter:card\" content=\"summary_large_image\" \/>\n<meta name=\"twitter:label1\" content=\"Written by\" \/>\n\t<meta name=\"twitter:data1\" content=\"Redac\u021bia Buletin de Bucure\u0219ti\" \/>\n\t<meta name=\"twitter:label2\" content=\"Estimated reading time\" \/>\n\t<meta name=\"twitter:data2\" content=\"5 minutes\" \/>\n<script type=\"application\/ld+json\" class=\"yoast-schema-graph\">{\"@context\":\"https:\\\/\\\/schema.org\",\"@graph\":[{\"@type\":\"Article\",\"@id\":\"https:\\\/\\\/buletin.de\\\/bucuresti\\\/barbara-cassin-un-nume-de-prima-marime-al-filosofiei-europene-vine-la-noaptea-filosofiei-la-bucuresti-2024\\\/#article\",\"isPartOf\":{\"@id\":\"https:\\\/\\\/buletin.de\\\/bucuresti\\\/barbara-cassin-un-nume-de-prima-marime-al-filosofiei-europene-vine-la-noaptea-filosofiei-la-bucuresti-2024\\\/\"},\"author\":{\"name\":\"Redac\u021bia Buletin de Bucure\u0219ti\",\"@id\":\"https:\\\/\\\/buletin.de\\\/bucuresti\\\/#\\\/schema\\\/person\\\/2bbcf854e5f2419a13804af574d06ab1\"},\"headline\":\"Barbara Cassin, un nume de prim\u0103 m\u0103rime al filosofiei europene, vine la Noaptea filosofiei la Bucure\u0219ti 2024\",\"datePublished\":\"2024-10-04T13:55:41+00:00\",\"dateModified\":\"2024-10-04T13:58:09+00:00\",\"mainEntityOfPage\":{\"@id\":\"https:\\\/\\\/buletin.de\\\/bucuresti\\\/barbara-cassin-un-nume-de-prima-marime-al-filosofiei-europene-vine-la-noaptea-filosofiei-la-bucuresti-2024\\\/\"},\"wordCount\":1034,\"publisher\":{\"@id\":\"https:\\\/\\\/buletin.de\\\/bucuresti\\\/#organization\"},\"image\":{\"@id\":\"https:\\\/\\\/buletin.de\\\/bucuresti\\\/barbara-cassin-un-nume-de-prima-marime-al-filosofiei-europene-vine-la-noaptea-filosofiei-la-bucuresti-2024\\\/#primaryimage\"},\"thumbnailUrl\":\"https:\\\/\\\/buletin.de\\\/bucuresti\\\/wp-content\\\/uploads\\\/Noaptea-filosofiei-la-Bucuresti-2024.png\",\"keywords\":[\"Arnaud Orain\",\"barbara cassin\",\"Barbara Stiegler\",\"Clotilde Leguil\",\"Jacob Rogozinski\",\"noaptea filosofiei\"],\"articleSection\":[\"Articole\",\"Cultur\u0103\",\"\u0218tiri\"],\"inLanguage\":\"en-GB\",\"copyrightYear\":\"2024\",\"copyrightHolder\":{\"@id\":\"https:\\\/\\\/buletin.de\\\/bucuresti\\\/#organization\"}},{\"@type\":\"WebPage\",\"@id\":\"https:\\\/\\\/buletin.de\\\/bucuresti\\\/barbara-cassin-un-nume-de-prima-marime-al-filosofiei-europene-vine-la-noaptea-filosofiei-la-bucuresti-2024\\\/\",\"url\":\"https:\\\/\\\/buletin.de\\\/bucuresti\\\/barbara-cassin-un-nume-de-prima-marime-al-filosofiei-europene-vine-la-noaptea-filosofiei-la-bucuresti-2024\\\/\",\"name\":\"Barbara Cassin, un nume de prim\u0103 m\u0103rime al filosofiei europene, vine la Noaptea filosofiei la Bucure\u0219ti 2024 - Buletin de Bucure\u0219ti\",\"isPartOf\":{\"@id\":\"https:\\\/\\\/buletin.de\\\/bucuresti\\\/#website\"},\"primaryImageOfPage\":{\"@id\":\"https:\\\/\\\/buletin.de\\\/bucuresti\\\/barbara-cassin-un-nume-de-prima-marime-al-filosofiei-europene-vine-la-noaptea-filosofiei-la-bucuresti-2024\\\/#primaryimage\"},\"image\":{\"@id\":\"https:\\\/\\\/buletin.de\\\/bucuresti\\\/barbara-cassin-un-nume-de-prima-marime-al-filosofiei-europene-vine-la-noaptea-filosofiei-la-bucuresti-2024\\\/#primaryimage\"},\"thumbnailUrl\":\"https:\\\/\\\/buletin.de\\\/bucuresti\\\/wp-content\\\/uploads\\\/Noaptea-filosofiei-la-Bucuresti-2024.png\",\"datePublished\":\"2024-10-04T13:55:41+00:00\",\"dateModified\":\"2024-10-04T13:58:09+00:00\",\"description\":\"Barbara Cassin, un nume de prim\u0103 m\u0103rime al filosofiei europene, vine la Noaptea filosofiei la Bucure\u0219ti 2024.\",\"breadcrumb\":{\"@id\":\"https:\\\/\\\/buletin.de\\\/bucuresti\\\/barbara-cassin-un-nume-de-prima-marime-al-filosofiei-europene-vine-la-noaptea-filosofiei-la-bucuresti-2024\\\/#breadcrumb\"},\"inLanguage\":\"en-GB\",\"potentialAction\":[{\"@type\":\"ReadAction\",\"target\":[\"https:\\\/\\\/buletin.de\\\/bucuresti\\\/barbara-cassin-un-nume-de-prima-marime-al-filosofiei-europene-vine-la-noaptea-filosofiei-la-bucuresti-2024\\\/\"]}]},{\"@type\":\"ImageObject\",\"inLanguage\":\"en-GB\",\"@id\":\"https:\\\/\\\/buletin.de\\\/bucuresti\\\/barbara-cassin-un-nume-de-prima-marime-al-filosofiei-europene-vine-la-noaptea-filosofiei-la-bucuresti-2024\\\/#primaryimage\",\"url\":\"https:\\\/\\\/buletin.de\\\/bucuresti\\\/wp-content\\\/uploads\\\/Noaptea-filosofiei-la-Bucuresti-2024.png\",\"contentUrl\":\"https:\\\/\\\/buletin.de\\\/bucuresti\\\/wp-content\\\/uploads\\\/Noaptea-filosofiei-la-Bucuresti-2024.png\",\"width\":996,\"height\":516,\"caption\":\"Noaptea filosofiei la Bucure\u0219ti 2024\"},{\"@type\":\"BreadcrumbList\",\"@id\":\"https:\\\/\\\/buletin.de\\\/bucuresti\\\/barbara-cassin-un-nume-de-prima-marime-al-filosofiei-europene-vine-la-noaptea-filosofiei-la-bucuresti-2024\\\/#breadcrumb\",\"itemListElement\":[{\"@type\":\"ListItem\",\"position\":1,\"name\":\"Acas\u0103\",\"item\":\"https:\\\/\\\/buletin.de\\\/bucuresti\\\/\"},{\"@type\":\"ListItem\",\"position\":2,\"name\":\"Barbara Cassin, un nume de prim\u0103 m\u0103rime al filosofiei europene, vine la Noaptea filosofiei la Bucure\u0219ti 2024\"}]},{\"@type\":\"WebSite\",\"@id\":\"https:\\\/\\\/buletin.de\\\/bucuresti\\\/#website\",\"url\":\"https:\\\/\\\/buletin.de\\\/bucuresti\\\/\",\"name\":\"Buletin de Bucure\u0219ti\",\"description\":\"\u0218tiri \u0219i investiga\u021bii esen\u021biale din capital\u0103\",\"publisher\":{\"@id\":\"https:\\\/\\\/buletin.de\\\/bucuresti\\\/#organization\"},\"potentialAction\":[{\"@type\":\"SearchAction\",\"target\":{\"@type\":\"EntryPoint\",\"urlTemplate\":\"https:\\\/\\\/buletin.de\\\/bucuresti\\\/?s={search_term_string}\"},\"query-input\":{\"@type\":\"PropertyValueSpecification\",\"valueRequired\":true,\"valueName\":\"search_term_string\"}}],\"inLanguage\":\"en-GB\"},{\"@type\":\"Organization\",\"@id\":\"https:\\\/\\\/buletin.de\\\/bucuresti\\\/#organization\",\"name\":\"Buletin de Bucure\u0219ti\",\"url\":\"https:\\\/\\\/buletin.de\\\/bucuresti\\\/\",\"logo\":{\"@type\":\"ImageObject\",\"inLanguage\":\"en-GB\",\"@id\":\"https:\\\/\\\/buletin.de\\\/bucuresti\\\/#\\\/schema\\\/logo\\\/image\\\/\",\"url\":\"https:\\\/\\\/buletin.de\\\/bucuresti\\\/wp-content\\\/uploads\\\/logo-bdb-full-wide-vernil-transparent.png\",\"contentUrl\":\"https:\\\/\\\/buletin.de\\\/bucuresti\\\/wp-content\\\/uploads\\\/logo-bdb-full-wide-vernil-transparent.png\",\"width\":1782,\"height\":626,\"caption\":\"Buletin de Bucure\u0219ti\"},\"image\":{\"@id\":\"https:\\\/\\\/buletin.de\\\/bucuresti\\\/#\\\/schema\\\/logo\\\/image\\\/\"},\"sameAs\":[\"https:\\\/\\\/www.facebook.com\\\/buletin.de.buc\",\"https:\\\/\\\/www.instagram.com\\\/buletinde.bucuresti\\\/\"]},{\"@type\":\"Person\",\"@id\":\"https:\\\/\\\/buletin.de\\\/bucuresti\\\/#\\\/schema\\\/person\\\/2bbcf854e5f2419a13804af574d06ab1\",\"name\":\"Redac\u021bia Buletin de Bucure\u0219ti\",\"image\":{\"@type\":\"ImageObject\",\"inLanguage\":\"en-GB\",\"@id\":\"https:\\\/\\\/secure.gravatar.com\\\/avatar\\\/18c5342381ed1a08620e6280424e3e5efc958618f5d67c522c9e44c1bc6f9226?s=96&d=monsterid&r=g60c7cd0ad92c68c049fcd4bb3504d609\",\"url\":\"https:\\\/\\\/secure.gravatar.com\\\/avatar\\\/18c5342381ed1a08620e6280424e3e5efc958618f5d67c522c9e44c1bc6f9226?s=96&d=monsterid&r=g\",\"contentUrl\":\"https:\\\/\\\/secure.gravatar.com\\\/avatar\\\/18c5342381ed1a08620e6280424e3e5efc958618f5d67c522c9e44c1bc6f9226?s=96&d=monsterid&r=g\",\"caption\":\"Redac\u021bia Buletin de Bucure\u0219ti\"},\"description\":\"Buletin de Bucure\u0219ti exist\u0103 din vara anului 2019.\",\"url\":\"https:\\\/\\\/buletin.de\\\/bucuresti\\\/author\\\/adminbuletin\\\/\"}]}<\/script>\n<!-- \/ Yoast SEO Premium plugin. -->","yoast_head_json":{"title":"Barbara Cassin, un nume de prim\u0103 m\u0103rime al filosofiei europene, vine la Noaptea filosofiei la Bucure\u0219ti 2024 - Buletin de Bucure\u0219ti","description":"Barbara Cassin, un nume de prim\u0103 m\u0103rime al filosofiei europene, vine la Noaptea filosofiei la Bucure\u0219ti 2024.","robots":{"index":"index","follow":"follow","max-snippet":"max-snippet:-1","max-image-preview":"max-image-preview:large","max-video-preview":"max-video-preview:-1"},"canonical":"https:\/\/buletin.de\/bucuresti\/barbara-cassin-un-nume-de-prima-marime-al-filosofiei-europene-vine-la-noaptea-filosofiei-la-bucuresti-2024\/","og_locale":"en_GB","og_type":"article","og_title":"Barbara Cassin, un nume de prim\u0103 m\u0103rime al filosofiei europene, vine la Noaptea filosofiei la Bucure\u0219ti 2024","og_description":"Barbara Cassin, un nume de prim\u0103 m\u0103rime al filosofiei europene, vine la Noaptea filosofiei la Bucure\u0219ti 2024.","og_url":"https:\/\/buletin.de\/bucuresti\/barbara-cassin-un-nume-de-prima-marime-al-filosofiei-europene-vine-la-noaptea-filosofiei-la-bucuresti-2024\/","og_site_name":"Buletin de Bucure\u0219ti","article_publisher":"https:\/\/www.facebook.com\/buletin.de.buc","article_published_time":"2024-10-04T13:55:41+00:00","article_modified_time":"2024-10-04T13:58:09+00:00","og_image":[{"width":996,"height":516,"url":"https:\/\/buletin.de\/bucuresti\/wp-content\/uploads\/Noaptea-filosofiei-la-Bucuresti-2024.png","type":"image\/png"}],"author":"Redac\u021bia Buletin de Bucure\u0219ti","twitter_card":"summary_large_image","twitter_misc":{"Written by":"Redac\u021bia Buletin de Bucure\u0219ti","Estimated reading time":"5 minutes"},"schema":{"@context":"https:\/\/schema.org","@graph":[{"@type":"Article","@id":"https:\/\/buletin.de\/bucuresti\/barbara-cassin-un-nume-de-prima-marime-al-filosofiei-europene-vine-la-noaptea-filosofiei-la-bucuresti-2024\/#article","isPartOf":{"@id":"https:\/\/buletin.de\/bucuresti\/barbara-cassin-un-nume-de-prima-marime-al-filosofiei-europene-vine-la-noaptea-filosofiei-la-bucuresti-2024\/"},"author":{"name":"Redac\u021bia Buletin de Bucure\u0219ti","@id":"https:\/\/buletin.de\/bucuresti\/#\/schema\/person\/2bbcf854e5f2419a13804af574d06ab1"},"headline":"Barbara Cassin, un nume de prim\u0103 m\u0103rime al filosofiei europene, vine la Noaptea filosofiei la Bucure\u0219ti 2024","datePublished":"2024-10-04T13:55:41+00:00","dateModified":"2024-10-04T13:58:09+00:00","mainEntityOfPage":{"@id":"https:\/\/buletin.de\/bucuresti\/barbara-cassin-un-nume-de-prima-marime-al-filosofiei-europene-vine-la-noaptea-filosofiei-la-bucuresti-2024\/"},"wordCount":1034,"publisher":{"@id":"https:\/\/buletin.de\/bucuresti\/#organization"},"image":{"@id":"https:\/\/buletin.de\/bucuresti\/barbara-cassin-un-nume-de-prima-marime-al-filosofiei-europene-vine-la-noaptea-filosofiei-la-bucuresti-2024\/#primaryimage"},"thumbnailUrl":"https:\/\/buletin.de\/bucuresti\/wp-content\/uploads\/Noaptea-filosofiei-la-Bucuresti-2024.png","keywords":["Arnaud Orain","barbara cassin","Barbara Stiegler","Clotilde Leguil","Jacob Rogozinski","noaptea filosofiei"],"articleSection":["Articole","Cultur\u0103","\u0218tiri"],"inLanguage":"en-GB","copyrightYear":"2024","copyrightHolder":{"@id":"https:\/\/buletin.de\/bucuresti\/#organization"}},{"@type":"WebPage","@id":"https:\/\/buletin.de\/bucuresti\/barbara-cassin-un-nume-de-prima-marime-al-filosofiei-europene-vine-la-noaptea-filosofiei-la-bucuresti-2024\/","url":"https:\/\/buletin.de\/bucuresti\/barbara-cassin-un-nume-de-prima-marime-al-filosofiei-europene-vine-la-noaptea-filosofiei-la-bucuresti-2024\/","name":"Barbara Cassin, un nume de prim\u0103 m\u0103rime al filosofiei europene, vine la Noaptea filosofiei la Bucure\u0219ti 2024 - Buletin de Bucure\u0219ti","isPartOf":{"@id":"https:\/\/buletin.de\/bucuresti\/#website"},"primaryImageOfPage":{"@id":"https:\/\/buletin.de\/bucuresti\/barbara-cassin-un-nume-de-prima-marime-al-filosofiei-europene-vine-la-noaptea-filosofiei-la-bucuresti-2024\/#primaryimage"},"image":{"@id":"https:\/\/buletin.de\/bucuresti\/barbara-cassin-un-nume-de-prima-marime-al-filosofiei-europene-vine-la-noaptea-filosofiei-la-bucuresti-2024\/#primaryimage"},"thumbnailUrl":"https:\/\/buletin.de\/bucuresti\/wp-content\/uploads\/Noaptea-filosofiei-la-Bucuresti-2024.png","datePublished":"2024-10-04T13:55:41+00:00","dateModified":"2024-10-04T13:58:09+00:00","description":"Barbara Cassin, un nume de prim\u0103 m\u0103rime al filosofiei europene, vine la Noaptea filosofiei la Bucure\u0219ti 2024.","breadcrumb":{"@id":"https:\/\/buletin.de\/bucuresti\/barbara-cassin-un-nume-de-prima-marime-al-filosofiei-europene-vine-la-noaptea-filosofiei-la-bucuresti-2024\/#breadcrumb"},"inLanguage":"en-GB","potentialAction":[{"@type":"ReadAction","target":["https:\/\/buletin.de\/bucuresti\/barbara-cassin-un-nume-de-prima-marime-al-filosofiei-europene-vine-la-noaptea-filosofiei-la-bucuresti-2024\/"]}]},{"@type":"ImageObject","inLanguage":"en-GB","@id":"https:\/\/buletin.de\/bucuresti\/barbara-cassin-un-nume-de-prima-marime-al-filosofiei-europene-vine-la-noaptea-filosofiei-la-bucuresti-2024\/#primaryimage","url":"https:\/\/buletin.de\/bucuresti\/wp-content\/uploads\/Noaptea-filosofiei-la-Bucuresti-2024.png","contentUrl":"https:\/\/buletin.de\/bucuresti\/wp-content\/uploads\/Noaptea-filosofiei-la-Bucuresti-2024.png","width":996,"height":516,"caption":"Noaptea filosofiei la Bucure\u0219ti 2024"},{"@type":"BreadcrumbList","@id":"https:\/\/buletin.de\/bucuresti\/barbara-cassin-un-nume-de-prima-marime-al-filosofiei-europene-vine-la-noaptea-filosofiei-la-bucuresti-2024\/#breadcrumb","itemListElement":[{"@type":"ListItem","position":1,"name":"Acas\u0103","item":"https:\/\/buletin.de\/bucuresti\/"},{"@type":"ListItem","position":2,"name":"Barbara Cassin, un nume de prim\u0103 m\u0103rime al filosofiei europene, vine la Noaptea filosofiei la Bucure\u0219ti 2024"}]},{"@type":"WebSite","@id":"https:\/\/buletin.de\/bucuresti\/#website","url":"https:\/\/buletin.de\/bucuresti\/","name":"Buletin de Bucure\u0219ti","description":"\u0218tiri \u0219i investiga\u021bii esen\u021biale din capital\u0103","publisher":{"@id":"https:\/\/buletin.de\/bucuresti\/#organization"},"potentialAction":[{"@type":"SearchAction","target":{"@type":"EntryPoint","urlTemplate":"https:\/\/buletin.de\/bucuresti\/?s={search_term_string}"},"query-input":{"@type":"PropertyValueSpecification","valueRequired":true,"valueName":"search_term_string"}}],"inLanguage":"en-GB"},{"@type":"Organization","@id":"https:\/\/buletin.de\/bucuresti\/#organization","name":"Buletin de Bucure\u0219ti","url":"https:\/\/buletin.de\/bucuresti\/","logo":{"@type":"ImageObject","inLanguage":"en-GB","@id":"https:\/\/buletin.de\/bucuresti\/#\/schema\/logo\/image\/","url":"https:\/\/buletin.de\/bucuresti\/wp-content\/uploads\/logo-bdb-full-wide-vernil-transparent.png","contentUrl":"https:\/\/buletin.de\/bucuresti\/wp-content\/uploads\/logo-bdb-full-wide-vernil-transparent.png","width":1782,"height":626,"caption":"Buletin de Bucure\u0219ti"},"image":{"@id":"https:\/\/buletin.de\/bucuresti\/#\/schema\/logo\/image\/"},"sameAs":["https:\/\/www.facebook.com\/buletin.de.buc","https:\/\/www.instagram.com\/buletinde.bucuresti\/"]},{"@type":"Person","@id":"https:\/\/buletin.de\/bucuresti\/#\/schema\/person\/2bbcf854e5f2419a13804af574d06ab1","name":"Redac\u021bia Buletin de Bucure\u0219ti","image":{"@type":"ImageObject","inLanguage":"en-GB","@id":"https:\/\/secure.gravatar.com\/avatar\/18c5342381ed1a08620e6280424e3e5efc958618f5d67c522c9e44c1bc6f9226?s=96&d=monsterid&r=g60c7cd0ad92c68c049fcd4bb3504d609","url":"https:\/\/secure.gravatar.com\/avatar\/18c5342381ed1a08620e6280424e3e5efc958618f5d67c522c9e44c1bc6f9226?s=96&d=monsterid&r=g","contentUrl":"https:\/\/secure.gravatar.com\/avatar\/18c5342381ed1a08620e6280424e3e5efc958618f5d67c522c9e44c1bc6f9226?s=96&d=monsterid&r=g","caption":"Redac\u021bia Buletin de Bucure\u0219ti"},"description":"Buletin de Bucure\u0219ti exist\u0103 din vara anului 2019.","url":"https:\/\/buletin.de\/bucuresti\/author\/adminbuletin\/"}]}},"authors":[{"term_id":22583,"user_id":1,"is_guest":0,"slug":"adminbuletin","display_name":"Redac\u021bia Buletin de Bucure\u0219ti","avatar_url":"https:\/\/secure.gravatar.com\/avatar\/18c5342381ed1a08620e6280424e3e5efc958618f5d67c522c9e44c1bc6f9226?s=96&d=monsterid&r=g","0":null,"1":"","2":"","3":"","4":"","5":"","6":"","7":"","8":""}],"_links":{"self":[{"href":"https:\/\/buletin.de\/bucuresti\/wp-json\/wp\/v2\/posts\/100825","targetHints":{"allow":["GET"]}}],"collection":[{"href":"https:\/\/buletin.de\/bucuresti\/wp-json\/wp\/v2\/posts"}],"about":[{"href":"https:\/\/buletin.de\/bucuresti\/wp-json\/wp\/v2\/types\/post"}],"author":[{"embeddable":true,"href":"https:\/\/buletin.de\/bucuresti\/wp-json\/wp\/v2\/users\/1"}],"replies":[{"embeddable":true,"href":"https:\/\/buletin.de\/bucuresti\/wp-json\/wp\/v2\/comments?post=100825"}],"version-history":[{"count":4,"href":"https:\/\/buletin.de\/bucuresti\/wp-json\/wp\/v2\/posts\/100825\/revisions"}],"predecessor-version":[{"id":100838,"href":"https:\/\/buletin.de\/bucuresti\/wp-json\/wp\/v2\/posts\/100825\/revisions\/100838"}],"wp:featuredmedia":[{"embeddable":true,"href":"https:\/\/buletin.de\/bucuresti\/wp-json\/wp\/v2\/media\/100831"}],"wp:attachment":[{"href":"https:\/\/buletin.de\/bucuresti\/wp-json\/wp\/v2\/media?parent=100825"}],"wp:term":[{"taxonomy":"category","embeddable":true,"href":"https:\/\/buletin.de\/bucuresti\/wp-json\/wp\/v2\/categories?post=100825"},{"taxonomy":"post_tag","embeddable":true,"href":"https:\/\/buletin.de\/bucuresti\/wp-json\/wp\/v2\/tags?post=100825"},{"taxonomy":"author","embeddable":true,"href":"https:\/\/buletin.de\/bucuresti\/wp-json\/wp\/v2\/ppma_author?post=100825"}],"curies":[{"name":"wp","href":"https:\/\/api.w.org\/{rel}","templated":true}]}}