{"id":100769,"date":"2024-10-05T08:08:34","date_gmt":"2024-10-05T05:08:34","guid":{"rendered":"https:\/\/buletin.de\/bucuresti\/?p=100769"},"modified":"2024-10-05T13:41:23","modified_gmt":"2024-10-05T10:41:23","slug":"ce-se-va-intampla-cu-spitalul-modular-pipera-abandonat-dupa-pandemie-exista-doua-scenarii","status":"publish","type":"post","link":"https:\/\/buletin.de\/bucuresti\/ce-se-va-intampla-cu-spitalul-modular-pipera-abandonat-dupa-pandemie-exista-doua-scenarii\/","title":{"rendered":"Ce se va \u00eent\u00e2mpla cu Spitalul Modular Pipera, abandonat dup\u0103 pandemie. \u201eExist\u0103 dou\u0103 scenarii\u201d"},"content":{"rendered":"\n<p><strong>Spitalul Modular Pipera, construit \u00een administra\u021bia Gabrielei Firea, a r\u0103mas abandonat dup\u0103  ce a func\u021bionat, pentru scurt timp, \u00een timpul pandemiei COVID-19. <\/strong><\/p>\n\n\n\n<p>Impropriu-spus spital, sus\u021bine actualul primar, care explic\u0103 cum \u00een\u0219iruirea de containere ar fi trebuit s\u0103 fie doar organizarea de \u0219antier pentru construc\u021bia Spitalului Metropolitan.<\/p>\n\n\n\n<p>\u00cen prezent, exist\u0103 dou\u0103 scenarii pentru ce se va \u00eent\u00e2mpla cu terenul de zece hectare unde sunt amplasate containerele \u0219i unde ar fi trebuit construit mult-a\u0219teptatul spital metropolitan. <\/p>\n\n\n\n<p>Fie se va construi un \u201espital modular adev\u0103rat\u201d, fie se va organiza o autobaz\u0103, declar\u0103 Nicu\u0219or Dan \u00een cadrul unei <a href=\"https:\/\/www.facebook.com\/NicusorDan.ro\/videos\/1336256174002661\">conferin\u021be de pres\u0103<\/a>.<\/p>\n\n\n\n<p><strong>CITE\u0218TE \u0218I: <a href=\"https:\/\/buletin.de\/bucuresti\/raport-assmb-in-spitalul-modular-pipera-targile-nu-trec-de-usi-nu-exista-sistem-centralizat-de-incalzire-si-nici-statie-de-oxigen\/\">Raport ASSMB | \u00cen Spitalul Modular Pipera, t\u0103rgile nu trec de u\u0219i, nu exist\u0103 sistem centralizat de \u00eenc\u0103lzire \u0219i nici sta\u021bie de oxigen<\/a><\/strong><\/p>\n\n\n\n<h2 class=\"wp-block-heading\" id=\"h-ce-se-va-intampla-pe-terenul-de-zece-hectare\">Ce se va \u00eent\u00e2mpla pe terenul de zece hectare<\/h2>\n\n\n\n<p>Din cele zece hectare ale terenului, cinci reprezint\u0103 fosta autobaz\u0103 Pipera a STB, iar celelalte cinci au fost primite de la stat pentru construirea spitalului metropolitan, explic\u0103 Nicu\u0219or Dan.<\/p>\n\n\n\n<p>Actuala administra\u021bie are dou\u0103 idei pentru terenul respectiv, \u201easupra c\u0103rora vom tran\u0219a cur\u00e2nd\u201d, declar\u0103 edilul.<\/p>\n\n\n\n<blockquote class=\"wp-block-quote is-layout-flow wp-block-quote-is-layout-flow\">\n<p>O idee este s\u0103 reorganiz\u0103m o autobaz\u0103 \u0219i \u00een acest fel, s\u0103 eficientiz\u0103m retragerile, adic\u0103 s\u0103 pl\u0103tim mai pu\u021bin pe autobuzele care se retrag c\u0103tre autobaz\u0103, pentru c\u0103 sunt mai aproape.<\/p>\n<\/blockquote>\n\n\n\n<p><strong>CITE\u0218TE \u0218I: <a href=\"https:\/\/buletin.de\/bucuresti\/subventia-lui-pandele-de-la-gabriela-firea-autobuzele-second-hand-ale-voluntariului-primesc-100-000-de-euro-pe-luna-ca-sa-ajunga-la-capetele-de-linie\/\">\u201eSubven\u021bia\u201d lui Pandele de la Gabriela Firea: autobuzele second-hand ale Voluntariului primesc 100.000 de euro pe lun\u0103 ca s\u0103 ajung\u0103 la capetele de linie<\/a><\/strong><\/p>\n\n\n\n<p>A doua op\u021biune este construirea unui \u201espital modular adev\u0103rat\u201d unde ar urma s\u0103 fie mutat\u0103 activitatea altor unit\u0103\u021bi medicale din Capital\u0103, odat\u0103 cu \u00eenceperea lucr\u0103rilor de consolidare.<\/p>\n\n\n\n<blockquote class=\"wp-block-quote is-layout-flow wp-block-quote-is-layout-flow\">\n<p>Administra\u021bia Spitalelor vrea s\u0103 consolideze mai multe spitale pe care le avem. Pentru a consolida, trebuie s\u0103 mu\u021bi activitatea care se desf\u0103\u0219oar\u0103 acolo, iar ideea lor este de a construi un spital modular adev\u0103rat care s\u0103 fie tampon pentru spitalele pe care noi le consolid\u0103m.<\/p>\n<\/blockquote>\n\n\n\n<h2 class=\"wp-block-heading\" id=\"h-spitalul-modular-pipera-loc-de-dormit-pentru-muncitori\">Spitalul Modular Pipera, loc de dormit pentru muncitori<\/h2>\n\n\n\n<p>Spitalul Modular Pipera s-a n\u0103scut din planurile Gabrielei Firea de a construi un spital metropolitan. Proiectul-mamut, de care ar fi trebuit s\u0103 beneficieze \u201epeste 300.000 de pacien\u021bi anual\u201d, a r\u0103mas la stadiul de machet\u0103.<\/p>\n\n\n\n<figure class=\"wp-block-image size-large\"><img fetchpriority=\"high\" decoding=\"async\" width=\"900\" height=\"599\" src=\"data:image\/gif;base64,R0lGODlhAQABAAAAACH5BAEKAAEALAAAAAABAAEAAAICTAEAOw==\" data-src=\"https:\/\/buletin.de\/bucuresti\/wp-content\/uploads\/441528820_1043734787122318_1257327038792118519_n-900x599.jpg\" alt=\"\" class=\"wp-image-100814 lazyload\" data-sizes=\"auto\" data-srcset=\"https:\/\/buletin.de\/bucuresti\/wp-content\/uploads\/441528820_1043734787122318_1257327038792118519_n-900x599.jpg 900w, https:\/\/buletin.de\/bucuresti\/wp-content\/uploads\/441528820_1043734787122318_1257327038792118519_n-300x200.jpg 300w, https:\/\/buletin.de\/bucuresti\/wp-content\/uploads\/441528820_1043734787122318_1257327038792118519_n-768x511.jpg 768w, https:\/\/buletin.de\/bucuresti\/wp-content\/uploads\/441528820_1043734787122318_1257327038792118519_n-1100x732.jpg 1100w, https:\/\/buletin.de\/bucuresti\/wp-content\/uploads\/441528820_1043734787122318_1257327038792118519_n-600x399.jpg 600w, https:\/\/buletin.de\/bucuresti\/wp-content\/uploads\/441528820_1043734787122318_1257327038792118519_n-20x13.jpg 20w, https:\/\/buletin.de\/bucuresti\/wp-content\/uploads\/441528820_1043734787122318_1257327038792118519_n.jpg 1440w\" sizes=\"(max-width: 900px) 100vw, 900px\" \/><figcaption class=\"wp-element-caption\">Macheta Spitalului Metropolitan. Foto: Gabriela Firea\/ FB<br><\/figcaption><\/figure>\n\n\n\n<p>De\u0219i Prim\u0103ria Capitalei nu avea banii necesari pentru construirea spitalului \u0219i a construc\u021biilor adiacente, un miliard de euro conform studiului de fezabilitate, un \u0219antier s-a deschis \u00een iulie 2020, cu pu\u021bin timp \u00eenainte de alegerile locale din acel an. <a href=\"https:\/\/buletin.de\/bucuresti\/cum-a-ajuns-primaria-bucuresti-cu-conturile-blocate\/\">O lun\u0103 mai t\u00e2rziu, prim\u0103ria anun\u021b\u0103 c\u0103 are conturile blocate.<\/a><\/p>\n\n\n\n<iframe src=\"https:\/\/www.facebook.com\/plugins\/video.php?height=314&#038;href=https%3A%2F%2Fwww.facebook.com%2Fgabifirea%2Fvideos%2F304151960776978%2F&#038;show_text=false&#038;width=560&#038;t=0\" width=\"560\" height=\"314\" style=\"border:none;overflow:hidden\" scrolling=\"no\" frameborder=\"0\" allowfullscreen=\"true\" allow=\"autoplay; clipboard-write; encrypted-media; picture-in-picture; web-share\" allowFullScreen=\"true\"><\/iframe>\n\n\n\n<p>Organizarea de \u0219antier, adic\u0103 amenajarea containerelor, s-a f\u0103cut f\u0103r\u0103 contract. Ini\u021bial, acolo ar fi trebuit s\u0103 se ad\u0103posteasc\u0103 muncitorii care ar fi trebuit s\u0103 construiasc\u0103 spitalul metropolitan, sus\u021bine Nicu\u0219or Dan. Ulterior, containerele au fost transformate \u00een spital modular.<\/p>\n\n\n\n<blockquote class=\"wp-block-quote is-layout-flow wp-block-quote-is-layout-flow\">\n<p>Conturile prim\u0103riei erau blocate, deci nu se puteau pl\u0103ti investi\u021bii. \u0218i atunci s-a f\u0103cut o \u00een\u021belegere verbal\u0103 \u00eentre Prim\u0103ria Capitalei \u0219i Compania de Consolid\u0103ri pentru a face acea organizare de \u0219antier, \u00een vederea viitorului \u0219antier al spitalului municipal. \u0218i Compania de Consolid\u0103ri a investit 16 milioane lei, spune ea, \u00een construc\u021bia acelor module care urmau s\u0103 ad\u0103posteasc\u0103 muncitorii care urmau s\u0103 lucreze la \u0219antier.<\/p>\n<\/blockquote>\n\n\n\n<p>\u015ei Spitalul Modular Pipera a fost deschis cu c\u00e2ntec. \u00cen 8 mai 2020, Firea anun\u0163a inaugurarea spitalului, ca sec\u0163ie extern\u0103 a Victor Babe\u015f,&nbsp;<a href=\"https:\/\/buletin.de\/bucuresti\/foto-cealalta-fatada-a-spitalului-modular-covid-19-inaugurat-azi-de-gabriela-firea-cu-usi-si-geamuri-lipsa\/\">de\u0219i lucr\u0103rile nu erau gata, iar muncitorii \u00eenc\u0103 mi\u0219unau pe \u0219antier.<\/a>  Spitalul a fost deschis, de fapt, abia pe 8 august 2020, dup\u0103 ce a primit toate avizele.<\/p>\n\n\n\n<figure class=\"wp-block-gallery has-nested-images columns-default is-cropped wp-block-gallery-1 is-layout-flex wp-block-gallery-is-layout-flex\">\n<figure class=\"wp-block-image size-large\"><img decoding=\"async\" width=\"768\" height=\"432\" data-id=\"100828\" src=\"data:image\/gif;base64,R0lGODlhAQABAAAAACH5BAEKAAEALAAAAAABAAEAAAICTAEAOw==\" data-src=\"https:\/\/buletin.de\/bucuresti\/wp-content\/uploads\/96215246_3347334695357255_5962871086092648448_n-768x432-1.jpg\" alt=\"Spitalul Modular Pipera, dup\u0103 inaugurare. Foto: C\u0103t\u0103lin Dosca\u0219\" class=\"wp-image-100828 lazyload\" data-sizes=\"auto\" data-srcset=\"https:\/\/buletin.de\/bucuresti\/wp-content\/uploads\/96215246_3347334695357255_5962871086092648448_n-768x432-1.jpg 768w, https:\/\/buletin.de\/bucuresti\/wp-content\/uploads\/96215246_3347334695357255_5962871086092648448_n-768x432-1-300x169.jpg 300w, https:\/\/buletin.de\/bucuresti\/wp-content\/uploads\/96215246_3347334695357255_5962871086092648448_n-768x432-1-600x338.jpg 600w, https:\/\/buletin.de\/bucuresti\/wp-content\/uploads\/96215246_3347334695357255_5962871086092648448_n-768x432-1-20x11.jpg 20w\" sizes=\"(max-width: 768px) 100vw, 768px\" \/><\/figure>\n\n\n\n<figure class=\"wp-block-image size-large\"><img decoding=\"async\" width=\"900\" height=\"506\" data-id=\"100829\" src=\"data:image\/gif;base64,R0lGODlhAQABAAAAACH5BAEKAAEALAAAAAABAAEAAAICTAEAOw==\" data-src=\"https:\/\/buletin.de\/bucuresti\/wp-content\/uploads\/96011837_619370308776465_1838461592866390016_n-1-900x506.jpg\" alt=\"Spitalul Modular Pipera, dup\u0103 inaugurare. Foto: C\u0103t\u0103lin Dosca\u0219\" class=\"wp-image-100829 lazyload\" data-sizes=\"auto\" data-srcset=\"https:\/\/buletin.de\/bucuresti\/wp-content\/uploads\/96011837_619370308776465_1838461592866390016_n-1-900x506.jpg 900w, https:\/\/buletin.de\/bucuresti\/wp-content\/uploads\/96011837_619370308776465_1838461592866390016_n-1-300x169.jpg 300w, https:\/\/buletin.de\/bucuresti\/wp-content\/uploads\/96011837_619370308776465_1838461592866390016_n-1-768x432.jpg 768w, https:\/\/buletin.de\/bucuresti\/wp-content\/uploads\/96011837_619370308776465_1838461592866390016_n-1-1536x864.jpg 1536w, https:\/\/buletin.de\/bucuresti\/wp-content\/uploads\/96011837_619370308776465_1838461592866390016_n-1-1600x900.jpg 1600w, https:\/\/buletin.de\/bucuresti\/wp-content\/uploads\/96011837_619370308776465_1838461592866390016_n-1-1100x619.jpg 1100w, https:\/\/buletin.de\/bucuresti\/wp-content\/uploads\/96011837_619370308776465_1838461592866390016_n-1-600x338.jpg 600w, https:\/\/buletin.de\/bucuresti\/wp-content\/uploads\/96011837_619370308776465_1838461592866390016_n-1-20x11.jpg 20w, https:\/\/buletin.de\/bucuresti\/wp-content\/uploads\/96011837_619370308776465_1838461592866390016_n-1.jpg 2048w\" sizes=\"(max-width: 900px) 100vw, 900px\" \/><\/figure>\n<figcaption class=\"blocks-gallery-caption wp-element-caption\">Spitalul Modular Pipera, dup\u0103 inaugurare. Foto: C\u0103t\u0103lin Dosca\u0219<\/figcaption><\/figure>\n\n\n\n<p>Din moment ce construc\u021bia a fost realizat\u0103 pe baza unei \u00een\u021belegeri verbale, PMB nu a pl\u0103tit lucr\u0103rile, motiv pentru care containerele apar\u021bin Companiei de Consolid\u0103ri, intrat\u0103 \u00een proces de lichidare. <\/p>\n\n\n\n<p>Companie gestionat\u0103 de lichidator solicit\u0103 prim\u0103riei s\u0103 pl\u0103teasc\u0103 cele 16 milioane lei investite pentru amenajarea containerelor, sus\u021bine Nicu\u0219or Dan.<\/p>\n\n\n\n<blockquote class=\"wp-block-quote is-layout-flow wp-block-quote-is-layout-flow\">\n<p>Acum, compania este \u00een lichidare. Judec\u0103torul a numit un lichidator \u015fi acele containere apar\u0163in companiei care este gestionat\u0103 de lichidator \u015fi ei ne cer nou\u0103 &#8211; la Curtea de Arbitraj, nu la instan\u0163a civil\u0103 &#8211; s\u0103 le d\u0103m banii pe care i-au investit. (&#8230;) Contractul pe care PMB l-a f\u0103cut cu Compania de Consolid\u0103ri a spus c\u0103 orice litigiu nu se rezolv\u0103 \u00een instan\u0163ele civile, ci la Curtea de Arbitraj.&nbsp;<\/p>\n<\/blockquote>\n\n\n\n<p><a href=\"https:\/\/buletin.de\/bucuresti\/raport-assmb-in-spitalul-modular-pipera-targile-nu-trec-de-usi-nu-exista-sistem-centralizat-de-incalzire-si-nici-statie-de-oxigen\/\">Buletin de Bucure\u0219ti a scris <\/a>\u00eenc\u0103 din 2021 c\u0103 unitatea modular\u0103 Pipera, cu greu poate fi numit\u0103 spital.<\/p>\n\n\n\n<p><\/p>\n","protected":false},"excerpt":{"rendered":"<p>Spitalul Modular Pipera, construit \u00een administra\u021bia Gabrielei Firea, a r\u0103mas abandonat dup\u0103 ce a func\u021bionat, pentru scurt timp, \u00een timpul pandemiei COVID-19. Impropriu-spus spital, sus\u021bine actualul primar, care explic\u0103 cum \u00een\u0219iruirea de containere ar fi trebuit s\u0103 fie doar organizarea de \u0219antier pentru construc\u021bia Spitalului Metropolitan. \u00cen prezent, exist\u0103 dou\u0103 scenarii pentru ce se va [&hellip;]<\/p>\n","protected":false},"author":55,"featured_media":100830,"comment_status":"closed","ping_status":"open","sticky":false,"template":"","format":"standard","meta":{"_acf_changed":false,"inline_featured_image":false,"ngg_post_thumbnail":0,"footnotes":""},"categories":[6994,5762,24],"tags":[474,5899,15690,744,36,223,1019,10383,1399,15689,1866],"ppma_author":[22573],"class_list":["post-100769","post","type-post","status-publish","format-standard","has-post-thumbnail","hentry","category-stiri-2","category-main","category-primarie","tag-assmb","tag-autobaza","tag-conturi-blocate-pmb","tag-covid-19-2","tag-gabriela-firea","tag-nicusor-dan","tag-pipera","tag-spital-metropolitan","tag-spital-modular","tag-spital-pipera","tag-spitale-bucuresti"],"acf":[],"yoast_head":"<!-- This site is optimized with the Yoast SEO Premium plugin v25.3 (Yoast SEO v27.4) - https:\/\/yoast.com\/product\/yoast-seo-premium-wordpress\/ -->\n<title>Ce se va \u00eent\u00e2mpla cu Spitalul Modular Pipera, abandonat dup\u0103 pandemie. \u201eExist\u0103 dou\u0103 scenarii\u201d - Buletin de Bucure\u0219ti<\/title>\n<meta name=\"description\" content=\"Spitalul Modular Pipera, construit \u00een administra\u021bia Gabrielei Firea, a r\u0103mas abandonat dup\u0103 ce a func\u021bionat \u00een timpul pandemiei COVID-19.\" \/>\n<meta name=\"robots\" content=\"index, follow, max-snippet:-1, max-image-preview:large, max-video-preview:-1\" \/>\n<link rel=\"canonical\" href=\"https:\/\/buletin.de\/bucuresti\/ce-se-va-intampla-cu-spitalul-modular-pipera-abandonat-dupa-pandemie-exista-doua-scenarii\/\" \/>\n<meta property=\"og:locale\" content=\"en_GB\" \/>\n<meta property=\"og:type\" content=\"article\" \/>\n<meta property=\"og:title\" content=\"Ce se va \u00eent\u00e2mpla cu Spitalul Modular Pipera, abandonat dup\u0103 pandemie. \u201eExist\u0103 dou\u0103 scenarii\u201d\" \/>\n<meta property=\"og:description\" content=\"Spitalul Modular Pipera, construit \u00een administra\u021bia Gabrielei Firea, a r\u0103mas abandonat dup\u0103 ce a func\u021bionat \u00een timpul pandemiei COVID-19.\" \/>\n<meta property=\"og:url\" content=\"https:\/\/buletin.de\/bucuresti\/ce-se-va-intampla-cu-spitalul-modular-pipera-abandonat-dupa-pandemie-exista-doua-scenarii\/\" \/>\n<meta property=\"og:site_name\" content=\"Buletin de Bucure\u0219ti\" \/>\n<meta property=\"article:publisher\" content=\"https:\/\/www.facebook.com\/buletin.de.buc\" \/>\n<meta property=\"article:published_time\" content=\"2024-10-05T05:08:34+00:00\" \/>\n<meta property=\"article:modified_time\" content=\"2024-10-05T10:41:23+00:00\" \/>\n<meta property=\"og:image\" content=\"https:\/\/buletin.de\/bucuresti\/wp-content\/uploads\/cover-2-1-1.jpg\" \/>\n\t<meta property=\"og:image:width\" content=\"2000\" \/>\n\t<meta property=\"og:image:height\" content=\"1125\" \/>\n\t<meta property=\"og:image:type\" content=\"image\/jpeg\" \/>\n<meta name=\"author\" content=\"Andreea Tudor\" \/>\n<meta name=\"twitter:card\" content=\"summary_large_image\" \/>\n<meta name=\"twitter:label1\" content=\"Written by\" \/>\n\t<meta name=\"twitter:data1\" content=\"Andreea Tudor\" \/>\n\t<meta name=\"twitter:label2\" content=\"Estimated reading time\" \/>\n\t<meta name=\"twitter:data2\" content=\"3 minutes\" \/>\n<script type=\"application\/ld+json\" class=\"yoast-schema-graph\">{\"@context\":\"https:\\\/\\\/schema.org\",\"@graph\":[{\"@type\":\"Article\",\"@id\":\"https:\\\/\\\/buletin.de\\\/bucuresti\\\/ce-se-va-intampla-cu-spitalul-modular-pipera-abandonat-dupa-pandemie-exista-doua-scenarii\\\/#article\",\"isPartOf\":{\"@id\":\"https:\\\/\\\/buletin.de\\\/bucuresti\\\/ce-se-va-intampla-cu-spitalul-modular-pipera-abandonat-dupa-pandemie-exista-doua-scenarii\\\/\"},\"author\":{\"name\":\"Andreea Tudor\",\"@id\":\"https:\\\/\\\/buletin.de\\\/bucuresti\\\/#\\\/schema\\\/person\\\/150590659efde715459d159da012f501\"},\"headline\":\"Ce se va \u00eent\u00e2mpla cu Spitalul Modular Pipera, abandonat dup\u0103 pandemie. \u201eExist\u0103 dou\u0103 scenarii\u201d\",\"datePublished\":\"2024-10-05T05:08:34+00:00\",\"dateModified\":\"2024-10-05T10:41:23+00:00\",\"mainEntityOfPage\":{\"@id\":\"https:\\\/\\\/buletin.de\\\/bucuresti\\\/ce-se-va-intampla-cu-spitalul-modular-pipera-abandonat-dupa-pandemie-exista-doua-scenarii\\\/\"},\"wordCount\":794,\"publisher\":{\"@id\":\"https:\\\/\\\/buletin.de\\\/bucuresti\\\/#organization\"},\"image\":{\"@id\":\"https:\\\/\\\/buletin.de\\\/bucuresti\\\/ce-se-va-intampla-cu-spitalul-modular-pipera-abandonat-dupa-pandemie-exista-doua-scenarii\\\/#primaryimage\"},\"thumbnailUrl\":\"https:\\\/\\\/buletin.de\\\/bucuresti\\\/wp-content\\\/uploads\\\/cover-2-1-1.jpg\",\"keywords\":[\"assmb\",\"autobaza\",\"conturi blocate pmb\",\"covid 19\",\"gabriela firea\",\"nicusor dan\",\"pipera\",\"spital metropolitan\",\"spital modular\",\"spital pipera\",\"spitale bucuresti\"],\"articleSection\":[\"Articole\",\"Main\",\"Prim\u0103rie\"],\"inLanguage\":\"en-GB\",\"copyrightYear\":\"2024\",\"copyrightHolder\":{\"@id\":\"https:\\\/\\\/buletin.de\\\/bucuresti\\\/#organization\"}},{\"@type\":\"WebPage\",\"@id\":\"https:\\\/\\\/buletin.de\\\/bucuresti\\\/ce-se-va-intampla-cu-spitalul-modular-pipera-abandonat-dupa-pandemie-exista-doua-scenarii\\\/\",\"url\":\"https:\\\/\\\/buletin.de\\\/bucuresti\\\/ce-se-va-intampla-cu-spitalul-modular-pipera-abandonat-dupa-pandemie-exista-doua-scenarii\\\/\",\"name\":\"Ce se va \u00eent\u00e2mpla cu Spitalul Modular Pipera, abandonat dup\u0103 pandemie. \u201eExist\u0103 dou\u0103 scenarii\u201d - Buletin de Bucure\u0219ti\",\"isPartOf\":{\"@id\":\"https:\\\/\\\/buletin.de\\\/bucuresti\\\/#website\"},\"primaryImageOfPage\":{\"@id\":\"https:\\\/\\\/buletin.de\\\/bucuresti\\\/ce-se-va-intampla-cu-spitalul-modular-pipera-abandonat-dupa-pandemie-exista-doua-scenarii\\\/#primaryimage\"},\"image\":{\"@id\":\"https:\\\/\\\/buletin.de\\\/bucuresti\\\/ce-se-va-intampla-cu-spitalul-modular-pipera-abandonat-dupa-pandemie-exista-doua-scenarii\\\/#primaryimage\"},\"thumbnailUrl\":\"https:\\\/\\\/buletin.de\\\/bucuresti\\\/wp-content\\\/uploads\\\/cover-2-1-1.jpg\",\"datePublished\":\"2024-10-05T05:08:34+00:00\",\"dateModified\":\"2024-10-05T10:41:23+00:00\",\"description\":\"Spitalul Modular Pipera, construit \u00een administra\u021bia Gabrielei Firea, a r\u0103mas abandonat dup\u0103 ce a func\u021bionat \u00een timpul pandemiei COVID-19.\",\"breadcrumb\":{\"@id\":\"https:\\\/\\\/buletin.de\\\/bucuresti\\\/ce-se-va-intampla-cu-spitalul-modular-pipera-abandonat-dupa-pandemie-exista-doua-scenarii\\\/#breadcrumb\"},\"inLanguage\":\"en-GB\",\"potentialAction\":[{\"@type\":\"ReadAction\",\"target\":[\"https:\\\/\\\/buletin.de\\\/bucuresti\\\/ce-se-va-intampla-cu-spitalul-modular-pipera-abandonat-dupa-pandemie-exista-doua-scenarii\\\/\"]}]},{\"@type\":\"ImageObject\",\"inLanguage\":\"en-GB\",\"@id\":\"https:\\\/\\\/buletin.de\\\/bucuresti\\\/ce-se-va-intampla-cu-spitalul-modular-pipera-abandonat-dupa-pandemie-exista-doua-scenarii\\\/#primaryimage\",\"url\":\"https:\\\/\\\/buletin.de\\\/bucuresti\\\/wp-content\\\/uploads\\\/cover-2-1-1.jpg\",\"contentUrl\":\"https:\\\/\\\/buletin.de\\\/bucuresti\\\/wp-content\\\/uploads\\\/cover-2-1-1.jpg\",\"width\":2000,\"height\":1125,\"caption\":\"Spitalul Modular Pipera. Foto: Arhiva\"},{\"@type\":\"BreadcrumbList\",\"@id\":\"https:\\\/\\\/buletin.de\\\/bucuresti\\\/ce-se-va-intampla-cu-spitalul-modular-pipera-abandonat-dupa-pandemie-exista-doua-scenarii\\\/#breadcrumb\",\"itemListElement\":[{\"@type\":\"ListItem\",\"position\":1,\"name\":\"Acas\u0103\",\"item\":\"https:\\\/\\\/buletin.de\\\/bucuresti\\\/\"},{\"@type\":\"ListItem\",\"position\":2,\"name\":\"Ce se va \u00eent\u00e2mpla cu Spitalul Modular Pipera, abandonat dup\u0103 pandemie. \u201eExist\u0103 dou\u0103 scenarii\u201d\"}]},{\"@type\":\"WebSite\",\"@id\":\"https:\\\/\\\/buletin.de\\\/bucuresti\\\/#website\",\"url\":\"https:\\\/\\\/buletin.de\\\/bucuresti\\\/\",\"name\":\"Buletin de Bucure\u0219ti\",\"description\":\"\u0218tiri \u0219i investiga\u021bii esen\u021biale din capital\u0103\",\"publisher\":{\"@id\":\"https:\\\/\\\/buletin.de\\\/bucuresti\\\/#organization\"},\"potentialAction\":[{\"@type\":\"SearchAction\",\"target\":{\"@type\":\"EntryPoint\",\"urlTemplate\":\"https:\\\/\\\/buletin.de\\\/bucuresti\\\/?s={search_term_string}\"},\"query-input\":{\"@type\":\"PropertyValueSpecification\",\"valueRequired\":true,\"valueName\":\"search_term_string\"}}],\"inLanguage\":\"en-GB\"},{\"@type\":\"Organization\",\"@id\":\"https:\\\/\\\/buletin.de\\\/bucuresti\\\/#organization\",\"name\":\"Buletin de Bucure\u0219ti\",\"url\":\"https:\\\/\\\/buletin.de\\\/bucuresti\\\/\",\"logo\":{\"@type\":\"ImageObject\",\"inLanguage\":\"en-GB\",\"@id\":\"https:\\\/\\\/buletin.de\\\/bucuresti\\\/#\\\/schema\\\/logo\\\/image\\\/\",\"url\":\"https:\\\/\\\/buletin.de\\\/bucuresti\\\/wp-content\\\/uploads\\\/logo-bdb-full-wide-vernil-transparent.png\",\"contentUrl\":\"https:\\\/\\\/buletin.de\\\/bucuresti\\\/wp-content\\\/uploads\\\/logo-bdb-full-wide-vernil-transparent.png\",\"width\":1782,\"height\":626,\"caption\":\"Buletin de Bucure\u0219ti\"},\"image\":{\"@id\":\"https:\\\/\\\/buletin.de\\\/bucuresti\\\/#\\\/schema\\\/logo\\\/image\\\/\"},\"sameAs\":[\"https:\\\/\\\/www.facebook.com\\\/buletin.de.buc\",\"https:\\\/\\\/www.instagram.com\\\/buletinde.bucuresti\\\/\"]},{\"@type\":\"Person\",\"@id\":\"https:\\\/\\\/buletin.de\\\/bucuresti\\\/#\\\/schema\\\/person\\\/150590659efde715459d159da012f501\",\"name\":\"Andreea Tudor\",\"image\":{\"@type\":\"ImageObject\",\"inLanguage\":\"en-GB\",\"@id\":\"https:\\\/\\\/secure.gravatar.com\\\/avatar\\\/a88705a186ab0b67f3349bcbced506c09e37256fbaad0e7f3bd1a79b4599f589?s=96&d=monsterid&r=g79290610aa1a65c2b86eebc2ca5aee8f\",\"url\":\"https:\\\/\\\/secure.gravatar.com\\\/avatar\\\/a88705a186ab0b67f3349bcbced506c09e37256fbaad0e7f3bd1a79b4599f589?s=96&d=monsterid&r=g\",\"contentUrl\":\"https:\\\/\\\/secure.gravatar.com\\\/avatar\\\/a88705a186ab0b67f3349bcbced506c09e37256fbaad0e7f3bd1a79b4599f589?s=96&d=monsterid&r=g\",\"caption\":\"Andreea Tudor\"},\"description\":\"N\u0103scut\u0103 \u0219i crescut\u0103 \u00een Bucure\u0219ti, sus\u021bin\u0103toare a presei independente. A\u0219a am ajuns redactor la Buletin de Bucure\u0219ti. Fiind eu, \u00eens\u0103mi, parte a sistemului de \u00eenv\u0103\u021b\u0103m\u00e2nt rom\u00e2nesc \u0219i pasionat\u0103 de domeniul social, pun sub lup\u0103 tot ceea ce se \u00eent\u00e2mpl\u0103 \u00een sfera educa\u021biei. Cred cu t\u0103rie c\u0103 presa \u201epentru cet\u0103\u021beni\u201d este presa independent\u0103. Oamenii au nevoie de o informare corect\u0103 pentru a \u00een\u021belege pe deplin ce se \u00eent\u00e2mpl\u0103 \u00een jurul lor \u0219i pentru a lua ac\u021biune \u00eempotriva nedrept\u0103\u021bilor.\",\"url\":\"https:\\\/\\\/buletin.de\\\/bucuresti\\\/author\\\/andreeatudor\\\/\"}]}<\/script>\n<!-- \/ Yoast SEO Premium plugin. -->","yoast_head_json":{"title":"Ce se va \u00eent\u00e2mpla cu Spitalul Modular Pipera, abandonat dup\u0103 pandemie. \u201eExist\u0103 dou\u0103 scenarii\u201d - Buletin de Bucure\u0219ti","description":"Spitalul Modular Pipera, construit \u00een administra\u021bia Gabrielei Firea, a r\u0103mas abandonat dup\u0103 ce a func\u021bionat \u00een timpul pandemiei COVID-19.","robots":{"index":"index","follow":"follow","max-snippet":"max-snippet:-1","max-image-preview":"max-image-preview:large","max-video-preview":"max-video-preview:-1"},"canonical":"https:\/\/buletin.de\/bucuresti\/ce-se-va-intampla-cu-spitalul-modular-pipera-abandonat-dupa-pandemie-exista-doua-scenarii\/","og_locale":"en_GB","og_type":"article","og_title":"Ce se va \u00eent\u00e2mpla cu Spitalul Modular Pipera, abandonat dup\u0103 pandemie. \u201eExist\u0103 dou\u0103 scenarii\u201d","og_description":"Spitalul Modular Pipera, construit \u00een administra\u021bia Gabrielei Firea, a r\u0103mas abandonat dup\u0103 ce a func\u021bionat \u00een timpul pandemiei COVID-19.","og_url":"https:\/\/buletin.de\/bucuresti\/ce-se-va-intampla-cu-spitalul-modular-pipera-abandonat-dupa-pandemie-exista-doua-scenarii\/","og_site_name":"Buletin de Bucure\u0219ti","article_publisher":"https:\/\/www.facebook.com\/buletin.de.buc","article_published_time":"2024-10-05T05:08:34+00:00","article_modified_time":"2024-10-05T10:41:23+00:00","og_image":[{"width":2000,"height":1125,"url":"https:\/\/buletin.de\/bucuresti\/wp-content\/uploads\/cover-2-1-1.jpg","type":"image\/jpeg"}],"author":"Andreea Tudor","twitter_card":"summary_large_image","twitter_misc":{"Written by":"Andreea Tudor","Estimated reading time":"3 minutes"},"schema":{"@context":"https:\/\/schema.org","@graph":[{"@type":"Article","@id":"https:\/\/buletin.de\/bucuresti\/ce-se-va-intampla-cu-spitalul-modular-pipera-abandonat-dupa-pandemie-exista-doua-scenarii\/#article","isPartOf":{"@id":"https:\/\/buletin.de\/bucuresti\/ce-se-va-intampla-cu-spitalul-modular-pipera-abandonat-dupa-pandemie-exista-doua-scenarii\/"},"author":{"name":"Andreea Tudor","@id":"https:\/\/buletin.de\/bucuresti\/#\/schema\/person\/150590659efde715459d159da012f501"},"headline":"Ce se va \u00eent\u00e2mpla cu Spitalul Modular Pipera, abandonat dup\u0103 pandemie. \u201eExist\u0103 dou\u0103 scenarii\u201d","datePublished":"2024-10-05T05:08:34+00:00","dateModified":"2024-10-05T10:41:23+00:00","mainEntityOfPage":{"@id":"https:\/\/buletin.de\/bucuresti\/ce-se-va-intampla-cu-spitalul-modular-pipera-abandonat-dupa-pandemie-exista-doua-scenarii\/"},"wordCount":794,"publisher":{"@id":"https:\/\/buletin.de\/bucuresti\/#organization"},"image":{"@id":"https:\/\/buletin.de\/bucuresti\/ce-se-va-intampla-cu-spitalul-modular-pipera-abandonat-dupa-pandemie-exista-doua-scenarii\/#primaryimage"},"thumbnailUrl":"https:\/\/buletin.de\/bucuresti\/wp-content\/uploads\/cover-2-1-1.jpg","keywords":["assmb","autobaza","conturi blocate pmb","covid 19","gabriela firea","nicusor dan","pipera","spital metropolitan","spital modular","spital pipera","spitale bucuresti"],"articleSection":["Articole","Main","Prim\u0103rie"],"inLanguage":"en-GB","copyrightYear":"2024","copyrightHolder":{"@id":"https:\/\/buletin.de\/bucuresti\/#organization"}},{"@type":"WebPage","@id":"https:\/\/buletin.de\/bucuresti\/ce-se-va-intampla-cu-spitalul-modular-pipera-abandonat-dupa-pandemie-exista-doua-scenarii\/","url":"https:\/\/buletin.de\/bucuresti\/ce-se-va-intampla-cu-spitalul-modular-pipera-abandonat-dupa-pandemie-exista-doua-scenarii\/","name":"Ce se va \u00eent\u00e2mpla cu Spitalul Modular Pipera, abandonat dup\u0103 pandemie. \u201eExist\u0103 dou\u0103 scenarii\u201d - Buletin de Bucure\u0219ti","isPartOf":{"@id":"https:\/\/buletin.de\/bucuresti\/#website"},"primaryImageOfPage":{"@id":"https:\/\/buletin.de\/bucuresti\/ce-se-va-intampla-cu-spitalul-modular-pipera-abandonat-dupa-pandemie-exista-doua-scenarii\/#primaryimage"},"image":{"@id":"https:\/\/buletin.de\/bucuresti\/ce-se-va-intampla-cu-spitalul-modular-pipera-abandonat-dupa-pandemie-exista-doua-scenarii\/#primaryimage"},"thumbnailUrl":"https:\/\/buletin.de\/bucuresti\/wp-content\/uploads\/cover-2-1-1.jpg","datePublished":"2024-10-05T05:08:34+00:00","dateModified":"2024-10-05T10:41:23+00:00","description":"Spitalul Modular Pipera, construit \u00een administra\u021bia Gabrielei Firea, a r\u0103mas abandonat dup\u0103 ce a func\u021bionat \u00een timpul pandemiei COVID-19.","breadcrumb":{"@id":"https:\/\/buletin.de\/bucuresti\/ce-se-va-intampla-cu-spitalul-modular-pipera-abandonat-dupa-pandemie-exista-doua-scenarii\/#breadcrumb"},"inLanguage":"en-GB","potentialAction":[{"@type":"ReadAction","target":["https:\/\/buletin.de\/bucuresti\/ce-se-va-intampla-cu-spitalul-modular-pipera-abandonat-dupa-pandemie-exista-doua-scenarii\/"]}]},{"@type":"ImageObject","inLanguage":"en-GB","@id":"https:\/\/buletin.de\/bucuresti\/ce-se-va-intampla-cu-spitalul-modular-pipera-abandonat-dupa-pandemie-exista-doua-scenarii\/#primaryimage","url":"https:\/\/buletin.de\/bucuresti\/wp-content\/uploads\/cover-2-1-1.jpg","contentUrl":"https:\/\/buletin.de\/bucuresti\/wp-content\/uploads\/cover-2-1-1.jpg","width":2000,"height":1125,"caption":"Spitalul Modular Pipera. Foto: Arhiva"},{"@type":"BreadcrumbList","@id":"https:\/\/buletin.de\/bucuresti\/ce-se-va-intampla-cu-spitalul-modular-pipera-abandonat-dupa-pandemie-exista-doua-scenarii\/#breadcrumb","itemListElement":[{"@type":"ListItem","position":1,"name":"Acas\u0103","item":"https:\/\/buletin.de\/bucuresti\/"},{"@type":"ListItem","position":2,"name":"Ce se va \u00eent\u00e2mpla cu Spitalul Modular Pipera, abandonat dup\u0103 pandemie. \u201eExist\u0103 dou\u0103 scenarii\u201d"}]},{"@type":"WebSite","@id":"https:\/\/buletin.de\/bucuresti\/#website","url":"https:\/\/buletin.de\/bucuresti\/","name":"Buletin de Bucure\u0219ti","description":"\u0218tiri \u0219i investiga\u021bii esen\u021biale din capital\u0103","publisher":{"@id":"https:\/\/buletin.de\/bucuresti\/#organization"},"potentialAction":[{"@type":"SearchAction","target":{"@type":"EntryPoint","urlTemplate":"https:\/\/buletin.de\/bucuresti\/?s={search_term_string}"},"query-input":{"@type":"PropertyValueSpecification","valueRequired":true,"valueName":"search_term_string"}}],"inLanguage":"en-GB"},{"@type":"Organization","@id":"https:\/\/buletin.de\/bucuresti\/#organization","name":"Buletin de Bucure\u0219ti","url":"https:\/\/buletin.de\/bucuresti\/","logo":{"@type":"ImageObject","inLanguage":"en-GB","@id":"https:\/\/buletin.de\/bucuresti\/#\/schema\/logo\/image\/","url":"https:\/\/buletin.de\/bucuresti\/wp-content\/uploads\/logo-bdb-full-wide-vernil-transparent.png","contentUrl":"https:\/\/buletin.de\/bucuresti\/wp-content\/uploads\/logo-bdb-full-wide-vernil-transparent.png","width":1782,"height":626,"caption":"Buletin de Bucure\u0219ti"},"image":{"@id":"https:\/\/buletin.de\/bucuresti\/#\/schema\/logo\/image\/"},"sameAs":["https:\/\/www.facebook.com\/buletin.de.buc","https:\/\/www.instagram.com\/buletinde.bucuresti\/"]},{"@type":"Person","@id":"https:\/\/buletin.de\/bucuresti\/#\/schema\/person\/150590659efde715459d159da012f501","name":"Andreea Tudor","image":{"@type":"ImageObject","inLanguage":"en-GB","@id":"https:\/\/secure.gravatar.com\/avatar\/a88705a186ab0b67f3349bcbced506c09e37256fbaad0e7f3bd1a79b4599f589?s=96&d=monsterid&r=g79290610aa1a65c2b86eebc2ca5aee8f","url":"https:\/\/secure.gravatar.com\/avatar\/a88705a186ab0b67f3349bcbced506c09e37256fbaad0e7f3bd1a79b4599f589?s=96&d=monsterid&r=g","contentUrl":"https:\/\/secure.gravatar.com\/avatar\/a88705a186ab0b67f3349bcbced506c09e37256fbaad0e7f3bd1a79b4599f589?s=96&d=monsterid&r=g","caption":"Andreea Tudor"},"description":"N\u0103scut\u0103 \u0219i crescut\u0103 \u00een Bucure\u0219ti, sus\u021bin\u0103toare a presei independente. A\u0219a am ajuns redactor la Buletin de Bucure\u0219ti. Fiind eu, \u00eens\u0103mi, parte a sistemului de \u00eenv\u0103\u021b\u0103m\u00e2nt rom\u00e2nesc \u0219i pasionat\u0103 de domeniul social, pun sub lup\u0103 tot ceea ce se \u00eent\u00e2mpl\u0103 \u00een sfera educa\u021biei. Cred cu t\u0103rie c\u0103 presa \u201epentru cet\u0103\u021beni\u201d este presa independent\u0103. Oamenii au nevoie de o informare corect\u0103 pentru a \u00een\u021belege pe deplin ce se \u00eent\u00e2mpl\u0103 \u00een jurul lor \u0219i pentru a lua ac\u021biune \u00eempotriva nedrept\u0103\u021bilor.","url":"https:\/\/buletin.de\/bucuresti\/author\/andreeatudor\/"}]}},"authors":[{"term_id":22573,"user_id":55,"is_guest":0,"slug":"andreeatudor","display_name":"Andreea Tudor","avatar_url":"https:\/\/secure.gravatar.com\/avatar\/a88705a186ab0b67f3349bcbced506c09e37256fbaad0e7f3bd1a79b4599f589?s=96&d=monsterid&r=g","0":null,"1":"","2":"","3":"","4":"","5":"","6":"","7":"","8":""}],"_links":{"self":[{"href":"https:\/\/buletin.de\/bucuresti\/wp-json\/wp\/v2\/posts\/100769","targetHints":{"allow":["GET"]}}],"collection":[{"href":"https:\/\/buletin.de\/bucuresti\/wp-json\/wp\/v2\/posts"}],"about":[{"href":"https:\/\/buletin.de\/bucuresti\/wp-json\/wp\/v2\/types\/post"}],"author":[{"embeddable":true,"href":"https:\/\/buletin.de\/bucuresti\/wp-json\/wp\/v2\/users\/55"}],"replies":[{"embeddable":true,"href":"https:\/\/buletin.de\/bucuresti\/wp-json\/wp\/v2\/comments?post=100769"}],"version-history":[{"count":10,"href":"https:\/\/buletin.de\/bucuresti\/wp-json\/wp\/v2\/posts\/100769\/revisions"}],"predecessor-version":[{"id":100844,"href":"https:\/\/buletin.de\/bucuresti\/wp-json\/wp\/v2\/posts\/100769\/revisions\/100844"}],"wp:featuredmedia":[{"embeddable":true,"href":"https:\/\/buletin.de\/bucuresti\/wp-json\/wp\/v2\/media\/100830"}],"wp:attachment":[{"href":"https:\/\/buletin.de\/bucuresti\/wp-json\/wp\/v2\/media?parent=100769"}],"wp:term":[{"taxonomy":"category","embeddable":true,"href":"https:\/\/buletin.de\/bucuresti\/wp-json\/wp\/v2\/categories?post=100769"},{"taxonomy":"post_tag","embeddable":true,"href":"https:\/\/buletin.de\/bucuresti\/wp-json\/wp\/v2\/tags?post=100769"},{"taxonomy":"author","embeddable":true,"href":"https:\/\/buletin.de\/bucuresti\/wp-json\/wp\/v2\/ppma_author?post=100769"}],"curies":[{"name":"wp","href":"https:\/\/api.w.org\/{rel}","templated":true}]}}