{"id":100661,"date":"2024-10-03T14:54:36","date_gmt":"2024-10-03T11:54:36","guid":{"rendered":"https:\/\/buletin.de\/bucuresti\/?p=100661"},"modified":"2024-10-04T10:02:38","modified_gmt":"2024-10-04T07:02:38","slug":"evenimente-restrictioneaza-traficul-din-capitala","status":"publish","type":"post","link":"https:\/\/buletin.de\/bucuresti\/evenimente-restrictioneaza-traficul-din-capitala\/","title":{"rendered":"Mai multe evenimente restric\u021bioneaz\u0103 traficul din Capital\u0103, \u00een acest weekend"},"content":{"rendered":"\n<p><strong>Circula\u021bia din Bucure\u0219ti se modific\u0103, c\u0103ci mai multe evenimente restric\u021bioneaz\u0103 traficul din Capital\u0103, pe tot parcursul wekendului.<\/strong><\/p>\n\n\n\n<h2 class=\"wp-block-heading\" id=\"h-street-delivery-pe-str-pictor-arthur-verona\"> <strong>\u201eStreet Delivery\u201d,<\/strong> pe <strong>Str. Pictor Arthur Verona<\/strong><\/h2>\n\n\n\n<p>\u00cen perioada <strong>04-06 octombrie a.c., <\/strong>ARCUB &#8211; Centrul Cultural al Municipiului Bucure\u0219ti \u0219i Funda\u021bia C\u0103rture\u0219ti vor organiza evenimentul <strong>\u201c<\/strong><strong>Street <\/strong><strong>Delivery\u201d, <\/strong>ce va consta \u00een expozi\u021bii, mini spectacole, ateliere de crea\u021bii \u0219i teatru pe <strong>Str. Pictor Arthur Verona<\/strong>.<\/p>\n\n\n\n<p>\u00cen perioada <strong>3 octombrie, ora 23:00 \u2013 6 octombrie, ora 23:00, <\/strong>se va restric\u021biona traficul rutier pe <strong>Str. Pictor Arthur Verona<\/strong>, segmentul de drum cuprins \u00eentre Str. Jean Louis Calderon \u0219i Bd. Gheorghe Magheru.<\/p>\n\n\n\n<p>CITE\u0218TE \u0218I: <a href=\"https:\/\/buletin.de\/bucuresti\/street-delivery-revine-pe-strada-verona-in-weekend-programul-evenimentului\/\"><strong>Street Delivery revine pe strada Verona \u00een weekend. Programul evenimentului<\/strong><\/a><\/p>\n\n\n\n<h2 class=\"wp-block-heading\" id=\"h-archy-fest-connecting-communities-pe-str-edgar-quinet\"><strong>\u201eArchy Fest \u2013 Connecting Communities\u201d<\/strong>, <strong>pe Str. Edgar Quinet<\/strong><\/h2>\n\n\n\n<p>\u00cen perioada <strong>4-6 octombrie<\/strong> va avea loc evenimentul cultural-artistic denumit <strong>\u201eArchy Fest \u2013 Connecting Communities\u201d<\/strong>, pe <strong>Str. Edgar Quinet.<\/strong>  In perioada <strong>03 octombrie, ora 20:00 \u2013 7 octombrie, ora 06:00<\/strong>, se va restric\u021biona traficul rutier pe <strong>Str. Edgar Quinet<\/strong>, segmentul de drum cuprins \u00eentre Str. Academiei \u0219i Str. Biserica Enei.<\/p>\n\n\n\n<p><a href=\"https:\/\/bpr.politiaromana.ro\/\">Brigada Rutier\u0103<\/a> recomand\u0103 \u0219oferilor s\u0103 circule cu pruden\u021b\u0103, s\u0103 nu opreasc\u0103 ori s\u0103 sta\u021bioneze dec\u00e2t \u00een locurile special amenajate \u0219i s\u0103 respecte semnalele \u0219i indica\u021biile poli\u021bi\u0219tilor rutieri. Pietonii trebuie s\u0103 circule doar pe trotuare, traversarea str\u0103zii s\u0103 o faca doar prin locurile special amenajate \u0219i la culoarea verde a semaforului electric, dup\u0103 ce s-au asigurat.<\/p>\n\n\n\n<h2 class=\"wp-block-heading\" id=\"h-adunarea-publica-care-restric\u021bioneaza-traficul-din-capitala\">Adunarea public\u0103 care restric\u021bioneaz\u0103 traficul din Capital\u0103<\/h2>\n\n\n\n<p><strong>Mai multe evenimente restric\u021bioneaz\u0103 traficul<\/strong>. Pe <strong>5 octombrie, <\/strong>\u00eentre <strong>orele 15:00-23:00<\/strong>, va fi organizat\u0103 o adunare public\u0103 dup\u0103 urm\u0103torul program:<\/p>\n\n\n\n<ul class=\"wp-block-list\">\n<li>\u00eentre orele <strong>15.00-15.30<\/strong>, adunarea participan\u021bilor \u00een <strong>Pia\u021ba Victoriei \u2013 alveola central\u0103;<\/strong><\/li>\n\n\n\n<li>\u00eentre orele <strong>15.30-17.00<\/strong>, desf\u0103\u0219urarea adun\u0103rii publice \u00een <strong>Pia\u021ba Victoriei \u2013 alveola central\u0103<\/strong>;<\/li>\n\n\n\n<li>\u00eentre orele <strong>17.00-18.00<\/strong>, deplasarea participan\u021bilor pe banda I de circula\u021bie pe traseul: <strong><em>Pia\u021ba Victoriei (alveola central\u0103) \u2013 Bd. Lasc\u0103r Catargiu \u2013 Pia\u021ba Roman\u0103 \u2013 Bd. Gheorghe Magheru \u2013 Bd. Nicolae B\u0103lcescu \u2013 dreapta Bd. Regina Elisabeta \u2013 st\u00e2nga Calea Victoriei \u2013 Pod Na\u021biunile Unite \u2013 Bd. Na\u021biunile Unite \u2013 Bd. Libert\u0103\u021bii \u2013 punct final parcarea din Pia\u021ba Constitu\u021biei<\/em><\/strong>;<\/li>\n\n\n\n<li>\u00eentre orele <strong>18.00-22.30<\/strong>, desf\u0103\u0219urarea adun\u0103rii publice \u00een <strong><em>Pia\u021ba Constitu\u021biei. <\/em><\/strong>&#8211; \u00eentre orele <strong>22.30-23.00<\/strong>, defluirea total\u0103 a participan\u021bilor.<\/li>\n<\/ul>\n\n\n\n<p>Este vorba de \u201eMar\u0219ul Ap\u0103r\u0103torilor Credin\u021bei\u201d, organizat de Asocia\u021bia Centrul Cre\u0219tin Profides.<\/p>\n\n\n\n<h2 class=\"wp-block-heading\" id=\"h-strazi-deschise-doar-pentru-pietoni\">\u201eStr\u0103zi Deschise\u201d doar pentru pietoni<\/h2>\n\n\n\n<p>\u00cen zilele de <strong>5 \u0219i 6 octombrie<\/strong>, \u00eentre <strong>orele 10:00-21:00<\/strong>, Prim\u0103ria Municipiului Bucure\u0219ti \u2013 Centrul de Proiecte Culturale ARCUB va organiza evenimentul cultural-artistic dedicat proiectului \u201c<strong>Str\u0103zi Deschise \u2013 Bucure\u0219ti, Promenad\u0103 Urban\u0103\u201d <\/strong>pe <strong>Str. Dimitrie Onciul<\/strong>, segmentul de drum cuprins \u00eentre Bd. Ferdinand I \u0219i Intrarea Margareta.<\/p>\n\n\n\n<p>Circula\u021bia autovehiculelor se va restric\u021biona<strong> <\/strong>\u00eencep\u00e2nd cu data de <strong>5 octombrie, orele 06:00, <\/strong>p\u00e2n\u0103 pe <strong>7 octombrie, ora 02:00.<\/strong><\/p>\n\n\n\n<p>Pe aceste tronsoane se vor desf\u0103\u0219ura activit\u0103\u021bi artistice:<\/p>\n\n\n\n<ul class=\"wp-block-list\">\n<li>mini concerte stradale;<\/li>\n\n\n\n<li>spectacole de muzic\u0103 \u0219i dans;<\/li>\n\n\n\n<li>teatru de strad\u0103;<\/li>\n\n\n\n<li>jocuri, ateliere;<\/li>\n\n\n\n<li>arti\u0219ti amatori;<\/li>\n\n\n\n<li>statui vivante;<\/li>\n\n\n\n<li>activit\u0103\u021bi de recreere \u0219i sportive;<\/li>\n\n\n\n<li>arti\u0219ti \u0219i creatori urbani;<\/li>\n\n\n\n<li>zone de relaxare.<\/li>\n<\/ul>\n\n\n\n<p>Pe <strong>6 octombrie<\/strong> se va restric\u021biona circula\u021bia vehiculelor, \u00een intervalul orar <strong>09:00-23:00.<\/strong><\/p>\n\n\n\n<p>Pe durata restric\u021biilor se va permite traversul <strong>pe Calea Victoriei, la intersec\u021biile cu Bd. Dacia, Str. \u0218tirbei Vod\u0103, Str. George Enescu, Str. Ion C\u00e2mpineanu \u0219i Bd. Regina Elisabeta .<\/strong><\/p>\n\n\n\n<p><strong>Rute alternative:<\/strong><\/p>\n\n\n\n<ul class=\"wp-block-list\">\n<li>Pia\u021ba Victoriei \u2013 Bd. Lasc\u0103r Catargiu \u2013 Pia\u021ba Roman\u0103 \u2013 Bd. Magheru \u2013 Bd. Nicolae B\u0103lcescu \u2013 Pia\u021ba Universit\u0103\u021bii \u2013 Bd. I.C. Br\u0103tianu \u2013 Pia\u021ba Unirii \u2013 Splaiul Independen\u021bei;<\/li>\n\n\n\n<li>Pia\u021ba Victoriei \u2013 Str. Buze\u0219ti \u2013 Str. Berzei.<\/li>\n<\/ul>\n\n\n\n<p><strong>CITE\u0218TE \u0218I:<\/strong> <a href=\"https:\/\/buletin.de\/bucuresti\/15-masini-vandalizate\/\">15 ma\u0219ini vandalizate, \u00een parcarea Palatului Copiilor. Autoturismele au fost zg\u00e2riate, iar imaginile au ap\u0103rut \u00een spa\u021biul public<\/a><\/p>\n\n\n\n<h2 class=\"wp-block-heading\" id=\"h-campionatul-na\u021bional-de-super-rally-la-muzeul-na\u021bional-de-arta\">Campionatul Na\u021bional de Super Rally, la Muzeul Na\u021bional de Art\u0103<\/h2>\n\n\n\n<p>Ultima etap\u0103 a Campionatului Na\u021bional de Super Rally va fi organizat\u0103 pe 5 octombrie, \u00eentre <strong>orele 14:30-18:30<\/strong>, pe urm\u0103torul traseu:<\/p>\n\n\n\n<ul class=\"wp-block-list\">\n<li>Calea Victoriei (prin fa\u021ba Palatului Regal);<\/li>\n\n\n\n<li>Str. Walter M\u0103r\u0103cineanu;<\/li>\n\n\n\n<li>aleile din fa\u021ba S\u0103lii Palatului;<\/li>\n\n\n\n<li>breteaua din fa\u021ba Muzeului Na\u021bional de Art\u0103.<\/li>\n<\/ul>\n\n\n\n<p>\u00cen acest context, traficul rutier va fi restric\u021bionat dup\u0103 cum urmeaz\u0103:<\/p>\n\n\n\n<ul class=\"wp-block-list\">\n<li>pe <strong>5 octombrie, <\/strong>\u00eentre <strong>orele 00:30-20:00 <\/strong>pe <strong>Calea Victoriei, <\/strong>\u00eentre Bd. Dacia \u0219i Str. Ion C\u00e2mpineanu;<\/li>\n\n\n\n<li>pe <strong>5 octombrie, <\/strong>\u00eentre <strong>orele 05:00-20:00 <\/strong>pe <strong>Str. George Enescu, Str. Episcopiei, Str. Dem. I. Dobrescu, Str. Ion C\u00e2mpineanu \u0219i Bd. \u0218tirbei Vod\u0103 <\/strong>(segmentul cuprins \u00eentre Str. Berzei \u0219i Calea Victoriei).<\/li>\n<\/ul>\n\n\n\n<p>Recomand\u0103rile poli\u021bi\u0219tilor rutieri sunt valabile pe parcursul tuturor evenimentelor.<\/p>\n\n\n\n<p><strong>CITE\u0218TE \u0218I:<\/strong> <a href=\"https:\/\/buletin.de\/bucuresti\/revin-ploile-in-capitala\/\"><strong>METEO | Revin ploile, \u00een Capital\u0103, duminic\u0103<\/strong><\/a><\/p>\n","protected":false},"excerpt":{"rendered":"<p>Circula\u021bia din Bucure\u0219ti se modific\u0103, c\u0103ci mai multe evenimente restric\u021bioneaz\u0103 traficul din Capital\u0103, pe tot parcursul wekendului. \u201eStreet Delivery\u201d, pe Str. Pictor Arthur Verona \u00cen perioada 04-06 octombrie a.c., ARCUB &#8211; Centrul Cultural al Municipiului Bucure\u0219ti \u0219i Funda\u021bia C\u0103rture\u0219ti vor organiza evenimentul \u201cStreet Delivery\u201d, ce va consta \u00een expozi\u021bii, mini spectacole, ateliere de crea\u021bii \u0219i [&hellip;]<\/p>\n","protected":false},"author":49,"featured_media":99922,"comment_status":"closed","ping_status":"open","sticky":false,"template":"","format":"standard","meta":{"_acf_changed":false,"inline_featured_image":false,"ngg_post_thumbnail":0,"footnotes":""},"categories":[6994,62,650],"tags":[2794,2066,15647,11428],"ppma_author":[22574],"class_list":["post-100661","post","type-post","status-publish","format-standard","has-post-thumbnail","hentry","category-stiri-2","category-stiri","category-transport","tag-strazi-deschise","tag-street-delivery","tag-super-rally","tag-trafic-restrictionat-2"],"acf":[],"yoast_head":"<!-- This site is optimized with the Yoast SEO Premium plugin v25.3 (Yoast SEO v27.4) - https:\/\/yoast.com\/product\/yoast-seo-premium-wordpress\/ -->\n<title>Mai multe evenimente restric\u021bioneaz\u0103 traficul din Capital\u0103, \u00een acest weekend - Buletin de Bucure\u0219ti<\/title>\n<meta name=\"description\" content=\"Circula\u021bia din Bucure\u0219ti se modific\u0103, c\u0103ci mai multe evenimente restric\u021bioneaz\u0103 traficul din Capital\u0103, \u00een acest weekend.\" \/>\n<meta name=\"robots\" content=\"index, follow, max-snippet:-1, max-image-preview:large, max-video-preview:-1\" \/>\n<link rel=\"canonical\" href=\"https:\/\/buletin.de\/bucuresti\/evenimente-restrictioneaza-traficul-din-capitala\/\" \/>\n<meta property=\"og:locale\" content=\"en_GB\" \/>\n<meta property=\"og:type\" content=\"article\" \/>\n<meta property=\"og:title\" content=\"Mai multe evenimente restric\u021bioneaz\u0103 traficul din Capital\u0103, \u00een acest weekend\" \/>\n<meta property=\"og:description\" content=\"Circula\u021bia din Bucure\u0219ti se modific\u0103, c\u0103ci mai multe evenimente restric\u021bioneaz\u0103 traficul din Capital\u0103, \u00een acest weekend.\" \/>\n<meta property=\"og:url\" content=\"https:\/\/buletin.de\/bucuresti\/evenimente-restrictioneaza-traficul-din-capitala\/\" \/>\n<meta property=\"og:site_name\" content=\"Buletin de Bucure\u0219ti\" \/>\n<meta property=\"article:publisher\" content=\"https:\/\/www.facebook.com\/buletin.de.buc\" \/>\n<meta property=\"article:published_time\" content=\"2024-10-03T11:54:36+00:00\" \/>\n<meta property=\"article:modified_time\" content=\"2024-10-04T07:02:38+00:00\" \/>\n<meta property=\"og:image\" content=\"https:\/\/buletin.de\/bucuresti\/wp-content\/uploads\/Din-editiile-anterioare-ale-evenimentului-cultural-saptamanal-\u201eStrazi-Deschise.jpg\" \/>\n\t<meta property=\"og:image:width\" content=\"1600\" \/>\n\t<meta property=\"og:image:height\" content=\"1200\" \/>\n\t<meta property=\"og:image:type\" content=\"image\/jpeg\" \/>\n<meta name=\"author\" content=\"Diana Matei\" \/>\n<meta name=\"twitter:card\" content=\"summary_large_image\" \/>\n<meta name=\"twitter:label1\" content=\"Written by\" \/>\n\t<meta name=\"twitter:data1\" content=\"Diana Matei\" \/>\n\t<meta name=\"twitter:label2\" content=\"Estimated reading time\" \/>\n\t<meta name=\"twitter:data2\" content=\"4 minutes\" \/>\n<script type=\"application\/ld+json\" class=\"yoast-schema-graph\">{\"@context\":\"https:\\\/\\\/schema.org\",\"@graph\":[{\"@type\":\"Article\",\"@id\":\"https:\\\/\\\/buletin.de\\\/bucuresti\\\/evenimente-restrictioneaza-traficul-din-capitala\\\/#article\",\"isPartOf\":{\"@id\":\"https:\\\/\\\/buletin.de\\\/bucuresti\\\/evenimente-restrictioneaza-traficul-din-capitala\\\/\"},\"author\":{\"name\":\"Diana Matei\",\"@id\":\"https:\\\/\\\/buletin.de\\\/bucuresti\\\/#\\\/schema\\\/person\\\/7e46040573290777280a0835d81ea4ea\"},\"headline\":\"Mai multe evenimente restric\u021bioneaz\u0103 traficul din Capital\u0103, \u00een acest weekend\",\"datePublished\":\"2024-10-03T11:54:36+00:00\",\"dateModified\":\"2024-10-04T07:02:38+00:00\",\"mainEntityOfPage\":{\"@id\":\"https:\\\/\\\/buletin.de\\\/bucuresti\\\/evenimente-restrictioneaza-traficul-din-capitala\\\/\"},\"wordCount\":758,\"publisher\":{\"@id\":\"https:\\\/\\\/buletin.de\\\/bucuresti\\\/#organization\"},\"image\":{\"@id\":\"https:\\\/\\\/buletin.de\\\/bucuresti\\\/evenimente-restrictioneaza-traficul-din-capitala\\\/#primaryimage\"},\"thumbnailUrl\":\"https:\\\/\\\/buletin.de\\\/bucuresti\\\/wp-content\\\/uploads\\\/Din-editiile-anterioare-ale-evenimentului-cultural-saptamanal-\u201eStrazi-Deschise.jpg\",\"keywords\":[\"strazi deschise\",\"street delivery\",\"Super Rally\",\"trafic restrictionat\"],\"articleSection\":[\"Articole\",\"\u0218tiri\",\"Transport\"],\"inLanguage\":\"en-GB\",\"copyrightYear\":\"2024\",\"copyrightHolder\":{\"@id\":\"https:\\\/\\\/buletin.de\\\/bucuresti\\\/#organization\"}},{\"@type\":\"WebPage\",\"@id\":\"https:\\\/\\\/buletin.de\\\/bucuresti\\\/evenimente-restrictioneaza-traficul-din-capitala\\\/\",\"url\":\"https:\\\/\\\/buletin.de\\\/bucuresti\\\/evenimente-restrictioneaza-traficul-din-capitala\\\/\",\"name\":\"Mai multe evenimente restric\u021bioneaz\u0103 traficul din Capital\u0103, \u00een acest weekend - Buletin de Bucure\u0219ti\",\"isPartOf\":{\"@id\":\"https:\\\/\\\/buletin.de\\\/bucuresti\\\/#website\"},\"primaryImageOfPage\":{\"@id\":\"https:\\\/\\\/buletin.de\\\/bucuresti\\\/evenimente-restrictioneaza-traficul-din-capitala\\\/#primaryimage\"},\"image\":{\"@id\":\"https:\\\/\\\/buletin.de\\\/bucuresti\\\/evenimente-restrictioneaza-traficul-din-capitala\\\/#primaryimage\"},\"thumbnailUrl\":\"https:\\\/\\\/buletin.de\\\/bucuresti\\\/wp-content\\\/uploads\\\/Din-editiile-anterioare-ale-evenimentului-cultural-saptamanal-\u201eStrazi-Deschise.jpg\",\"datePublished\":\"2024-10-03T11:54:36+00:00\",\"dateModified\":\"2024-10-04T07:02:38+00:00\",\"description\":\"Circula\u021bia din Bucure\u0219ti se modific\u0103, c\u0103ci mai multe evenimente restric\u021bioneaz\u0103 traficul din Capital\u0103, \u00een acest weekend.\",\"breadcrumb\":{\"@id\":\"https:\\\/\\\/buletin.de\\\/bucuresti\\\/evenimente-restrictioneaza-traficul-din-capitala\\\/#breadcrumb\"},\"inLanguage\":\"en-GB\",\"potentialAction\":[{\"@type\":\"ReadAction\",\"target\":[\"https:\\\/\\\/buletin.de\\\/bucuresti\\\/evenimente-restrictioneaza-traficul-din-capitala\\\/\"]}]},{\"@type\":\"ImageObject\",\"inLanguage\":\"en-GB\",\"@id\":\"https:\\\/\\\/buletin.de\\\/bucuresti\\\/evenimente-restrictioneaza-traficul-din-capitala\\\/#primaryimage\",\"url\":\"https:\\\/\\\/buletin.de\\\/bucuresti\\\/wp-content\\\/uploads\\\/Din-editiile-anterioare-ale-evenimentului-cultural-saptamanal-\u201eStrazi-Deschise.jpg\",\"contentUrl\":\"https:\\\/\\\/buletin.de\\\/bucuresti\\\/wp-content\\\/uploads\\\/Din-editiile-anterioare-ale-evenimentului-cultural-saptamanal-\u201eStrazi-Deschise.jpg\",\"width\":1600,\"height\":1200,\"caption\":\"Peste un milion de participan\u0163i la \u201eStr\u0103zi Deschise\u201d, \u00een 2024. Surs\u0103 Foto: PMB\"},{\"@type\":\"BreadcrumbList\",\"@id\":\"https:\\\/\\\/buletin.de\\\/bucuresti\\\/evenimente-restrictioneaza-traficul-din-capitala\\\/#breadcrumb\",\"itemListElement\":[{\"@type\":\"ListItem\",\"position\":1,\"name\":\"Acas\u0103\",\"item\":\"https:\\\/\\\/buletin.de\\\/bucuresti\\\/\"},{\"@type\":\"ListItem\",\"position\":2,\"name\":\"Mai multe evenimente restric\u021bioneaz\u0103 traficul din Capital\u0103, \u00een acest weekend\"}]},{\"@type\":\"WebSite\",\"@id\":\"https:\\\/\\\/buletin.de\\\/bucuresti\\\/#website\",\"url\":\"https:\\\/\\\/buletin.de\\\/bucuresti\\\/\",\"name\":\"Buletin de Bucure\u0219ti\",\"description\":\"\u0218tiri \u0219i investiga\u021bii esen\u021biale din capital\u0103\",\"publisher\":{\"@id\":\"https:\\\/\\\/buletin.de\\\/bucuresti\\\/#organization\"},\"potentialAction\":[{\"@type\":\"SearchAction\",\"target\":{\"@type\":\"EntryPoint\",\"urlTemplate\":\"https:\\\/\\\/buletin.de\\\/bucuresti\\\/?s={search_term_string}\"},\"query-input\":{\"@type\":\"PropertyValueSpecification\",\"valueRequired\":true,\"valueName\":\"search_term_string\"}}],\"inLanguage\":\"en-GB\"},{\"@type\":\"Organization\",\"@id\":\"https:\\\/\\\/buletin.de\\\/bucuresti\\\/#organization\",\"name\":\"Buletin de Bucure\u0219ti\",\"url\":\"https:\\\/\\\/buletin.de\\\/bucuresti\\\/\",\"logo\":{\"@type\":\"ImageObject\",\"inLanguage\":\"en-GB\",\"@id\":\"https:\\\/\\\/buletin.de\\\/bucuresti\\\/#\\\/schema\\\/logo\\\/image\\\/\",\"url\":\"https:\\\/\\\/buletin.de\\\/bucuresti\\\/wp-content\\\/uploads\\\/logo-bdb-full-wide-vernil-transparent.png\",\"contentUrl\":\"https:\\\/\\\/buletin.de\\\/bucuresti\\\/wp-content\\\/uploads\\\/logo-bdb-full-wide-vernil-transparent.png\",\"width\":1782,\"height\":626,\"caption\":\"Buletin de Bucure\u0219ti\"},\"image\":{\"@id\":\"https:\\\/\\\/buletin.de\\\/bucuresti\\\/#\\\/schema\\\/logo\\\/image\\\/\"},\"sameAs\":[\"https:\\\/\\\/www.facebook.com\\\/buletin.de.buc\",\"https:\\\/\\\/www.instagram.com\\\/buletinde.bucuresti\\\/\"]},{\"@type\":\"Person\",\"@id\":\"https:\\\/\\\/buletin.de\\\/bucuresti\\\/#\\\/schema\\\/person\\\/7e46040573290777280a0835d81ea4ea\",\"name\":\"Diana Matei\",\"image\":{\"@type\":\"ImageObject\",\"inLanguage\":\"en-GB\",\"@id\":\"https:\\\/\\\/buletin.de\\\/bucuresti\\\/wp-content\\\/uploads\\\/9-2-96x96.jpg1e8590b30871d70e62ebcdaf2eff570c\",\"url\":\"https:\\\/\\\/buletin.de\\\/bucuresti\\\/wp-content\\\/uploads\\\/9-2-96x96.jpg\",\"contentUrl\":\"https:\\\/\\\/buletin.de\\\/bucuresti\\\/wp-content\\\/uploads\\\/9-2-96x96.jpg\",\"caption\":\"Diana Matei\"},\"url\":\"https:\\\/\\\/buletin.de\\\/bucuresti\\\/author\\\/dianamatei\\\/\"}]}<\/script>\n<!-- \/ Yoast SEO Premium plugin. -->","yoast_head_json":{"title":"Mai multe evenimente restric\u021bioneaz\u0103 traficul din Capital\u0103, \u00een acest weekend - Buletin de Bucure\u0219ti","description":"Circula\u021bia din Bucure\u0219ti se modific\u0103, c\u0103ci mai multe evenimente restric\u021bioneaz\u0103 traficul din Capital\u0103, \u00een acest weekend.","robots":{"index":"index","follow":"follow","max-snippet":"max-snippet:-1","max-image-preview":"max-image-preview:large","max-video-preview":"max-video-preview:-1"},"canonical":"https:\/\/buletin.de\/bucuresti\/evenimente-restrictioneaza-traficul-din-capitala\/","og_locale":"en_GB","og_type":"article","og_title":"Mai multe evenimente restric\u021bioneaz\u0103 traficul din Capital\u0103, \u00een acest weekend","og_description":"Circula\u021bia din Bucure\u0219ti se modific\u0103, c\u0103ci mai multe evenimente restric\u021bioneaz\u0103 traficul din Capital\u0103, \u00een acest weekend.","og_url":"https:\/\/buletin.de\/bucuresti\/evenimente-restrictioneaza-traficul-din-capitala\/","og_site_name":"Buletin de Bucure\u0219ti","article_publisher":"https:\/\/www.facebook.com\/buletin.de.buc","article_published_time":"2024-10-03T11:54:36+00:00","article_modified_time":"2024-10-04T07:02:38+00:00","og_image":[{"width":1600,"height":1200,"url":"https:\/\/buletin.de\/bucuresti\/wp-content\/uploads\/Din-editiile-anterioare-ale-evenimentului-cultural-saptamanal-\u201eStrazi-Deschise.jpg","type":"image\/jpeg"}],"author":"Diana Matei","twitter_card":"summary_large_image","twitter_misc":{"Written by":"Diana Matei","Estimated reading time":"4 minutes"},"schema":{"@context":"https:\/\/schema.org","@graph":[{"@type":"Article","@id":"https:\/\/buletin.de\/bucuresti\/evenimente-restrictioneaza-traficul-din-capitala\/#article","isPartOf":{"@id":"https:\/\/buletin.de\/bucuresti\/evenimente-restrictioneaza-traficul-din-capitala\/"},"author":{"name":"Diana Matei","@id":"https:\/\/buletin.de\/bucuresti\/#\/schema\/person\/7e46040573290777280a0835d81ea4ea"},"headline":"Mai multe evenimente restric\u021bioneaz\u0103 traficul din Capital\u0103, \u00een acest weekend","datePublished":"2024-10-03T11:54:36+00:00","dateModified":"2024-10-04T07:02:38+00:00","mainEntityOfPage":{"@id":"https:\/\/buletin.de\/bucuresti\/evenimente-restrictioneaza-traficul-din-capitala\/"},"wordCount":758,"publisher":{"@id":"https:\/\/buletin.de\/bucuresti\/#organization"},"image":{"@id":"https:\/\/buletin.de\/bucuresti\/evenimente-restrictioneaza-traficul-din-capitala\/#primaryimage"},"thumbnailUrl":"https:\/\/buletin.de\/bucuresti\/wp-content\/uploads\/Din-editiile-anterioare-ale-evenimentului-cultural-saptamanal-\u201eStrazi-Deschise.jpg","keywords":["strazi deschise","street delivery","Super Rally","trafic restrictionat"],"articleSection":["Articole","\u0218tiri","Transport"],"inLanguage":"en-GB","copyrightYear":"2024","copyrightHolder":{"@id":"https:\/\/buletin.de\/bucuresti\/#organization"}},{"@type":"WebPage","@id":"https:\/\/buletin.de\/bucuresti\/evenimente-restrictioneaza-traficul-din-capitala\/","url":"https:\/\/buletin.de\/bucuresti\/evenimente-restrictioneaza-traficul-din-capitala\/","name":"Mai multe evenimente restric\u021bioneaz\u0103 traficul din Capital\u0103, \u00een acest weekend - Buletin de Bucure\u0219ti","isPartOf":{"@id":"https:\/\/buletin.de\/bucuresti\/#website"},"primaryImageOfPage":{"@id":"https:\/\/buletin.de\/bucuresti\/evenimente-restrictioneaza-traficul-din-capitala\/#primaryimage"},"image":{"@id":"https:\/\/buletin.de\/bucuresti\/evenimente-restrictioneaza-traficul-din-capitala\/#primaryimage"},"thumbnailUrl":"https:\/\/buletin.de\/bucuresti\/wp-content\/uploads\/Din-editiile-anterioare-ale-evenimentului-cultural-saptamanal-\u201eStrazi-Deschise.jpg","datePublished":"2024-10-03T11:54:36+00:00","dateModified":"2024-10-04T07:02:38+00:00","description":"Circula\u021bia din Bucure\u0219ti se modific\u0103, c\u0103ci mai multe evenimente restric\u021bioneaz\u0103 traficul din Capital\u0103, \u00een acest weekend.","breadcrumb":{"@id":"https:\/\/buletin.de\/bucuresti\/evenimente-restrictioneaza-traficul-din-capitala\/#breadcrumb"},"inLanguage":"en-GB","potentialAction":[{"@type":"ReadAction","target":["https:\/\/buletin.de\/bucuresti\/evenimente-restrictioneaza-traficul-din-capitala\/"]}]},{"@type":"ImageObject","inLanguage":"en-GB","@id":"https:\/\/buletin.de\/bucuresti\/evenimente-restrictioneaza-traficul-din-capitala\/#primaryimage","url":"https:\/\/buletin.de\/bucuresti\/wp-content\/uploads\/Din-editiile-anterioare-ale-evenimentului-cultural-saptamanal-\u201eStrazi-Deschise.jpg","contentUrl":"https:\/\/buletin.de\/bucuresti\/wp-content\/uploads\/Din-editiile-anterioare-ale-evenimentului-cultural-saptamanal-\u201eStrazi-Deschise.jpg","width":1600,"height":1200,"caption":"Peste un milion de participan\u0163i la \u201eStr\u0103zi Deschise\u201d, \u00een 2024. Surs\u0103 Foto: PMB"},{"@type":"BreadcrumbList","@id":"https:\/\/buletin.de\/bucuresti\/evenimente-restrictioneaza-traficul-din-capitala\/#breadcrumb","itemListElement":[{"@type":"ListItem","position":1,"name":"Acas\u0103","item":"https:\/\/buletin.de\/bucuresti\/"},{"@type":"ListItem","position":2,"name":"Mai multe evenimente restric\u021bioneaz\u0103 traficul din Capital\u0103, \u00een acest weekend"}]},{"@type":"WebSite","@id":"https:\/\/buletin.de\/bucuresti\/#website","url":"https:\/\/buletin.de\/bucuresti\/","name":"Buletin de Bucure\u0219ti","description":"\u0218tiri \u0219i investiga\u021bii esen\u021biale din capital\u0103","publisher":{"@id":"https:\/\/buletin.de\/bucuresti\/#organization"},"potentialAction":[{"@type":"SearchAction","target":{"@type":"EntryPoint","urlTemplate":"https:\/\/buletin.de\/bucuresti\/?s={search_term_string}"},"query-input":{"@type":"PropertyValueSpecification","valueRequired":true,"valueName":"search_term_string"}}],"inLanguage":"en-GB"},{"@type":"Organization","@id":"https:\/\/buletin.de\/bucuresti\/#organization","name":"Buletin de Bucure\u0219ti","url":"https:\/\/buletin.de\/bucuresti\/","logo":{"@type":"ImageObject","inLanguage":"en-GB","@id":"https:\/\/buletin.de\/bucuresti\/#\/schema\/logo\/image\/","url":"https:\/\/buletin.de\/bucuresti\/wp-content\/uploads\/logo-bdb-full-wide-vernil-transparent.png","contentUrl":"https:\/\/buletin.de\/bucuresti\/wp-content\/uploads\/logo-bdb-full-wide-vernil-transparent.png","width":1782,"height":626,"caption":"Buletin de Bucure\u0219ti"},"image":{"@id":"https:\/\/buletin.de\/bucuresti\/#\/schema\/logo\/image\/"},"sameAs":["https:\/\/www.facebook.com\/buletin.de.buc","https:\/\/www.instagram.com\/buletinde.bucuresti\/"]},{"@type":"Person","@id":"https:\/\/buletin.de\/bucuresti\/#\/schema\/person\/7e46040573290777280a0835d81ea4ea","name":"Diana Matei","image":{"@type":"ImageObject","inLanguage":"en-GB","@id":"https:\/\/buletin.de\/bucuresti\/wp-content\/uploads\/9-2-96x96.jpg1e8590b30871d70e62ebcdaf2eff570c","url":"https:\/\/buletin.de\/bucuresti\/wp-content\/uploads\/9-2-96x96.jpg","contentUrl":"https:\/\/buletin.de\/bucuresti\/wp-content\/uploads\/9-2-96x96.jpg","caption":"Diana Matei"},"url":"https:\/\/buletin.de\/bucuresti\/author\/dianamatei\/"}]}},"authors":[{"term_id":22574,"user_id":49,"is_guest":0,"slug":"dianamatei","display_name":"Diana Matei","avatar_url":"https:\/\/buletin.de\/bucuresti\/wp-content\/uploads\/9-2-96x96.jpg","0":null,"1":"","2":"","3":"","4":"","5":"","6":"","7":"","8":""}],"_links":{"self":[{"href":"https:\/\/buletin.de\/bucuresti\/wp-json\/wp\/v2\/posts\/100661","targetHints":{"allow":["GET"]}}],"collection":[{"href":"https:\/\/buletin.de\/bucuresti\/wp-json\/wp\/v2\/posts"}],"about":[{"href":"https:\/\/buletin.de\/bucuresti\/wp-json\/wp\/v2\/types\/post"}],"author":[{"embeddable":true,"href":"https:\/\/buletin.de\/bucuresti\/wp-json\/wp\/v2\/users\/49"}],"replies":[{"embeddable":true,"href":"https:\/\/buletin.de\/bucuresti\/wp-json\/wp\/v2\/comments?post=100661"}],"version-history":[{"count":3,"href":"https:\/\/buletin.de\/bucuresti\/wp-json\/wp\/v2\/posts\/100661\/revisions"}],"predecessor-version":[{"id":100772,"href":"https:\/\/buletin.de\/bucuresti\/wp-json\/wp\/v2\/posts\/100661\/revisions\/100772"}],"wp:featuredmedia":[{"embeddable":true,"href":"https:\/\/buletin.de\/bucuresti\/wp-json\/wp\/v2\/media\/99922"}],"wp:attachment":[{"href":"https:\/\/buletin.de\/bucuresti\/wp-json\/wp\/v2\/media?parent=100661"}],"wp:term":[{"taxonomy":"category","embeddable":true,"href":"https:\/\/buletin.de\/bucuresti\/wp-json\/wp\/v2\/categories?post=100661"},{"taxonomy":"post_tag","embeddable":true,"href":"https:\/\/buletin.de\/bucuresti\/wp-json\/wp\/v2\/tags?post=100661"},{"taxonomy":"author","embeddable":true,"href":"https:\/\/buletin.de\/bucuresti\/wp-json\/wp\/v2\/ppma_author?post=100661"}],"curies":[{"name":"wp","href":"https:\/\/api.w.org\/{rel}","templated":true}]}}