{"id":100549,"date":"2024-10-02T17:33:30","date_gmt":"2024-10-02T14:33:30","guid":{"rendered":"https:\/\/buletin.de\/bucuresti\/?p=100549"},"modified":"2024-10-02T17:33:31","modified_gmt":"2024-10-02T14:33:31","slug":"bani-pentru-reconsolidarea-pasajelor","status":"publish","type":"post","link":"https:\/\/buletin.de\/bucuresti\/bani-pentru-reconsolidarea-pasajelor\/","title":{"rendered":"Banii pentru repara\u0163ia pasajelor Lujerului \u015fi Obor, \u201eprin\u015fi\u201d \u00een bugetul pe anul viitor"},"content":{"rendered":"\n<p><strong>Banii pentru reconsolidarea pasajelor Lujerului \u015fi Obor vor fi prev\u0103zu\u0163i \u00een bugetul Prim\u0103riei Capitalei, promite Nicu\u015for Dan. Afirma\u0163ia a fost f\u0103cut\u0103 la summitul capitalelor europene pentru arhitectur\u0103, urbanism \u015fi administra\u0163ie, organizat de Filiala Bucure\u015fti a Ordinului Arhitec\u0163ilor din Rom\u00e2nia \u015fi municipalitate. Tot acolo, a vorbit despre avizele pentru plan\u015feul Unirii, despre care spune c\u0103 \u201enu sunt un moft\u201d. <\/strong><\/p>\n\n\n\n<p>\u00cen luna septembrie, Nicu\u0219or Dan preciza, \u00eentr-o emisiune televizat\u0103, c\u0103 pasajele de la Obor, Lujerului dar \u0219i podul de pe Bucure\u0219ti-Ploie\u0219ti au nevoie urgent\u0103 de consolidare. Asta \u00een contextul scandalului iscat \u00eentre Prim\u0103ria General\u0103 \u0219i cea a Sectorului 4, pe tema plan\u0219eului de la Pia\u021ba Unirii.<\/p>\n\n\n\n<p>Banii necesari pentru pasajele Lujerului \u015fi Obor. Nicu\u015for Dan estima, la sf\u00e2r\u015fitul lunii martie, c\u0103 ar fi nevoie de aproximativ 250 de milioane de lei pentru toate repara\u0163iile.<\/p>\n\n\n\n<p>Pasajul Obor a fost construit \u00een 1979, iar Pasajul Lujerului  \u00een 1987.<\/p>\n\n\n\n<p><strong>CITE\u0218TE \u0218I:<\/strong> <a href=\"https:\/\/buletin.de\/bucuresti\/primaria-capitalei-pregateste-un-proiect-care-va-da-liber-la-intrat-in-institutii-publice-cu-animalele-de-companie\/\">Prim\u0103ria Capitalei preg\u0103te\u015fte un proiect care va da liber la intrat \u00een institu\u0163ii publice cu animalele de companie<\/a><\/p>\n\n\n\n<h2 class=\"wp-block-heading\" id=\"h-primaria-sectorului-4-ar-putea-iesi-din-proiectul-de-consolidare-a-plan\u0219eului-unirii\">Prim\u0103ria Sectorului 4 ar putea ie\u015fi din proiectul de consolidare a plan\u0219eului Unirii<\/h2>\n\n\n\n<p>Divergen\u021bele dintre Nicu\u0219or Dan \u0219i Daniel B\u0103lu\u021b\u0103, primarul Sectorului 4, pe tema plan\u0219eului Unirii, ar putea s\u0103 scoat\u0103 autoritatea local\u0103 din proiectul de consolidare.<\/p>\n\n\n\n<p>Potrivit unor surse <a href=\"https:\/\/www.g4media.ro\/surse-daniel-baluta-vrea-sa-scoata-primaria-sectorului-4-din-proiectul-de-consolidare-a-planseului-unirii-ar-avea-in-pregatire-o-propunere-hcl-de-reziliere-a-parteneriatului-cu-primaria-capitalei-d.html\">G4Media<\/a>, D. B\u0103lu\u0163\u0103 ar avea \u00een preg\u0103tire o propunere de hot\u0103r\u00e2re de Consiliul Local de reziliere a parteneriatului cu Prim\u0103ria Capitalei, decizie ce ar putea duce la anularea lucr\u0103rilor.<\/p>\n\n\n\n<p>Dac\u0103 decizia va fi luat\u0103, sursele de finan\u021bare vor fi anulate, la fel \u0219i proiectul de proiectare \u0219i execu\u021bie. \u00cen aceste condi\u021bii, procesul pentru consolidare va trebui reluat, de la \u00eenceput. Mai mult, dac\u0103 \u00een\u021belegerea \u00eentre cele dou\u0103 autorit\u0103\u021bi cade, responsabilitatea reconstruc\u021biei plan\u0219eului se va muta \u00eenapoi la Prim\u0103ria Municipiului Bucure\u0219ti.<\/p>\n\n\n\n<p>Decizia ar putea fi anun\u021bat\u0103 \u00een urm\u0103toarea \u0219edin\u021b\u0103 a Consiliului Local, dup\u0103 ce va fi supus\u0103 la vot.<\/p>\n\n\n\n<p><strong>CITE\u0218TE \u0218I:<\/strong> <a href=\"https:\/\/buletin.de\/bucuresti\/linia-de-autobuz-780\/\">Linia de autobuz 780 va circula, temporar, \u00een locul trenului care leag\u0103 Aeroportul \u201eHenri Coand\u0103\u201d de Gara de Nord \u015fi Basarab<\/a><\/p>\n\n\n\n<h2 class=\"wp-block-heading\" id=\"h-o-problema-de-via\u021ba-\u0219i-de-moarte-a-carei-solutie-intarzie-sa-apara-din-cauza-conflictului\">\u201eO problem\u0103 de via\u021b\u0103 \u0219i de moarte\u201d a c\u0103rei solu\u0163ie \u00eent\u00e2rzie s\u0103 apar\u0103 din cauza conflictului <\/h2>\n\n\n\n<p>\u00centre cei doi au izbucnit ne\u00een\u0163elegeri pe tema urgen\u021bei cu care trebuie s\u0103 se fac\u0103 interven\u021bia, \u00een condi\u021biile \u00een care \u0219antierul este preg\u0103tit, dar nu poate \u00eencepe \u00een lipsa autoriza\u021biei de construire pe care trebuie s\u0103 o emit\u0103 primarul general Nicu\u0219or Dan. De altfel, \u00een ultima conferin\u0163\u0103, Nicu\u015for Dan a spus c\u0103 avizele necesare nu sunt un moft. <\/p>\n\n\n\n<blockquote class=\"wp-block-quote is-layout-flow wp-block-quote-is-layout-flow\">\n<p class=\"has-medium-font-size\"><strong>Eu am spus c\u0103 este oportun ca acel plan\u015feu s\u0103 fie \u00eenlocuit, numai c\u0103 pentru ca plan\u015feul s\u0103 fie \u00eenlocuit legea spune c\u0103 autoriza\u0163ia o d\u0103 primarul general \u015fi legea \u00eel oblig\u0103 pe primarul general s\u0103 dea o autoriza\u0163ie c\u00e2nd are avize. Avizele nu sunt a\u015fa, un moft, c\u0103 vrem noi s\u0103 bif\u0103m ceva. (\u2026) Dac\u0103 nu ai avizele corespunz\u0103toare, po\u0163i s\u0103 ai mari probleme \u00een practic\u0103, pentru c\u0103 acolo lucrarea asta se \u00eenvecineaz\u0103 cu metroul, trece peste caseta de colectare a apelor uzate \u015fi trebuie ca fiecare dintre oamenii \u0103\u015ftia s\u0103 spun\u0103 care sunt condi\u0163iile \u00een care noi s\u0103 d\u0103m autoriza\u0163ie<\/strong><\/p>\n<cite>nicu\u015for Dan<\/cite><\/blockquote>\n\n\n\n<p>O vizit\u0103 de urgen\u021b\u0103, pentru a sublinia pericolul pe care \u00eel reprezint\u0103 plan\u0219eul din Pia\u021ba Unirii, a fost f\u0103cut\u0103, pe 19 septembrie de primarul Sectorului 4, Daniel B\u0103lu\u021b\u0103, \u00eempreun\u0103 cu prefectul Capitalei, Mihai Toader \u0219i o echip\u0103 de exper\u021bi \u0219i profesori ai Universit\u0103\u021bii Tehnice de Construc\u021bii Bucure\u0219ti (UTCB). Ac\u021biunea a venit \u00een contextul \u00een care\u00a0<a href=\"https:\/\/buletin.de\/bucuresti\/planseul-din-piata-unirii-se-degradeaza-continuu-unele-parti-din-structura-se-pot-prabusi-oricand\/\">exper\u021bii au avertizat c\u0103 plan\u0219eul se degradeaz\u0103 continuu<\/a>\u00a0\u0219i unele p\u0103r\u021bi din structur\u0103 se pot pr\u0103bu\u0219i oric\u00e2nd. <strong>\u00cen paralel, primarul general, Nicu\u0219or Dan, a\u0219teapt\u0103 documenta\u021bia necesar\u0103 din partea Prim\u0103riei Sectorului 4 pentru a putea emite autoriza\u021bia de construc\u021bie.<\/strong><\/p>\n\n\n\n<p>Conform primarului B\u0103lu\u021b\u0103, structura \u00eenvechit\u0103, construit\u0103 \u00een timpul regelui Carol al II-lea, prezint\u0103 degrad\u0103ri vizibile \u00een unele puncte, iar acest lucru&nbsp;<strong>afecteaz\u0103 siguran\u021ba zilnic\u0103 a miilor de oameni care tranziteaz\u0103 zona.<\/strong><\/p>\n\n\n\n<p>Totu\u0219i, primarul general al Capitalei, Nicu\u0219or Dan, a explicat \u00eentr-o conferin\u021b\u0103 de pres\u0103 c\u0103 Prim\u0103ria Sectorului 4 a depus o solicitare pentru un certificat de urbanism la \u00eenceputul lunii septembrie, urmat\u0103 de documenta\u021bia pentru autoriza\u021bie. Aceasta con\u021bine inadverten\u021be, conform edilului.<\/p>\n\n\n\n<p><strong>CITE\u0218TE \u0218I:<\/strong> <a href=\"https:\/\/buletin.de\/bucuresti\/referendumul-local-pentru-impartirea-bugetului-capitalei-s-ar-putea-tine-peste-doua-luni\/\">Referendumul local pentru \u00eemp\u0103r\u0163irea bugetului Capitalei \u015fi autoriza\u0163ii de construc\u0163ie s-ar putea \u0163ine peste dou\u0103 luni<\/a><\/p>\n\n\n\n<p><\/p>\n\n\n\n<p><\/p>\n\n\n\n<p><br> <\/p>\n","protected":false},"excerpt":{"rendered":"<p>Banii pentru reconsolidarea pasajelor Lujerului \u015fi Obor vor fi prev\u0103zu\u0163i \u00een bugetul Prim\u0103riei Capitalei, promite Nicu\u015for Dan. Afirma\u0163ia a fost f\u0103cut\u0103 la summitul capitalelor europene pentru arhitectur\u0103, urbanism \u015fi administra\u0163ie, organizat de Filiala Bucure\u015fti a Ordinului Arhitec\u0163ilor din Rom\u00e2nia \u015fi municipalitate. Tot acolo, a vorbit despre avizele pentru plan\u015feul Unirii, despre care spune c\u0103 \u201enu [&hellip;]<\/p>\n","protected":false},"author":49,"featured_media":100553,"comment_status":"closed","ping_status":"open","sticky":false,"template":"","format":"standard","meta":{"_acf_changed":false,"inline_featured_image":false,"ngg_post_thumbnail":0,"footnotes":""},"categories":[6994,24,62,650],"tags":[223,15613,15612,5270,104,1849],"ppma_author":[22574],"class_list":["post-100549","post","type-post","status-publish","format-standard","has-post-thumbnail","hentry","category-stiri-2","category-primarie","category-stiri","category-transport","tag-nicusor-dan","tag-pasajul-lujerului","tag-pasal-obor","tag-planseul-unirii","tag-pmb","tag-primaria-sector-4"],"acf":[],"yoast_head":"<!-- This site is optimized with the Yoast SEO Premium plugin v25.3 (Yoast SEO v27.5) - https:\/\/yoast.com\/product\/yoast-seo-premium-wordpress\/ -->\n<title>Banii pentru repara\u0163ia pasajelor Lujerului \u015fi Obor, \u201eprin\u015fi\u201d \u00een bugetul pe anul viitor - Buletin de Bucure\u0219ti<\/title>\n<meta name=\"description\" content=\"Banii pentru reconsolidarea pasajelor Lujerului \u015fi Obor, \u00een bugetul Capitalei, pentru anul 2025, promite Nicu\u015for Dan\" \/>\n<meta name=\"robots\" content=\"index, follow, max-snippet:-1, max-image-preview:large, max-video-preview:-1\" \/>\n<link rel=\"canonical\" href=\"https:\/\/buletin.de\/bucuresti\/bani-pentru-reconsolidarea-pasajelor\/\" \/>\n<meta property=\"og:locale\" content=\"en_GB\" \/>\n<meta property=\"og:type\" content=\"article\" \/>\n<meta property=\"og:title\" content=\"Banii pentru repara\u0163ia pasajelor Lujerului \u015fi Obor, \u201eprin\u015fi\u201d \u00een bugetul pe anul viitor\" \/>\n<meta property=\"og:description\" content=\"Banii pentru reconsolidarea pasajelor Lujerului \u015fi Obor, \u00een bugetul Capitalei, pentru anul 2025, promite Nicu\u015for Dan\" \/>\n<meta property=\"og:url\" content=\"https:\/\/buletin.de\/bucuresti\/bani-pentru-reconsolidarea-pasajelor\/\" \/>\n<meta property=\"og:site_name\" content=\"Buletin de Bucure\u0219ti\" \/>\n<meta property=\"article:publisher\" content=\"https:\/\/www.facebook.com\/buletin.de.buc\" \/>\n<meta property=\"article:published_time\" content=\"2024-10-02T14:33:30+00:00\" \/>\n<meta property=\"article:modified_time\" content=\"2024-10-02T14:33:31+00:00\" \/>\n<meta property=\"og:image\" content=\"https:\/\/buletin.de\/bucuresti\/wp-content\/uploads\/image00016-4-1.jpeg\" \/>\n\t<meta property=\"og:image:width\" content=\"2000\" \/>\n\t<meta property=\"og:image:height\" content=\"1500\" \/>\n\t<meta property=\"og:image:type\" content=\"image\/jpeg\" \/>\n<meta name=\"author\" content=\"Diana Matei\" \/>\n<meta name=\"twitter:card\" content=\"summary_large_image\" \/>\n<meta name=\"twitter:label1\" content=\"Written by\" \/>\n\t<meta name=\"twitter:data1\" content=\"Diana Matei\" \/>\n\t<meta name=\"twitter:label2\" content=\"Estimated reading time\" \/>\n\t<meta name=\"twitter:data2\" content=\"3 minutes\" \/>\n<script type=\"application\/ld+json\" class=\"yoast-schema-graph\">{\"@context\":\"https:\\\/\\\/schema.org\",\"@graph\":[{\"@type\":\"Article\",\"@id\":\"https:\\\/\\\/buletin.de\\\/bucuresti\\\/bani-pentru-reconsolidarea-pasajelor\\\/#article\",\"isPartOf\":{\"@id\":\"https:\\\/\\\/buletin.de\\\/bucuresti\\\/bani-pentru-reconsolidarea-pasajelor\\\/\"},\"author\":{\"name\":\"Diana Matei\",\"@id\":\"https:\\\/\\\/buletin.de\\\/bucuresti\\\/#\\\/schema\\\/person\\\/7e46040573290777280a0835d81ea4ea\"},\"headline\":\"Banii pentru repara\u0163ia pasajelor Lujerului \u015fi Obor, \u201eprin\u015fi\u201d \u00een bugetul pe anul viitor\",\"datePublished\":\"2024-10-02T14:33:30+00:00\",\"dateModified\":\"2024-10-02T14:33:31+00:00\",\"mainEntityOfPage\":{\"@id\":\"https:\\\/\\\/buletin.de\\\/bucuresti\\\/bani-pentru-reconsolidarea-pasajelor\\\/\"},\"wordCount\":803,\"publisher\":{\"@id\":\"https:\\\/\\\/buletin.de\\\/bucuresti\\\/#organization\"},\"image\":{\"@id\":\"https:\\\/\\\/buletin.de\\\/bucuresti\\\/bani-pentru-reconsolidarea-pasajelor\\\/#primaryimage\"},\"thumbnailUrl\":\"https:\\\/\\\/buletin.de\\\/bucuresti\\\/wp-content\\\/uploads\\\/image00016-4-1.jpeg\",\"keywords\":[\"nicusor dan\",\"Pasajul Lujerului\",\"Pasal Obor\",\"planseul unirii\",\"pmb\",\"primaria sector 4\"],\"articleSection\":[\"Articole\",\"Prim\u0103rie\",\"\u0218tiri\",\"Transport\"],\"inLanguage\":\"en-GB\",\"copyrightYear\":\"2024\",\"copyrightHolder\":{\"@id\":\"https:\\\/\\\/buletin.de\\\/bucuresti\\\/#organization\"}},{\"@type\":\"WebPage\",\"@id\":\"https:\\\/\\\/buletin.de\\\/bucuresti\\\/bani-pentru-reconsolidarea-pasajelor\\\/\",\"url\":\"https:\\\/\\\/buletin.de\\\/bucuresti\\\/bani-pentru-reconsolidarea-pasajelor\\\/\",\"name\":\"Banii pentru repara\u0163ia pasajelor Lujerului \u015fi Obor, \u201eprin\u015fi\u201d \u00een bugetul pe anul viitor - Buletin de Bucure\u0219ti\",\"isPartOf\":{\"@id\":\"https:\\\/\\\/buletin.de\\\/bucuresti\\\/#website\"},\"primaryImageOfPage\":{\"@id\":\"https:\\\/\\\/buletin.de\\\/bucuresti\\\/bani-pentru-reconsolidarea-pasajelor\\\/#primaryimage\"},\"image\":{\"@id\":\"https:\\\/\\\/buletin.de\\\/bucuresti\\\/bani-pentru-reconsolidarea-pasajelor\\\/#primaryimage\"},\"thumbnailUrl\":\"https:\\\/\\\/buletin.de\\\/bucuresti\\\/wp-content\\\/uploads\\\/image00016-4-1.jpeg\",\"datePublished\":\"2024-10-02T14:33:30+00:00\",\"dateModified\":\"2024-10-02T14:33:31+00:00\",\"description\":\"Banii pentru reconsolidarea pasajelor Lujerului \u015fi Obor, \u00een bugetul Capitalei, pentru anul 2025, promite Nicu\u015for Dan\",\"breadcrumb\":{\"@id\":\"https:\\\/\\\/buletin.de\\\/bucuresti\\\/bani-pentru-reconsolidarea-pasajelor\\\/#breadcrumb\"},\"inLanguage\":\"en-GB\",\"potentialAction\":[{\"@type\":\"ReadAction\",\"target\":[\"https:\\\/\\\/buletin.de\\\/bucuresti\\\/bani-pentru-reconsolidarea-pasajelor\\\/\"]}]},{\"@type\":\"ImageObject\",\"inLanguage\":\"en-GB\",\"@id\":\"https:\\\/\\\/buletin.de\\\/bucuresti\\\/bani-pentru-reconsolidarea-pasajelor\\\/#primaryimage\",\"url\":\"https:\\\/\\\/buletin.de\\\/bucuresti\\\/wp-content\\\/uploads\\\/image00016-4-1.jpeg\",\"contentUrl\":\"https:\\\/\\\/buletin.de\\\/bucuresti\\\/wp-content\\\/uploads\\\/image00016-4-1.jpeg\",\"width\":2000,\"height\":1500,\"caption\":\"Bani pentru reconsolidarea Pasajelor Lujerului \u0219i Obor. FOTO: arhiv\u0103\"},{\"@type\":\"BreadcrumbList\",\"@id\":\"https:\\\/\\\/buletin.de\\\/bucuresti\\\/bani-pentru-reconsolidarea-pasajelor\\\/#breadcrumb\",\"itemListElement\":[{\"@type\":\"ListItem\",\"position\":1,\"name\":\"Acas\u0103\",\"item\":\"https:\\\/\\\/buletin.de\\\/bucuresti\\\/\"},{\"@type\":\"ListItem\",\"position\":2,\"name\":\"Banii pentru repara\u0163ia pasajelor Lujerului \u015fi Obor, \u201eprin\u015fi\u201d \u00een bugetul pe anul viitor\"}]},{\"@type\":\"WebSite\",\"@id\":\"https:\\\/\\\/buletin.de\\\/bucuresti\\\/#website\",\"url\":\"https:\\\/\\\/buletin.de\\\/bucuresti\\\/\",\"name\":\"Buletin de Bucure\u0219ti\",\"description\":\"\u0218tiri \u0219i investiga\u021bii esen\u021biale din capital\u0103\",\"publisher\":{\"@id\":\"https:\\\/\\\/buletin.de\\\/bucuresti\\\/#organization\"},\"potentialAction\":[{\"@type\":\"SearchAction\",\"target\":{\"@type\":\"EntryPoint\",\"urlTemplate\":\"https:\\\/\\\/buletin.de\\\/bucuresti\\\/?s={search_term_string}\"},\"query-input\":{\"@type\":\"PropertyValueSpecification\",\"valueRequired\":true,\"valueName\":\"search_term_string\"}}],\"inLanguage\":\"en-GB\"},{\"@type\":\"Organization\",\"@id\":\"https:\\\/\\\/buletin.de\\\/bucuresti\\\/#organization\",\"name\":\"Buletin de Bucure\u0219ti\",\"url\":\"https:\\\/\\\/buletin.de\\\/bucuresti\\\/\",\"logo\":{\"@type\":\"ImageObject\",\"inLanguage\":\"en-GB\",\"@id\":\"https:\\\/\\\/buletin.de\\\/bucuresti\\\/#\\\/schema\\\/logo\\\/image\\\/\",\"url\":\"https:\\\/\\\/buletin.de\\\/bucuresti\\\/wp-content\\\/uploads\\\/logo-bdb-full-wide-vernil-transparent.png\",\"contentUrl\":\"https:\\\/\\\/buletin.de\\\/bucuresti\\\/wp-content\\\/uploads\\\/logo-bdb-full-wide-vernil-transparent.png\",\"width\":1782,\"height\":626,\"caption\":\"Buletin de Bucure\u0219ti\"},\"image\":{\"@id\":\"https:\\\/\\\/buletin.de\\\/bucuresti\\\/#\\\/schema\\\/logo\\\/image\\\/\"},\"sameAs\":[\"https:\\\/\\\/www.facebook.com\\\/buletin.de.buc\",\"https:\\\/\\\/www.instagram.com\\\/buletinde.bucuresti\\\/\"]},{\"@type\":\"Person\",\"@id\":\"https:\\\/\\\/buletin.de\\\/bucuresti\\\/#\\\/schema\\\/person\\\/7e46040573290777280a0835d81ea4ea\",\"name\":\"Diana Matei\",\"image\":{\"@type\":\"ImageObject\",\"inLanguage\":\"en-GB\",\"@id\":\"https:\\\/\\\/buletin.de\\\/bucuresti\\\/wp-content\\\/uploads\\\/9-2-96x96.jpg1e8590b30871d70e62ebcdaf2eff570c\",\"url\":\"https:\\\/\\\/buletin.de\\\/bucuresti\\\/wp-content\\\/uploads\\\/9-2-96x96.jpg\",\"contentUrl\":\"https:\\\/\\\/buletin.de\\\/bucuresti\\\/wp-content\\\/uploads\\\/9-2-96x96.jpg\",\"caption\":\"Diana Matei\"},\"url\":\"https:\\\/\\\/buletin.de\\\/bucuresti\\\/author\\\/dianamatei\\\/\"}]}<\/script>\n<!-- \/ Yoast SEO Premium plugin. -->","yoast_head_json":{"title":"Banii pentru repara\u0163ia pasajelor Lujerului \u015fi Obor, \u201eprin\u015fi\u201d \u00een bugetul pe anul viitor - Buletin de Bucure\u0219ti","description":"Banii pentru reconsolidarea pasajelor Lujerului \u015fi Obor, \u00een bugetul Capitalei, pentru anul 2025, promite Nicu\u015for Dan","robots":{"index":"index","follow":"follow","max-snippet":"max-snippet:-1","max-image-preview":"max-image-preview:large","max-video-preview":"max-video-preview:-1"},"canonical":"https:\/\/buletin.de\/bucuresti\/bani-pentru-reconsolidarea-pasajelor\/","og_locale":"en_GB","og_type":"article","og_title":"Banii pentru repara\u0163ia pasajelor Lujerului \u015fi Obor, \u201eprin\u015fi\u201d \u00een bugetul pe anul viitor","og_description":"Banii pentru reconsolidarea pasajelor Lujerului \u015fi Obor, \u00een bugetul Capitalei, pentru anul 2025, promite Nicu\u015for Dan","og_url":"https:\/\/buletin.de\/bucuresti\/bani-pentru-reconsolidarea-pasajelor\/","og_site_name":"Buletin de Bucure\u0219ti","article_publisher":"https:\/\/www.facebook.com\/buletin.de.buc","article_published_time":"2024-10-02T14:33:30+00:00","article_modified_time":"2024-10-02T14:33:31+00:00","og_image":[{"width":2000,"height":1500,"url":"https:\/\/buletin.de\/bucuresti\/wp-content\/uploads\/image00016-4-1.jpeg","type":"image\/jpeg"}],"author":"Diana Matei","twitter_card":"summary_large_image","twitter_misc":{"Written by":"Diana Matei","Estimated reading time":"3 minutes"},"schema":{"@context":"https:\/\/schema.org","@graph":[{"@type":"Article","@id":"https:\/\/buletin.de\/bucuresti\/bani-pentru-reconsolidarea-pasajelor\/#article","isPartOf":{"@id":"https:\/\/buletin.de\/bucuresti\/bani-pentru-reconsolidarea-pasajelor\/"},"author":{"name":"Diana Matei","@id":"https:\/\/buletin.de\/bucuresti\/#\/schema\/person\/7e46040573290777280a0835d81ea4ea"},"headline":"Banii pentru repara\u0163ia pasajelor Lujerului \u015fi Obor, \u201eprin\u015fi\u201d \u00een bugetul pe anul viitor","datePublished":"2024-10-02T14:33:30+00:00","dateModified":"2024-10-02T14:33:31+00:00","mainEntityOfPage":{"@id":"https:\/\/buletin.de\/bucuresti\/bani-pentru-reconsolidarea-pasajelor\/"},"wordCount":803,"publisher":{"@id":"https:\/\/buletin.de\/bucuresti\/#organization"},"image":{"@id":"https:\/\/buletin.de\/bucuresti\/bani-pentru-reconsolidarea-pasajelor\/#primaryimage"},"thumbnailUrl":"https:\/\/buletin.de\/bucuresti\/wp-content\/uploads\/image00016-4-1.jpeg","keywords":["nicusor dan","Pasajul Lujerului","Pasal Obor","planseul unirii","pmb","primaria sector 4"],"articleSection":["Articole","Prim\u0103rie","\u0218tiri","Transport"],"inLanguage":"en-GB","copyrightYear":"2024","copyrightHolder":{"@id":"https:\/\/buletin.de\/bucuresti\/#organization"}},{"@type":"WebPage","@id":"https:\/\/buletin.de\/bucuresti\/bani-pentru-reconsolidarea-pasajelor\/","url":"https:\/\/buletin.de\/bucuresti\/bani-pentru-reconsolidarea-pasajelor\/","name":"Banii pentru repara\u0163ia pasajelor Lujerului \u015fi Obor, \u201eprin\u015fi\u201d \u00een bugetul pe anul viitor - Buletin de Bucure\u0219ti","isPartOf":{"@id":"https:\/\/buletin.de\/bucuresti\/#website"},"primaryImageOfPage":{"@id":"https:\/\/buletin.de\/bucuresti\/bani-pentru-reconsolidarea-pasajelor\/#primaryimage"},"image":{"@id":"https:\/\/buletin.de\/bucuresti\/bani-pentru-reconsolidarea-pasajelor\/#primaryimage"},"thumbnailUrl":"https:\/\/buletin.de\/bucuresti\/wp-content\/uploads\/image00016-4-1.jpeg","datePublished":"2024-10-02T14:33:30+00:00","dateModified":"2024-10-02T14:33:31+00:00","description":"Banii pentru reconsolidarea pasajelor Lujerului \u015fi Obor, \u00een bugetul Capitalei, pentru anul 2025, promite Nicu\u015for Dan","breadcrumb":{"@id":"https:\/\/buletin.de\/bucuresti\/bani-pentru-reconsolidarea-pasajelor\/#breadcrumb"},"inLanguage":"en-GB","potentialAction":[{"@type":"ReadAction","target":["https:\/\/buletin.de\/bucuresti\/bani-pentru-reconsolidarea-pasajelor\/"]}]},{"@type":"ImageObject","inLanguage":"en-GB","@id":"https:\/\/buletin.de\/bucuresti\/bani-pentru-reconsolidarea-pasajelor\/#primaryimage","url":"https:\/\/buletin.de\/bucuresti\/wp-content\/uploads\/image00016-4-1.jpeg","contentUrl":"https:\/\/buletin.de\/bucuresti\/wp-content\/uploads\/image00016-4-1.jpeg","width":2000,"height":1500,"caption":"Bani pentru reconsolidarea Pasajelor Lujerului \u0219i Obor. FOTO: arhiv\u0103"},{"@type":"BreadcrumbList","@id":"https:\/\/buletin.de\/bucuresti\/bani-pentru-reconsolidarea-pasajelor\/#breadcrumb","itemListElement":[{"@type":"ListItem","position":1,"name":"Acas\u0103","item":"https:\/\/buletin.de\/bucuresti\/"},{"@type":"ListItem","position":2,"name":"Banii pentru repara\u0163ia pasajelor Lujerului \u015fi Obor, \u201eprin\u015fi\u201d \u00een bugetul pe anul viitor"}]},{"@type":"WebSite","@id":"https:\/\/buletin.de\/bucuresti\/#website","url":"https:\/\/buletin.de\/bucuresti\/","name":"Buletin de Bucure\u0219ti","description":"\u0218tiri \u0219i investiga\u021bii esen\u021biale din capital\u0103","publisher":{"@id":"https:\/\/buletin.de\/bucuresti\/#organization"},"potentialAction":[{"@type":"SearchAction","target":{"@type":"EntryPoint","urlTemplate":"https:\/\/buletin.de\/bucuresti\/?s={search_term_string}"},"query-input":{"@type":"PropertyValueSpecification","valueRequired":true,"valueName":"search_term_string"}}],"inLanguage":"en-GB"},{"@type":"Organization","@id":"https:\/\/buletin.de\/bucuresti\/#organization","name":"Buletin de Bucure\u0219ti","url":"https:\/\/buletin.de\/bucuresti\/","logo":{"@type":"ImageObject","inLanguage":"en-GB","@id":"https:\/\/buletin.de\/bucuresti\/#\/schema\/logo\/image\/","url":"https:\/\/buletin.de\/bucuresti\/wp-content\/uploads\/logo-bdb-full-wide-vernil-transparent.png","contentUrl":"https:\/\/buletin.de\/bucuresti\/wp-content\/uploads\/logo-bdb-full-wide-vernil-transparent.png","width":1782,"height":626,"caption":"Buletin de Bucure\u0219ti"},"image":{"@id":"https:\/\/buletin.de\/bucuresti\/#\/schema\/logo\/image\/"},"sameAs":["https:\/\/www.facebook.com\/buletin.de.buc","https:\/\/www.instagram.com\/buletinde.bucuresti\/"]},{"@type":"Person","@id":"https:\/\/buletin.de\/bucuresti\/#\/schema\/person\/7e46040573290777280a0835d81ea4ea","name":"Diana Matei","image":{"@type":"ImageObject","inLanguage":"en-GB","@id":"https:\/\/buletin.de\/bucuresti\/wp-content\/uploads\/9-2-96x96.jpg1e8590b30871d70e62ebcdaf2eff570c","url":"https:\/\/buletin.de\/bucuresti\/wp-content\/uploads\/9-2-96x96.jpg","contentUrl":"https:\/\/buletin.de\/bucuresti\/wp-content\/uploads\/9-2-96x96.jpg","caption":"Diana Matei"},"url":"https:\/\/buletin.de\/bucuresti\/author\/dianamatei\/"}]}},"authors":[{"term_id":22574,"user_id":49,"is_guest":0,"slug":"dianamatei","display_name":"Diana Matei","avatar_url":"https:\/\/buletin.de\/bucuresti\/wp-content\/uploads\/9-2-96x96.jpg","0":null,"1":"","2":"","3":"","4":"","5":"","6":"","7":"","8":""}],"_links":{"self":[{"href":"https:\/\/buletin.de\/bucuresti\/wp-json\/wp\/v2\/posts\/100549","targetHints":{"allow":["GET"]}}],"collection":[{"href":"https:\/\/buletin.de\/bucuresti\/wp-json\/wp\/v2\/posts"}],"about":[{"href":"https:\/\/buletin.de\/bucuresti\/wp-json\/wp\/v2\/types\/post"}],"author":[{"embeddable":true,"href":"https:\/\/buletin.de\/bucuresti\/wp-json\/wp\/v2\/users\/49"}],"replies":[{"embeddable":true,"href":"https:\/\/buletin.de\/bucuresti\/wp-json\/wp\/v2\/comments?post=100549"}],"version-history":[{"count":2,"href":"https:\/\/buletin.de\/bucuresti\/wp-json\/wp\/v2\/posts\/100549\/revisions"}],"predecessor-version":[{"id":100569,"href":"https:\/\/buletin.de\/bucuresti\/wp-json\/wp\/v2\/posts\/100549\/revisions\/100569"}],"wp:featuredmedia":[{"embeddable":true,"href":"https:\/\/buletin.de\/bucuresti\/wp-json\/wp\/v2\/media\/100553"}],"wp:attachment":[{"href":"https:\/\/buletin.de\/bucuresti\/wp-json\/wp\/v2\/media?parent=100549"}],"wp:term":[{"taxonomy":"category","embeddable":true,"href":"https:\/\/buletin.de\/bucuresti\/wp-json\/wp\/v2\/categories?post=100549"},{"taxonomy":"post_tag","embeddable":true,"href":"https:\/\/buletin.de\/bucuresti\/wp-json\/wp\/v2\/tags?post=100549"},{"taxonomy":"author","embeddable":true,"href":"https:\/\/buletin.de\/bucuresti\/wp-json\/wp\/v2\/ppma_author?post=100549"}],"curies":[{"name":"wp","href":"https:\/\/api.w.org\/{rel}","templated":true}]}}