{"id":100514,"date":"2024-10-02T14:12:33","date_gmt":"2024-10-02T11:12:33","guid":{"rendered":"https:\/\/buletin.de\/bucuresti\/?p=100514"},"modified":"2024-10-02T14:12:34","modified_gmt":"2024-10-02T11:12:34","slug":"politehnica-bucuresti-paseaza-studentilor-responsabilitatea-securitatii-la-incendiu-reguli-mai-stricte-dupa-incendiul-din-camin","status":"publish","type":"post","link":"https:\/\/buletin.de\/bucuresti\/politehnica-bucuresti-paseaza-studentilor-responsabilitatea-securitatii-la-incendiu-reguli-mai-stricte-dupa-incendiul-din-camin\/","title":{"rendered":"Politehnica Bucure\u0219ti paseaz\u0103 studen\u021bilor responsabilitatea securit\u0103\u021bii la incendiu. Reguli mai stricte dup\u0103 incendiul din c\u0103min"},"content":{"rendered":"\n<p><strong>Universitatea Politehnica Bucure\u0219ti paseaz\u0103 studen\u021bilor responsabilitatea securit\u0103\u021bii la incendiu \u0219i introduce o serie de reguli stricte \u00een contractul de \u00eenchiriere a camerelor de c\u0103min, scrie <a href=\"https:\/\/www.edupedu.ro\/studentii-sunt-complet-responsabili-daca-iau-foc-camerele-de-camin-si-nu-mai-au-voie-sa-foloseasca-prelungitoare-masurile-prin-care-universitatea-politehnica-bucuresti-paseaza-orice-vina-pentru-even\/\">Edupedu.ro<\/a>.<\/strong><\/p>\n\n\n\n<p>Noul contract stipuleaz\u0103, printre altele, c\u0103 studen\u021bii nu mai au voie s\u0103 foloseasc\u0103 aparate mai puternice de 1 kW, prelungitoare, aeroterme, ventilatoare, calorifere electrice sau orice alt dispozitiv suplimentar de \u00eenc\u0103lzire\/ r\u0103cire. <\/p>\n\n\n\n<p>\u00cen cazul \u00eenc\u0103lc\u0103rii regulilor, universitatea este absolvit\u0103 de r\u0103spundere.<\/p>\n\n\n\n<blockquote class=\"wp-block-quote is-layout-flow wp-block-quote-is-layout-flow\">\n<p class=\"has-medium-font-size\"><strong>\u00cen cazul nerespect\u0103rii clauzelor men\u021bionate la pct. 25, 40 \u2013 45 ale art. 5.2.2 din contract, r\u0103spunderea revine \u00een totalitate chiria\u0219ului, universitatea fiind exonerat\u0103 de r\u0103spundere pentru eventualele daune materiale, v\u0103t\u0103m\u0103ri corporale, defec\u021biuni tehnice sau accidente produse din cauza utiliz\u0103rii necorespunz\u0103toare a echipamentelor electrice sau a dep\u0103\u0219irii limitei de consum stabilite.<\/strong><\/p>\n<\/blockquote>\n\n\n\n<p>Totodat\u0103, documentul prevede \u0219i sanc\u021biuni drastice, inclusiv posibile repercursiuni penale, pentru studen\u021bii care intervin asupra instala\u021biei electrice a cl\u0103dirii.<\/p>\n\n\n\n<h2 class=\"wp-block-heading\" id=\"h-upb-paseaza-responsabilitatea-studen\u021bilor\">UPB paseaz\u0103 responsabilitatea studen\u021bilor<\/h2>\n\n\n\n<h5 class=\"wp-block-heading\" id=\"h-lista-completa-a-noilor-prevederi-potrivit-edupedu-ro\">Lista complet\u0103 a noilor prevederi, potrivit <a href=\"https:\/\/www.edupedu.ro\/studentii-sunt-complet-responsabili-daca-iau-foc-camerele-de-camin-si-nu-mai-au-voie-sa-foloseasca-prelungitoare-masurile-prin-care-universitatea-politehnica-bucuresti-paseaza-orice-vina-pentru-even\/\">Edupedu.ro<\/a>:<\/h5>\n\n\n\n<ul class=\"wp-block-list\">\n<li><em>\u201e(\u2026) este <strong>interzis\u0103 de\u0163inerea oric\u0103rui tip de aparat pentru \u00eenc\u0103lzire\/r\u0103cire suplimentar\u0103<\/strong> fa\u021b\u0103 de cele existente din construc\u021bia c\u0103minului;<\/em><\/li>\n\n\n\n<li><em>este<strong> interzis\u0103 utilizarea prelungitoarelor electrice sau a oric\u0103rui tip de dispozitiv care are ca scop cre\u0219terea num\u0103rului de prize<\/strong> disponibile \u00een camera de c\u0103min;<\/em><\/li>\n\n\n\n<li><em>este interzis\u0103 <strong>cuplarea consumatorilor <\/strong>la sursa de curent cu fire direct introduse \u00een priz\u0103 <strong>(f\u0103r\u0103 \u015ftecher) sau direct \u00een tabloul electric;<\/strong><\/em><\/li>\n\n\n\n<li><em>se interzice depozitarea de materiale, scule sau alte obiecte \u00een tablourile electrice sau pe cablurile de alimentare, pentru a se evita deteriorarea acestora;<\/em><\/li>\n\n\n\n<li><em>se interzice ca suma total\u0103 a puterilor echipamentelor electrice utilizate \u00een cadrul unei camere de c\u0103min s\u0103 dep\u0103\u0219easc\u0103<strong> puterea maxim\u0103 instalat\u0103 stabilit\u0103 la 1,00 kW pe camer\u0103 \u00ee<\/strong>n vederea asigur\u0103rii siguran\u021bei \u0219i func\u021bion\u0103rii corespunz\u0103toare a instala\u021biilor electrice din c\u0103minele universitare. Aceast\u0103 limit\u0103 este impus\u0103 pentru a preveni supra\u00eenc\u0103rcarea circuitelor electrice, care ar putea conduce la avarii, defectarea echipamentelor sau, \u00een cazuri extreme, la incendii sau alte incidente grave;<\/em><\/li>\n\n\n\n<li><em>s\u0103 se asigure c\u0103 aparatele utilizate respect\u0103 acest plafon de putere \u0219i c\u0103 instala\u021biile electrice sunt folosite \u00een mod corespunz\u0103tor. \u00cen cazul nerespect\u0103rii clauzelor men\u021bionate la pct. 25, 40 \u2013 45 ale art. 5.2.2 din contract, <strong>r\u0103spunderea revine \u00een totalitate chiria\u0219ului, universitatea fiind exonerat\u0103 de r\u0103spundere pentru eventualele daune materiale, v\u0103t\u0103m\u0103ri corporale, defec\u021biuni tehnice sau accidente produse din cauza utiliz\u0103rii necorespunz\u0103toare a echipamentelor electrice sau a dep\u0103\u0219irii limitei de consum stabilite.<\/strong><\/em>\n<ul class=\"wp-block-list\">\n<li><em>Pentru evitarea acestor riscuri, chiria\u0219ii trebuie s\u0103 utilizeze doar echipamente electrice autorizate \u0219i trebuie s\u0103 evite <strong>conectarea simultan\u0103 a mai multor dispozitive cu un consum ridicat de energie <\/strong>peste cel prev\u0103zut la pct. 44);<\/em><\/li>\n<\/ul>\n<\/li>\n\n\n\n<li><em>este interzis\u0103 <strong>orice ac\u021biune sau modificare asupra instala\u021biei electrice a cl\u0103dirii. <\/strong>Aceast\u0103 interdic\u021bie include, dar nu se limiteaz\u0103 la demontarea sau modificarea prizelor, \u00eentrerup\u0103toarelor, cablurilor sau altor componente electrice, instalarea de noi circuite, interven\u021bia asupra tablourilor de siguran\u021be sau a altor echipamente electrice care fac parte din infrastructura cl\u0103dirii;<\/em><\/li>\n\n\n\n<li><em>orice interven\u021bie neautorizat\u0103 asupra instala\u021biilor electrice constituie o \u00eenc\u0103lcare a regulamentelor de siguran\u021b\u0103 \u0219i poate duce la <strong>sanc\u021biuni severe merg\u00e2nd p\u00e2n\u0103 la evacuarea din c\u0103min \u0219i atragerea r\u0103spunderii penale sau contraven\u021bionale <\/strong>pentru faptele s\u0103v\u00e2r\u0219ite;<\/em><\/li>\n\n\n\n<li><em>\u00een cazul unor probleme legate de instala\u021bia electric\u0103 (prize defecte, \u00eentrerup\u0103toare care nu func\u021bioneaz\u0103 corect, fluctua\u021bii de tensiune), chiria\u0219ii sunt obliga\u021bi s\u0103 anun\u021be administra\u021bia c\u0103minului sau personalul responsabil de la serviciul tehnic;<\/em><\/li>\n\n\n\n<li><em><strong>s\u0103 nu g\u0103teasc\u0103 \u00een camerele sau holurile c\u0103minelor<\/strong>;<\/em><\/li>\n\n\n\n<li><em>s\u0103 p\u0103streze cur\u0103\u021benia \u00een oficiile destinate g\u0103titului \u0219i sp\u0103latului<\/em>\u201d.<\/li>\n<\/ul>\n\n\n\n<h2 class=\"wp-block-heading\" id=\"h-incendiul-din-22-septembrie\">Incendiul din 22 septembrie<\/h2>\n\n\n\n<p><strong>Noile m\u0103suri au loc \u00een contextul incendiului din 22 septembrie, c\u00e2nd una dintre camerele de c\u0103min din Regie a ars. Incidentul nu a produs victime.<\/strong><\/p>\n\n\n\n<p>La momentul respectiv, Politehnica Bucure\u0219ti a transmis c\u0103, cel mai probabil, cauza a fost un \u201eaparat electrocasnic vechi\u201d al studen\u021bilor. <\/p>\n\n\n\n<p>\u00cen acela\u0219i timp, studen\u021bii acuz\u0103 universitatea c\u0103 mu\u0219amalizeaz\u0103 starea precar\u0103 a re\u021belei electrice din c\u0103mine.<\/p>\n\n\n\n<p>Mai multe detalii, pe <a href=\"https:\/\/www.edupedu.ro\/studentii-sunt-complet-responsabili-daca-iau-foc-camerele-de-camin-si-nu-mai-au-voie-sa-foloseasca-prelungitoare-masurile-prin-care-universitatea-politehnica-bucuresti-paseaza-orice-vina-pentru-even\/\"><strong>Edupedu.ro<\/strong><\/a>.<\/p>\n\n\n\n<p><strong>CITE\u0218TE \u0218I:<\/strong> <strong><a href=\"https:\/\/buletin.de\/bucuresti\/primaria-capitalei-pregateste-un-proiect-care-va-da-liber-la-intrat-in-institutii-publice-cu-animalele-de-companie\/\">Prim\u0103ria Capitalei preg\u0103te\u015fte un proiect care va da liber la intrat \u00een institu\u0163ii publice cu animalele de companie<\/a><\/strong><\/p>\n","protected":false},"excerpt":{"rendered":"<p>Universitatea Politehnica Bucure\u0219ti paseaz\u0103 studen\u021bilor responsabilitatea securit\u0103\u021bii la incendiu \u0219i introduce o serie de reguli stricte \u00een contractul de \u00eenchiriere a camerelor de c\u0103min, scrie Edupedu.ro. Noul contract stipuleaz\u0103, printre altele, c\u0103 studen\u021bii nu mai au voie s\u0103 foloseasc\u0103 aparate mai puternice de 1 kW, prelungitoare, aeroterme, ventilatoare, calorifere electrice sau orice alt dispozitiv suplimentar [&hellip;]<\/p>\n","protected":false},"author":1,"featured_media":100543,"comment_status":"closed","ping_status":"open","sticky":false,"template":"","format":"standard","meta":{"_acf_changed":false,"inline_featured_image":false,"ngg_post_thumbnail":0,"footnotes":""},"categories":[6994,3421,62],"tags":[14162,15604,15603,481,341,15602,1489,15605,15606,1092],"ppma_author":[22583],"class_list":["post-100514","post","type-post","status-publish","format-standard","has-post-thumbnail","hentry","category-stiri-2","category-educatie","category-stiri","tag-camin-studentesc","tag-campus-regie","tag-contract-de-inchiriere-camere-de-camin","tag-educatie","tag-incendiu","tag-incendiu-regie","tag-politehnica-bucuresti","tag-securitate-la-incendiu","tag-starea-retelei-electrice","tag-studenti"],"acf":[],"yoast_head":"<!-- This site is optimized with the Yoast SEO Premium plugin v25.3 (Yoast SEO v27.5) - https:\/\/yoast.com\/product\/yoast-seo-premium-wordpress\/ -->\n<title>Politehnica Bucure\u0219ti paseaz\u0103 studen\u021bilor responsabilitatea securit\u0103\u021bii la incendiu. Reguli mai stricte dup\u0103 incendiul din c\u0103min - Buletin de Bucure\u0219ti<\/title>\n<meta name=\"description\" content=\"Universitatea Politehnica Bucure\u0219ti paseaz\u0103 studen\u021bilor responsabilitatea securit\u0103\u021bii la incendiu \u0219i introduce o serie de reguli stricte.\" \/>\n<meta name=\"robots\" content=\"index, follow, max-snippet:-1, max-image-preview:large, max-video-preview:-1\" \/>\n<link rel=\"canonical\" href=\"https:\/\/buletin.de\/bucuresti\/politehnica-bucuresti-paseaza-studentilor-responsabilitatea-securitatii-la-incendiu-reguli-mai-stricte-dupa-incendiul-din-camin\/\" \/>\n<meta property=\"og:locale\" content=\"en_GB\" \/>\n<meta property=\"og:type\" content=\"article\" \/>\n<meta property=\"og:title\" content=\"Politehnica Bucure\u0219ti paseaz\u0103 studen\u021bilor responsabilitatea securit\u0103\u021bii la incendiu. Reguli mai stricte dup\u0103 incendiul din c\u0103min\" \/>\n<meta property=\"og:description\" content=\"Universitatea Politehnica Bucure\u0219ti paseaz\u0103 studen\u021bilor responsabilitatea securit\u0103\u021bii la incendiu \u0219i introduce o serie de reguli stricte.\" \/>\n<meta property=\"og:url\" content=\"https:\/\/buletin.de\/bucuresti\/politehnica-bucuresti-paseaza-studentilor-responsabilitatea-securitatii-la-incendiu-reguli-mai-stricte-dupa-incendiul-din-camin\/\" \/>\n<meta property=\"og:site_name\" content=\"Buletin de Bucure\u0219ti\" \/>\n<meta property=\"article:publisher\" content=\"https:\/\/www.facebook.com\/buletin.de.buc\" \/>\n<meta property=\"article:published_time\" content=\"2024-10-02T11:12:33+00:00\" \/>\n<meta property=\"article:modified_time\" content=\"2024-10-02T11:12:34+00:00\" \/>\n<meta property=\"og:image\" content=\"https:\/\/buletin.de\/bucuresti\/wp-content\/uploads\/Camin.png\" \/>\n\t<meta property=\"og:image:width\" content=\"1047\" \/>\n\t<meta property=\"og:image:height\" content=\"734\" \/>\n\t<meta property=\"og:image:type\" content=\"image\/png\" \/>\n<meta name=\"author\" content=\"Redac\u021bia Buletin de Bucure\u0219ti\" \/>\n<meta name=\"twitter:card\" content=\"summary_large_image\" \/>\n<meta name=\"twitter:label1\" content=\"Written by\" \/>\n\t<meta name=\"twitter:data1\" content=\"Redac\u021bia Buletin de Bucure\u0219ti\" \/>\n\t<meta name=\"twitter:label2\" content=\"Estimated reading time\" \/>\n\t<meta name=\"twitter:data2\" content=\"3 minutes\" \/>\n<script type=\"application\/ld+json\" class=\"yoast-schema-graph\">{\"@context\":\"https:\\\/\\\/schema.org\",\"@graph\":[{\"@type\":\"Article\",\"@id\":\"https:\\\/\\\/buletin.de\\\/bucuresti\\\/politehnica-bucuresti-paseaza-studentilor-responsabilitatea-securitatii-la-incendiu-reguli-mai-stricte-dupa-incendiul-din-camin\\\/#article\",\"isPartOf\":{\"@id\":\"https:\\\/\\\/buletin.de\\\/bucuresti\\\/politehnica-bucuresti-paseaza-studentilor-responsabilitatea-securitatii-la-incendiu-reguli-mai-stricte-dupa-incendiul-din-camin\\\/\"},\"author\":{\"name\":\"Redac\u021bia Buletin de Bucure\u0219ti\",\"@id\":\"https:\\\/\\\/buletin.de\\\/bucuresti\\\/#\\\/schema\\\/person\\\/2bbcf854e5f2419a13804af574d06ab1\"},\"headline\":\"Politehnica Bucure\u0219ti paseaz\u0103 studen\u021bilor responsabilitatea securit\u0103\u021bii la incendiu. Reguli mai stricte dup\u0103 incendiul din c\u0103min\",\"datePublished\":\"2024-10-02T11:12:33+00:00\",\"dateModified\":\"2024-10-02T11:12:34+00:00\",\"mainEntityOfPage\":{\"@id\":\"https:\\\/\\\/buletin.de\\\/bucuresti\\\/politehnica-bucuresti-paseaza-studentilor-responsabilitatea-securitatii-la-incendiu-reguli-mai-stricte-dupa-incendiul-din-camin\\\/\"},\"wordCount\":750,\"publisher\":{\"@id\":\"https:\\\/\\\/buletin.de\\\/bucuresti\\\/#organization\"},\"image\":{\"@id\":\"https:\\\/\\\/buletin.de\\\/bucuresti\\\/politehnica-bucuresti-paseaza-studentilor-responsabilitatea-securitatii-la-incendiu-reguli-mai-stricte-dupa-incendiul-din-camin\\\/#primaryimage\"},\"thumbnailUrl\":\"https:\\\/\\\/buletin.de\\\/bucuresti\\\/wp-content\\\/uploads\\\/Camin.png\",\"keywords\":[\"camin studentesc\",\"campus regie\",\"contract de inchiriere camere de camin\",\"educatie\",\"incendiu\",\"incendiu regie\",\"politehnica bucuresti\",\"securitate la incendiu\",\"starea retelei electrice\",\"studenti\"],\"articleSection\":[\"Articole\",\"Educa\u021bie\",\"\u0218tiri\"],\"inLanguage\":\"en-GB\",\"copyrightYear\":\"2024\",\"copyrightHolder\":{\"@id\":\"https:\\\/\\\/buletin.de\\\/bucuresti\\\/#organization\"}},{\"@type\":\"WebPage\",\"@id\":\"https:\\\/\\\/buletin.de\\\/bucuresti\\\/politehnica-bucuresti-paseaza-studentilor-responsabilitatea-securitatii-la-incendiu-reguli-mai-stricte-dupa-incendiul-din-camin\\\/\",\"url\":\"https:\\\/\\\/buletin.de\\\/bucuresti\\\/politehnica-bucuresti-paseaza-studentilor-responsabilitatea-securitatii-la-incendiu-reguli-mai-stricte-dupa-incendiul-din-camin\\\/\",\"name\":\"Politehnica Bucure\u0219ti paseaz\u0103 studen\u021bilor responsabilitatea securit\u0103\u021bii la incendiu. Reguli mai stricte dup\u0103 incendiul din c\u0103min - Buletin de Bucure\u0219ti\",\"isPartOf\":{\"@id\":\"https:\\\/\\\/buletin.de\\\/bucuresti\\\/#website\"},\"primaryImageOfPage\":{\"@id\":\"https:\\\/\\\/buletin.de\\\/bucuresti\\\/politehnica-bucuresti-paseaza-studentilor-responsabilitatea-securitatii-la-incendiu-reguli-mai-stricte-dupa-incendiul-din-camin\\\/#primaryimage\"},\"image\":{\"@id\":\"https:\\\/\\\/buletin.de\\\/bucuresti\\\/politehnica-bucuresti-paseaza-studentilor-responsabilitatea-securitatii-la-incendiu-reguli-mai-stricte-dupa-incendiul-din-camin\\\/#primaryimage\"},\"thumbnailUrl\":\"https:\\\/\\\/buletin.de\\\/bucuresti\\\/wp-content\\\/uploads\\\/Camin.png\",\"datePublished\":\"2024-10-02T11:12:33+00:00\",\"dateModified\":\"2024-10-02T11:12:34+00:00\",\"description\":\"Universitatea Politehnica Bucure\u0219ti paseaz\u0103 studen\u021bilor responsabilitatea securit\u0103\u021bii la incendiu \u0219i introduce o serie de reguli stricte.\",\"breadcrumb\":{\"@id\":\"https:\\\/\\\/buletin.de\\\/bucuresti\\\/politehnica-bucuresti-paseaza-studentilor-responsabilitatea-securitatii-la-incendiu-reguli-mai-stricte-dupa-incendiul-din-camin\\\/#breadcrumb\"},\"inLanguage\":\"en-GB\",\"potentialAction\":[{\"@type\":\"ReadAction\",\"target\":[\"https:\\\/\\\/buletin.de\\\/bucuresti\\\/politehnica-bucuresti-paseaza-studentilor-responsabilitatea-securitatii-la-incendiu-reguli-mai-stricte-dupa-incendiul-din-camin\\\/\"]}]},{\"@type\":\"ImageObject\",\"inLanguage\":\"en-GB\",\"@id\":\"https:\\\/\\\/buletin.de\\\/bucuresti\\\/politehnica-bucuresti-paseaza-studentilor-responsabilitatea-securitatii-la-incendiu-reguli-mai-stricte-dupa-incendiul-din-camin\\\/#primaryimage\",\"url\":\"https:\\\/\\\/buletin.de\\\/bucuresti\\\/wp-content\\\/uploads\\\/Camin.png\",\"contentUrl\":\"https:\\\/\\\/buletin.de\\\/bucuresti\\\/wp-content\\\/uploads\\\/Camin.png\",\"width\":1047,\"height\":734,\"caption\":\"Politehnica Bucure\u0219ti paseaz\u0103 studen\u021bilor responsabilitatea securit\u0103\u021bii la incendiu. Foto: C\u0103min Regie\\\/ Google Street View\"},{\"@type\":\"BreadcrumbList\",\"@id\":\"https:\\\/\\\/buletin.de\\\/bucuresti\\\/politehnica-bucuresti-paseaza-studentilor-responsabilitatea-securitatii-la-incendiu-reguli-mai-stricte-dupa-incendiul-din-camin\\\/#breadcrumb\",\"itemListElement\":[{\"@type\":\"ListItem\",\"position\":1,\"name\":\"Acas\u0103\",\"item\":\"https:\\\/\\\/buletin.de\\\/bucuresti\\\/\"},{\"@type\":\"ListItem\",\"position\":2,\"name\":\"Politehnica Bucure\u0219ti paseaz\u0103 studen\u021bilor responsabilitatea securit\u0103\u021bii la incendiu. Reguli mai stricte dup\u0103 incendiul din c\u0103min\"}]},{\"@type\":\"WebSite\",\"@id\":\"https:\\\/\\\/buletin.de\\\/bucuresti\\\/#website\",\"url\":\"https:\\\/\\\/buletin.de\\\/bucuresti\\\/\",\"name\":\"Buletin de Bucure\u0219ti\",\"description\":\"\u0218tiri \u0219i investiga\u021bii esen\u021biale din capital\u0103\",\"publisher\":{\"@id\":\"https:\\\/\\\/buletin.de\\\/bucuresti\\\/#organization\"},\"potentialAction\":[{\"@type\":\"SearchAction\",\"target\":{\"@type\":\"EntryPoint\",\"urlTemplate\":\"https:\\\/\\\/buletin.de\\\/bucuresti\\\/?s={search_term_string}\"},\"query-input\":{\"@type\":\"PropertyValueSpecification\",\"valueRequired\":true,\"valueName\":\"search_term_string\"}}],\"inLanguage\":\"en-GB\"},{\"@type\":\"Organization\",\"@id\":\"https:\\\/\\\/buletin.de\\\/bucuresti\\\/#organization\",\"name\":\"Buletin de Bucure\u0219ti\",\"url\":\"https:\\\/\\\/buletin.de\\\/bucuresti\\\/\",\"logo\":{\"@type\":\"ImageObject\",\"inLanguage\":\"en-GB\",\"@id\":\"https:\\\/\\\/buletin.de\\\/bucuresti\\\/#\\\/schema\\\/logo\\\/image\\\/\",\"url\":\"https:\\\/\\\/buletin.de\\\/bucuresti\\\/wp-content\\\/uploads\\\/logo-bdb-full-wide-vernil-transparent.png\",\"contentUrl\":\"https:\\\/\\\/buletin.de\\\/bucuresti\\\/wp-content\\\/uploads\\\/logo-bdb-full-wide-vernil-transparent.png\",\"width\":1782,\"height\":626,\"caption\":\"Buletin de Bucure\u0219ti\"},\"image\":{\"@id\":\"https:\\\/\\\/buletin.de\\\/bucuresti\\\/#\\\/schema\\\/logo\\\/image\\\/\"},\"sameAs\":[\"https:\\\/\\\/www.facebook.com\\\/buletin.de.buc\",\"https:\\\/\\\/www.instagram.com\\\/buletinde.bucuresti\\\/\"]},{\"@type\":\"Person\",\"@id\":\"https:\\\/\\\/buletin.de\\\/bucuresti\\\/#\\\/schema\\\/person\\\/2bbcf854e5f2419a13804af574d06ab1\",\"name\":\"Redac\u021bia Buletin de Bucure\u0219ti\",\"image\":{\"@type\":\"ImageObject\",\"inLanguage\":\"en-GB\",\"@id\":\"https:\\\/\\\/secure.gravatar.com\\\/avatar\\\/18c5342381ed1a08620e6280424e3e5efc958618f5d67c522c9e44c1bc6f9226?s=96&d=monsterid&r=g60c7cd0ad92c68c049fcd4bb3504d609\",\"url\":\"https:\\\/\\\/secure.gravatar.com\\\/avatar\\\/18c5342381ed1a08620e6280424e3e5efc958618f5d67c522c9e44c1bc6f9226?s=96&d=monsterid&r=g\",\"contentUrl\":\"https:\\\/\\\/secure.gravatar.com\\\/avatar\\\/18c5342381ed1a08620e6280424e3e5efc958618f5d67c522c9e44c1bc6f9226?s=96&d=monsterid&r=g\",\"caption\":\"Redac\u021bia Buletin de Bucure\u0219ti\"},\"description\":\"Buletin de Bucure\u0219ti exist\u0103 din vara anului 2019.\",\"url\":\"https:\\\/\\\/buletin.de\\\/bucuresti\\\/author\\\/adminbuletin\\\/\"}]}<\/script>\n<!-- \/ Yoast SEO Premium plugin. -->","yoast_head_json":{"title":"Politehnica Bucure\u0219ti paseaz\u0103 studen\u021bilor responsabilitatea securit\u0103\u021bii la incendiu. Reguli mai stricte dup\u0103 incendiul din c\u0103min - Buletin de Bucure\u0219ti","description":"Universitatea Politehnica Bucure\u0219ti paseaz\u0103 studen\u021bilor responsabilitatea securit\u0103\u021bii la incendiu \u0219i introduce o serie de reguli stricte.","robots":{"index":"index","follow":"follow","max-snippet":"max-snippet:-1","max-image-preview":"max-image-preview:large","max-video-preview":"max-video-preview:-1"},"canonical":"https:\/\/buletin.de\/bucuresti\/politehnica-bucuresti-paseaza-studentilor-responsabilitatea-securitatii-la-incendiu-reguli-mai-stricte-dupa-incendiul-din-camin\/","og_locale":"en_GB","og_type":"article","og_title":"Politehnica Bucure\u0219ti paseaz\u0103 studen\u021bilor responsabilitatea securit\u0103\u021bii la incendiu. Reguli mai stricte dup\u0103 incendiul din c\u0103min","og_description":"Universitatea Politehnica Bucure\u0219ti paseaz\u0103 studen\u021bilor responsabilitatea securit\u0103\u021bii la incendiu \u0219i introduce o serie de reguli stricte.","og_url":"https:\/\/buletin.de\/bucuresti\/politehnica-bucuresti-paseaza-studentilor-responsabilitatea-securitatii-la-incendiu-reguli-mai-stricte-dupa-incendiul-din-camin\/","og_site_name":"Buletin de Bucure\u0219ti","article_publisher":"https:\/\/www.facebook.com\/buletin.de.buc","article_published_time":"2024-10-02T11:12:33+00:00","article_modified_time":"2024-10-02T11:12:34+00:00","og_image":[{"width":1047,"height":734,"url":"https:\/\/buletin.de\/bucuresti\/wp-content\/uploads\/Camin.png","type":"image\/png"}],"author":"Redac\u021bia Buletin de Bucure\u0219ti","twitter_card":"summary_large_image","twitter_misc":{"Written by":"Redac\u021bia Buletin de Bucure\u0219ti","Estimated reading time":"3 minutes"},"schema":{"@context":"https:\/\/schema.org","@graph":[{"@type":"Article","@id":"https:\/\/buletin.de\/bucuresti\/politehnica-bucuresti-paseaza-studentilor-responsabilitatea-securitatii-la-incendiu-reguli-mai-stricte-dupa-incendiul-din-camin\/#article","isPartOf":{"@id":"https:\/\/buletin.de\/bucuresti\/politehnica-bucuresti-paseaza-studentilor-responsabilitatea-securitatii-la-incendiu-reguli-mai-stricte-dupa-incendiul-din-camin\/"},"author":{"name":"Redac\u021bia Buletin de Bucure\u0219ti","@id":"https:\/\/buletin.de\/bucuresti\/#\/schema\/person\/2bbcf854e5f2419a13804af574d06ab1"},"headline":"Politehnica Bucure\u0219ti paseaz\u0103 studen\u021bilor responsabilitatea securit\u0103\u021bii la incendiu. Reguli mai stricte dup\u0103 incendiul din c\u0103min","datePublished":"2024-10-02T11:12:33+00:00","dateModified":"2024-10-02T11:12:34+00:00","mainEntityOfPage":{"@id":"https:\/\/buletin.de\/bucuresti\/politehnica-bucuresti-paseaza-studentilor-responsabilitatea-securitatii-la-incendiu-reguli-mai-stricte-dupa-incendiul-din-camin\/"},"wordCount":750,"publisher":{"@id":"https:\/\/buletin.de\/bucuresti\/#organization"},"image":{"@id":"https:\/\/buletin.de\/bucuresti\/politehnica-bucuresti-paseaza-studentilor-responsabilitatea-securitatii-la-incendiu-reguli-mai-stricte-dupa-incendiul-din-camin\/#primaryimage"},"thumbnailUrl":"https:\/\/buletin.de\/bucuresti\/wp-content\/uploads\/Camin.png","keywords":["camin studentesc","campus regie","contract de inchiriere camere de camin","educatie","incendiu","incendiu regie","politehnica bucuresti","securitate la incendiu","starea retelei electrice","studenti"],"articleSection":["Articole","Educa\u021bie","\u0218tiri"],"inLanguage":"en-GB","copyrightYear":"2024","copyrightHolder":{"@id":"https:\/\/buletin.de\/bucuresti\/#organization"}},{"@type":"WebPage","@id":"https:\/\/buletin.de\/bucuresti\/politehnica-bucuresti-paseaza-studentilor-responsabilitatea-securitatii-la-incendiu-reguli-mai-stricte-dupa-incendiul-din-camin\/","url":"https:\/\/buletin.de\/bucuresti\/politehnica-bucuresti-paseaza-studentilor-responsabilitatea-securitatii-la-incendiu-reguli-mai-stricte-dupa-incendiul-din-camin\/","name":"Politehnica Bucure\u0219ti paseaz\u0103 studen\u021bilor responsabilitatea securit\u0103\u021bii la incendiu. Reguli mai stricte dup\u0103 incendiul din c\u0103min - Buletin de Bucure\u0219ti","isPartOf":{"@id":"https:\/\/buletin.de\/bucuresti\/#website"},"primaryImageOfPage":{"@id":"https:\/\/buletin.de\/bucuresti\/politehnica-bucuresti-paseaza-studentilor-responsabilitatea-securitatii-la-incendiu-reguli-mai-stricte-dupa-incendiul-din-camin\/#primaryimage"},"image":{"@id":"https:\/\/buletin.de\/bucuresti\/politehnica-bucuresti-paseaza-studentilor-responsabilitatea-securitatii-la-incendiu-reguli-mai-stricte-dupa-incendiul-din-camin\/#primaryimage"},"thumbnailUrl":"https:\/\/buletin.de\/bucuresti\/wp-content\/uploads\/Camin.png","datePublished":"2024-10-02T11:12:33+00:00","dateModified":"2024-10-02T11:12:34+00:00","description":"Universitatea Politehnica Bucure\u0219ti paseaz\u0103 studen\u021bilor responsabilitatea securit\u0103\u021bii la incendiu \u0219i introduce o serie de reguli stricte.","breadcrumb":{"@id":"https:\/\/buletin.de\/bucuresti\/politehnica-bucuresti-paseaza-studentilor-responsabilitatea-securitatii-la-incendiu-reguli-mai-stricte-dupa-incendiul-din-camin\/#breadcrumb"},"inLanguage":"en-GB","potentialAction":[{"@type":"ReadAction","target":["https:\/\/buletin.de\/bucuresti\/politehnica-bucuresti-paseaza-studentilor-responsabilitatea-securitatii-la-incendiu-reguli-mai-stricte-dupa-incendiul-din-camin\/"]}]},{"@type":"ImageObject","inLanguage":"en-GB","@id":"https:\/\/buletin.de\/bucuresti\/politehnica-bucuresti-paseaza-studentilor-responsabilitatea-securitatii-la-incendiu-reguli-mai-stricte-dupa-incendiul-din-camin\/#primaryimage","url":"https:\/\/buletin.de\/bucuresti\/wp-content\/uploads\/Camin.png","contentUrl":"https:\/\/buletin.de\/bucuresti\/wp-content\/uploads\/Camin.png","width":1047,"height":734,"caption":"Politehnica Bucure\u0219ti paseaz\u0103 studen\u021bilor responsabilitatea securit\u0103\u021bii la incendiu. Foto: C\u0103min Regie\/ Google Street View"},{"@type":"BreadcrumbList","@id":"https:\/\/buletin.de\/bucuresti\/politehnica-bucuresti-paseaza-studentilor-responsabilitatea-securitatii-la-incendiu-reguli-mai-stricte-dupa-incendiul-din-camin\/#breadcrumb","itemListElement":[{"@type":"ListItem","position":1,"name":"Acas\u0103","item":"https:\/\/buletin.de\/bucuresti\/"},{"@type":"ListItem","position":2,"name":"Politehnica Bucure\u0219ti paseaz\u0103 studen\u021bilor responsabilitatea securit\u0103\u021bii la incendiu. Reguli mai stricte dup\u0103 incendiul din c\u0103min"}]},{"@type":"WebSite","@id":"https:\/\/buletin.de\/bucuresti\/#website","url":"https:\/\/buletin.de\/bucuresti\/","name":"Buletin de Bucure\u0219ti","description":"\u0218tiri \u0219i investiga\u021bii esen\u021biale din capital\u0103","publisher":{"@id":"https:\/\/buletin.de\/bucuresti\/#organization"},"potentialAction":[{"@type":"SearchAction","target":{"@type":"EntryPoint","urlTemplate":"https:\/\/buletin.de\/bucuresti\/?s={search_term_string}"},"query-input":{"@type":"PropertyValueSpecification","valueRequired":true,"valueName":"search_term_string"}}],"inLanguage":"en-GB"},{"@type":"Organization","@id":"https:\/\/buletin.de\/bucuresti\/#organization","name":"Buletin de Bucure\u0219ti","url":"https:\/\/buletin.de\/bucuresti\/","logo":{"@type":"ImageObject","inLanguage":"en-GB","@id":"https:\/\/buletin.de\/bucuresti\/#\/schema\/logo\/image\/","url":"https:\/\/buletin.de\/bucuresti\/wp-content\/uploads\/logo-bdb-full-wide-vernil-transparent.png","contentUrl":"https:\/\/buletin.de\/bucuresti\/wp-content\/uploads\/logo-bdb-full-wide-vernil-transparent.png","width":1782,"height":626,"caption":"Buletin de Bucure\u0219ti"},"image":{"@id":"https:\/\/buletin.de\/bucuresti\/#\/schema\/logo\/image\/"},"sameAs":["https:\/\/www.facebook.com\/buletin.de.buc","https:\/\/www.instagram.com\/buletinde.bucuresti\/"]},{"@type":"Person","@id":"https:\/\/buletin.de\/bucuresti\/#\/schema\/person\/2bbcf854e5f2419a13804af574d06ab1","name":"Redac\u021bia Buletin de Bucure\u0219ti","image":{"@type":"ImageObject","inLanguage":"en-GB","@id":"https:\/\/secure.gravatar.com\/avatar\/18c5342381ed1a08620e6280424e3e5efc958618f5d67c522c9e44c1bc6f9226?s=96&d=monsterid&r=g60c7cd0ad92c68c049fcd4bb3504d609","url":"https:\/\/secure.gravatar.com\/avatar\/18c5342381ed1a08620e6280424e3e5efc958618f5d67c522c9e44c1bc6f9226?s=96&d=monsterid&r=g","contentUrl":"https:\/\/secure.gravatar.com\/avatar\/18c5342381ed1a08620e6280424e3e5efc958618f5d67c522c9e44c1bc6f9226?s=96&d=monsterid&r=g","caption":"Redac\u021bia Buletin de Bucure\u0219ti"},"description":"Buletin de Bucure\u0219ti exist\u0103 din vara anului 2019.","url":"https:\/\/buletin.de\/bucuresti\/author\/adminbuletin\/"}]}},"authors":[{"term_id":22583,"user_id":1,"is_guest":0,"slug":"adminbuletin","display_name":"Redac\u021bia Buletin de Bucure\u0219ti","avatar_url":"https:\/\/secure.gravatar.com\/avatar\/18c5342381ed1a08620e6280424e3e5efc958618f5d67c522c9e44c1bc6f9226?s=96&d=monsterid&r=g","0":null,"1":"","2":"","3":"","4":"","5":"","6":"","7":"","8":""}],"_links":{"self":[{"href":"https:\/\/buletin.de\/bucuresti\/wp-json\/wp\/v2\/posts\/100514","targetHints":{"allow":["GET"]}}],"collection":[{"href":"https:\/\/buletin.de\/bucuresti\/wp-json\/wp\/v2\/posts"}],"about":[{"href":"https:\/\/buletin.de\/bucuresti\/wp-json\/wp\/v2\/types\/post"}],"author":[{"embeddable":true,"href":"https:\/\/buletin.de\/bucuresti\/wp-json\/wp\/v2\/users\/1"}],"replies":[{"embeddable":true,"href":"https:\/\/buletin.de\/bucuresti\/wp-json\/wp\/v2\/comments?post=100514"}],"version-history":[{"count":5,"href":"https:\/\/buletin.de\/bucuresti\/wp-json\/wp\/v2\/posts\/100514\/revisions"}],"predecessor-version":[{"id":100547,"href":"https:\/\/buletin.de\/bucuresti\/wp-json\/wp\/v2\/posts\/100514\/revisions\/100547"}],"wp:featuredmedia":[{"embeddable":true,"href":"https:\/\/buletin.de\/bucuresti\/wp-json\/wp\/v2\/media\/100543"}],"wp:attachment":[{"href":"https:\/\/buletin.de\/bucuresti\/wp-json\/wp\/v2\/media?parent=100514"}],"wp:term":[{"taxonomy":"category","embeddable":true,"href":"https:\/\/buletin.de\/bucuresti\/wp-json\/wp\/v2\/categories?post=100514"},{"taxonomy":"post_tag","embeddable":true,"href":"https:\/\/buletin.de\/bucuresti\/wp-json\/wp\/v2\/tags?post=100514"},{"taxonomy":"author","embeddable":true,"href":"https:\/\/buletin.de\/bucuresti\/wp-json\/wp\/v2\/ppma_author?post=100514"}],"curies":[{"name":"wp","href":"https:\/\/api.w.org\/{rel}","templated":true}]}}