{"id":10025,"date":"2020-08-05T11:29:06","date_gmt":"2020-08-05T08:29:06","guid":{"rendered":"https:\/\/buletin.de\/bucuresti\/?p=10025"},"modified":"2020-09-15T17:01:24","modified_gmt":"2020-09-15T14:01:24","slug":"cum-isi-face-publicitate-primaria-sector-1-in-precampanie-electorala-cu-teste-covid19-gratiute-dar-neomogolate","status":"publish","type":"post","link":"https:\/\/buletin.de\/bucuresti\/cum-isi-face-publicitate-primaria-sector-1-in-precampanie-electorala-cu-teste-covid19-gratiute-dar-neomogolate\/","title":{"rendered":"Cum \u00ee\u0219i face publicitate Prim\u0103ria Sector 1, \u00een precampanie electoral\u0103, cu teste COVID19 gratuite, dar neomogolate"},"content":{"rendered":"\n<div class=\"wp-block-group\"><div class=\"wp-block-group__inner-container is-layout-flow wp-block-group-is-layout-flow\">\n<div class=\"wp-block-image\"><figure class=\"aligncenter size-large is-resized\"><a href=\"https:\/\/activecitizensfund.ro\" target=\"_blank\" rel=\"noopener noreferrer\"><img fetchpriority=\"high\" decoding=\"async\" src=\"data:image\/gif;base64,R0lGODlhAQABAAAAACH5BAEKAAEALAAAAAABAAEAAAICTAEAOw==\" data-src=\"https:\/\/buletin.de\/bucuresti\/wp-content\/uploads\/Active-citizens-fund@4x-1-900x316.png\" alt=\"\" class=\"wp-image-11980 lazyload\" width=\"450\" height=\"158\" data-sizes=\"auto\" data-srcset=\"https:\/\/buletin.de\/bucuresti\/wp-content\/uploads\/Active-citizens-fund@4x-1-900x316.png 900w, https:\/\/buletin.de\/bucuresti\/wp-content\/uploads\/Active-citizens-fund@4x-1-300x105.png 300w, https:\/\/buletin.de\/bucuresti\/wp-content\/uploads\/Active-citizens-fund@4x-1-768x270.png 768w, https:\/\/buletin.de\/bucuresti\/wp-content\/uploads\/Active-citizens-fund@4x-1-1536x539.png 1536w, https:\/\/buletin.de\/bucuresti\/wp-content\/uploads\/Active-citizens-fund@4x-1-2048x719.png 2048w, https:\/\/buletin.de\/bucuresti\/wp-content\/uploads\/Active-citizens-fund@4x-1-1060x372.png 1060w, https:\/\/buletin.de\/bucuresti\/wp-content\/uploads\/Active-citizens-fund@4x-1-550x193.png 550w, https:\/\/buletin.de\/bucuresti\/wp-content\/uploads\/Active-citizens-fund@4x-1-1425x500.png 1425w, https:\/\/buletin.de\/bucuresti\/wp-content\/uploads\/Active-citizens-fund@4x-1-1920x674.png 1920w, https:\/\/buletin.de\/bucuresti\/wp-content\/uploads\/Active-citizens-fund@4x-1-600x211.png 600w\" sizes=\"(max-width: 450px) 100vw, 450px\" \/><\/a><\/figure><\/div>\n\n\n\n<div style=\"height:20px\" aria-hidden=\"true\" class=\"wp-block-spacer\"><\/div>\n<\/div><\/div>\n\n\n\n<p><strong>Prim\u0103ria Sectorului 1 a anun\u021bat printr-un <a href=\"https:\/\/www.primariasector1.ro\/articole\/citeste\/comunicate-presa\/1881\/locuiti-legal-in-sectorul-1-avem-trei-vesti-bune-pentru-voi\">comunicat oficial<\/a> c\u0103, din 3 august face test\u0103ri de Covid-19 gratuite la Complexul Multifunc\u021bional Caraiman pentru cele 500 de persoane din Sectorul 1 selec\u021bionate de Administra\u021bia Spitalelor \u0219i Serviciilor Medicale Bucure\u0219ti (ASSMB). Numai c\u0103, socoteala de pe site nu se potrive\u0219te cu cea de la telefon. Singura condi\u021bie ca s\u0103 beneficiezi de serviciile gratuite ale Prim\u0103riei Sectorului 1, prin Centrul Caraiman, este s\u0103 ai buletin de Sector 1. Cum au devenit o obi\u0219nuin\u021b\u0103 test\u0103rile pe banii statului, nu mai e o noutate c\u0103 se mai adaug\u0103 o prim\u0103rie pe lista celor darnice \u00een buz\u0103 de alegeri. Surpriza vine din alt\u0103 parte &#8211; Centrul Caraiman NU este acreditat de ministerul S\u0103n\u0103t\u0103\u021bii s\u0103 fac\u0103 teste COVID19, deci ele, spun speciali\u0219tii, nu au nicio valoare. <\/strong><\/p>\n\n\n\n<p>Povestea test\u0103rilor de la Centrul Caraiman \u00eencepe cu postarea unei vedete TV, Mirela Vaida.  Aceasta mersese la testare dup\u0103 ce doi invita\u021bi controversa\u021bi ai emisiunii fuseser\u0103 depista\u021bi cu Covid19. <\/p>\n\n\n\n<figure class=\"wp-block-embed-facebook wp-block-embed is-type-rich is-provider-facebook\"><div class=\"wp-block-embed__wrapper\">\nhttps:\/\/www.facebook.com\/1519769408270813\/posts\/2624070567840686\/\n<\/div><\/figure>\n\n\n\n<p> Pe 24  iulie, aceasta anun\u021b\u0103 cu nu este infectat\u0103 cu COVID 19 \u0219i public\u0103 un buletin de analize medicale emis de Centrul Multifunc\u021bional Caraiman, prin care se arat\u0103 c\u0103 nu are nici anticorpi COVID 19 \u0219i c\u0103 i s-a f\u0103cut \u0219i analiza exsudatului faringian. <\/p>\n\n\n\n<figure class=\"wp-block-image size-large\"><img decoding=\"async\" width=\"675\" height=\"900\" src=\"data:image\/gif;base64,R0lGODlhAQABAAAAACH5BAEKAAEALAAAAAABAAEAAAICTAEAOw==\" data-src=\"https:\/\/buletin.de\/bucuresti\/wp-content\/uploads\/110313172_227528391698016_4576946538161316637_n-1-675x900.jpg\" alt=\"\" class=\"wp-image-10041 lazyload\" data-sizes=\"auto\" data-srcset=\"https:\/\/buletin.de\/bucuresti\/wp-content\/uploads\/110313172_227528391698016_4576946538161316637_n-1-675x900.jpg 675w, https:\/\/buletin.de\/bucuresti\/wp-content\/uploads\/110313172_227528391698016_4576946538161316637_n-1-600x800.jpg 600w, https:\/\/buletin.de\/bucuresti\/wp-content\/uploads\/110313172_227528391698016_4576946538161316637_n-1-225x300.jpg 225w, https:\/\/buletin.de\/bucuresti\/wp-content\/uploads\/110313172_227528391698016_4576946538161316637_n-1-550x733.jpg 550w, https:\/\/buletin.de\/bucuresti\/wp-content\/uploads\/110313172_227528391698016_4576946538161316637_n-1-375x500.jpg 375w, https:\/\/buletin.de\/bucuresti\/wp-content\/uploads\/110313172_227528391698016_4576946538161316637_n-1.jpg 720w\" sizes=\"(max-width: 675px) 100vw, 675px\" \/><figcaption>Rezultatul testului COVID-19 f\u0103cut de Mirela Vaida <br><\/figcaption><\/figure>\n\n\n\n<p>10 zile mai t\u00e2rziu, Prim\u0103ria d\u0103 verde de test\u0103rile pentru public la acela\u0219i Centru Multifunc\u021bional Caraiman. Condi\u021bia invocat\u0103 era s\u0103 fii pe lista \u00eentocmit\u0103 de Gabriela Firea pentru test\u0103ri. Am verificat Complexul Multifunc\u021bional Caraiman nu se afl\u0103 pe <a href=\"http:\/\/www.ms.ro\/centre-testare\/\">lista<\/a> centrelor de testare acreditate de Ministerul S\u0103n\u0103t\u0103\u021bii. Documentul, publicat pe 15 iulie nu con\u021bine numele institu\u021biei aflate \u00een subordinea Prim\u0103riei Sectorului 1. <\/p>\n\n\n\n<figure class=\"wp-block-gallery columns-1 is-cropped wp-block-gallery-1 is-layout-flex wp-block-gallery-is-layout-flex\"><ul class=\"blocks-gallery-grid\"><li class=\"blocks-gallery-item\"><figure><img decoding=\"async\" width=\"900\" height=\"249\" src=\"data:image\/gif;base64,R0lGODlhAQABAAAAACH5BAEKAAEALAAAAAABAAEAAAICTAEAOw==\" data-src=\"https:\/\/buletin.de\/bucuresti\/wp-content\/uploads\/Screenshot_2020-08-04_15-50-03-900x249.png\" alt=\"\" data-id=\"10033\" data-full-url=\"https:\/\/buletin.de\/bucuresti\/wp-content\/uploads\/Screenshot_2020-08-04_15-50-03.png\" data-link=\"https:\/\/buletin.de\/bucuresti\/?attachment_id=10033\" class=\"wp-image-10033 lazyload\" data-sizes=\"auto\" data-srcset=\"https:\/\/buletin.de\/bucuresti\/wp-content\/uploads\/Screenshot_2020-08-04_15-50-03-900x249.png 900w, https:\/\/buletin.de\/bucuresti\/wp-content\/uploads\/Screenshot_2020-08-04_15-50-03-600x166.png 600w, https:\/\/buletin.de\/bucuresti\/wp-content\/uploads\/Screenshot_2020-08-04_15-50-03-300x83.png 300w, https:\/\/buletin.de\/bucuresti\/wp-content\/uploads\/Screenshot_2020-08-04_15-50-03-768x212.png 768w, https:\/\/buletin.de\/bucuresti\/wp-content\/uploads\/Screenshot_2020-08-04_15-50-03-1060x293.png 1060w, https:\/\/buletin.de\/bucuresti\/wp-content\/uploads\/Screenshot_2020-08-04_15-50-03-550x152.png 550w, https:\/\/buletin.de\/bucuresti\/wp-content\/uploads\/Screenshot_2020-08-04_15-50-03.png 1282w\" sizes=\"(max-width: 900px) 100vw, 900px\" \/><\/figure><\/li><\/ul><\/figure>\n\n\n\n<p class=\"has-large-font-size\"><strong>Programarea<\/strong><\/p>\n\n\n\n<p>Am vrut s\u0103 verific\u0103m cum func\u021bioneaz\u0103 povestea \u0219i dac\u0103 e nevoie s\u0103 fim, \u00eentr-adev\u0103r, pe lista cu 500 de persoane stabilit\u0103 de ASSMB. Am sunat la num\u0103rul pentru program\u0103ri postat de Prim\u0103ria Sectorului 1. Ini\u021bial, ni s-a spus c\u0103 centrul este acreditat, apoi, la insisten\u021bele noastre, am aflat c\u0103 testele sunt folosite doar pentru uz prorpriu. <\/p>\n\n\n\n<p>R:<strong> Bun\u0103 ziua! M\u0103 numesc Florin \u0219i locuiesc \u00een cartierul avia\u021biei \u0219i ieri a venit mama la mine de la gala\u021bi \u0219i am vrea s\u0103 facem 2 teste covid la dumneavoastra, c\u00e2t cost\u0103?<\/strong> <br>RP: <em>Dumneavoastr\u0103 ave\u021bi buletin pe sectorul 1, da?<\/em> <br>R:<strong> Da<br><\/strong>RP:<strong> <\/strong><em>\u0218i D\u00e2nsa?<\/em> <br>R:<strong> Ea pe Gala\u021bi<\/strong><br>RP: <em>No, d\u00e2nsa nu poate s\u0103 vin\u0103, sunt numai pentru locuitorii sectorului 1. \u0218i vre\u021bi test, c\u00e2nd vre\u021bi dumneavoastr\u0103 s\u0103 veni\u021bi, ast\u0103zi p\u00e2n\u0103 la 13:00 sau \u00een fiecare zi de la 08:00 la 13:00, sau v\u0103 trec m\u00e2ine, c\u00e2nd vre\u021bi s\u0103 v\u0103 trec?<\/em><br>R: <strong>Deci, \u00een fiecare zi de la 08:00 la 13:00, trebuie s\u0103 mai discut \u0219i cu mama treburile astea, dar m-ar interesa \u0219i c\u00e2t cost\u0103 un test la dumneavoastr\u0103.<\/strong><br>RP: <em>Nu cost\u0103, pentru locuitorii sectorului 1 sunt testele gratuite, dar nu sunt cele cu care pute\u021bi dumneavoastr\u0103 grani\u021ba pentru plecare \u00een concediu \u0219i nici nu \u0219tiu dac\u0103 ave\u021bi vreo spitalizare ceva dac\u0103 v\u0103 folose\u0219te. E numai pur \u0219i spimplu, testul rapid care nu este recunoscut la trecerea peste grani\u021b\u0103, numai s\u0103 afla\u021bi dumneavoastr\u0103 dac\u0103 sunte\u021bi infectat, da?<\/em> <br>R: <strong>\u0218i clinica e acreditat\u0103?<\/strong> <br>RP: <em>Da, bine\u00een\u021beles.<\/em><br>R: <strong>Ok, bun.<\/strong> <br>RP:<em> Spune\u021bi, v\u0103 trec pentru m\u00e2ine, c\u00e2nd v\u0103 trec?<\/em> <br>R: <strong>Revin \u00een scurt timp cu un apel la dumneavoastr\u0103 s\u0103 discut \u0219i cu mama \u0219i revin.<\/strong><br>RP: <em>Bine, v\u0103 a\u0219tept\u0103m, s\u0103n\u0103tate!<\/em><br>R: <strong>La revedere!<\/strong><\/p>\n\n\n\n<figure class=\"wp-block-audio\"><audio controls src=\"https:\/\/buletin.de\/bucuresti\/wp-content\/uploads\/sunet.mp3\"><\/audio><figcaption>Discu\u021bia telefonic\u0103 cu persoana care se ocup\u0103 de program\u0103ri din partea Compexului Caraiman<\/figcaption><\/figure>\n\n\n\n<p class=\"has-large-font-size\"><strong>Reac\u021biile <\/strong><\/p>\n\n\n\n<p><\/p>\n\n\n\n<p>Am \u00eencercat s\u0103 afl\u0103m ce se \u00eent\u00e2mpl\u0103 de fapt, a\u0219a c\u0103 am contactat conducerea Complexului Caraiman pentru a afla detalii despre cum func\u021bioneaz\u0103 procedura de testare \u0219i dac\u0103 au acreditare. Directoarea ne-a spus c\u0103 e \u00een concediu medical p\u00e2n\u0103 \u00een 12 august, iar persoana care se ocup\u0103 de comunicare cu presa are concediu 2 zile. <\/p>\n\n\n\n<p>Am ajuns la Petru\u021ba Ulmeanu,una dintre persoanele care coordoneaz\u0103 Complexul Caraiman din partea Prim\u0103riei Sectorului 1, care a declarat pentru Buletin de Bucure\u0219ti c\u0103 nu exist\u0103 acreditare pentru Complexul Multifunc\u021bional Caraiman. <\/p>\n\n\n\n<blockquote class=\"wp-block-quote is-layout-flow wp-block-quote-is-layout-flow\"><p>Nu avem acreditare pentru c\u0103 noi suntem pe social, nu medical, noi nu primim bani, \u00een\u021belege\u021bi? Toate serviciile medicale se ofer\u0103 gratuit nu sunt pl\u0103tite. (&#8230;) Dac\u0103 vre\u021bi s\u0103 pleca\u021bi \u00een str\u0103in\u0103tate nu este valabil, este doar orientativ. Personalul a fost instruit la Matei Bal\u0219. Testarea publicului larg nu a \u00eenceput \u00eenc\u0103, am testat doar angaja\u021bii no\u0219tri din centrele reziden\u021biale, azile de b\u0103tr\u00e2ni \u0219i tineri institu\u021bionaliza\u021bi. Teste rapide s-au mai f\u0103cut \u0219i pentru publicul larg, dar acestea au o probabilitate foarte sc\u0103zut\u0103, dar testare \u00een mas\u0103 nu s-a f\u0103cut. <\/p><cite>A mai spus Petru\u021ba Ulmeanu <\/cite><\/blockquote>\n\n\n\n<p class=\"has-large-font-size\"><strong>Ce spun speciali\u0219tii<\/strong><\/p>\n\n\n\n<p>Pentru a vedea care este valoarea medical\u0103 a testelor f\u0103cute de o clinic\u0103 neacreditat\u0103 l-am contactat pe Adrian Marinescu, medic infec\u021bionist de la Institutul Bal\u0219. <\/p>\n\n\n\n<blockquote class=\"wp-block-quote is-layout-flow wp-block-quote-is-layout-flow\"><p>Un laborator trebuie s\u0103 aib\u0103 acreditare, dac\u0103 nu are acreditare \u00eencrederea \u00een acel laborator e mic\u0103, e doar a\u0219a de orientare. Dac\u0103 laboratorul nu are acreditare, nu este de \u00eencredere, nu ai cum s\u0103-l urm\u0103re\u0219ti sau monitorizezi. (&#8230;) Dac\u0103 este un rezultat pozitiv trebuie s\u0103 se fac\u0103 retestarea \u00eentr-un laborator acreditat. Nu mi se pare logic\u0103 o astfel de abordare. <\/p><cite>A mai spus Adrian Marinescu <br><\/cite><\/blockquote>\n\n\n\n<p>Am contactat-o \u0219i pe vedeta TV, dar aceasta nu a dorit s\u0103 ne dea am\u0103nunte despre cum a ajuns s\u0103 se testeze la Centrul Caraiman. Pentru orice r\u0103spuns ne-a trimis la PR-ul Antena 1. <\/p>\n\n\n\n<p>Sursa Foto: Facebook\/Complexul Multifunc\u021bional Caraiman<\/p>\n\n\n\n<div style=\"height:40px\" aria-hidden=\"true\" class=\"wp-block-spacer\"><\/div>\n\n\n\n<style>\n.disclaimerACF {\ndisplay: block;\nmax-width: 550px;\nmargin-top:-10px;\nmargin-left:auto;\nmargin-right:auto;\n}\n<\/style>\n\n\n\n<p class=\"disclaimerACF has-small-font-size\">Acest articol face parte din <strong><a href=\"https:\/\/buletin.de\/bucuresti\/buletin-de-bucuresti-in-pandemie\/\" data-type=\"URL\" data-id=\"https:\/\/buletin.de\/bucuresti\/buletin-de-bucuresti-in-pandemie\/\" target=\"_blank\" rel=\"noreferrer noopener\">\u201eBuletin de Bucure\u0219ti \u00een pandemie&#8221;<\/a>, <\/strong>o serie \u00een care investig\u0103m achizi\u021biile publice din jude\u021bul Ilfov \u0219i Bucure\u0219ti, \u00een contextul pandemiei Covid-19<\/p>\n\n\n\n<p class=\"has-text-align-left disclaimerACF\" style=\"font-size:12px\"><em>Proiect derulat de Asocia\u021bia Funky Citizens cu sprijinul financiar <a rel=\"noreferrer noopener\" aria-label=\"Active Citizens Fund Rom\u00e2nia (opens in a new tab)\" href=\"https:\/\/activecitizensfund.ro\" target=\"_blank\">Active Citizens Fund Rom\u00e2nia<\/a>, program finan\u021bat de Islanda, Liechtenstein \u0219i Norvegia prin Granturile SEE 2014-2021. Con\u021binutul acestui material nu reprezint\u0103 \u00een mod necesar pozi\u021bia oficial\u0103 a Granturilor SEE \u0219i Norvegiene 2014-2021; pentru mai multe informa\u021bii accesa\u021bi <a href=\"http:\/\/www.eeagrants.org\">www.eeagrants.org<\/a>. Informa\u021bii suplimentare pot fi g\u0103site pe paginile web&nbsp;<a href=\"http:\/\/www.activecitizensfund.ro\/\">www.activecitizensfund.ro<\/a>&nbsp;\u0219i&nbsp;<a href=\"http:\/\/www.eeagrants.org\/\">www.eeagrants.org<\/a>.<\/em><\/p>\n\n\n\n<p class=\"has-text-align-center\"><strong>Lucr\u0103m \u00eempreun\u0103 pentru o Europ\u0103&nbsp;<span style=\"color:#009b75\" class=\"has-inline-color\">verde<\/span>,&nbsp;<span style=\"color:#df4d3e\">competitiv\u0103<\/span>&nbsp;\u0219i&nbsp;<span style=\"color:#006ca7\">incluziv\u0103<\/span><\/strong>.<\/p>\n\n\n\n<p class=\"has-text-align-center\">Proiect derulat de<\/p>\n\n\n\n<div style=\"margin-top: -30px;\" class=\"wp-block-image\"><figure class=\"aligncenter size-large is-resized\"><img decoding=\"async\" src=\"data:image\/gif;base64,R0lGODlhAQABAAAAACH5BAEKAAEALAAAAAABAAEAAAICTAEAOw==\" data-src=\"https:\/\/buletin.de\/bucuresti\/wp-content\/uploads\/logo-funky-citizens-2016-1.png\" alt=\"\" class=\"wp-image-10395 lazyload\" width=\"200\" height=\"NaN\" data-sizes=\"auto\" data-srcset=\"https:\/\/buletin.de\/bucuresti\/wp-content\/uploads\/logo-funky-citizens-2016-1.png 650w, https:\/\/buletin.de\/bucuresti\/wp-content\/uploads\/logo-funky-citizens-2016-1-600x277.png 600w, https:\/\/buletin.de\/bucuresti\/wp-content\/uploads\/logo-funky-citizens-2016-1-300x138.png 300w, https:\/\/buletin.de\/bucuresti\/wp-content\/uploads\/logo-funky-citizens-2016-1-550x254.png 550w\" sizes=\"(max-width: 650px) 100vw, 650px\" \/><\/figure><\/div>\n","protected":false},"excerpt":{"rendered":"<p>Prim\u0103ria Sectorului 1 a anun\u021bat printr-un comunicat oficial c\u0103, din 3 august face test\u0103ri de Covid-19 gratuite la Complexul Multifunc\u021bional Caraiman pentru cele 500 de persoane din Sectorul 1 selec\u021bionate de Administra\u021bia Spitalelor \u0219i Serviciilor Medicale Bucure\u0219ti (ASSMB). Numai c\u0103, socoteala de pe site nu se potrive\u0219te cu cea de la telefon. Singura condi\u021bie ca [&hellip;]<\/p>\n","protected":false},"author":17,"featured_media":10045,"comment_status":"closed","ping_status":"open","sticky":false,"template":"","format":"standard","meta":{"_acf_changed":false,"inline_featured_image":false,"ngg_post_thumbnail":0,"footnotes":""},"categories":[1585],"tags":[],"ppma_author":[22576],"class_list":["post-10025","post","type-post","status-publish","format-standard","has-post-thumbnail","hentry","category-buletin-de-bucuresti-in-pandemie"],"acf":[],"yoast_head":"<!-- This site is optimized with the Yoast SEO Premium plugin v25.3 (Yoast SEO v27.4) - https:\/\/yoast.com\/product\/yoast-seo-premium-wordpress\/ -->\n<title>Cum \u00ee\u0219i face publicitate Prim\u0103ria Sector 1, \u00een precampanie electoral\u0103, cu teste COVID19 gratuite, dar neomogolate - Buletin de Bucure\u0219ti<\/title>\n<meta name=\"robots\" content=\"index, follow, max-snippet:-1, max-image-preview:large, max-video-preview:-1\" \/>\n<link rel=\"canonical\" href=\"https:\/\/buletin.de\/bucuresti\/cum-isi-face-publicitate-primaria-sector-1-in-precampanie-electorala-cu-teste-covid19-gratiute-dar-neomogolate\/\" \/>\n<meta property=\"og:locale\" content=\"en_GB\" \/>\n<meta property=\"og:type\" content=\"article\" \/>\n<meta property=\"og:title\" content=\"Cum \u00ee\u0219i face publicitate Prim\u0103ria Sector 1, \u00een precampanie electoral\u0103, cu teste COVID19 gratuite, dar neomogolate\" \/>\n<meta property=\"og:description\" content=\"Prim\u0103ria Sectorului 1 a anun\u021bat printr-un comunicat oficial c\u0103, din 3 august face test\u0103ri de Covid-19 gratuite la Complexul Multifunc\u021bional Caraiman pentru cele 500 de persoane din Sectorul 1 selec\u021bionate de Administra\u021bia Spitalelor \u0219i Serviciilor Medicale Bucure\u0219ti (ASSMB). Numai c\u0103, socoteala de pe site nu se potrive\u0219te cu cea de la telefon. Singura condi\u021bie ca [&hellip;]\" \/>\n<meta property=\"og:url\" content=\"https:\/\/buletin.de\/bucuresti\/cum-isi-face-publicitate-primaria-sector-1-in-precampanie-electorala-cu-teste-covid19-gratiute-dar-neomogolate\/\" \/>\n<meta property=\"og:site_name\" content=\"Buletin de Bucure\u0219ti\" \/>\n<meta property=\"article:publisher\" content=\"https:\/\/www.facebook.com\/buletin.de.buc\" \/>\n<meta property=\"article:published_time\" content=\"2020-08-05T08:29:06+00:00\" \/>\n<meta property=\"article:modified_time\" content=\"2020-09-15T14:01:24+00:00\" \/>\n<meta property=\"og:image\" content=\"https:\/\/buletin.de\/bucuresti\/wp-content\/uploads\/117326299_293282885426644_4838897627185433680_n.jpg\" \/>\n\t<meta property=\"og:image:width\" content=\"420\" \/>\n\t<meta property=\"og:image:height\" content=\"280\" \/>\n\t<meta property=\"og:image:type\" content=\"image\/jpeg\" \/>\n<meta name=\"author\" content=\"Florin R\u00e2\u0219teiu\" \/>\n<meta name=\"twitter:card\" content=\"summary_large_image\" \/>\n<meta name=\"twitter:label1\" content=\"Written by\" \/>\n\t<meta name=\"twitter:data1\" content=\"Florin R\u00e2\u0219teiu\" \/>\n\t<meta name=\"twitter:label2\" content=\"Estimated reading time\" \/>\n\t<meta name=\"twitter:data2\" content=\"5 minutes\" \/>\n<script type=\"application\/ld+json\" class=\"yoast-schema-graph\">{\"@context\":\"https:\\\/\\\/schema.org\",\"@graph\":[{\"@type\":\"Article\",\"@id\":\"https:\\\/\\\/buletin.de\\\/bucuresti\\\/cum-isi-face-publicitate-primaria-sector-1-in-precampanie-electorala-cu-teste-covid19-gratiute-dar-neomogolate\\\/#article\",\"isPartOf\":{\"@id\":\"https:\\\/\\\/buletin.de\\\/bucuresti\\\/cum-isi-face-publicitate-primaria-sector-1-in-precampanie-electorala-cu-teste-covid19-gratiute-dar-neomogolate\\\/\"},\"author\":{\"name\":\"Florin R\u00e2\u0219teiu\",\"@id\":\"https:\\\/\\\/buletin.de\\\/bucuresti\\\/#\\\/schema\\\/person\\\/b0686d7a8b666c6afc78239777fd8a89\"},\"headline\":\"Cum \u00ee\u0219i face publicitate Prim\u0103ria Sector 1, \u00een precampanie electoral\u0103, cu teste COVID19 gratuite, dar neomogolate\",\"datePublished\":\"2020-08-05T08:29:06+00:00\",\"dateModified\":\"2020-09-15T14:01:24+00:00\",\"mainEntityOfPage\":{\"@id\":\"https:\\\/\\\/buletin.de\\\/bucuresti\\\/cum-isi-face-publicitate-primaria-sector-1-in-precampanie-electorala-cu-teste-covid19-gratiute-dar-neomogolate\\\/\"},\"wordCount\":989,\"publisher\":{\"@id\":\"https:\\\/\\\/buletin.de\\\/bucuresti\\\/#organization\"},\"image\":{\"@id\":\"https:\\\/\\\/buletin.de\\\/bucuresti\\\/cum-isi-face-publicitate-primaria-sector-1-in-precampanie-electorala-cu-teste-covid19-gratiute-dar-neomogolate\\\/#primaryimage\"},\"thumbnailUrl\":\"https:\\\/\\\/buletin.de\\\/bucuresti\\\/wp-content\\\/uploads\\\/117326299_293282885426644_4838897627185433680_n.jpg\",\"articleSection\":[\"Buletin de Bucure\u0219ti \u00een pandemie\"],\"inLanguage\":\"en-GB\",\"copyrightYear\":\"2020\",\"copyrightHolder\":{\"@id\":\"https:\\\/\\\/buletin.de\\\/bucuresti\\\/#organization\"}},{\"@type\":\"WebPage\",\"@id\":\"https:\\\/\\\/buletin.de\\\/bucuresti\\\/cum-isi-face-publicitate-primaria-sector-1-in-precampanie-electorala-cu-teste-covid19-gratiute-dar-neomogolate\\\/\",\"url\":\"https:\\\/\\\/buletin.de\\\/bucuresti\\\/cum-isi-face-publicitate-primaria-sector-1-in-precampanie-electorala-cu-teste-covid19-gratiute-dar-neomogolate\\\/\",\"name\":\"Cum \u00ee\u0219i face publicitate Prim\u0103ria Sector 1, \u00een precampanie electoral\u0103, cu teste COVID19 gratuite, dar neomogolate - Buletin de Bucure\u0219ti\",\"isPartOf\":{\"@id\":\"https:\\\/\\\/buletin.de\\\/bucuresti\\\/#website\"},\"primaryImageOfPage\":{\"@id\":\"https:\\\/\\\/buletin.de\\\/bucuresti\\\/cum-isi-face-publicitate-primaria-sector-1-in-precampanie-electorala-cu-teste-covid19-gratiute-dar-neomogolate\\\/#primaryimage\"},\"image\":{\"@id\":\"https:\\\/\\\/buletin.de\\\/bucuresti\\\/cum-isi-face-publicitate-primaria-sector-1-in-precampanie-electorala-cu-teste-covid19-gratiute-dar-neomogolate\\\/#primaryimage\"},\"thumbnailUrl\":\"https:\\\/\\\/buletin.de\\\/bucuresti\\\/wp-content\\\/uploads\\\/117326299_293282885426644_4838897627185433680_n.jpg\",\"datePublished\":\"2020-08-05T08:29:06+00:00\",\"dateModified\":\"2020-09-15T14:01:24+00:00\",\"breadcrumb\":{\"@id\":\"https:\\\/\\\/buletin.de\\\/bucuresti\\\/cum-isi-face-publicitate-primaria-sector-1-in-precampanie-electorala-cu-teste-covid19-gratiute-dar-neomogolate\\\/#breadcrumb\"},\"inLanguage\":\"en-GB\",\"potentialAction\":[{\"@type\":\"ReadAction\",\"target\":[\"https:\\\/\\\/buletin.de\\\/bucuresti\\\/cum-isi-face-publicitate-primaria-sector-1-in-precampanie-electorala-cu-teste-covid19-gratiute-dar-neomogolate\\\/\"]}]},{\"@type\":\"ImageObject\",\"inLanguage\":\"en-GB\",\"@id\":\"https:\\\/\\\/buletin.de\\\/bucuresti\\\/cum-isi-face-publicitate-primaria-sector-1-in-precampanie-electorala-cu-teste-covid19-gratiute-dar-neomogolate\\\/#primaryimage\",\"url\":\"https:\\\/\\\/buletin.de\\\/bucuresti\\\/wp-content\\\/uploads\\\/117326299_293282885426644_4838897627185433680_n.jpg\",\"contentUrl\":\"https:\\\/\\\/buletin.de\\\/bucuresti\\\/wp-content\\\/uploads\\\/117326299_293282885426644_4838897627185433680_n.jpg\",\"width\":420,\"height\":280},{\"@type\":\"BreadcrumbList\",\"@id\":\"https:\\\/\\\/buletin.de\\\/bucuresti\\\/cum-isi-face-publicitate-primaria-sector-1-in-precampanie-electorala-cu-teste-covid19-gratiute-dar-neomogolate\\\/#breadcrumb\",\"itemListElement\":[{\"@type\":\"ListItem\",\"position\":1,\"name\":\"Acas\u0103\",\"item\":\"https:\\\/\\\/buletin.de\\\/bucuresti\\\/\"},{\"@type\":\"ListItem\",\"position\":2,\"name\":\"Cum \u00ee\u0219i face publicitate Prim\u0103ria Sector 1, \u00een precampanie electoral\u0103, cu teste COVID19 gratuite, dar neomogolate\"}]},{\"@type\":\"WebSite\",\"@id\":\"https:\\\/\\\/buletin.de\\\/bucuresti\\\/#website\",\"url\":\"https:\\\/\\\/buletin.de\\\/bucuresti\\\/\",\"name\":\"Buletin de Bucure\u0219ti\",\"description\":\"\u0218tiri \u0219i investiga\u021bii esen\u021biale din capital\u0103\",\"publisher\":{\"@id\":\"https:\\\/\\\/buletin.de\\\/bucuresti\\\/#organization\"},\"potentialAction\":[{\"@type\":\"SearchAction\",\"target\":{\"@type\":\"EntryPoint\",\"urlTemplate\":\"https:\\\/\\\/buletin.de\\\/bucuresti\\\/?s={search_term_string}\"},\"query-input\":{\"@type\":\"PropertyValueSpecification\",\"valueRequired\":true,\"valueName\":\"search_term_string\"}}],\"inLanguage\":\"en-GB\"},{\"@type\":\"Organization\",\"@id\":\"https:\\\/\\\/buletin.de\\\/bucuresti\\\/#organization\",\"name\":\"Buletin de Bucure\u0219ti\",\"url\":\"https:\\\/\\\/buletin.de\\\/bucuresti\\\/\",\"logo\":{\"@type\":\"ImageObject\",\"inLanguage\":\"en-GB\",\"@id\":\"https:\\\/\\\/buletin.de\\\/bucuresti\\\/#\\\/schema\\\/logo\\\/image\\\/\",\"url\":\"https:\\\/\\\/buletin.de\\\/bucuresti\\\/wp-content\\\/uploads\\\/logo-bdb-full-wide-vernil-transparent.png\",\"contentUrl\":\"https:\\\/\\\/buletin.de\\\/bucuresti\\\/wp-content\\\/uploads\\\/logo-bdb-full-wide-vernil-transparent.png\",\"width\":1782,\"height\":626,\"caption\":\"Buletin de Bucure\u0219ti\"},\"image\":{\"@id\":\"https:\\\/\\\/buletin.de\\\/bucuresti\\\/#\\\/schema\\\/logo\\\/image\\\/\"},\"sameAs\":[\"https:\\\/\\\/www.facebook.com\\\/buletin.de.buc\",\"https:\\\/\\\/www.instagram.com\\\/buletinde.bucuresti\\\/\"]},{\"@type\":\"Person\",\"@id\":\"https:\\\/\\\/buletin.de\\\/bucuresti\\\/#\\\/schema\\\/person\\\/b0686d7a8b666c6afc78239777fd8a89\",\"name\":\"Florin R\u00e2\u0219teiu\",\"image\":{\"@type\":\"ImageObject\",\"inLanguage\":\"en-GB\",\"@id\":\"https:\\\/\\\/buletin.de\\\/bucuresti\\\/wp-content\\\/uploads\\\/Florin-Rasteiu-96x96.jpgf0a6fe28453aa12f0a60e4d0a2e3a78c\",\"url\":\"https:\\\/\\\/buletin.de\\\/bucuresti\\\/wp-content\\\/uploads\\\/Florin-Rasteiu-96x96.jpg\",\"contentUrl\":\"https:\\\/\\\/buletin.de\\\/bucuresti\\\/wp-content\\\/uploads\\\/Florin-Rasteiu-96x96.jpg\",\"caption\":\"Florin R\u00e2\u0219teiu\"},\"description\":\"Jurnalist de investiga\u021bie. Lucreaz\u0103 de aproape 6 ani la Buletin de Bucure\u0219ti, unde a publicat articole care scot la suprafa\u021b\u0103 corup\u021bia din Capital\u0103. Analizeaz\u0103 baze de date zilnic \u0219i scoate pove\u0219ti din exceluri pline de cifre. Pune reflectorul pe adev\u0103r cu fiecare ocazie. A c\u00e2\u0219tigat premiul I la categoria Pres\u0103 Local\u0103 \u00een 2025 \u0219i locul al II-lea la aceea\u0219i categorie \u00een 2024 \u00een cadrul Premiilor Superscrieri pentru jurnalism independent.\",\"url\":\"https:\\\/\\\/buletin.de\\\/bucuresti\\\/author\\\/florinrasteiu\\\/\"}]}<\/script>\n<!-- \/ Yoast SEO Premium plugin. -->","yoast_head_json":{"title":"Cum \u00ee\u0219i face publicitate Prim\u0103ria Sector 1, \u00een precampanie electoral\u0103, cu teste COVID19 gratuite, dar neomogolate - Buletin de Bucure\u0219ti","robots":{"index":"index","follow":"follow","max-snippet":"max-snippet:-1","max-image-preview":"max-image-preview:large","max-video-preview":"max-video-preview:-1"},"canonical":"https:\/\/buletin.de\/bucuresti\/cum-isi-face-publicitate-primaria-sector-1-in-precampanie-electorala-cu-teste-covid19-gratiute-dar-neomogolate\/","og_locale":"en_GB","og_type":"article","og_title":"Cum \u00ee\u0219i face publicitate Prim\u0103ria Sector 1, \u00een precampanie electoral\u0103, cu teste COVID19 gratuite, dar neomogolate","og_description":"Prim\u0103ria Sectorului 1 a anun\u021bat printr-un comunicat oficial c\u0103, din 3 august face test\u0103ri de Covid-19 gratuite la Complexul Multifunc\u021bional Caraiman pentru cele 500 de persoane din Sectorul 1 selec\u021bionate de Administra\u021bia Spitalelor \u0219i Serviciilor Medicale Bucure\u0219ti (ASSMB). Numai c\u0103, socoteala de pe site nu se potrive\u0219te cu cea de la telefon. Singura condi\u021bie ca [&hellip;]","og_url":"https:\/\/buletin.de\/bucuresti\/cum-isi-face-publicitate-primaria-sector-1-in-precampanie-electorala-cu-teste-covid19-gratiute-dar-neomogolate\/","og_site_name":"Buletin de Bucure\u0219ti","article_publisher":"https:\/\/www.facebook.com\/buletin.de.buc","article_published_time":"2020-08-05T08:29:06+00:00","article_modified_time":"2020-09-15T14:01:24+00:00","og_image":[{"width":420,"height":280,"url":"https:\/\/buletin.de\/bucuresti\/wp-content\/uploads\/117326299_293282885426644_4838897627185433680_n.jpg","type":"image\/jpeg"}],"author":"Florin R\u00e2\u0219teiu","twitter_card":"summary_large_image","twitter_misc":{"Written by":"Florin R\u00e2\u0219teiu","Estimated reading time":"5 minutes"},"schema":{"@context":"https:\/\/schema.org","@graph":[{"@type":"Article","@id":"https:\/\/buletin.de\/bucuresti\/cum-isi-face-publicitate-primaria-sector-1-in-precampanie-electorala-cu-teste-covid19-gratiute-dar-neomogolate\/#article","isPartOf":{"@id":"https:\/\/buletin.de\/bucuresti\/cum-isi-face-publicitate-primaria-sector-1-in-precampanie-electorala-cu-teste-covid19-gratiute-dar-neomogolate\/"},"author":{"name":"Florin R\u00e2\u0219teiu","@id":"https:\/\/buletin.de\/bucuresti\/#\/schema\/person\/b0686d7a8b666c6afc78239777fd8a89"},"headline":"Cum \u00ee\u0219i face publicitate Prim\u0103ria Sector 1, \u00een precampanie electoral\u0103, cu teste COVID19 gratuite, dar neomogolate","datePublished":"2020-08-05T08:29:06+00:00","dateModified":"2020-09-15T14:01:24+00:00","mainEntityOfPage":{"@id":"https:\/\/buletin.de\/bucuresti\/cum-isi-face-publicitate-primaria-sector-1-in-precampanie-electorala-cu-teste-covid19-gratiute-dar-neomogolate\/"},"wordCount":989,"publisher":{"@id":"https:\/\/buletin.de\/bucuresti\/#organization"},"image":{"@id":"https:\/\/buletin.de\/bucuresti\/cum-isi-face-publicitate-primaria-sector-1-in-precampanie-electorala-cu-teste-covid19-gratiute-dar-neomogolate\/#primaryimage"},"thumbnailUrl":"https:\/\/buletin.de\/bucuresti\/wp-content\/uploads\/117326299_293282885426644_4838897627185433680_n.jpg","articleSection":["Buletin de Bucure\u0219ti \u00een pandemie"],"inLanguage":"en-GB","copyrightYear":"2020","copyrightHolder":{"@id":"https:\/\/buletin.de\/bucuresti\/#organization"}},{"@type":"WebPage","@id":"https:\/\/buletin.de\/bucuresti\/cum-isi-face-publicitate-primaria-sector-1-in-precampanie-electorala-cu-teste-covid19-gratiute-dar-neomogolate\/","url":"https:\/\/buletin.de\/bucuresti\/cum-isi-face-publicitate-primaria-sector-1-in-precampanie-electorala-cu-teste-covid19-gratiute-dar-neomogolate\/","name":"Cum \u00ee\u0219i face publicitate Prim\u0103ria Sector 1, \u00een precampanie electoral\u0103, cu teste COVID19 gratuite, dar neomogolate - Buletin de Bucure\u0219ti","isPartOf":{"@id":"https:\/\/buletin.de\/bucuresti\/#website"},"primaryImageOfPage":{"@id":"https:\/\/buletin.de\/bucuresti\/cum-isi-face-publicitate-primaria-sector-1-in-precampanie-electorala-cu-teste-covid19-gratiute-dar-neomogolate\/#primaryimage"},"image":{"@id":"https:\/\/buletin.de\/bucuresti\/cum-isi-face-publicitate-primaria-sector-1-in-precampanie-electorala-cu-teste-covid19-gratiute-dar-neomogolate\/#primaryimage"},"thumbnailUrl":"https:\/\/buletin.de\/bucuresti\/wp-content\/uploads\/117326299_293282885426644_4838897627185433680_n.jpg","datePublished":"2020-08-05T08:29:06+00:00","dateModified":"2020-09-15T14:01:24+00:00","breadcrumb":{"@id":"https:\/\/buletin.de\/bucuresti\/cum-isi-face-publicitate-primaria-sector-1-in-precampanie-electorala-cu-teste-covid19-gratiute-dar-neomogolate\/#breadcrumb"},"inLanguage":"en-GB","potentialAction":[{"@type":"ReadAction","target":["https:\/\/buletin.de\/bucuresti\/cum-isi-face-publicitate-primaria-sector-1-in-precampanie-electorala-cu-teste-covid19-gratiute-dar-neomogolate\/"]}]},{"@type":"ImageObject","inLanguage":"en-GB","@id":"https:\/\/buletin.de\/bucuresti\/cum-isi-face-publicitate-primaria-sector-1-in-precampanie-electorala-cu-teste-covid19-gratiute-dar-neomogolate\/#primaryimage","url":"https:\/\/buletin.de\/bucuresti\/wp-content\/uploads\/117326299_293282885426644_4838897627185433680_n.jpg","contentUrl":"https:\/\/buletin.de\/bucuresti\/wp-content\/uploads\/117326299_293282885426644_4838897627185433680_n.jpg","width":420,"height":280},{"@type":"BreadcrumbList","@id":"https:\/\/buletin.de\/bucuresti\/cum-isi-face-publicitate-primaria-sector-1-in-precampanie-electorala-cu-teste-covid19-gratiute-dar-neomogolate\/#breadcrumb","itemListElement":[{"@type":"ListItem","position":1,"name":"Acas\u0103","item":"https:\/\/buletin.de\/bucuresti\/"},{"@type":"ListItem","position":2,"name":"Cum \u00ee\u0219i face publicitate Prim\u0103ria Sector 1, \u00een precampanie electoral\u0103, cu teste COVID19 gratuite, dar neomogolate"}]},{"@type":"WebSite","@id":"https:\/\/buletin.de\/bucuresti\/#website","url":"https:\/\/buletin.de\/bucuresti\/","name":"Buletin de Bucure\u0219ti","description":"\u0218tiri \u0219i investiga\u021bii esen\u021biale din capital\u0103","publisher":{"@id":"https:\/\/buletin.de\/bucuresti\/#organization"},"potentialAction":[{"@type":"SearchAction","target":{"@type":"EntryPoint","urlTemplate":"https:\/\/buletin.de\/bucuresti\/?s={search_term_string}"},"query-input":{"@type":"PropertyValueSpecification","valueRequired":true,"valueName":"search_term_string"}}],"inLanguage":"en-GB"},{"@type":"Organization","@id":"https:\/\/buletin.de\/bucuresti\/#organization","name":"Buletin de Bucure\u0219ti","url":"https:\/\/buletin.de\/bucuresti\/","logo":{"@type":"ImageObject","inLanguage":"en-GB","@id":"https:\/\/buletin.de\/bucuresti\/#\/schema\/logo\/image\/","url":"https:\/\/buletin.de\/bucuresti\/wp-content\/uploads\/logo-bdb-full-wide-vernil-transparent.png","contentUrl":"https:\/\/buletin.de\/bucuresti\/wp-content\/uploads\/logo-bdb-full-wide-vernil-transparent.png","width":1782,"height":626,"caption":"Buletin de Bucure\u0219ti"},"image":{"@id":"https:\/\/buletin.de\/bucuresti\/#\/schema\/logo\/image\/"},"sameAs":["https:\/\/www.facebook.com\/buletin.de.buc","https:\/\/www.instagram.com\/buletinde.bucuresti\/"]},{"@type":"Person","@id":"https:\/\/buletin.de\/bucuresti\/#\/schema\/person\/b0686d7a8b666c6afc78239777fd8a89","name":"Florin R\u00e2\u0219teiu","image":{"@type":"ImageObject","inLanguage":"en-GB","@id":"https:\/\/buletin.de\/bucuresti\/wp-content\/uploads\/Florin-Rasteiu-96x96.jpgf0a6fe28453aa12f0a60e4d0a2e3a78c","url":"https:\/\/buletin.de\/bucuresti\/wp-content\/uploads\/Florin-Rasteiu-96x96.jpg","contentUrl":"https:\/\/buletin.de\/bucuresti\/wp-content\/uploads\/Florin-Rasteiu-96x96.jpg","caption":"Florin R\u00e2\u0219teiu"},"description":"Jurnalist de investiga\u021bie. Lucreaz\u0103 de aproape 6 ani la Buletin de Bucure\u0219ti, unde a publicat articole care scot la suprafa\u021b\u0103 corup\u021bia din Capital\u0103. Analizeaz\u0103 baze de date zilnic \u0219i scoate pove\u0219ti din exceluri pline de cifre. Pune reflectorul pe adev\u0103r cu fiecare ocazie. A c\u00e2\u0219tigat premiul I la categoria Pres\u0103 Local\u0103 \u00een 2025 \u0219i locul al II-lea la aceea\u0219i categorie \u00een 2024 \u00een cadrul Premiilor Superscrieri pentru jurnalism independent.","url":"https:\/\/buletin.de\/bucuresti\/author\/florinrasteiu\/"}]}},"authors":[{"term_id":22576,"user_id":17,"is_guest":0,"slug":"florinrasteiu","display_name":"Florin R\u00e2\u0219teiu","avatar_url":"https:\/\/buletin.de\/bucuresti\/wp-content\/uploads\/Florin-Rasteiu-96x96.jpg","0":null,"1":"","2":"","3":"","4":"","5":"","6":"","7":"","8":""}],"_links":{"self":[{"href":"https:\/\/buletin.de\/bucuresti\/wp-json\/wp\/v2\/posts\/10025","targetHints":{"allow":["GET"]}}],"collection":[{"href":"https:\/\/buletin.de\/bucuresti\/wp-json\/wp\/v2\/posts"}],"about":[{"href":"https:\/\/buletin.de\/bucuresti\/wp-json\/wp\/v2\/types\/post"}],"author":[{"embeddable":true,"href":"https:\/\/buletin.de\/bucuresti\/wp-json\/wp\/v2\/users\/17"}],"replies":[{"embeddable":true,"href":"https:\/\/buletin.de\/bucuresti\/wp-json\/wp\/v2\/comments?post=10025"}],"version-history":[{"count":28,"href":"https:\/\/buletin.de\/bucuresti\/wp-json\/wp\/v2\/posts\/10025\/revisions"}],"predecessor-version":[{"id":12047,"href":"https:\/\/buletin.de\/bucuresti\/wp-json\/wp\/v2\/posts\/10025\/revisions\/12047"}],"wp:featuredmedia":[{"embeddable":true,"href":"https:\/\/buletin.de\/bucuresti\/wp-json\/wp\/v2\/media\/10045"}],"wp:attachment":[{"href":"https:\/\/buletin.de\/bucuresti\/wp-json\/wp\/v2\/media?parent=10025"}],"wp:term":[{"taxonomy":"category","embeddable":true,"href":"https:\/\/buletin.de\/bucuresti\/wp-json\/wp\/v2\/categories?post=10025"},{"taxonomy":"post_tag","embeddable":true,"href":"https:\/\/buletin.de\/bucuresti\/wp-json\/wp\/v2\/tags?post=10025"},{"taxonomy":"author","embeddable":true,"href":"https:\/\/buletin.de\/bucuresti\/wp-json\/wp\/v2\/ppma_author?post=10025"}],"curies":[{"name":"wp","href":"https:\/\/api.w.org\/{rel}","templated":true}]}}