{"id":100210,"date":"2024-09-30T17:10:28","date_gmt":"2024-09-30T14:10:28","guid":{"rendered":"https:\/\/buletin.de\/bucuresti\/?p=100210"},"modified":"2024-09-30T17:16:07","modified_gmt":"2024-09-30T14:16:07","slug":"podul-calicilor-va-fi-refacut-cu-peste-30-milioane-euro","status":"publish","type":"post","link":"https:\/\/buletin.de\/bucuresti\/podul-calicilor-va-fi-refacut-cu-peste-30-milioane-euro\/","title":{"rendered":"\u201ePodul Calicilor\u201d va fi ref\u0103cut cu peste 30 milioane euro"},"content":{"rendered":"\n<p><strong>\u201ePodul Calicilor\u201d  va fi ref\u0103cut cu peste 30 milioane euro, potrivit unei hot\u0103r\u00e2ri a Consiliului General al Municipiul Bucure\u0219ti din 30 septembrie. Proiectul pentru reconstruirea podului care a disp\u0103rut \u00een anii 1930 a fost aprobat \u00eenc\u0103 din 2016, iar acum au fost actualiza\u021bi indicatorii tehnico-economici.<\/strong><\/p>\n\n\n\n<p>Noul pod pietonal va avea o suprafa\u021b\u0103 de 736 metri p\u0103tra\u021bi \u0219i va conecta Centrul Istoric cu zona Palatului de Justi\u021bie. Mai precis, acesta va fi construit peste D\u00e2mbovi\u021ba, pentru a conecta str\u0103zile \u0218elari \u0219i Sfin\u021bii Apostoli.<\/p>\n\n\n\n<p>Totodat\u0103, proiectul presupune construirea unei <strong>parc\u0103ri subterane<\/strong> \u00een zona Bisericii Domni\u021bei B\u0103la\u0219e, precum \u0219i lucr\u0103ri de amenajare a spa\u021biului public: <strong>\u00eemprejmuiri, mobilier urban, spa\u021bii verzi<\/strong>, etc.<\/p>\n\n\n\n<figure class=\"wp-block-image size-large\"><img fetchpriority=\"high\" decoding=\"async\" width=\"900\" height=\"513\" src=\"data:image\/gif;base64,R0lGODlhAQABAAAAACH5BAEKAAEALAAAAAABAAEAAAICTAEAOw==\" data-src=\"https:\/\/buletin.de\/bucuresti\/wp-content\/uploads\/426539717_927478892061859_717365580017370946_n-10-900x513.jpg\" alt=\"\u201ePodul Calicilor\u201d va fi ref\u0103cut. Proiect pentru reamenajarea zonei Palatului de Justi\u021bie. Foto: FB\/ Nicu\u0219or Dan\" class=\"wp-image-100240 lazyload\" data-sizes=\"auto\" data-srcset=\"https:\/\/buletin.de\/bucuresti\/wp-content\/uploads\/426539717_927478892061859_717365580017370946_n-10-900x513.jpg 900w, https:\/\/buletin.de\/bucuresti\/wp-content\/uploads\/426539717_927478892061859_717365580017370946_n-10-300x171.jpg 300w, https:\/\/buletin.de\/bucuresti\/wp-content\/uploads\/426539717_927478892061859_717365580017370946_n-10-768x438.jpg 768w, https:\/\/buletin.de\/bucuresti\/wp-content\/uploads\/426539717_927478892061859_717365580017370946_n-10-600x342.jpg 600w, https:\/\/buletin.de\/bucuresti\/wp-content\/uploads\/426539717_927478892061859_717365580017370946_n-10-20x11.jpg 20w, https:\/\/buletin.de\/bucuresti\/wp-content\/uploads\/426539717_927478892061859_717365580017370946_n-10.jpg 1017w\" sizes=\"(max-width: 900px) 100vw, 900px\" \/><figcaption class=\"wp-element-caption\">\u201ePodul Calicilor\u201d va fi ref\u0103cut. Proiect pentru reamenajarea zonei Palatului de Justi\u021bie. Foto: FB\/ Nicu\u0219or Dan<\/figcaption><\/figure>\n\n\n\n<h2 class=\"wp-block-heading\" id=\"h-podul-calicilor-va-fi-refacut-care-sunt-principalele-modificari-ale-proiectului\">\u201ePodul Calicilor\u201d va fi ref\u0103cut. Care sunt principalele modific\u0103ri ale proiectului<\/h2>\n\n\n\n<p><strong>Ini\u021bial, proiectul pentru reconstruirea \u201ePodului Calicilor\u201d a fost adoptat \u00een septembrie 2016. La momentul respectiv, documentul prevedea ca suprafa\u021ba podului s\u0103 fie de 1.440 mp, iar cea a parc\u0103rii de 11.116 mp. Valoarea total\u0103 a lucr\u0103rilor era de aproximativ 21 milioane euro.<\/strong><\/p>\n\n\n\n<p>Ulterior, indicatorii tehnico-economici au fost modifica\u021bi \u00een 2022. Acea Hot\u0103r\u00e2re de Consiliu \u00ee\u0219i \u00eenceteaz\u0103 aplicabilitatea, conform celei adoptate \u00een \u0219edin\u021ba de luni, 30 septembrie 2024.<\/p>\n\n\n\n<p>Costurile proiectului de refacere a Podului Calicilor ajung la 30,8 milioane de euro. Conform documentului, suprafa\u021ba podului \u0219i cea a parc\u0103rii au fost reduse, \u00eens\u0103 num\u0103rul de metri p\u0103tra\u021bi de spa\u021biu verde s-a dublat.<\/p>\n\n\n\n<figure class=\"wp-block-gallery has-nested-images columns-default is-cropped wp-block-gallery-1 is-layout-flex wp-block-gallery-is-layout-flex\">\n<figure class=\"wp-block-image size-large\"><a href=\"https:\/\/buletin.de\/bucuresti\/wp-content\/uploads\/Podul-Calicilor-2024.png\"><img decoding=\"async\" width=\"652\" height=\"484\" data-id=\"100236\" src=\"data:image\/gif;base64,R0lGODlhAQABAAAAACH5BAEKAAEALAAAAAABAAEAAAICTAEAOw==\" data-src=\"https:\/\/buletin.de\/bucuresti\/wp-content\/uploads\/Podul-Calicilor-2024.png\" alt=\"\" class=\"wp-image-100236 lazyload\" data-sizes=\"auto\" data-srcset=\"https:\/\/buletin.de\/bucuresti\/wp-content\/uploads\/Podul-Calicilor-2024.png 652w, https:\/\/buletin.de\/bucuresti\/wp-content\/uploads\/Podul-Calicilor-2024-300x223.png 300w, https:\/\/buletin.de\/bucuresti\/wp-content\/uploads\/Podul-Calicilor-2024-600x445.png 600w, https:\/\/buletin.de\/bucuresti\/wp-content\/uploads\/Podul-Calicilor-2024-20x15.png 20w\" sizes=\"(max-width: 652px) 100vw, 652px\" \/><\/a><figcaption class=\"wp-element-caption\">2024<\/figcaption><\/figure>\n\n\n\n<figure class=\"wp-block-image size-large\"><a href=\"https:\/\/buletin.de\/bucuresti\/wp-content\/uploads\/Podul-Calicilor-2016.png\"><img decoding=\"async\" width=\"677\" height=\"545\" data-id=\"100237\" src=\"data:image\/gif;base64,R0lGODlhAQABAAAAACH5BAEKAAEALAAAAAABAAEAAAICTAEAOw==\" data-src=\"https:\/\/buletin.de\/bucuresti\/wp-content\/uploads\/Podul-Calicilor-2016.png\" alt=\"\" class=\"wp-image-100237 lazyload\" data-sizes=\"auto\" data-srcset=\"https:\/\/buletin.de\/bucuresti\/wp-content\/uploads\/Podul-Calicilor-2016.png 677w, https:\/\/buletin.de\/bucuresti\/wp-content\/uploads\/Podul-Calicilor-2016-300x242.png 300w, https:\/\/buletin.de\/bucuresti\/wp-content\/uploads\/Podul-Calicilor-2016-600x483.png 600w, https:\/\/buletin.de\/bucuresti\/wp-content\/uploads\/Podul-Calicilor-2016-20x16.png 20w\" sizes=\"(max-width: 677px) 100vw, 677px\" \/><\/a><figcaption class=\"wp-element-caption\">2016<\/figcaption><\/figure>\n<figcaption class=\"blocks-gallery-caption wp-element-caption\">Proiecte de Hot\u0103r\u00e2re privind refacerea Podului Calicilor<\/figcaption><\/figure>\n\n\n\n<p>Indicatorii tehnico-economici au fost recalcula\u021bi, modific\u00e2nd hot\u0103r\u00e2rea adoptat\u0103 \u00een 2016:<\/p>\n\n\n\n<p><em>\u201eModificarea valorii de investi\u021bie s-a realizat \u021bin\u00e2nd cont de nota justificativ\u0103 transmis\u0103 de c\u0103tre SC Re \u2013 Act Now Studio SRL \u0219i lu\u00e2nd \u00een considerare modific\u0103rile ap\u0103rute \u00een faza de autorizare c\u00e2t \u0219i cre\u0219terea pre\u021burilor la scara interna\u021bional\u0103, rata infla\u021biei raportat\u0103 la INS si modific\u0103rile fiscale, pre\u021burile materialelor \u0219i a manoperei au fost actualizate conform bazelor de date actuale,\u201d&nbsp;<\/em>potrivit referatului de aprobare anexat proiectului de hot\u0103r\u00e2re.<\/p>\n\n\n\n<p>Este a treia oar\u0103 c\u00e2nd proiectul ajunge pe masa consilierilor locali, dup\u0103 ce a picat la vot \u00een \u0219edin\u021bele din <a href=\"https:\/\/buletin.de\/bucuresti\/investitie-de-peste-30-de-milioane-de-euro-pentru-podul-calicilor\/\">februarie<\/a>, respectiv<a href=\"https:\/\/buletin.de\/bucuresti\/proiectul-podului-calicilor-se-scumpeste-30-de-milioane-de-euro-pentru-pod-parcare-subterana-si-amenajare-urbana\/\"> aprilie 2024<\/a>. De aceast\u0103 dat\u0103, proiectul a fost adoptat 43 voturi pentru, o ab\u021binere \u0219i 0 \u00eempotriv\u0103.<\/p>\n\n\n\n<p><strong>La mijlocul lunii februarie,<a href=\"https:\/\/www.facebook.com\/NicusorDan.ro\/posts\/pfbid03333yQABNSgcZcHeieRoZ3SuuXwrLr1kjNSTFRyqbz4Aqr4SH16ZHyjCiVNKxLfDUl?__cft__[0]=AZWuAZM_WTX6zBMfjLoUSOWXh7by5ka-jEaC22t-EjLL6bxuvM-ec9xfs6chXhmK9Llhoes4b1HHmoA2aYEDO3vYR3qNtvIQVFkr-cpFJfKQF8yeEtspPNDrNM83hJ4PYBfyO5B2x9kM2NFKlKCUjhDMFs_uyHH-Sy1nQ1yB7NZyfQ&amp;__tn__=%2CO%2CP-R\"> Nicu\u0219or Dan anun\u021ba c\u0103 proiectul tehnic pentru refacerea \u201ePodului Calicilor\u201d a fost finalizat<\/a>, \u201edup\u0103 mai bine de 10 de ani de discu\u021bii si tergivers\u0103ri\u201d.<\/strong><\/p>\n\n\n\n<p>Edilul a publicat \u0219i c\u00e2teva imagini cu proiectul, declar\u00e2nd c\u0103 podul va avea o \u201e<strong>structur\u0103 metalic\u0103 cu elemente din lemn de stejar<\/strong>\u201d. <\/p>\n\n\n\n<p>Acesta a ad\u0103ugat c\u0103 procedura de achizi\u021bie a lucr\u0103rilor de execu\u021bie va fi lansat\u0103 cur\u00e2nd, f\u0103r\u0103 a preciza un termen precis.<\/p>\n\n\n\n<figure class=\"wp-block-gallery has-nested-images columns-default is-cropped wp-block-gallery-2 is-layout-flex wp-block-gallery-is-layout-flex\">\n<figure class=\"wp-block-image size-large\"><img loading=\"lazy\" decoding=\"async\" width=\"900\" height=\"495\" data-id=\"100243\" src=\"data:image\/gif;base64,R0lGODlhAQABAAAAACH5BAEKAAEALAAAAAABAAEAAAICTAEAOw==\" data-src=\"https:\/\/buletin.de\/bucuresti\/wp-content\/uploads\/426575930_927478885395193_2597895987225309040_n-6-900x495.jpg\" alt=\"\u201ePodul Calicilor\u201d va fi ref\u0103cut. Proiectul a fost prezentat de Nicu\u0219or Dan\" class=\"wp-image-100243 lazyload\" data-sizes=\"auto\" data-srcset=\"https:\/\/buletin.de\/bucuresti\/wp-content\/uploads\/426575930_927478885395193_2597895987225309040_n-6-900x495.jpg 900w, https:\/\/buletin.de\/bucuresti\/wp-content\/uploads\/426575930_927478885395193_2597895987225309040_n-6-300x165.jpg 300w, https:\/\/buletin.de\/bucuresti\/wp-content\/uploads\/426575930_927478885395193_2597895987225309040_n-6-768x423.jpg 768w, https:\/\/buletin.de\/bucuresti\/wp-content\/uploads\/426575930_927478885395193_2597895987225309040_n-6-600x330.jpg 600w, https:\/\/buletin.de\/bucuresti\/wp-content\/uploads\/426575930_927478885395193_2597895987225309040_n-6-20x11.jpg 20w, https:\/\/buletin.de\/bucuresti\/wp-content\/uploads\/426575930_927478885395193_2597895987225309040_n-6.jpg 1047w\" sizes=\"(max-width: 900px) 100vw, 900px\" \/><\/figure>\n\n\n\n<figure class=\"wp-block-image size-large\"><img loading=\"lazy\" decoding=\"async\" width=\"900\" height=\"517\" data-id=\"100242\" src=\"data:image\/gif;base64,R0lGODlhAQABAAAAACH5BAEKAAEALAAAAAABAAEAAAICTAEAOw==\" data-src=\"https:\/\/buletin.de\/bucuresti\/wp-content\/uploads\/426448519_927478975395184_8218891976720827839_n-2-900x517.jpg\" alt=\"\" class=\"wp-image-100242 lazyload\" data-sizes=\"auto\" data-srcset=\"https:\/\/buletin.de\/bucuresti\/wp-content\/uploads\/426448519_927478975395184_8218891976720827839_n-2-900x517.jpg 900w, https:\/\/buletin.de\/bucuresti\/wp-content\/uploads\/426448519_927478975395184_8218891976720827839_n-2-300x172.jpg 300w, https:\/\/buletin.de\/bucuresti\/wp-content\/uploads\/426448519_927478975395184_8218891976720827839_n-2-768x441.jpg 768w, https:\/\/buletin.de\/bucuresti\/wp-content\/uploads\/426448519_927478975395184_8218891976720827839_n-2-600x345.jpg 600w, https:\/\/buletin.de\/bucuresti\/wp-content\/uploads\/426448519_927478975395184_8218891976720827839_n-2-20x11.jpg 20w, https:\/\/buletin.de\/bucuresti\/wp-content\/uploads\/426448519_927478975395184_8218891976720827839_n-2.jpg 1016w\" sizes=\"(max-width: 900px) 100vw, 900px\" \/><\/figure>\n\n\n\n<figure class=\"wp-block-image size-large\"><img loading=\"lazy\" decoding=\"async\" width=\"900\" height=\"531\" data-id=\"100245\" src=\"data:image\/gif;base64,R0lGODlhAQABAAAAACH5BAEKAAEALAAAAAABAAEAAAICTAEAOw==\" data-src=\"https:\/\/buletin.de\/bucuresti\/wp-content\/uploads\/426507608_927478918728523_3923940219370282623_n-4-900x531.jpg\" alt=\"\u201ePodul Calicilor\u201d va fi ref\u0103cut. Proiectul a fost prezentat de Nicu\u0219or Dan\" class=\"wp-image-100245 lazyload\" data-sizes=\"auto\" data-srcset=\"https:\/\/buletin.de\/bucuresti\/wp-content\/uploads\/426507608_927478918728523_3923940219370282623_n-4-900x531.jpg 900w, https:\/\/buletin.de\/bucuresti\/wp-content\/uploads\/426507608_927478918728523_3923940219370282623_n-4-300x177.jpg 300w, https:\/\/buletin.de\/bucuresti\/wp-content\/uploads\/426507608_927478918728523_3923940219370282623_n-4-768x453.jpg 768w, https:\/\/buletin.de\/bucuresti\/wp-content\/uploads\/426507608_927478918728523_3923940219370282623_n-4-600x354.jpg 600w, https:\/\/buletin.de\/bucuresti\/wp-content\/uploads\/426507608_927478918728523_3923940219370282623_n-4-20x12.jpg 20w, https:\/\/buletin.de\/bucuresti\/wp-content\/uploads\/426507608_927478918728523_3923940219370282623_n-4.jpg 1004w\" sizes=\"(max-width: 900px) 100vw, 900px\" \/><\/figure>\n\n\n\n<figure class=\"wp-block-image size-large\"><img loading=\"lazy\" decoding=\"async\" width=\"900\" height=\"508\" data-id=\"100244\" src=\"data:image\/gif;base64,R0lGODlhAQABAAAAACH5BAEKAAEALAAAAAABAAEAAAICTAEAOw==\" data-src=\"https:\/\/buletin.de\/bucuresti\/wp-content\/uploads\/426464268_927478832061865_19531097305612079_n-12-900x508.jpg\" alt=\"\u201ePodul Calicilor\u201d va fi ref\u0103cut. Proiectul a fost prezentat de Nicu\u0219or Dan\" class=\"wp-image-100244 lazyload\" data-sizes=\"auto\" data-srcset=\"https:\/\/buletin.de\/bucuresti\/wp-content\/uploads\/426464268_927478832061865_19531097305612079_n-12-900x508.jpg 900w, https:\/\/buletin.de\/bucuresti\/wp-content\/uploads\/426464268_927478832061865_19531097305612079_n-12-300x169.jpg 300w, https:\/\/buletin.de\/bucuresti\/wp-content\/uploads\/426464268_927478832061865_19531097305612079_n-12-768x433.jpg 768w, https:\/\/buletin.de\/bucuresti\/wp-content\/uploads\/426464268_927478832061865_19531097305612079_n-12-600x338.jpg 600w, https:\/\/buletin.de\/bucuresti\/wp-content\/uploads\/426464268_927478832061865_19531097305612079_n-12-20x11.jpg 20w, https:\/\/buletin.de\/bucuresti\/wp-content\/uploads\/426464268_927478832061865_19531097305612079_n-12.jpg 1080w\" sizes=\"(max-width: 900px) 100vw, 900px\" \/><\/figure>\n\n\n\n<figure class=\"wp-block-image size-large\"><img loading=\"lazy\" decoding=\"async\" width=\"900\" height=\"502\" data-id=\"100246\" src=\"data:image\/gif;base64,R0lGODlhAQABAAAAACH5BAEKAAEALAAAAAABAAEAAAICTAEAOw==\" data-src=\"https:\/\/buletin.de\/bucuresti\/wp-content\/uploads\/426545488_927478825395199_2440219060579082730_n-1-1-900x502.jpg\" alt=\"\" class=\"wp-image-100246 lazyload\" data-sizes=\"auto\" data-srcset=\"https:\/\/buletin.de\/bucuresti\/wp-content\/uploads\/426545488_927478825395199_2440219060579082730_n-1-1-900x502.jpg 900w, https:\/\/buletin.de\/bucuresti\/wp-content\/uploads\/426545488_927478825395199_2440219060579082730_n-1-1-300x167.jpg 300w, https:\/\/buletin.de\/bucuresti\/wp-content\/uploads\/426545488_927478825395199_2440219060579082730_n-1-1-768x429.jpg 768w, https:\/\/buletin.de\/bucuresti\/wp-content\/uploads\/426545488_927478825395199_2440219060579082730_n-1-1-600x335.jpg 600w, https:\/\/buletin.de\/bucuresti\/wp-content\/uploads\/426545488_927478825395199_2440219060579082730_n-1-1-20x11.jpg 20w, https:\/\/buletin.de\/bucuresti\/wp-content\/uploads\/426545488_927478825395199_2440219060579082730_n-1-1.jpg 1030w\" sizes=\"(max-width: 900px) 100vw, 900px\" \/><\/figure>\n<figcaption class=\"blocks-gallery-caption wp-element-caption\">\u201ePodul Calicilor\u201d va fi ref\u0103cut. Proiectul a fost prezentat de Nicu\u0219or Dan<\/figcaption><\/figure>\n\n\n\n<p>Durata execu\u021biei a r\u0103mas cea prev\u0103zut\u0103 \u00een Hot\u0103r\u00e2rea din 2016,<strong> aproape trei ani (36 luni) de la ordinul de \u00eenceperea a lucr\u0103rilor.<\/strong><\/p>\n\n\n\n<h2 class=\"wp-block-heading\" id=\"h-ce-a-fost-podul-calicilor\">Ce a fost \u201ePodul Calicilor\u201d<\/h2>\n\n\n\n<p><strong>Podul Calicilor a fost denumit \u015fi Podul Rahova. A a disp\u0103rut \u00een anii \u201930, c\u00e2nd Regele Carol al II-lea a ini\u021biat o ac\u021biune de cur\u0103\u021bare a Pie\u021bei 8 Iunie (Unirii), sistematizare \u0219i reamenajare a spa\u021biului urban.<\/strong><\/p>\n\n\n\n<p>Practic, D\u00e2mbovi\u021ba a fost acoperit\u0103 cu un plan\u0219eu de beton de la Pia\u021ba Senatului (Na\u021biunile Unite) p\u00e2n\u0103 la Pia\u021ba 8 Iunie. Splaiul Independen\u021bei a devenit un bulevard \u00een toat\u0103 regula, iar podul Rahova a fost distrus.<\/p>\n\n\n\n<p>Podul Calicilor este unul dintre cele patru poduri, numite mai t\u00e2rziu \u201edomne\u0219ti\u201d \u0219i lega t\u00e2rgul cu Drumul Mehedin\u021bilor.<\/p>\n\n\n\n<p>Podul Calicilor \u00ee\u015fi lua numele de la calicii (nevoia\u015fii) care locuiau, \u00eenc\u0103 din secolul al XVI-lea, pe partea dreapt\u0103 a D\u00e2mbovi\u0163ei, dincolo de baia Mitropoliei, unde \u00een perioada interbelic\u0103 era gr\u0103dina bisericii Domni\u0163a B\u0103la\u015fa, de la Palatul Justi\u0163iei la dreapta, spre Stid, unde \u00eencepea mahalaua Calicilor.<\/p>\n\n\n\n<p><strong>CITE\u015eTE \u015eI:<a href=\"https:\/\/buletin.de\/bucuresti\/ligia-deca-promite-ca-va-deconta-cheltuielile-olimpicilor-din-bucuresti-care-au-mers-la-olimpiada-de-chimie-aplicata-pe-banii-lor-plata-dupa-ce-scandalul-a-devenit-public\/\"> Ligia Deca promite c\u0103 va \u201edeconta\u201d cheltuielile olimpicilor din Bucure\u0219ti care au mers la olimpiada de Chimie aplicat\u0103 pe banii lor. Plata, dup\u0103 ce scandalul a devenit public<\/a><\/strong><\/p>\n\n\n\n<p><\/p>\n","protected":false},"excerpt":{"rendered":"<p>\u201ePodul Calicilor\u201d va fi ref\u0103cut cu peste 30 milioane euro, potrivit unei hot\u0103r\u00e2ri a Consiliului General al Municipiul Bucure\u0219ti din 30 septembrie. Proiectul pentru reconstruirea podului care a disp\u0103rut \u00een anii 1930 a fost aprobat \u00eenc\u0103 din 2016, iar acum au fost actualiza\u021bi indicatorii tehnico-economici. Noul pod pietonal va avea o suprafa\u021b\u0103 de 736 metri [&hellip;]<\/p>\n","protected":false},"author":55,"featured_media":100238,"comment_status":"closed","ping_status":"open","sticky":false,"template":"","format":"standard","meta":{"_acf_changed":false,"inline_featured_image":false,"ngg_post_thumbnail":0,"footnotes":""},"categories":[6994,5762,24],"tags":[3001,148,1283,15551,15554,15553,104,9694,15552,76,2845],"ppma_author":[22573],"class_list":["post-100210","post","type-post","status-publish","format-standard","has-post-thumbnail","hentry","category-stiri-2","category-main","category-primarie","tag-centrul-vechi","tag-cgmb","tag-dambovita","tag-palatul-justitiei","tag-parcare-biserica-domnita-balasa","tag-parcare-subterana","tag-pmb","tag-podul-calicilor","tag-podul-calicilor-va-fi-refacut","tag-spatii-verzi","tag-zone-pietonale"],"acf":[],"yoast_head":"<!-- This site is optimized with the Yoast SEO Premium plugin v25.3 (Yoast SEO v27.4) - https:\/\/yoast.com\/product\/yoast-seo-premium-wordpress\/ -->\n<title>\u201ePodul Calicilor\u201d va fi ref\u0103cut cu peste 30 milioane euro - Buletin de Bucure\u0219ti<\/title>\n<meta name=\"description\" content=\"\u201ePodul Calicilor\u201d, \u00a0disp\u0103rut \u00een anii \u201930, va fi ref\u0103cut cu peste 30 milioane euro, potrivit unei Hot\u0103r\u00e2ri a CGMB din 30 septembrie.\" \/>\n<meta name=\"robots\" content=\"index, follow, max-snippet:-1, max-image-preview:large, max-video-preview:-1\" \/>\n<link rel=\"canonical\" href=\"https:\/\/buletin.de\/bucuresti\/podul-calicilor-va-fi-refacut-cu-peste-30-milioane-euro\/\" \/>\n<meta property=\"og:locale\" content=\"en_GB\" \/>\n<meta property=\"og:type\" content=\"article\" \/>\n<meta property=\"og:title\" content=\"\u201ePodul Calicilor\u201d va fi ref\u0103cut cu peste 30 milioane euro\" \/>\n<meta property=\"og:description\" content=\"\u201ePodul Calicilor\u201d, \u00a0disp\u0103rut \u00een anii \u201930, va fi ref\u0103cut cu peste 30 milioane euro, potrivit unei Hot\u0103r\u00e2ri a CGMB din 30 septembrie.\" \/>\n<meta property=\"og:url\" content=\"https:\/\/buletin.de\/bucuresti\/podul-calicilor-va-fi-refacut-cu-peste-30-milioane-euro\/\" \/>\n<meta property=\"og:site_name\" content=\"Buletin de Bucure\u0219ti\" \/>\n<meta property=\"article:publisher\" content=\"https:\/\/www.facebook.com\/buletin.de.buc\" \/>\n<meta property=\"article:published_time\" content=\"2024-09-30T14:10:28+00:00\" \/>\n<meta property=\"article:modified_time\" content=\"2024-09-30T14:16:07+00:00\" \/>\n<meta property=\"og:image\" content=\"https:\/\/buletin.de\/bucuresti\/wp-content\/uploads\/426545488_927478825395199_2440219060579082730_n-9.jpg\" \/>\n\t<meta property=\"og:image:width\" content=\"1030\" \/>\n\t<meta property=\"og:image:height\" content=\"575\" \/>\n\t<meta property=\"og:image:type\" content=\"image\/jpeg\" \/>\n<meta name=\"author\" content=\"Andreea Tudor\" \/>\n<meta name=\"twitter:card\" content=\"summary_large_image\" \/>\n<meta name=\"twitter:label1\" content=\"Written by\" \/>\n\t<meta name=\"twitter:data1\" content=\"Andreea Tudor\" \/>\n\t<meta name=\"twitter:label2\" content=\"Estimated reading time\" \/>\n\t<meta name=\"twitter:data2\" content=\"5 minutes\" \/>\n<script type=\"application\/ld+json\" class=\"yoast-schema-graph\">{\"@context\":\"https:\\\/\\\/schema.org\",\"@graph\":[{\"@type\":\"Article\",\"@id\":\"https:\\\/\\\/buletin.de\\\/bucuresti\\\/podul-calicilor-va-fi-refacut-cu-peste-30-milioane-euro\\\/#article\",\"isPartOf\":{\"@id\":\"https:\\\/\\\/buletin.de\\\/bucuresti\\\/podul-calicilor-va-fi-refacut-cu-peste-30-milioane-euro\\\/\"},\"author\":{\"name\":\"Andreea Tudor\",\"@id\":\"https:\\\/\\\/buletin.de\\\/bucuresti\\\/#\\\/schema\\\/person\\\/150590659efde715459d159da012f501\"},\"headline\":\"\u201ePodul Calicilor\u201d va fi ref\u0103cut cu peste 30 milioane euro\",\"datePublished\":\"2024-09-30T14:10:28+00:00\",\"dateModified\":\"2024-09-30T14:16:07+00:00\",\"mainEntityOfPage\":{\"@id\":\"https:\\\/\\\/buletin.de\\\/bucuresti\\\/podul-calicilor-va-fi-refacut-cu-peste-30-milioane-euro\\\/\"},\"wordCount\":734,\"publisher\":{\"@id\":\"https:\\\/\\\/buletin.de\\\/bucuresti\\\/#organization\"},\"image\":{\"@id\":\"https:\\\/\\\/buletin.de\\\/bucuresti\\\/podul-calicilor-va-fi-refacut-cu-peste-30-milioane-euro\\\/#primaryimage\"},\"thumbnailUrl\":\"https:\\\/\\\/buletin.de\\\/bucuresti\\\/wp-content\\\/uploads\\\/426545488_927478825395199_2440219060579082730_n-9.jpg\",\"keywords\":[\"Centrul Vechi\",\"cgmb\",\"dambovita\",\"palatul justitiei\",\"parcare Biserica Domnita Balasa\",\"parcare subterana\",\"pmb\",\"podul calicilor\",\"podul calicilor va fi refacut\",\"spatii verzi\",\"zone pietonale\"],\"articleSection\":[\"Articole\",\"Main\",\"Prim\u0103rie\"],\"inLanguage\":\"en-GB\",\"copyrightYear\":\"2024\",\"copyrightHolder\":{\"@id\":\"https:\\\/\\\/buletin.de\\\/bucuresti\\\/#organization\"}},{\"@type\":\"WebPage\",\"@id\":\"https:\\\/\\\/buletin.de\\\/bucuresti\\\/podul-calicilor-va-fi-refacut-cu-peste-30-milioane-euro\\\/\",\"url\":\"https:\\\/\\\/buletin.de\\\/bucuresti\\\/podul-calicilor-va-fi-refacut-cu-peste-30-milioane-euro\\\/\",\"name\":\"\u201ePodul Calicilor\u201d va fi ref\u0103cut cu peste 30 milioane euro - Buletin de Bucure\u0219ti\",\"isPartOf\":{\"@id\":\"https:\\\/\\\/buletin.de\\\/bucuresti\\\/#website\"},\"primaryImageOfPage\":{\"@id\":\"https:\\\/\\\/buletin.de\\\/bucuresti\\\/podul-calicilor-va-fi-refacut-cu-peste-30-milioane-euro\\\/#primaryimage\"},\"image\":{\"@id\":\"https:\\\/\\\/buletin.de\\\/bucuresti\\\/podul-calicilor-va-fi-refacut-cu-peste-30-milioane-euro\\\/#primaryimage\"},\"thumbnailUrl\":\"https:\\\/\\\/buletin.de\\\/bucuresti\\\/wp-content\\\/uploads\\\/426545488_927478825395199_2440219060579082730_n-9.jpg\",\"datePublished\":\"2024-09-30T14:10:28+00:00\",\"dateModified\":\"2024-09-30T14:16:07+00:00\",\"description\":\"\u201ePodul Calicilor\u201d, \u00a0disp\u0103rut \u00een anii \u201930, va fi ref\u0103cut cu peste 30 milioane euro, potrivit unei Hot\u0103r\u00e2ri a CGMB din 30 septembrie.\",\"breadcrumb\":{\"@id\":\"https:\\\/\\\/buletin.de\\\/bucuresti\\\/podul-calicilor-va-fi-refacut-cu-peste-30-milioane-euro\\\/#breadcrumb\"},\"inLanguage\":\"en-GB\",\"potentialAction\":[{\"@type\":\"ReadAction\",\"target\":[\"https:\\\/\\\/buletin.de\\\/bucuresti\\\/podul-calicilor-va-fi-refacut-cu-peste-30-milioane-euro\\\/\"]}]},{\"@type\":\"ImageObject\",\"inLanguage\":\"en-GB\",\"@id\":\"https:\\\/\\\/buletin.de\\\/bucuresti\\\/podul-calicilor-va-fi-refacut-cu-peste-30-milioane-euro\\\/#primaryimage\",\"url\":\"https:\\\/\\\/buletin.de\\\/bucuresti\\\/wp-content\\\/uploads\\\/426545488_927478825395199_2440219060579082730_n-9.jpg\",\"contentUrl\":\"https:\\\/\\\/buletin.de\\\/bucuresti\\\/wp-content\\\/uploads\\\/426545488_927478825395199_2440219060579082730_n-9.jpg\",\"width\":1030,\"height\":575,\"caption\":\"\u201ePodul Calicilor\u201d va fi ref\u0103cut cu peste 30 milioane euro. Foto: FB\\\/ Nicu\u0219or Dan\"},{\"@type\":\"BreadcrumbList\",\"@id\":\"https:\\\/\\\/buletin.de\\\/bucuresti\\\/podul-calicilor-va-fi-refacut-cu-peste-30-milioane-euro\\\/#breadcrumb\",\"itemListElement\":[{\"@type\":\"ListItem\",\"position\":1,\"name\":\"Acas\u0103\",\"item\":\"https:\\\/\\\/buletin.de\\\/bucuresti\\\/\"},{\"@type\":\"ListItem\",\"position\":2,\"name\":\"\u201ePodul Calicilor\u201d va fi ref\u0103cut cu peste 30 milioane euro\"}]},{\"@type\":\"WebSite\",\"@id\":\"https:\\\/\\\/buletin.de\\\/bucuresti\\\/#website\",\"url\":\"https:\\\/\\\/buletin.de\\\/bucuresti\\\/\",\"name\":\"Buletin de Bucure\u0219ti\",\"description\":\"\u0218tiri \u0219i investiga\u021bii esen\u021biale din capital\u0103\",\"publisher\":{\"@id\":\"https:\\\/\\\/buletin.de\\\/bucuresti\\\/#organization\"},\"potentialAction\":[{\"@type\":\"SearchAction\",\"target\":{\"@type\":\"EntryPoint\",\"urlTemplate\":\"https:\\\/\\\/buletin.de\\\/bucuresti\\\/?s={search_term_string}\"},\"query-input\":{\"@type\":\"PropertyValueSpecification\",\"valueRequired\":true,\"valueName\":\"search_term_string\"}}],\"inLanguage\":\"en-GB\"},{\"@type\":\"Organization\",\"@id\":\"https:\\\/\\\/buletin.de\\\/bucuresti\\\/#organization\",\"name\":\"Buletin de Bucure\u0219ti\",\"url\":\"https:\\\/\\\/buletin.de\\\/bucuresti\\\/\",\"logo\":{\"@type\":\"ImageObject\",\"inLanguage\":\"en-GB\",\"@id\":\"https:\\\/\\\/buletin.de\\\/bucuresti\\\/#\\\/schema\\\/logo\\\/image\\\/\",\"url\":\"https:\\\/\\\/buletin.de\\\/bucuresti\\\/wp-content\\\/uploads\\\/logo-bdb-full-wide-vernil-transparent.png\",\"contentUrl\":\"https:\\\/\\\/buletin.de\\\/bucuresti\\\/wp-content\\\/uploads\\\/logo-bdb-full-wide-vernil-transparent.png\",\"width\":1782,\"height\":626,\"caption\":\"Buletin de Bucure\u0219ti\"},\"image\":{\"@id\":\"https:\\\/\\\/buletin.de\\\/bucuresti\\\/#\\\/schema\\\/logo\\\/image\\\/\"},\"sameAs\":[\"https:\\\/\\\/www.facebook.com\\\/buletin.de.buc\",\"https:\\\/\\\/www.instagram.com\\\/buletinde.bucuresti\\\/\"]},{\"@type\":\"Person\",\"@id\":\"https:\\\/\\\/buletin.de\\\/bucuresti\\\/#\\\/schema\\\/person\\\/150590659efde715459d159da012f501\",\"name\":\"Andreea Tudor\",\"image\":{\"@type\":\"ImageObject\",\"inLanguage\":\"en-GB\",\"@id\":\"https:\\\/\\\/secure.gravatar.com\\\/avatar\\\/a88705a186ab0b67f3349bcbced506c09e37256fbaad0e7f3bd1a79b4599f589?s=96&d=monsterid&r=g79290610aa1a65c2b86eebc2ca5aee8f\",\"url\":\"https:\\\/\\\/secure.gravatar.com\\\/avatar\\\/a88705a186ab0b67f3349bcbced506c09e37256fbaad0e7f3bd1a79b4599f589?s=96&d=monsterid&r=g\",\"contentUrl\":\"https:\\\/\\\/secure.gravatar.com\\\/avatar\\\/a88705a186ab0b67f3349bcbced506c09e37256fbaad0e7f3bd1a79b4599f589?s=96&d=monsterid&r=g\",\"caption\":\"Andreea Tudor\"},\"description\":\"N\u0103scut\u0103 \u0219i crescut\u0103 \u00een Bucure\u0219ti, sus\u021bin\u0103toare a presei independente. A\u0219a am ajuns redactor la Buletin de Bucure\u0219ti. Fiind eu, \u00eens\u0103mi, parte a sistemului de \u00eenv\u0103\u021b\u0103m\u00e2nt rom\u00e2nesc \u0219i pasionat\u0103 de domeniul social, pun sub lup\u0103 tot ceea ce se \u00eent\u00e2mpl\u0103 \u00een sfera educa\u021biei. Cred cu t\u0103rie c\u0103 presa \u201epentru cet\u0103\u021beni\u201d este presa independent\u0103. Oamenii au nevoie de o informare corect\u0103 pentru a \u00een\u021belege pe deplin ce se \u00eent\u00e2mpl\u0103 \u00een jurul lor \u0219i pentru a lua ac\u021biune \u00eempotriva nedrept\u0103\u021bilor.\",\"url\":\"https:\\\/\\\/buletin.de\\\/bucuresti\\\/author\\\/andreeatudor\\\/\"}]}<\/script>\n<!-- \/ Yoast SEO Premium plugin. -->","yoast_head_json":{"title":"\u201ePodul Calicilor\u201d va fi ref\u0103cut cu peste 30 milioane euro - Buletin de Bucure\u0219ti","description":"\u201ePodul Calicilor\u201d, \u00a0disp\u0103rut \u00een anii \u201930, va fi ref\u0103cut cu peste 30 milioane euro, potrivit unei Hot\u0103r\u00e2ri a CGMB din 30 septembrie.","robots":{"index":"index","follow":"follow","max-snippet":"max-snippet:-1","max-image-preview":"max-image-preview:large","max-video-preview":"max-video-preview:-1"},"canonical":"https:\/\/buletin.de\/bucuresti\/podul-calicilor-va-fi-refacut-cu-peste-30-milioane-euro\/","og_locale":"en_GB","og_type":"article","og_title":"\u201ePodul Calicilor\u201d va fi ref\u0103cut cu peste 30 milioane euro","og_description":"\u201ePodul Calicilor\u201d, \u00a0disp\u0103rut \u00een anii \u201930, va fi ref\u0103cut cu peste 30 milioane euro, potrivit unei Hot\u0103r\u00e2ri a CGMB din 30 septembrie.","og_url":"https:\/\/buletin.de\/bucuresti\/podul-calicilor-va-fi-refacut-cu-peste-30-milioane-euro\/","og_site_name":"Buletin de Bucure\u0219ti","article_publisher":"https:\/\/www.facebook.com\/buletin.de.buc","article_published_time":"2024-09-30T14:10:28+00:00","article_modified_time":"2024-09-30T14:16:07+00:00","og_image":[{"width":1030,"height":575,"url":"https:\/\/buletin.de\/bucuresti\/wp-content\/uploads\/426545488_927478825395199_2440219060579082730_n-9.jpg","type":"image\/jpeg"}],"author":"Andreea Tudor","twitter_card":"summary_large_image","twitter_misc":{"Written by":"Andreea Tudor","Estimated reading time":"5 minutes"},"schema":{"@context":"https:\/\/schema.org","@graph":[{"@type":"Article","@id":"https:\/\/buletin.de\/bucuresti\/podul-calicilor-va-fi-refacut-cu-peste-30-milioane-euro\/#article","isPartOf":{"@id":"https:\/\/buletin.de\/bucuresti\/podul-calicilor-va-fi-refacut-cu-peste-30-milioane-euro\/"},"author":{"name":"Andreea Tudor","@id":"https:\/\/buletin.de\/bucuresti\/#\/schema\/person\/150590659efde715459d159da012f501"},"headline":"\u201ePodul Calicilor\u201d va fi ref\u0103cut cu peste 30 milioane euro","datePublished":"2024-09-30T14:10:28+00:00","dateModified":"2024-09-30T14:16:07+00:00","mainEntityOfPage":{"@id":"https:\/\/buletin.de\/bucuresti\/podul-calicilor-va-fi-refacut-cu-peste-30-milioane-euro\/"},"wordCount":734,"publisher":{"@id":"https:\/\/buletin.de\/bucuresti\/#organization"},"image":{"@id":"https:\/\/buletin.de\/bucuresti\/podul-calicilor-va-fi-refacut-cu-peste-30-milioane-euro\/#primaryimage"},"thumbnailUrl":"https:\/\/buletin.de\/bucuresti\/wp-content\/uploads\/426545488_927478825395199_2440219060579082730_n-9.jpg","keywords":["Centrul Vechi","cgmb","dambovita","palatul justitiei","parcare Biserica Domnita Balasa","parcare subterana","pmb","podul calicilor","podul calicilor va fi refacut","spatii verzi","zone pietonale"],"articleSection":["Articole","Main","Prim\u0103rie"],"inLanguage":"en-GB","copyrightYear":"2024","copyrightHolder":{"@id":"https:\/\/buletin.de\/bucuresti\/#organization"}},{"@type":"WebPage","@id":"https:\/\/buletin.de\/bucuresti\/podul-calicilor-va-fi-refacut-cu-peste-30-milioane-euro\/","url":"https:\/\/buletin.de\/bucuresti\/podul-calicilor-va-fi-refacut-cu-peste-30-milioane-euro\/","name":"\u201ePodul Calicilor\u201d va fi ref\u0103cut cu peste 30 milioane euro - Buletin de Bucure\u0219ti","isPartOf":{"@id":"https:\/\/buletin.de\/bucuresti\/#website"},"primaryImageOfPage":{"@id":"https:\/\/buletin.de\/bucuresti\/podul-calicilor-va-fi-refacut-cu-peste-30-milioane-euro\/#primaryimage"},"image":{"@id":"https:\/\/buletin.de\/bucuresti\/podul-calicilor-va-fi-refacut-cu-peste-30-milioane-euro\/#primaryimage"},"thumbnailUrl":"https:\/\/buletin.de\/bucuresti\/wp-content\/uploads\/426545488_927478825395199_2440219060579082730_n-9.jpg","datePublished":"2024-09-30T14:10:28+00:00","dateModified":"2024-09-30T14:16:07+00:00","description":"\u201ePodul Calicilor\u201d, \u00a0disp\u0103rut \u00een anii \u201930, va fi ref\u0103cut cu peste 30 milioane euro, potrivit unei Hot\u0103r\u00e2ri a CGMB din 30 septembrie.","breadcrumb":{"@id":"https:\/\/buletin.de\/bucuresti\/podul-calicilor-va-fi-refacut-cu-peste-30-milioane-euro\/#breadcrumb"},"inLanguage":"en-GB","potentialAction":[{"@type":"ReadAction","target":["https:\/\/buletin.de\/bucuresti\/podul-calicilor-va-fi-refacut-cu-peste-30-milioane-euro\/"]}]},{"@type":"ImageObject","inLanguage":"en-GB","@id":"https:\/\/buletin.de\/bucuresti\/podul-calicilor-va-fi-refacut-cu-peste-30-milioane-euro\/#primaryimage","url":"https:\/\/buletin.de\/bucuresti\/wp-content\/uploads\/426545488_927478825395199_2440219060579082730_n-9.jpg","contentUrl":"https:\/\/buletin.de\/bucuresti\/wp-content\/uploads\/426545488_927478825395199_2440219060579082730_n-9.jpg","width":1030,"height":575,"caption":"\u201ePodul Calicilor\u201d va fi ref\u0103cut cu peste 30 milioane euro. Foto: FB\/ Nicu\u0219or Dan"},{"@type":"BreadcrumbList","@id":"https:\/\/buletin.de\/bucuresti\/podul-calicilor-va-fi-refacut-cu-peste-30-milioane-euro\/#breadcrumb","itemListElement":[{"@type":"ListItem","position":1,"name":"Acas\u0103","item":"https:\/\/buletin.de\/bucuresti\/"},{"@type":"ListItem","position":2,"name":"\u201ePodul Calicilor\u201d va fi ref\u0103cut cu peste 30 milioane euro"}]},{"@type":"WebSite","@id":"https:\/\/buletin.de\/bucuresti\/#website","url":"https:\/\/buletin.de\/bucuresti\/","name":"Buletin de Bucure\u0219ti","description":"\u0218tiri \u0219i investiga\u021bii esen\u021biale din capital\u0103","publisher":{"@id":"https:\/\/buletin.de\/bucuresti\/#organization"},"potentialAction":[{"@type":"SearchAction","target":{"@type":"EntryPoint","urlTemplate":"https:\/\/buletin.de\/bucuresti\/?s={search_term_string}"},"query-input":{"@type":"PropertyValueSpecification","valueRequired":true,"valueName":"search_term_string"}}],"inLanguage":"en-GB"},{"@type":"Organization","@id":"https:\/\/buletin.de\/bucuresti\/#organization","name":"Buletin de Bucure\u0219ti","url":"https:\/\/buletin.de\/bucuresti\/","logo":{"@type":"ImageObject","inLanguage":"en-GB","@id":"https:\/\/buletin.de\/bucuresti\/#\/schema\/logo\/image\/","url":"https:\/\/buletin.de\/bucuresti\/wp-content\/uploads\/logo-bdb-full-wide-vernil-transparent.png","contentUrl":"https:\/\/buletin.de\/bucuresti\/wp-content\/uploads\/logo-bdb-full-wide-vernil-transparent.png","width":1782,"height":626,"caption":"Buletin de Bucure\u0219ti"},"image":{"@id":"https:\/\/buletin.de\/bucuresti\/#\/schema\/logo\/image\/"},"sameAs":["https:\/\/www.facebook.com\/buletin.de.buc","https:\/\/www.instagram.com\/buletinde.bucuresti\/"]},{"@type":"Person","@id":"https:\/\/buletin.de\/bucuresti\/#\/schema\/person\/150590659efde715459d159da012f501","name":"Andreea Tudor","image":{"@type":"ImageObject","inLanguage":"en-GB","@id":"https:\/\/secure.gravatar.com\/avatar\/a88705a186ab0b67f3349bcbced506c09e37256fbaad0e7f3bd1a79b4599f589?s=96&d=monsterid&r=g79290610aa1a65c2b86eebc2ca5aee8f","url":"https:\/\/secure.gravatar.com\/avatar\/a88705a186ab0b67f3349bcbced506c09e37256fbaad0e7f3bd1a79b4599f589?s=96&d=monsterid&r=g","contentUrl":"https:\/\/secure.gravatar.com\/avatar\/a88705a186ab0b67f3349bcbced506c09e37256fbaad0e7f3bd1a79b4599f589?s=96&d=monsterid&r=g","caption":"Andreea Tudor"},"description":"N\u0103scut\u0103 \u0219i crescut\u0103 \u00een Bucure\u0219ti, sus\u021bin\u0103toare a presei independente. A\u0219a am ajuns redactor la Buletin de Bucure\u0219ti. Fiind eu, \u00eens\u0103mi, parte a sistemului de \u00eenv\u0103\u021b\u0103m\u00e2nt rom\u00e2nesc \u0219i pasionat\u0103 de domeniul social, pun sub lup\u0103 tot ceea ce se \u00eent\u00e2mpl\u0103 \u00een sfera educa\u021biei. Cred cu t\u0103rie c\u0103 presa \u201epentru cet\u0103\u021beni\u201d este presa independent\u0103. Oamenii au nevoie de o informare corect\u0103 pentru a \u00een\u021belege pe deplin ce se \u00eent\u00e2mpl\u0103 \u00een jurul lor \u0219i pentru a lua ac\u021biune \u00eempotriva nedrept\u0103\u021bilor.","url":"https:\/\/buletin.de\/bucuresti\/author\/andreeatudor\/"}]}},"authors":[{"term_id":22573,"user_id":55,"is_guest":0,"slug":"andreeatudor","display_name":"Andreea Tudor","avatar_url":"https:\/\/secure.gravatar.com\/avatar\/a88705a186ab0b67f3349bcbced506c09e37256fbaad0e7f3bd1a79b4599f589?s=96&d=monsterid&r=g","0":null,"1":"","2":"","3":"","4":"","5":"","6":"","7":"","8":""}],"_links":{"self":[{"href":"https:\/\/buletin.de\/bucuresti\/wp-json\/wp\/v2\/posts\/100210","targetHints":{"allow":["GET"]}}],"collection":[{"href":"https:\/\/buletin.de\/bucuresti\/wp-json\/wp\/v2\/posts"}],"about":[{"href":"https:\/\/buletin.de\/bucuresti\/wp-json\/wp\/v2\/types\/post"}],"author":[{"embeddable":true,"href":"https:\/\/buletin.de\/bucuresti\/wp-json\/wp\/v2\/users\/55"}],"replies":[{"embeddable":true,"href":"https:\/\/buletin.de\/bucuresti\/wp-json\/wp\/v2\/comments?post=100210"}],"version-history":[{"count":5,"href":"https:\/\/buletin.de\/bucuresti\/wp-json\/wp\/v2\/posts\/100210\/revisions"}],"predecessor-version":[{"id":100256,"href":"https:\/\/buletin.de\/bucuresti\/wp-json\/wp\/v2\/posts\/100210\/revisions\/100256"}],"wp:featuredmedia":[{"embeddable":true,"href":"https:\/\/buletin.de\/bucuresti\/wp-json\/wp\/v2\/media\/100238"}],"wp:attachment":[{"href":"https:\/\/buletin.de\/bucuresti\/wp-json\/wp\/v2\/media?parent=100210"}],"wp:term":[{"taxonomy":"category","embeddable":true,"href":"https:\/\/buletin.de\/bucuresti\/wp-json\/wp\/v2\/categories?post=100210"},{"taxonomy":"post_tag","embeddable":true,"href":"https:\/\/buletin.de\/bucuresti\/wp-json\/wp\/v2\/tags?post=100210"},{"taxonomy":"author","embeddable":true,"href":"https:\/\/buletin.de\/bucuresti\/wp-json\/wp\/v2\/ppma_author?post=100210"}],"curies":[{"name":"wp","href":"https:\/\/api.w.org\/{rel}","templated":true}]}}